{"id":463988,"date":"2026-05-01T12:17:55","date_gmt":"2026-05-01T15:17:55","guid":{"rendered":"https:\/\/portaltela.pt\/noticias\/2026\/05\/01\/cultas-e-vinho-verde-com-margarida-campelo\/"},"modified":"2026-05-01T12:17:55","modified_gmt":"2026-05-01T15:17:55","slug":"cultas-e-vinho-verde-com-margarida-campelo","status":"publish","type":"post","link":"https:\/\/portaltela.pt\/musica\/2026\/05\/01\/cultas-e-vinho-verde-com-margarida-campelo\/","title":{"rendered":"Cultas e Vinho Verde com Margarida Campelo"},"content":{"rendered":"<p>O epis\u00f3dio de Cultas e Vinho Verde apresentado hoje contou com Margarida Campelo. A convidada partilhou um momento de degusta\u00e7\u00e3o com Landcraft, um vinho branco do Vale do Lima, produzido a partir da casta Loureiro. A apresenta\u00e7\u00e3o destacou a rela\u00e7\u00e3o entre m\u00fasica e vinho.<\/p>\n<p>A bebida caracteriza-se pela cor de avela clara, notas c\u00edtricas maduras e nuances florais, com leve toque de fruta ex\u00f3tica. Na boca, apresenta acidez marcante, textura m\u00e9dia e final prolongado.<\/p>\n<h3>Margarida Campelo: percurso<\/h3>\n<p>Margarida Campelo nasceu e vive entre a m\u00fasica. Estudou Canto L\u00edrico no Conservat\u00f3rio Nacional e Piano Jazz no Hot Clube de Portugal e na Escola Superior de M\u00fasica de Lisboa. Lecciona no Hot Clube e atua com v\u00e1rias bandas nacionais e internacionais, incluindo projetos a solo.<\/p>\n<p>Ao longo da carreira editou o \u00e1lbum Supermarket Joy (2023). Fez uma vers\u00e3o dan\u00e7\u00e1vel de \u00c1gata, Mexe-te mais um pouco, e participou no Festival da Can\u00e7\u00e3o 2025 com o tema Eu sei que o amor. Trabalha agora num single intitulado Musa de Improviso.<\/p>\n","protected":false},"excerpt":{"rendered":"<ul>\n<li>O epis\u00f3dio de Cultas e Vinho Verde apresenta Landcraft, um vinho branco de Loureiro do Vale do Lima, com cor palha, notas c\u00edtricas e florais, acidez firme e final longo.<\/li>\n<li>A convidada de hoje \u00e9 Margarida Campelo, que nasceu e vive entre a m\u00fasica, influenciada pela m\u00e3e a cantar.<\/li>\n<li>Formou-se em Canto L\u00edrico no Conservat\u00f3rio Nacional e em Piano Jazz no Hot Clube de Portugal e na Escola Superior de M\u00fasica de Lisboa.<\/li>\n<li>Ensina na escola do Hot Clube de Portugal, atua com v\u00e1rias bandas em Portugal e no mundo, e tem carreira a solo.<\/li>\n<li>Em 2023 lan\u00e7ou o \u00e1lbum Supermarket Joy, fez uma vers\u00e3o de \u00c1gata e participou no Festival da Can\u00e7\u00e3o 2025 com \u201cEu sei que o amor\u201d; tem um novo single, Musa de Improviso.<\/li>\n<\/ul>\n","protected":false},"author":2,"featured_media":463998,"comment_status":"closed","ping_status":"closed","sticky":false,"template":"","format":"standard","meta":{"footnotes":""},"categories":[7375,6676],"tags":[8204,7756,8833,8233,8062,8205],"class_list":["post-463988","post","type-post","status-publish","format-standard","has-post-thumbnail","hentry","category-cultura","category-musica","tag-_celebidades","tag-_cultura","tag-_festival","tag-_musica","tag-_portugal","tag-_vinho"],"yoast_head":"<!-- This site is optimized with the Yoast SEO plugin v27.2 - https:\/\/yoast.com\/product\/yoast-seo-wordpress\/ -->\n<title>Cultas e Vinho Verde com Margarida Campelo - Portal Tela Portugal<\/title>\n<meta name=\"robots\" content=\"index, follow, max-snippet:-1, max-image-preview:large, max-video-preview:-1\" \/>\n<meta property=\"og:locale\" content=\"pt_PT\" \/>\n<meta property=\"og:type\" content=\"article\" \/>\n<meta property=\"og:title\" content=\"Cultas e Vinho Verde com Margarida Campelo - Portal Tela Portugal\" \/>\n<meta property=\"og:description\" content=\"O epis\u00f3dio de Cultas e Vinho Verde apresenta Landcraft, um vinho branco de Loureiro do Vale do Lima, com cor palha, notas c\u00edtricas e florais, acidez firme e final longo. A convidada de hoje \u00e9 Margarida Campelo, que nasceu e vive entre a m\u00fasica, influenciada pela m\u00e3e a cantar. Formou-se em Canto L\u00edrico no Conservat\u00f3rio Nacional e em Piano Jazz no Hot Clube de Portugal e na Escola Superior de M\u00fasica de Lisboa. Ensina na escola do Hot Clube de Portugal, atua com v\u00e1rias bandas em Portugal e no mundo, e tem carreira a solo. Em 2023 lan\u00e7ou o \u00e1lbum Supermarket Joy, fez uma vers\u00e3o de \u00c1gata e participou no Festival da Can\u00e7\u00e3o 2025 com \u201cEu sei que o amor\u201d; tem um novo single, Musa de Improviso.\" \/>\n<meta property=\"og:url\" content=\"https:\/\/portaltela.pt\/noticias\/2026\/05\/01\/cultas-e-vinho-verde-com-margarida-campelo\/\" \/>\n<meta property=\"og:site_name\" content=\"Portal Tela Portugal\" \/>\n<meta property=\"article:published_time\" content=\"2026-05-01T15:17:55+00:00\" \/>\n<meta name=\"author\" content=\"Telinha\" \/>\n<meta name=\"twitter:card\" content=\"summary_large_image\" \/>\n<meta name=\"twitter:label1\" content=\"Escrito por\" \/>\n\t<meta name=\"twitter:data1\" content=\"Telinha\" \/>\n\t<meta name=\"twitter:label2\" content=\"Tempo estimado de leitura\" \/>\n\t<meta name=\"twitter:data2\" content=\"1 minuto\" \/>\n<script type=\"application\/ld+json\" class=\"yoast-schema-graph\">{\"@context\":\"https:\/\/schema.org\",\"@graph\":[{\"@type\":\"Article\",\"@id\":\"https:\/\/portaltela.pt\/noticias\/2026\/05\/01\/cultas-e-vinho-verde-com-margarida-campelo\/#article\",\"isPartOf\":{\"@id\":\"https:\/\/portaltela.pt\/noticias\/2026\/05\/01\/cultas-e-vinho-verde-com-margarida-campelo\/\"},\"author\":{\"name\":\"Telinha\",\"@id\":\"https:\/\/portaltela.pt\/#\/schema\/person\/c4278d4a6028830caff9ee44b42d32ed\"},\"headline\":\"Cultas e Vinho Verde com Margarida Campelo\",\"datePublished\":\"2026-05-01T15:17:55+00:00\",\"mainEntityOfPage\":{\"@id\":\"https:\/\/portaltela.pt\/noticias\/2026\/05\/01\/cultas-e-vinho-verde-com-margarida-campelo\/\"},\"wordCount\":187,\"image\":{\"@id\":\"https:\/\/portaltela.pt\/noticias\/2026\/05\/01\/cultas-e-vinho-verde-com-margarida-campelo\/#primaryimage\"},\"thumbnailUrl\":\"https:\/\/portaltela.pt\/s.01k8rhncp4jt1\/2026\/05\/tpUHdbIMAGENStypeJPGshare1oBarraFacebook_Impar.jpg\",\"keywords\":[\"_celebidades\",\"_cultura\",\"_festival\",\"_m\u00fasica\",\"_Portugal\",\"_vinho\"],\"articleSection\":[\"Cultura\",\"M\u00fasica\"],\"inLanguage\":\"pt-PT\"},{\"@type\":\"WebPage\",\"@id\":\"https:\/\/portaltela.pt\/noticias\/2026\/05\/01\/cultas-e-vinho-verde-com-margarida-campelo\/\",\"url\":\"https:\/\/portaltela.pt\/noticias\/2026\/05\/01\/cultas-e-vinho-verde-com-margarida-campelo\/\",\"name\":\"Cultas e Vinho Verde com Margarida Campelo - Portal Tela Portugal\",\"isPartOf\":{\"@id\":\"https:\/\/portaltela.pt\/#website\"},\"primaryImageOfPage\":{\"@id\":\"https:\/\/portaltela.pt\/noticias\/2026\/05\/01\/cultas-e-vinho-verde-com-margarida-campelo\/#primaryimage\"},\"image\":{\"@id\":\"https:\/\/portaltela.pt\/noticias\/2026\/05\/01\/cultas-e-vinho-verde-com-margarida-campelo\/#primaryimage\"},\"thumbnailUrl\":\"https:\/\/portaltela.pt\/s.01k8rhncp4jt1\/2026\/05\/tpUHdbIMAGENStypeJPGshare1oBarraFacebook_Impar.jpg\",\"datePublished\":\"2026-05-01T15:17:55+00:00\",\"author\":{\"@id\":\"https:\/\/portaltela.pt\/#\/schema\/person\/c4278d4a6028830caff9ee44b42d32ed\"},\"breadcrumb\":{\"@id\":\"https:\/\/portaltela.pt\/noticias\/2026\/05\/01\/cultas-e-vinho-verde-com-margarida-campelo\/#breadcrumb\"},\"inLanguage\":\"pt-PT\",\"potentialAction\":[{\"@type\":\"ReadAction\",\"target\":[\"https:\/\/portaltela.pt\/noticias\/2026\/05\/01\/cultas-e-vinho-verde-com-margarida-campelo\/\"]}]},{\"@type\":\"ImageObject\",\"inLanguage\":\"pt-PT\",\"@id\":\"https:\/\/portaltela.pt\/noticias\/2026\/05\/01\/cultas-e-vinho-verde-com-margarida-campelo\/#primaryimage\",\"url\":\"https:\/\/portaltela.pt\/s.01k8rhncp4jt1\/2026\/05\/tpUHdbIMAGENStypeJPGshare1oBarraFacebook_Impar.jpg\",\"contentUrl\":\"https:\/\/portaltela.pt\/s.01k8rhncp4jt1\/2026\/05\/tpUHdbIMAGENStypeJPGshare1oBarraFacebook_Impar.jpg\",\"width\":1200,\"height\":630,\"caption\":\"Photo\"},{\"@type\":\"BreadcrumbList\",\"@id\":\"https:\/\/portaltela.pt\/noticias\/2026\/05\/01\/cultas-e-vinho-verde-com-margarida-campelo\/#breadcrumb\",\"itemListElement\":[{\"@type\":\"ListItem\",\"position\":1,\"name\":\"In\u00edcio\",\"item\":\"https:\/\/portaltela.pt\/\"},{\"@type\":\"ListItem\",\"position\":2,\"name\":\"Cultas e Vinho Verde com Margarida Campelo\"}]},{\"@type\":\"WebSite\",\"@id\":\"https:\/\/portaltela.pt\/#website\",\"url\":\"https:\/\/portaltela.pt\/\",\"name\":\"Portal Tela Portugal\",\"description\":\"\",\"potentialAction\":[{\"@type\":\"SearchAction\",\"target\":{\"@type\":\"EntryPoint\",\"urlTemplate\":\"https:\/\/portaltela.pt\/?s={search_term_string}\"},\"query-input\":{\"@type\":\"PropertyValueSpecification\",\"valueRequired\":true,\"valueName\":\"search_term_string\"}}],\"inLanguage\":\"pt-PT\"},{\"@type\":\"Person\",\"@id\":\"https:\/\/portaltela.pt\/#\/schema\/person\/c4278d4a6028830caff9ee44b42d32ed\",\"name\":\"Telinha\",\"image\":{\"@type\":\"ImageObject\",\"inLanguage\":\"pt-PT\",\"@id\":\"https:\/\/portaltela.pt\/s.01k8rhncp4jt1\/2025\/11\/talking-bot-125x125.png\",\"url\":\"https:\/\/portaltela.pt\/s.01k8rhncp4jt1\/2025\/11\/talking-bot-125x125.png\",\"contentUrl\":\"https:\/\/portaltela.pt\/s.01k8rhncp4jt1\/2025\/11\/talking-bot-125x125.png\",\"caption\":\"Telinha\"},\"sameAs\":[\"https:\/\/portaltela.pt\/\"],\"url\":\"https:\/\/portaltela.pt\/por\/367410592786\/\"}]}<\/script>\n<!-- \/ Yoast SEO plugin. -->","yoast_head_json":{"title":"Cultas e Vinho Verde com Margarida Campelo - Portal Tela Portugal","robots":{"index":"index","follow":"follow","max-snippet":"max-snippet:-1","max-image-preview":"max-image-preview:large","max-video-preview":"max-video-preview:-1"},"og_locale":"pt_PT","og_type":"article","og_title":"Cultas e Vinho Verde com Margarida Campelo - Portal Tela Portugal","og_description":"O epis\u00f3dio de Cultas e Vinho Verde apresenta Landcraft, um vinho branco de Loureiro do Vale do Lima, com cor palha, notas c\u00edtricas e florais, acidez firme e final longo. A convidada de hoje \u00e9 Margarida Campelo, que nasceu e vive entre a m\u00fasica, influenciada pela m\u00e3e a cantar. Formou-se em Canto L\u00edrico no Conservat\u00f3rio Nacional e em Piano Jazz no Hot Clube de Portugal e na Escola Superior de M\u00fasica de Lisboa. Ensina na escola do Hot Clube de Portugal, atua com v\u00e1rias bandas em Portugal e no mundo, e tem carreira a solo. Em 2023 lan\u00e7ou o \u00e1lbum Supermarket Joy, fez uma vers\u00e3o de \u00c1gata e participou no Festival da Can\u00e7\u00e3o 2025 com \u201cEu sei que o amor\u201d; tem um novo single, Musa de Improviso.","og_url":"https:\/\/portaltela.pt\/noticias\/2026\/05\/01\/cultas-e-vinho-verde-com-margarida-campelo\/","og_site_name":"Portal Tela Portugal","article_published_time":"2026-05-01T15:17:55+00:00","author":"Telinha","twitter_card":"summary_large_image","twitter_misc":{"Escrito por":"Telinha","Tempo estimado de leitura":"1 minuto"},"schema":{"@context":"https:\/\/schema.org","@graph":[{"@type":"Article","@id":"https:\/\/portaltela.pt\/noticias\/2026\/05\/01\/cultas-e-vinho-verde-com-margarida-campelo\/#article","isPartOf":{"@id":"https:\/\/portaltela.pt\/noticias\/2026\/05\/01\/cultas-e-vinho-verde-com-margarida-campelo\/"},"author":{"name":"Telinha","@id":"https:\/\/portaltela.pt\/#\/schema\/person\/c4278d4a6028830caff9ee44b42d32ed"},"headline":"Cultas e Vinho Verde com Margarida Campelo","datePublished":"2026-05-01T15:17:55+00:00","mainEntityOfPage":{"@id":"https:\/\/portaltela.pt\/noticias\/2026\/05\/01\/cultas-e-vinho-verde-com-margarida-campelo\/"},"wordCount":187,"image":{"@id":"https:\/\/portaltela.pt\/noticias\/2026\/05\/01\/cultas-e-vinho-verde-com-margarida-campelo\/#primaryimage"},"thumbnailUrl":"https:\/\/portaltela.pt\/s.01k8rhncp4jt1\/2026\/05\/tpUHdbIMAGENStypeJPGshare1oBarraFacebook_Impar.jpg","keywords":["_celebidades","_cultura","_festival","_m\u00fasica","_Portugal","_vinho"],"articleSection":["Cultura","M\u00fasica"],"inLanguage":"pt-PT"},{"@type":"WebPage","@id":"https:\/\/portaltela.pt\/noticias\/2026\/05\/01\/cultas-e-vinho-verde-com-margarida-campelo\/","url":"https:\/\/portaltela.pt\/noticias\/2026\/05\/01\/cultas-e-vinho-verde-com-margarida-campelo\/","name":"Cultas e Vinho Verde com Margarida Campelo - Portal Tela Portugal","isPartOf":{"@id":"https:\/\/portaltela.pt\/#website"},"primaryImageOfPage":{"@id":"https:\/\/portaltela.pt\/noticias\/2026\/05\/01\/cultas-e-vinho-verde-com-margarida-campelo\/#primaryimage"},"image":{"@id":"https:\/\/portaltela.pt\/noticias\/2026\/05\/01\/cultas-e-vinho-verde-com-margarida-campelo\/#primaryimage"},"thumbnailUrl":"https:\/\/portaltela.pt\/s.01k8rhncp4jt1\/2026\/05\/tpUHdbIMAGENStypeJPGshare1oBarraFacebook_Impar.jpg","datePublished":"2026-05-01T15:17:55+00:00","author":{"@id":"https:\/\/portaltela.pt\/#\/schema\/person\/c4278d4a6028830caff9ee44b42d32ed"},"breadcrumb":{"@id":"https:\/\/portaltela.pt\/noticias\/2026\/05\/01\/cultas-e-vinho-verde-com-margarida-campelo\/#breadcrumb"},"inLanguage":"pt-PT","potentialAction":[{"@type":"ReadAction","target":["https:\/\/portaltela.pt\/noticias\/2026\/05\/01\/cultas-e-vinho-verde-com-margarida-campelo\/"]}]},{"@type":"ImageObject","inLanguage":"pt-PT","@id":"https:\/\/portaltela.pt\/noticias\/2026\/05\/01\/cultas-e-vinho-verde-com-margarida-campelo\/#primaryimage","url":"https:\/\/portaltela.pt\/s.01k8rhncp4jt1\/2026\/05\/tpUHdbIMAGENStypeJPGshare1oBarraFacebook_Impar.jpg","contentUrl":"https:\/\/portaltela.pt\/s.01k8rhncp4jt1\/2026\/05\/tpUHdbIMAGENStypeJPGshare1oBarraFacebook_Impar.jpg","width":1200,"height":630,"caption":"Photo"},{"@type":"BreadcrumbList","@id":"https:\/\/portaltela.pt\/noticias\/2026\/05\/01\/cultas-e-vinho-verde-com-margarida-campelo\/#breadcrumb","itemListElement":[{"@type":"ListItem","position":1,"name":"In\u00edcio","item":"https:\/\/portaltela.pt\/"},{"@type":"ListItem","position":2,"name":"Cultas e Vinho Verde com Margarida Campelo"}]},{"@type":"WebSite","@id":"https:\/\/portaltela.pt\/#website","url":"https:\/\/portaltela.pt\/","name":"Portal Tela Portugal","description":"","potentialAction":[{"@type":"SearchAction","target":{"@type":"EntryPoint","urlTemplate":"https:\/\/portaltela.pt\/?s={search_term_string}"},"query-input":{"@type":"PropertyValueSpecification","valueRequired":true,"valueName":"search_term_string"}}],"inLanguage":"pt-PT"},{"@type":"Person","@id":"https:\/\/portaltela.pt\/#\/schema\/person\/c4278d4a6028830caff9ee44b42d32ed","name":"Telinha","image":{"@type":"ImageObject","inLanguage":"pt-PT","@id":"https:\/\/portaltela.pt\/s.01k8rhncp4jt1\/2025\/11\/talking-bot-125x125.png","url":"https:\/\/portaltela.pt\/s.01k8rhncp4jt1\/2025\/11\/talking-bot-125x125.png","contentUrl":"https:\/\/portaltela.pt\/s.01k8rhncp4jt1\/2025\/11\/talking-bot-125x125.png","caption":"Telinha"},"sameAs":["https:\/\/portaltela.pt\/"],"url":"https:\/\/portaltela.pt\/por\/367410592786\/"}]}},"_links":{"self":[{"href":"https:\/\/portaltela.pt\/api\/wp\/v2\/posts\/463988","targetHints":{"allow":["GET"]}}],"collection":[{"href":"https:\/\/portaltela.pt\/api\/wp\/v2\/posts"}],"about":[{"href":"https:\/\/portaltela.pt\/api\/wp\/v2\/types\/post"}],"author":[{"embeddable":true,"href":"https:\/\/portaltela.pt\/api\/wp\/v2\/users\/2"}],"replies":[{"embeddable":true,"href":"https:\/\/portaltela.pt\/api\/wp\/v2\/comments?post=463988"}],"version-history":[{"count":0,"href":"https:\/\/portaltela.pt\/api\/wp\/v2\/posts\/463988\/revisions"}],"wp:featuredmedia":[{"embeddable":true,"href":"https:\/\/portaltela.pt\/api\/wp\/v2\/media\/463998"}],"wp:attachment":[{"href":"https:\/\/portaltela.pt\/api\/wp\/v2\/media?parent=463988"}],"wp:term":[{"taxonomy":"category","embeddable":true,"href":"https:\/\/portaltela.pt\/api\/wp\/v2\/categories?post=463988"},{"taxonomy":"post_tag","embeddable":true,"href":"https:\/\/portaltela.pt\/api\/wp\/v2\/tags?post=463988"}],"curies":[{"name":"wp","href":"https:\/\/api.w.org\/{rel}","templated":true}]}}