{"id":463948,"date":"2026-05-01T11:48:02","date_gmt":"2026-05-01T14:48:02","guid":{"rendered":"https:\/\/portaltela.pt\/noticias\/2026\/05\/01\/fc-porto-avanca-para-renovacao-de-andre-miranda-ate-2031\/"},"modified":"2026-05-01T11:48:02","modified_gmt":"2026-05-01T14:48:02","slug":"fc-porto-avanca-para-renovacao-de-andre-miranda-ate-2031","status":"publish","type":"post","link":"https:\/\/portaltela.pt\/desporto\/futebol\/2026\/05\/01\/fc-porto-avanca-para-renovacao-de-andre-miranda-ate-2031\/","title":{"rendered":"FC Porto avan\u00e7a para renova\u00e7\u00e3o de Andr\u00e9 Miranda at\u00e9 2031"},"content":{"rendered":"<p>O FC Porto est\u00e1 pr\u00f3ximo de renovar o contrato de Andr\u00e9 Miranda at\u00e9 junho de 2031. A informa\u00e7\u00e3o est\u00e1 a Circular pela imprensa especializada, com a confirma\u00e7\u00e3o ainda pendente. O automatismo da not\u00edcia aponta para uma assinatura iminente, ap\u00f3s o v\u00ednculo atual de forma\u00e7\u00e3o assinado em 2024.<\/p>\n<p>O extremo de 18 anos tem treinado com o plantel principal e est\u00e1 a recuperar de les\u00e3o. No presente campeonato, j\u00e1 soma 6 minutos na I Liga pelo Porto, o que o coloca em posi\u00e7\u00e3o de poss\u00edvel campe\u00e3o nacional caso a equipa se sagre vencedora.<\/p>\n<h3>Progresso da renova\u00e7\u00e3o<\/h3>\n<p>A reportagem aponta Fabrizio Romano como fonte(es) de refer\u00eancia para a proximidade da assinatura. O clube ainda n\u00e3o divulgou comunicado oficial sobre o acordo, mantendo a informa\u00e7\u00e3o sob an\u00e1lise at\u00e9 confirma\u00e7\u00e3o p\u00fablica.<\/p>\n<p>O jovem participa nos treinos com regularidade e continua integrado no clube desde o seu ingresso, mantendo o foco no desenvolvimento desportivo. Caso se confirme, o contrato prolongar\u00e1 a liga\u00e7\u00e3o entre o jogador e o FC Porto at\u00e9 2031.<\/p>\n","protected":false},"excerpt":{"rendered":"<ul>\n<li>O FC Porto est\u00e1 perto de renovar o contrato de Andr\u00e9 Miranda at\u00e9 2031, avan\u00e7ado por Fabrizio Romano.<\/li>\n<li>O extremo de 18 anos tem vindo a trabalhar com o plantel principal e est\u00e1 a recuperar de les\u00e3o.<\/li>\n<li>O \u00faltimo contrato, assinado em 2024, era de forma\u00e7\u00e3o.<\/li>\n<li>Nesta \u00e9poca, o jogador j\u00e1 soma 6 minutos pela primeira liga pelo clube.<\/li>\n<li>Se o FC Porto for campe\u00e3o, Andr\u00e9 Miranda tamb\u00e9m ser\u00e1 campe\u00e3o nacional.<\/li>\n<\/ul>\n","protected":false},"author":2,"featured_media":463950,"comment_status":"closed","ping_status":"closed","sticky":false,"template":"","format":"standard","meta":{"footnotes":""},"categories":[21,24],"tags":[8315,8541,8146,8028,8088,32],"class_list":["post-463948","post","type-post","status-publish","format-standard","has-post-thumbnail","hentry","category-desporto","category-futebol","tag-_fc-porto","tag-_formacao","tag-_jogadores","tag-_jovens","tag-_porto","tag-futebol"],"yoast_head":"<!-- This site is optimized with the Yoast SEO plugin v27.2 - https:\/\/yoast.com\/product\/yoast-seo-wordpress\/ -->\n<title>FC Porto avan\u00e7a para renova\u00e7\u00e3o de Andr\u00e9 Miranda at\u00e9 2031 - Portal Tela Portugal<\/title>\n<meta name=\"robots\" content=\"index, follow, max-snippet:-1, max-image-preview:large, max-video-preview:-1\" \/>\n<meta property=\"og:locale\" content=\"pt_PT\" \/>\n<meta property=\"og:type\" content=\"article\" \/>\n<meta property=\"og:title\" content=\"FC Porto avan\u00e7a para renova\u00e7\u00e3o de Andr\u00e9 Miranda at\u00e9 2031 - Portal Tela Portugal\" \/>\n<meta property=\"og:description\" content=\"O FC Porto est\u00e1 perto de renovar o contrato de Andr\u00e9 Miranda at\u00e9 2031, avan\u00e7ado por Fabrizio Romano. O extremo de 18 anos tem vindo a trabalhar com o plantel principal e est\u00e1 a recuperar de les\u00e3o. O \u00faltimo contrato, assinado em 2024, era de forma\u00e7\u00e3o. Nesta \u00e9poca, o jogador j\u00e1 soma 6 minutos pela primeira liga pelo clube. Se o FC Porto for campe\u00e3o, Andr\u00e9 Miranda tamb\u00e9m ser\u00e1 campe\u00e3o nacional.\" \/>\n<meta property=\"og:url\" content=\"https:\/\/portaltela.pt\/noticias\/2026\/05\/01\/fc-porto-avanca-para-renovacao-de-andre-miranda-ate-2031\/\" \/>\n<meta property=\"og:site_name\" content=\"Portal Tela Portugal\" \/>\n<meta property=\"article:published_time\" content=\"2026-05-01T14:48:02+00:00\" \/>\n<meta name=\"author\" content=\"Telinha\" \/>\n<meta name=\"twitter:card\" content=\"summary_large_image\" \/>\n<meta name=\"twitter:label1\" content=\"Escrito por\" \/>\n\t<meta name=\"twitter:data1\" content=\"Telinha\" \/>\n\t<meta name=\"twitter:label2\" content=\"Tempo estimado de leitura\" \/>\n\t<meta name=\"twitter:data2\" content=\"1 minuto\" \/>\n<script type=\"application\/ld+json\" class=\"yoast-schema-graph\">{\"@context\":\"https:\/\/schema.org\",\"@graph\":[{\"@type\":\"Article\",\"@id\":\"https:\/\/portaltela.pt\/noticias\/2026\/05\/01\/fc-porto-avanca-para-renovacao-de-andre-miranda-ate-2031\/#article\",\"isPartOf\":{\"@id\":\"https:\/\/portaltela.pt\/noticias\/2026\/05\/01\/fc-porto-avanca-para-renovacao-de-andre-miranda-ate-2031\/\"},\"author\":{\"name\":\"Telinha\",\"@id\":\"https:\/\/portaltela.pt\/#\/schema\/person\/c4278d4a6028830caff9ee44b42d32ed\"},\"headline\":\"FC Porto avan\u00e7a para renova\u00e7\u00e3o de Andr\u00e9 Miranda at\u00e9 2031\",\"datePublished\":\"2026-05-01T14:48:02+00:00\",\"mainEntityOfPage\":{\"@id\":\"https:\/\/portaltela.pt\/noticias\/2026\/05\/01\/fc-porto-avanca-para-renovacao-de-andre-miranda-ate-2031\/\"},\"wordCount\":192,\"image\":{\"@id\":\"https:\/\/portaltela.pt\/noticias\/2026\/05\/01\/fc-porto-avanca-para-renovacao-de-andre-miranda-ate-2031\/#primaryimage\"},\"thumbnailUrl\":\"https:\/\/portaltela.pt\/s.01k8rhncp4jt1\/2026\/05\/img_920x518uu2026-05-01-15-29-00-2436265-im-639132461593483977.jpg\",\"keywords\":[\"_FC Porto\",\"_forma\u00e7\u00e3o\",\"_jogadores\",\"_jovens\",\"_Porto\",\"futebol\"],\"articleSection\":[\"Desporto\",\"Futebol\"],\"inLanguage\":\"pt-PT\"},{\"@type\":\"WebPage\",\"@id\":\"https:\/\/portaltela.pt\/noticias\/2026\/05\/01\/fc-porto-avanca-para-renovacao-de-andre-miranda-ate-2031\/\",\"url\":\"https:\/\/portaltela.pt\/noticias\/2026\/05\/01\/fc-porto-avanca-para-renovacao-de-andre-miranda-ate-2031\/\",\"name\":\"FC Porto avan\u00e7a para renova\u00e7\u00e3o de Andr\u00e9 Miranda at\u00e9 2031 - Portal Tela Portugal\",\"isPartOf\":{\"@id\":\"https:\/\/portaltela.pt\/#website\"},\"primaryImageOfPage\":{\"@id\":\"https:\/\/portaltela.pt\/noticias\/2026\/05\/01\/fc-porto-avanca-para-renovacao-de-andre-miranda-ate-2031\/#primaryimage\"},\"image\":{\"@id\":\"https:\/\/portaltela.pt\/noticias\/2026\/05\/01\/fc-porto-avanca-para-renovacao-de-andre-miranda-ate-2031\/#primaryimage\"},\"thumbnailUrl\":\"https:\/\/portaltela.pt\/s.01k8rhncp4jt1\/2026\/05\/img_920x518uu2026-05-01-15-29-00-2436265-im-639132461593483977.jpg\",\"datePublished\":\"2026-05-01T14:48:02+00:00\",\"author\":{\"@id\":\"https:\/\/portaltela.pt\/#\/schema\/person\/c4278d4a6028830caff9ee44b42d32ed\"},\"breadcrumb\":{\"@id\":\"https:\/\/portaltela.pt\/noticias\/2026\/05\/01\/fc-porto-avanca-para-renovacao-de-andre-miranda-ate-2031\/#breadcrumb\"},\"inLanguage\":\"pt-PT\",\"potentialAction\":[{\"@type\":\"ReadAction\",\"target\":[\"https:\/\/portaltela.pt\/noticias\/2026\/05\/01\/fc-porto-avanca-para-renovacao-de-andre-miranda-ate-2031\/\"]}]},{\"@type\":\"ImageObject\",\"inLanguage\":\"pt-PT\",\"@id\":\"https:\/\/portaltela.pt\/noticias\/2026\/05\/01\/fc-porto-avanca-para-renovacao-de-andre-miranda-ate-2031\/#primaryimage\",\"url\":\"https:\/\/portaltela.pt\/s.01k8rhncp4jt1\/2026\/05\/img_920x518uu2026-05-01-15-29-00-2436265-im-639132461593483977.jpg\",\"contentUrl\":\"https:\/\/portaltela.pt\/s.01k8rhncp4jt1\/2026\/05\/img_920x518uu2026-05-01-15-29-00-2436265-im-639132461593483977.jpg\",\"width\":796,\"height\":448,\"caption\":\"Andr\u00e9 Miranda renova contrato com o FC Porto at\u00e9 2031\"},{\"@type\":\"BreadcrumbList\",\"@id\":\"https:\/\/portaltela.pt\/noticias\/2026\/05\/01\/fc-porto-avanca-para-renovacao-de-andre-miranda-ate-2031\/#breadcrumb\",\"itemListElement\":[{\"@type\":\"ListItem\",\"position\":1,\"name\":\"In\u00edcio\",\"item\":\"https:\/\/portaltela.pt\/\"},{\"@type\":\"ListItem\",\"position\":2,\"name\":\"FC Porto avan\u00e7a para renova\u00e7\u00e3o de Andr\u00e9 Miranda at\u00e9 2031\"}]},{\"@type\":\"WebSite\",\"@id\":\"https:\/\/portaltela.pt\/#website\",\"url\":\"https:\/\/portaltela.pt\/\",\"name\":\"Portal Tela Portugal\",\"description\":\"\",\"potentialAction\":[{\"@type\":\"SearchAction\",\"target\":{\"@type\":\"EntryPoint\",\"urlTemplate\":\"https:\/\/portaltela.pt\/?s={search_term_string}\"},\"query-input\":{\"@type\":\"PropertyValueSpecification\",\"valueRequired\":true,\"valueName\":\"search_term_string\"}}],\"inLanguage\":\"pt-PT\"},{\"@type\":\"Person\",\"@id\":\"https:\/\/portaltela.pt\/#\/schema\/person\/c4278d4a6028830caff9ee44b42d32ed\",\"name\":\"Telinha\",\"image\":{\"@type\":\"ImageObject\",\"inLanguage\":\"pt-PT\",\"@id\":\"https:\/\/portaltela.pt\/s.01k8rhncp4jt1\/2025\/11\/talking-bot-125x125.png\",\"url\":\"https:\/\/portaltela.pt\/s.01k8rhncp4jt1\/2025\/11\/talking-bot-125x125.png\",\"contentUrl\":\"https:\/\/portaltela.pt\/s.01k8rhncp4jt1\/2025\/11\/talking-bot-125x125.png\",\"caption\":\"Telinha\"},\"sameAs\":[\"https:\/\/portaltela.pt\/\"],\"url\":\"https:\/\/portaltela.pt\/por\/367410592786\/\"}]}<\/script>\n<!-- \/ Yoast SEO plugin. -->","yoast_head_json":{"title":"FC Porto avan\u00e7a para renova\u00e7\u00e3o de Andr\u00e9 Miranda at\u00e9 2031 - Portal Tela Portugal","robots":{"index":"index","follow":"follow","max-snippet":"max-snippet:-1","max-image-preview":"max-image-preview:large","max-video-preview":"max-video-preview:-1"},"og_locale":"pt_PT","og_type":"article","og_title":"FC Porto avan\u00e7a para renova\u00e7\u00e3o de Andr\u00e9 Miranda at\u00e9 2031 - Portal Tela Portugal","og_description":"O FC Porto est\u00e1 perto de renovar o contrato de Andr\u00e9 Miranda at\u00e9 2031, avan\u00e7ado por Fabrizio Romano. O extremo de 18 anos tem vindo a trabalhar com o plantel principal e est\u00e1 a recuperar de les\u00e3o. O \u00faltimo contrato, assinado em 2024, era de forma\u00e7\u00e3o. Nesta \u00e9poca, o jogador j\u00e1 soma 6 minutos pela primeira liga pelo clube. Se o FC Porto for campe\u00e3o, Andr\u00e9 Miranda tamb\u00e9m ser\u00e1 campe\u00e3o nacional.","og_url":"https:\/\/portaltela.pt\/noticias\/2026\/05\/01\/fc-porto-avanca-para-renovacao-de-andre-miranda-ate-2031\/","og_site_name":"Portal Tela Portugal","article_published_time":"2026-05-01T14:48:02+00:00","author":"Telinha","twitter_card":"summary_large_image","twitter_misc":{"Escrito por":"Telinha","Tempo estimado de leitura":"1 minuto"},"schema":{"@context":"https:\/\/schema.org","@graph":[{"@type":"Article","@id":"https:\/\/portaltela.pt\/noticias\/2026\/05\/01\/fc-porto-avanca-para-renovacao-de-andre-miranda-ate-2031\/#article","isPartOf":{"@id":"https:\/\/portaltela.pt\/noticias\/2026\/05\/01\/fc-porto-avanca-para-renovacao-de-andre-miranda-ate-2031\/"},"author":{"name":"Telinha","@id":"https:\/\/portaltela.pt\/#\/schema\/person\/c4278d4a6028830caff9ee44b42d32ed"},"headline":"FC Porto avan\u00e7a para renova\u00e7\u00e3o de Andr\u00e9 Miranda at\u00e9 2031","datePublished":"2026-05-01T14:48:02+00:00","mainEntityOfPage":{"@id":"https:\/\/portaltela.pt\/noticias\/2026\/05\/01\/fc-porto-avanca-para-renovacao-de-andre-miranda-ate-2031\/"},"wordCount":192,"image":{"@id":"https:\/\/portaltela.pt\/noticias\/2026\/05\/01\/fc-porto-avanca-para-renovacao-de-andre-miranda-ate-2031\/#primaryimage"},"thumbnailUrl":"https:\/\/portaltela.pt\/s.01k8rhncp4jt1\/2026\/05\/img_920x518uu2026-05-01-15-29-00-2436265-im-639132461593483977.jpg","keywords":["_FC Porto","_forma\u00e7\u00e3o","_jogadores","_jovens","_Porto","futebol"],"articleSection":["Desporto","Futebol"],"inLanguage":"pt-PT"},{"@type":"WebPage","@id":"https:\/\/portaltela.pt\/noticias\/2026\/05\/01\/fc-porto-avanca-para-renovacao-de-andre-miranda-ate-2031\/","url":"https:\/\/portaltela.pt\/noticias\/2026\/05\/01\/fc-porto-avanca-para-renovacao-de-andre-miranda-ate-2031\/","name":"FC Porto avan\u00e7a para renova\u00e7\u00e3o de Andr\u00e9 Miranda at\u00e9 2031 - Portal Tela Portugal","isPartOf":{"@id":"https:\/\/portaltela.pt\/#website"},"primaryImageOfPage":{"@id":"https:\/\/portaltela.pt\/noticias\/2026\/05\/01\/fc-porto-avanca-para-renovacao-de-andre-miranda-ate-2031\/#primaryimage"},"image":{"@id":"https:\/\/portaltela.pt\/noticias\/2026\/05\/01\/fc-porto-avanca-para-renovacao-de-andre-miranda-ate-2031\/#primaryimage"},"thumbnailUrl":"https:\/\/portaltela.pt\/s.01k8rhncp4jt1\/2026\/05\/img_920x518uu2026-05-01-15-29-00-2436265-im-639132461593483977.jpg","datePublished":"2026-05-01T14:48:02+00:00","author":{"@id":"https:\/\/portaltela.pt\/#\/schema\/person\/c4278d4a6028830caff9ee44b42d32ed"},"breadcrumb":{"@id":"https:\/\/portaltela.pt\/noticias\/2026\/05\/01\/fc-porto-avanca-para-renovacao-de-andre-miranda-ate-2031\/#breadcrumb"},"inLanguage":"pt-PT","potentialAction":[{"@type":"ReadAction","target":["https:\/\/portaltela.pt\/noticias\/2026\/05\/01\/fc-porto-avanca-para-renovacao-de-andre-miranda-ate-2031\/"]}]},{"@type":"ImageObject","inLanguage":"pt-PT","@id":"https:\/\/portaltela.pt\/noticias\/2026\/05\/01\/fc-porto-avanca-para-renovacao-de-andre-miranda-ate-2031\/#primaryimage","url":"https:\/\/portaltela.pt\/s.01k8rhncp4jt1\/2026\/05\/img_920x518uu2026-05-01-15-29-00-2436265-im-639132461593483977.jpg","contentUrl":"https:\/\/portaltela.pt\/s.01k8rhncp4jt1\/2026\/05\/img_920x518uu2026-05-01-15-29-00-2436265-im-639132461593483977.jpg","width":796,"height":448,"caption":"Andr\u00e9 Miranda renova contrato com o FC Porto at\u00e9 2031"},{"@type":"BreadcrumbList","@id":"https:\/\/portaltela.pt\/noticias\/2026\/05\/01\/fc-porto-avanca-para-renovacao-de-andre-miranda-ate-2031\/#breadcrumb","itemListElement":[{"@type":"ListItem","position":1,"name":"In\u00edcio","item":"https:\/\/portaltela.pt\/"},{"@type":"ListItem","position":2,"name":"FC Porto avan\u00e7a para renova\u00e7\u00e3o de Andr\u00e9 Miranda at\u00e9 2031"}]},{"@type":"WebSite","@id":"https:\/\/portaltela.pt\/#website","url":"https:\/\/portaltela.pt\/","name":"Portal Tela Portugal","description":"","potentialAction":[{"@type":"SearchAction","target":{"@type":"EntryPoint","urlTemplate":"https:\/\/portaltela.pt\/?s={search_term_string}"},"query-input":{"@type":"PropertyValueSpecification","valueRequired":true,"valueName":"search_term_string"}}],"inLanguage":"pt-PT"},{"@type":"Person","@id":"https:\/\/portaltela.pt\/#\/schema\/person\/c4278d4a6028830caff9ee44b42d32ed","name":"Telinha","image":{"@type":"ImageObject","inLanguage":"pt-PT","@id":"https:\/\/portaltela.pt\/s.01k8rhncp4jt1\/2025\/11\/talking-bot-125x125.png","url":"https:\/\/portaltela.pt\/s.01k8rhncp4jt1\/2025\/11\/talking-bot-125x125.png","contentUrl":"https:\/\/portaltela.pt\/s.01k8rhncp4jt1\/2025\/11\/talking-bot-125x125.png","caption":"Telinha"},"sameAs":["https:\/\/portaltela.pt\/"],"url":"https:\/\/portaltela.pt\/por\/367410592786\/"}]}},"_links":{"self":[{"href":"https:\/\/portaltela.pt\/api\/wp\/v2\/posts\/463948","targetHints":{"allow":["GET"]}}],"collection":[{"href":"https:\/\/portaltela.pt\/api\/wp\/v2\/posts"}],"about":[{"href":"https:\/\/portaltela.pt\/api\/wp\/v2\/types\/post"}],"author":[{"embeddable":true,"href":"https:\/\/portaltela.pt\/api\/wp\/v2\/users\/2"}],"replies":[{"embeddable":true,"href":"https:\/\/portaltela.pt\/api\/wp\/v2\/comments?post=463948"}],"version-history":[{"count":0,"href":"https:\/\/portaltela.pt\/api\/wp\/v2\/posts\/463948\/revisions"}],"wp:featuredmedia":[{"embeddable":true,"href":"https:\/\/portaltela.pt\/api\/wp\/v2\/media\/463950"}],"wp:attachment":[{"href":"https:\/\/portaltela.pt\/api\/wp\/v2\/media?parent=463948"}],"wp:term":[{"taxonomy":"category","embeddable":true,"href":"https:\/\/portaltela.pt\/api\/wp\/v2\/categories?post=463948"},{"taxonomy":"post_tag","embeddable":true,"href":"https:\/\/portaltela.pt\/api\/wp\/v2\/tags?post=463948"}],"curies":[{"name":"wp","href":"https:\/\/api.w.org\/{rel}","templated":true}]}}