{"id":463938,"date":"2026-05-01T11:33:33","date_gmt":"2026-05-01T14:33:33","guid":{"rendered":"https:\/\/portaltela.pt\/noticias\/2026\/05\/01\/funeral-de-francisca-sousa-realiza-se-no-brasil-apos-transladacao-financiada\/"},"modified":"2026-05-01T11:33:33","modified_gmt":"2026-05-01T14:33:33","slug":"funeral-de-francisca-sousa-realiza-se-no-brasil-apos-transladacao-financiada","status":"publish","type":"post","link":"https:\/\/portaltela.pt\/sociedade\/2026\/05\/01\/funeral-de-francisca-sousa-realiza-se-no-brasil-apos-transladacao-financiada\/","title":{"rendered":"Funeral de Francisca Sousa realiza-se no Brasil ap\u00f3s translada\u00e7\u00e3o financiada"},"content":{"rendered":"<p>O funeral de Francisca Sousa, a cozinheira encontrada morta em Tabua\u00e7o, ser\u00e1 realizado no Brasil. A cerim\u00f3nia em Portugal foi cancelada e o processo de translada\u00e7\u00e3o foi iniciado. A fam\u00edlia angariou cerca de 7 mil euros para a opera\u00e7\u00e3o.<\/p>\n<p>Parte do dinheiro veio de uma amiga pr\u00f3xima de Francisca, residente na Alemanha, segundo o Correio da Manh\u00e3. A fam\u00edlia confirmou que o custo total foi coberto ap\u00f3s a angaria\u00e7\u00e3o de fundos.<\/p>\n<p>A manh\u00e3 do desaparecimento, 20 de junho, marcou o \u00faltimo contacto da m\u00e3e com a filha. Francisca ficou de ligar \u00e0 noite, mas n\u00e3o o fez; o namorado informou o desaparecimento no dia seguinte.<\/p>\n<h3>Translada\u00e7\u00e3o para o Brasil<\/h3>\n<p>O corpo foi identificado por an\u00e1lise de ADN, que confirmou ser Francisca Sousa, desaparecida desde junho. O telem\u00f3vel foi localizado perto do local onde estava o corpo, ajudando na investiga\u00e7\u00e3o.<\/p>\n<p>As cerim\u00f3nias programadas para Tabua\u00e7o foram canceladas, e o processo de translata\u00e7\u00e3o ser\u00e1 iniciado para o Brasil. O objetivo \u00e9 realizar o funeral no pa\u00eds de origem da fam\u00edlia.<\/p>\n","protected":false},"excerpt":{"rendered":"<ul>\n<li>O funeral de Francisca Sousa ser\u00e1 realizado no Brasil, com a translada\u00e7\u00e3o do corpo j\u00e1 a ser organizada.<\/li>\n<li>As cerim\u00f3nias previstas para Tabua\u00e7o foram canceladas.<\/li>\n<li>A translada\u00e7\u00e3o do corpo custa sete mil euros, valor que a fam\u00edlia conseguiu angariar.<\/li>\n<li>Parte do dinheiro foi doado por uma das melhores amigas de Francisca, que reside na Alemanha.<\/li>\n<li>A identidade do corpo foi confirmada por ADN; o aut\u00f3psia teve um resultado inconclusivo.<\/li>\n<\/ul>\n","protected":false},"author":2,"featured_media":463944,"comment_status":"closed","ping_status":"closed","sticky":false,"template":"","format":"standard","meta":{"footnotes":""},"categories":[7366,6871],"tags":[10120,8170,10121,8938,8693,8767],"class_list":["post-463938","post","type-post","status-publish","format-standard","has-post-thumbnail","hentry","category-familia","category-sociedade","tag-_adn","tag-_brasil","tag-_corpo","tag-_desaparecidos-internos","tag-_funerais","tag-_investigacao"],"yoast_head":"<!-- This site is optimized with the Yoast SEO plugin v27.2 - https:\/\/yoast.com\/product\/yoast-seo-wordpress\/ -->\n<title>Funeral de Francisca Sousa realiza-se no Brasil ap\u00f3s translada\u00e7\u00e3o financiada - Portal Tela Portugal<\/title>\n<meta name=\"robots\" content=\"index, follow, max-snippet:-1, max-image-preview:large, max-video-preview:-1\" \/>\n<meta property=\"og:locale\" content=\"pt_PT\" \/>\n<meta property=\"og:type\" content=\"article\" \/>\n<meta property=\"og:title\" content=\"Funeral de Francisca Sousa realiza-se no Brasil ap\u00f3s translada\u00e7\u00e3o financiada - Portal Tela Portugal\" \/>\n<meta property=\"og:description\" content=\"O funeral de Francisca Sousa ser\u00e1 realizado no Brasil, com a translada\u00e7\u00e3o do corpo j\u00e1 a ser organizada. As cerim\u00f3nias previstas para Tabua\u00e7o foram canceladas. A translada\u00e7\u00e3o do corpo custa sete mil euros, valor que a fam\u00edlia conseguiu angariar. Parte do dinheiro foi doado por uma das melhores amigas de Francisca, que reside na Alemanha. A identidade do corpo foi confirmada por ADN; o aut\u00f3psia teve um resultado inconclusivo.\" \/>\n<meta property=\"og:url\" content=\"https:\/\/portaltela.pt\/noticias\/2026\/05\/01\/funeral-de-francisca-sousa-realiza-se-no-brasil-apos-transladacao-financiada\/\" \/>\n<meta property=\"og:site_name\" content=\"Portal Tela Portugal\" \/>\n<meta property=\"article:published_time\" content=\"2026-05-01T14:33:33+00:00\" \/>\n<meta name=\"author\" content=\"Telinha\" \/>\n<meta name=\"twitter:card\" content=\"summary_large_image\" \/>\n<meta name=\"twitter:label1\" content=\"Escrito por\" \/>\n\t<meta name=\"twitter:data1\" content=\"Telinha\" \/>\n\t<meta name=\"twitter:label2\" content=\"Tempo estimado de leitura\" \/>\n\t<meta name=\"twitter:data2\" content=\"1 minuto\" \/>\n<script type=\"application\/ld+json\" class=\"yoast-schema-graph\">{\"@context\":\"https:\/\/schema.org\",\"@graph\":[{\"@type\":\"Article\",\"@id\":\"https:\/\/portaltela.pt\/noticias\/2026\/05\/01\/funeral-de-francisca-sousa-realiza-se-no-brasil-apos-transladacao-financiada\/#article\",\"isPartOf\":{\"@id\":\"https:\/\/portaltela.pt\/noticias\/2026\/05\/01\/funeral-de-francisca-sousa-realiza-se-no-brasil-apos-transladacao-financiada\/\"},\"author\":{\"name\":\"Telinha\",\"@id\":\"https:\/\/portaltela.pt\/#\/schema\/person\/c4278d4a6028830caff9ee44b42d32ed\"},\"headline\":\"Funeral de Francisca Sousa realiza-se no Brasil ap\u00f3s translada\u00e7\u00e3o financiada\",\"datePublished\":\"2026-05-01T14:33:33+00:00\",\"mainEntityOfPage\":{\"@id\":\"https:\/\/portaltela.pt\/noticias\/2026\/05\/01\/funeral-de-francisca-sousa-realiza-se-no-brasil-apos-transladacao-financiada\/\"},\"wordCount\":196,\"image\":{\"@id\":\"https:\/\/portaltela.pt\/noticias\/2026\/05\/01\/funeral-de-francisca-sousa-realiza-se-no-brasil-apos-transladacao-financiada\/#primaryimage\"},\"thumbnailUrl\":\"https:\/\/portaltela.pt\/s.01k8rhncp4jt1\/2026\/05\/img_1500x1000uu2026-05-01-15-17-45-2281023.jpg\",\"keywords\":[\"_ADN\",\"_Brasil\",\"_corpo\",\"_desaparecidos internos\",\"_funerais\",\"_investiga\u00e7\u00e3o\"],\"articleSection\":[\"Fam\u00edlia\",\"Sociedade\"],\"inLanguage\":\"pt-PT\"},{\"@type\":\"WebPage\",\"@id\":\"https:\/\/portaltela.pt\/noticias\/2026\/05\/01\/funeral-de-francisca-sousa-realiza-se-no-brasil-apos-transladacao-financiada\/\",\"url\":\"https:\/\/portaltela.pt\/noticias\/2026\/05\/01\/funeral-de-francisca-sousa-realiza-se-no-brasil-apos-transladacao-financiada\/\",\"name\":\"Funeral de Francisca Sousa realiza-se no Brasil ap\u00f3s translada\u00e7\u00e3o financiada - Portal Tela Portugal\",\"isPartOf\":{\"@id\":\"https:\/\/portaltela.pt\/#website\"},\"primaryImageOfPage\":{\"@id\":\"https:\/\/portaltela.pt\/noticias\/2026\/05\/01\/funeral-de-francisca-sousa-realiza-se-no-brasil-apos-transladacao-financiada\/#primaryimage\"},\"image\":{\"@id\":\"https:\/\/portaltela.pt\/noticias\/2026\/05\/01\/funeral-de-francisca-sousa-realiza-se-no-brasil-apos-transladacao-financiada\/#primaryimage\"},\"thumbnailUrl\":\"https:\/\/portaltela.pt\/s.01k8rhncp4jt1\/2026\/05\/img_1500x1000uu2026-05-01-15-17-45-2281023.jpg\",\"datePublished\":\"2026-05-01T14:33:33+00:00\",\"author\":{\"@id\":\"https:\/\/portaltela.pt\/#\/schema\/person\/c4278d4a6028830caff9ee44b42d32ed\"},\"breadcrumb\":{\"@id\":\"https:\/\/portaltela.pt\/noticias\/2026\/05\/01\/funeral-de-francisca-sousa-realiza-se-no-brasil-apos-transladacao-financiada\/#breadcrumb\"},\"inLanguage\":\"pt-PT\",\"potentialAction\":[{\"@type\":\"ReadAction\",\"target\":[\"https:\/\/portaltela.pt\/noticias\/2026\/05\/01\/funeral-de-francisca-sousa-realiza-se-no-brasil-apos-transladacao-financiada\/\"]}]},{\"@type\":\"ImageObject\",\"inLanguage\":\"pt-PT\",\"@id\":\"https:\/\/portaltela.pt\/noticias\/2026\/05\/01\/funeral-de-francisca-sousa-realiza-se-no-brasil-apos-transladacao-financiada\/#primaryimage\",\"url\":\"https:\/\/portaltela.pt\/s.01k8rhncp4jt1\/2026\/05\/img_1500x1000uu2026-05-01-15-17-45-2281023.jpg\",\"contentUrl\":\"https:\/\/portaltela.pt\/s.01k8rhncp4jt1\/2026\/05\/img_1500x1000uu2026-05-01-15-17-45-2281023.jpg\",\"width\":1500,\"height\":1000,\"caption\":\"Francisca Sousa\"},{\"@type\":\"BreadcrumbList\",\"@id\":\"https:\/\/portaltela.pt\/noticias\/2026\/05\/01\/funeral-de-francisca-sousa-realiza-se-no-brasil-apos-transladacao-financiada\/#breadcrumb\",\"itemListElement\":[{\"@type\":\"ListItem\",\"position\":1,\"name\":\"In\u00edcio\",\"item\":\"https:\/\/portaltela.pt\/\"},{\"@type\":\"ListItem\",\"position\":2,\"name\":\"Funeral de Francisca Sousa realiza-se no Brasil ap\u00f3s translada\u00e7\u00e3o financiada\"}]},{\"@type\":\"WebSite\",\"@id\":\"https:\/\/portaltela.pt\/#website\",\"url\":\"https:\/\/portaltela.pt\/\",\"name\":\"Portal Tela Portugal\",\"description\":\"\",\"potentialAction\":[{\"@type\":\"SearchAction\",\"target\":{\"@type\":\"EntryPoint\",\"urlTemplate\":\"https:\/\/portaltela.pt\/?s={search_term_string}\"},\"query-input\":{\"@type\":\"PropertyValueSpecification\",\"valueRequired\":true,\"valueName\":\"search_term_string\"}}],\"inLanguage\":\"pt-PT\"},{\"@type\":\"Person\",\"@id\":\"https:\/\/portaltela.pt\/#\/schema\/person\/c4278d4a6028830caff9ee44b42d32ed\",\"name\":\"Telinha\",\"image\":{\"@type\":\"ImageObject\",\"inLanguage\":\"pt-PT\",\"@id\":\"https:\/\/portaltela.pt\/s.01k8rhncp4jt1\/2025\/11\/talking-bot-125x125.png\",\"url\":\"https:\/\/portaltela.pt\/s.01k8rhncp4jt1\/2025\/11\/talking-bot-125x125.png\",\"contentUrl\":\"https:\/\/portaltela.pt\/s.01k8rhncp4jt1\/2025\/11\/talking-bot-125x125.png\",\"caption\":\"Telinha\"},\"sameAs\":[\"https:\/\/portaltela.pt\/\"],\"url\":\"https:\/\/portaltela.pt\/por\/367410592786\/\"}]}<\/script>\n<!-- \/ Yoast SEO plugin. -->","yoast_head_json":{"title":"Funeral de Francisca Sousa realiza-se no Brasil ap\u00f3s translada\u00e7\u00e3o financiada - Portal Tela Portugal","robots":{"index":"index","follow":"follow","max-snippet":"max-snippet:-1","max-image-preview":"max-image-preview:large","max-video-preview":"max-video-preview:-1"},"og_locale":"pt_PT","og_type":"article","og_title":"Funeral de Francisca Sousa realiza-se no Brasil ap\u00f3s translada\u00e7\u00e3o financiada - Portal Tela Portugal","og_description":"O funeral de Francisca Sousa ser\u00e1 realizado no Brasil, com a translada\u00e7\u00e3o do corpo j\u00e1 a ser organizada. As cerim\u00f3nias previstas para Tabua\u00e7o foram canceladas. A translada\u00e7\u00e3o do corpo custa sete mil euros, valor que a fam\u00edlia conseguiu angariar. Parte do dinheiro foi doado por uma das melhores amigas de Francisca, que reside na Alemanha. A identidade do corpo foi confirmada por ADN; o aut\u00f3psia teve um resultado inconclusivo.","og_url":"https:\/\/portaltela.pt\/noticias\/2026\/05\/01\/funeral-de-francisca-sousa-realiza-se-no-brasil-apos-transladacao-financiada\/","og_site_name":"Portal Tela Portugal","article_published_time":"2026-05-01T14:33:33+00:00","author":"Telinha","twitter_card":"summary_large_image","twitter_misc":{"Escrito por":"Telinha","Tempo estimado de leitura":"1 minuto"},"schema":{"@context":"https:\/\/schema.org","@graph":[{"@type":"Article","@id":"https:\/\/portaltela.pt\/noticias\/2026\/05\/01\/funeral-de-francisca-sousa-realiza-se-no-brasil-apos-transladacao-financiada\/#article","isPartOf":{"@id":"https:\/\/portaltela.pt\/noticias\/2026\/05\/01\/funeral-de-francisca-sousa-realiza-se-no-brasil-apos-transladacao-financiada\/"},"author":{"name":"Telinha","@id":"https:\/\/portaltela.pt\/#\/schema\/person\/c4278d4a6028830caff9ee44b42d32ed"},"headline":"Funeral de Francisca Sousa realiza-se no Brasil ap\u00f3s translada\u00e7\u00e3o financiada","datePublished":"2026-05-01T14:33:33+00:00","mainEntityOfPage":{"@id":"https:\/\/portaltela.pt\/noticias\/2026\/05\/01\/funeral-de-francisca-sousa-realiza-se-no-brasil-apos-transladacao-financiada\/"},"wordCount":196,"image":{"@id":"https:\/\/portaltela.pt\/noticias\/2026\/05\/01\/funeral-de-francisca-sousa-realiza-se-no-brasil-apos-transladacao-financiada\/#primaryimage"},"thumbnailUrl":"https:\/\/portaltela.pt\/s.01k8rhncp4jt1\/2026\/05\/img_1500x1000uu2026-05-01-15-17-45-2281023.jpg","keywords":["_ADN","_Brasil","_corpo","_desaparecidos internos","_funerais","_investiga\u00e7\u00e3o"],"articleSection":["Fam\u00edlia","Sociedade"],"inLanguage":"pt-PT"},{"@type":"WebPage","@id":"https:\/\/portaltela.pt\/noticias\/2026\/05\/01\/funeral-de-francisca-sousa-realiza-se-no-brasil-apos-transladacao-financiada\/","url":"https:\/\/portaltela.pt\/noticias\/2026\/05\/01\/funeral-de-francisca-sousa-realiza-se-no-brasil-apos-transladacao-financiada\/","name":"Funeral de Francisca Sousa realiza-se no Brasil ap\u00f3s translada\u00e7\u00e3o financiada - Portal Tela Portugal","isPartOf":{"@id":"https:\/\/portaltela.pt\/#website"},"primaryImageOfPage":{"@id":"https:\/\/portaltela.pt\/noticias\/2026\/05\/01\/funeral-de-francisca-sousa-realiza-se-no-brasil-apos-transladacao-financiada\/#primaryimage"},"image":{"@id":"https:\/\/portaltela.pt\/noticias\/2026\/05\/01\/funeral-de-francisca-sousa-realiza-se-no-brasil-apos-transladacao-financiada\/#primaryimage"},"thumbnailUrl":"https:\/\/portaltela.pt\/s.01k8rhncp4jt1\/2026\/05\/img_1500x1000uu2026-05-01-15-17-45-2281023.jpg","datePublished":"2026-05-01T14:33:33+00:00","author":{"@id":"https:\/\/portaltela.pt\/#\/schema\/person\/c4278d4a6028830caff9ee44b42d32ed"},"breadcrumb":{"@id":"https:\/\/portaltela.pt\/noticias\/2026\/05\/01\/funeral-de-francisca-sousa-realiza-se-no-brasil-apos-transladacao-financiada\/#breadcrumb"},"inLanguage":"pt-PT","potentialAction":[{"@type":"ReadAction","target":["https:\/\/portaltela.pt\/noticias\/2026\/05\/01\/funeral-de-francisca-sousa-realiza-se-no-brasil-apos-transladacao-financiada\/"]}]},{"@type":"ImageObject","inLanguage":"pt-PT","@id":"https:\/\/portaltela.pt\/noticias\/2026\/05\/01\/funeral-de-francisca-sousa-realiza-se-no-brasil-apos-transladacao-financiada\/#primaryimage","url":"https:\/\/portaltela.pt\/s.01k8rhncp4jt1\/2026\/05\/img_1500x1000uu2026-05-01-15-17-45-2281023.jpg","contentUrl":"https:\/\/portaltela.pt\/s.01k8rhncp4jt1\/2026\/05\/img_1500x1000uu2026-05-01-15-17-45-2281023.jpg","width":1500,"height":1000,"caption":"Francisca Sousa"},{"@type":"BreadcrumbList","@id":"https:\/\/portaltela.pt\/noticias\/2026\/05\/01\/funeral-de-francisca-sousa-realiza-se-no-brasil-apos-transladacao-financiada\/#breadcrumb","itemListElement":[{"@type":"ListItem","position":1,"name":"In\u00edcio","item":"https:\/\/portaltela.pt\/"},{"@type":"ListItem","position":2,"name":"Funeral de Francisca Sousa realiza-se no Brasil ap\u00f3s translada\u00e7\u00e3o financiada"}]},{"@type":"WebSite","@id":"https:\/\/portaltela.pt\/#website","url":"https:\/\/portaltela.pt\/","name":"Portal Tela Portugal","description":"","potentialAction":[{"@type":"SearchAction","target":{"@type":"EntryPoint","urlTemplate":"https:\/\/portaltela.pt\/?s={search_term_string}"},"query-input":{"@type":"PropertyValueSpecification","valueRequired":true,"valueName":"search_term_string"}}],"inLanguage":"pt-PT"},{"@type":"Person","@id":"https:\/\/portaltela.pt\/#\/schema\/person\/c4278d4a6028830caff9ee44b42d32ed","name":"Telinha","image":{"@type":"ImageObject","inLanguage":"pt-PT","@id":"https:\/\/portaltela.pt\/s.01k8rhncp4jt1\/2025\/11\/talking-bot-125x125.png","url":"https:\/\/portaltela.pt\/s.01k8rhncp4jt1\/2025\/11\/talking-bot-125x125.png","contentUrl":"https:\/\/portaltela.pt\/s.01k8rhncp4jt1\/2025\/11\/talking-bot-125x125.png","caption":"Telinha"},"sameAs":["https:\/\/portaltela.pt\/"],"url":"https:\/\/portaltela.pt\/por\/367410592786\/"}]}},"_links":{"self":[{"href":"https:\/\/portaltela.pt\/api\/wp\/v2\/posts\/463938","targetHints":{"allow":["GET"]}}],"collection":[{"href":"https:\/\/portaltela.pt\/api\/wp\/v2\/posts"}],"about":[{"href":"https:\/\/portaltela.pt\/api\/wp\/v2\/types\/post"}],"author":[{"embeddable":true,"href":"https:\/\/portaltela.pt\/api\/wp\/v2\/users\/2"}],"replies":[{"embeddable":true,"href":"https:\/\/portaltela.pt\/api\/wp\/v2\/comments?post=463938"}],"version-history":[{"count":0,"href":"https:\/\/portaltela.pt\/api\/wp\/v2\/posts\/463938\/revisions"}],"wp:featuredmedia":[{"embeddable":true,"href":"https:\/\/portaltela.pt\/api\/wp\/v2\/media\/463944"}],"wp:attachment":[{"href":"https:\/\/portaltela.pt\/api\/wp\/v2\/media?parent=463938"}],"wp:term":[{"taxonomy":"category","embeddable":true,"href":"https:\/\/portaltela.pt\/api\/wp\/v2\/categories?post=463938"},{"taxonomy":"post_tag","embeddable":true,"href":"https:\/\/portaltela.pt\/api\/wp\/v2\/tags?post=463938"}],"curies":[{"name":"wp","href":"https:\/\/api.w.org\/{rel}","templated":true}]}}