{"id":463937,"date":"2026-05-01T11:33:31","date_gmt":"2026-05-01T14:33:31","guid":{"rendered":"https:\/\/portaltela.pt\/noticias\/2026\/05\/01\/camara-separa-serenata-nos-aliados-de-eventuais-festejos-do-fc-porto-no-dragao\/"},"modified":"2026-05-01T11:33:31","modified_gmt":"2026-05-01T14:33:31","slug":"camara-separa-serenata-nos-aliados-de-eventuais-festejos-do-fc-porto-no-dragao","status":"publish","type":"post","link":"https:\/\/portaltela.pt\/sociedade\/2026\/05\/01\/camara-separa-serenata-nos-aliados-de-eventuais-festejos-do-fc-porto-no-dragao\/","title":{"rendered":"C\u00e2mara separa serenata nos Aliados de eventuais festejos do FC Porto no Drag\u00e3o"},"content":{"rendered":"<p>A C\u00e2mara do Porto anunciou a separa\u00e7\u00e3o geogr\u00e1fica entre a Monumental Serenata, na Avenida dos Aliados, e os potenciais festejos do FC Porto, caso haja vit\u00f3ria. O dispositivo foi definido para s\u00e1bado \u00e0 noite, com celebra\u00e7\u00f5es no per\u00edmetro junto ao Est\u00e1dio do Drag\u00e3o, se for o caso.<\/p>\n<p>Segundo a autarquia, a Serenata manter-se-\u00e1 no centro da cidade, garantindo a normalidade do evento que marca o in\u00edcio da Queima das Fitas. A separa\u00e7\u00e3o visa evitar a sobreposi\u00e7\u00e3o de fluxos entre os dois momentos.<\/p>\n<p>Na noite de s\u00e1bado, a partir das 20h30, est\u00e1 previsto o jogo FC Porto vs Alverca. A C\u00e2mara antecipou os condicionamentos de tr\u00e2nsito para as 19h30, preparando a Avenida dos Aliados para receber milhares de estudantes e fam\u00edlias em seguran\u00e7a.<\/p>\n<h3>Condicionamentos de tr\u00e2nsito e mobilidade<\/h3>\n<p>Os cortes de via estendem-se \u00e0 zona do Est\u00e1dio do Drag\u00e3o entre as 19h30 e as 24h00, com interdi\u00e7\u00f5es na Alameda das Antas, Rua dos Luzares, Rua Ilse Losa, Rotunda do Drag\u00e3o, T\u00fanel das Antas II, Rua Professor Manuel Baganha e Rua Jo\u00e3o Marques Pinto.<\/p>\n<p>A medida busca evitar conflitos de circula\u00e7\u00e3o entre os dois eventos.<\/p>\n<p>A Metro do Porto organizou uma opera\u00e7\u00e3o especial para atender aos dois acontecimentos. O planeamento indica desloca\u00e7\u00f5es frequentes entre a Senhora da Hora e o Est\u00e1dio do Drag\u00e3o, com o objetivo de facilitar o acesso de f\u00e3s ao recinto.<\/p>\n<p>No per\u00edodo da Serenata, as linhas Azul e Amarela da rede de metro manter\u00e3o servi\u00e7o, com frequ\u00eancias vari\u00e1veis ao longo da madrugada. As opera\u00e7\u00f5es contaram com recomenda\u00e7\u00f5es de reduzir o uso de autom\u00f3vel devido aos cortes de tr\u00e2nsito da baixa.<\/p>\n<p>A circula\u00e7\u00e3o de passageiros continuar\u00e1 a ser monitorizada pela autarquia para assegurar a implementa\u00e7\u00e3o eficaz do dispositivo.<\/p>\n","protected":false},"excerpt":{"rendered":"<ul>\n<li>A C\u00e2mara do Porto garantiu a separa\u00e7\u00e3o geogr\u00e1fica entre a Monumental Serenata nos Aliados e eventuais festejos do FC Porto junto ao Est\u00e1dio do Drag\u00e3o, em caso de vit\u00f3ria.<\/li>\n<li>A Serenata mant\u00e9m-se na Avenida dos Aliados, com o in\u00edcio das guitarras \u00e0 primeira madrugada do dia 3 de maio.<\/li>\n<li>Os condicionamentos de tr\u00e2nsito foram antecipados para as 19h30 de s\u00e1bado, 2 de maio, at\u00e9 \u00e0s 24h desse dia, incluindo cortes na Alameda das Antas, Rua dos Luzares, Rua Ilse Losa, Rotunda do Drag\u00e3o, T\u00fanel das Antas II, entre outros.<\/li>\n<li>A Metro do Porto vai ter opera\u00e7\u00e3o especial para os dois eventos, com circula\u00e7\u00f5es entre Senhora da Hora e o Est\u00e1dio do Drag\u00e3o a cada quatro minutos at\u00e9 aos instantes do jogo, e depois 10 viagens no p\u00f3s-jogo, com capacidade para mais de quatro mil pessoas.<\/li>\n<li>As linhas Azul e Amarela v\u00e3o manter servi\u00e7o durante a serenata, com frequ\u00eancias ajustadas: Azul entre 12 a 15 minutos e Amarela entre 7 a 15 minutos, conforme o hor\u00e1rio.<\/li>\n<\/ul>\n","protected":false},"author":2,"featured_media":463943,"comment_status":"closed","ping_status":"closed","sticky":false,"template":"","format":"standard","meta":{"footnotes":""},"categories":[7381,6871],"tags":[8351,9036,8956,8319,8088,9064],"class_list":["post-463937","post","type-post","status-publish","format-standard","has-post-thumbnail","hentry","category-lazer","category-sociedade","tag-_alameda","tag-_avenida","tag-_camara-municipal","tag-_mobilidade-urbana","tag-_porto","tag-_transporte-publico"],"yoast_head":"<!-- This site is optimized with the Yoast SEO plugin v27.2 - https:\/\/yoast.com\/product\/yoast-seo-wordpress\/ -->\n<title>C\u00e2mara separa serenata nos Aliados de eventuais festejos do FC Porto no Drag\u00e3o - Portal Tela Portugal<\/title>\n<meta name=\"robots\" content=\"index, follow, max-snippet:-1, max-image-preview:large, max-video-preview:-1\" \/>\n<meta property=\"og:locale\" content=\"pt_PT\" \/>\n<meta property=\"og:type\" content=\"article\" \/>\n<meta property=\"og:title\" content=\"C\u00e2mara separa serenata nos Aliados de eventuais festejos do FC Porto no Drag\u00e3o - Portal Tela Portugal\" \/>\n<meta property=\"og:description\" content=\"A C\u00e2mara do Porto garantiu a separa\u00e7\u00e3o geogr\u00e1fica entre a Monumental Serenata nos Aliados e eventuais festejos do FC Porto junto ao Est\u00e1dio do Drag\u00e3o, em caso de vit\u00f3ria. A Serenata mant\u00e9m-se na Avenida dos Aliados, com o in\u00edcio das guitarras \u00e0 primeira madrugada do dia 3 de maio. Os condicionamentos de tr\u00e2nsito foram antecipados para as 19h30 de s\u00e1bado, 2 de maio, at\u00e9 \u00e0s 24h desse dia, incluindo cortes na Alameda das Antas, Rua dos Luzares, Rua Ilse Losa, Rotunda do Drag\u00e3o, T\u00fanel das Antas II, entre outros. A Metro do Porto vai ter opera\u00e7\u00e3o especial para os dois eventos, com circula\u00e7\u00f5es entre Senhora da Hora e o Est\u00e1dio do Drag\u00e3o a cada quatro minutos at\u00e9 aos instantes do jogo, e depois 10 viagens no p\u00f3s-jogo, com capacidade para mais de quatro mil pessoas. As linhas Azul e Amarela v\u00e3o manter servi\u00e7o durante a serenata, com frequ\u00eancias ajustadas: Azul entre 12 a 15 minutos e Amarela entre 7 a 15 minutos, conforme o hor\u00e1rio.\" \/>\n<meta property=\"og:url\" content=\"https:\/\/portaltela.pt\/noticias\/2026\/05\/01\/camara-separa-serenata-nos-aliados-de-eventuais-festejos-do-fc-porto-no-dragao\/\" \/>\n<meta property=\"og:site_name\" content=\"Portal Tela Portugal\" \/>\n<meta property=\"article:published_time\" content=\"2026-05-01T14:33:31+00:00\" \/>\n<meta name=\"author\" content=\"Telinha\" \/>\n<meta name=\"twitter:card\" content=\"summary_large_image\" \/>\n<meta name=\"twitter:label1\" content=\"Escrito por\" \/>\n\t<meta name=\"twitter:data1\" content=\"Telinha\" \/>\n\t<meta name=\"twitter:label2\" content=\"Tempo estimado de leitura\" \/>\n\t<meta name=\"twitter:data2\" content=\"2 minutos\" \/>\n<script type=\"application\/ld+json\" class=\"yoast-schema-graph\">{\"@context\":\"https:\/\/schema.org\",\"@graph\":[{\"@type\":\"Article\",\"@id\":\"https:\/\/portaltela.pt\/noticias\/2026\/05\/01\/camara-separa-serenata-nos-aliados-de-eventuais-festejos-do-fc-porto-no-dragao\/#article\",\"isPartOf\":{\"@id\":\"https:\/\/portaltela.pt\/noticias\/2026\/05\/01\/camara-separa-serenata-nos-aliados-de-eventuais-festejos-do-fc-porto-no-dragao\/\"},\"author\":{\"name\":\"Telinha\",\"@id\":\"https:\/\/portaltela.pt\/#\/schema\/person\/c4278d4a6028830caff9ee44b42d32ed\"},\"headline\":\"C\u00e2mara separa serenata nos Aliados de eventuais festejos do FC Porto no Drag\u00e3o\",\"datePublished\":\"2026-05-01T14:33:31+00:00\",\"mainEntityOfPage\":{\"@id\":\"https:\/\/portaltela.pt\/noticias\/2026\/05\/01\/camara-separa-serenata-nos-aliados-de-eventuais-festejos-do-fc-porto-no-dragao\/\"},\"wordCount\":333,\"image\":{\"@id\":\"https:\/\/portaltela.pt\/noticias\/2026\/05\/01\/camara-separa-serenata-nos-aliados-de-eventuais-festejos-do-fc-porto-no-dragao\/#primaryimage\"},\"thumbnailUrl\":\"https:\/\/portaltela.pt\/s.01k8rhncp4jt1\/2026\/05\/img_1280x721uu2015-04-26-23-16-00-449450.jpg\",\"keywords\":[\"_Alameda\",\"_Avenida\",\"_C\u00e2mara Municipal\",\"_mobilidade urbana\",\"_Porto\",\"_transporte p\u00fablico\"],\"articleSection\":[\"Lazer\",\"Sociedade\"],\"inLanguage\":\"pt-PT\"},{\"@type\":\"WebPage\",\"@id\":\"https:\/\/portaltela.pt\/noticias\/2026\/05\/01\/camara-separa-serenata-nos-aliados-de-eventuais-festejos-do-fc-porto-no-dragao\/\",\"url\":\"https:\/\/portaltela.pt\/noticias\/2026\/05\/01\/camara-separa-serenata-nos-aliados-de-eventuais-festejos-do-fc-porto-no-dragao\/\",\"name\":\"C\u00e2mara separa serenata nos Aliados de eventuais festejos do FC Porto no Drag\u00e3o - Portal Tela Portugal\",\"isPartOf\":{\"@id\":\"https:\/\/portaltela.pt\/#website\"},\"primaryImageOfPage\":{\"@id\":\"https:\/\/portaltela.pt\/noticias\/2026\/05\/01\/camara-separa-serenata-nos-aliados-de-eventuais-festejos-do-fc-porto-no-dragao\/#primaryimage\"},\"image\":{\"@id\":\"https:\/\/portaltela.pt\/noticias\/2026\/05\/01\/camara-separa-serenata-nos-aliados-de-eventuais-festejos-do-fc-porto-no-dragao\/#primaryimage\"},\"thumbnailUrl\":\"https:\/\/portaltela.pt\/s.01k8rhncp4jt1\/2026\/05\/img_1280x721uu2015-04-26-23-16-00-449450.jpg\",\"datePublished\":\"2026-05-01T14:33:31+00:00\",\"author\":{\"@id\":\"https:\/\/portaltela.pt\/#\/schema\/person\/c4278d4a6028830caff9ee44b42d32ed\"},\"breadcrumb\":{\"@id\":\"https:\/\/portaltela.pt\/noticias\/2026\/05\/01\/camara-separa-serenata-nos-aliados-de-eventuais-festejos-do-fc-porto-no-dragao\/#breadcrumb\"},\"inLanguage\":\"pt-PT\",\"potentialAction\":[{\"@type\":\"ReadAction\",\"target\":[\"https:\/\/portaltela.pt\/noticias\/2026\/05\/01\/camara-separa-serenata-nos-aliados-de-eventuais-festejos-do-fc-porto-no-dragao\/\"]}]},{\"@type\":\"ImageObject\",\"inLanguage\":\"pt-PT\",\"@id\":\"https:\/\/portaltela.pt\/noticias\/2026\/05\/01\/camara-separa-serenata-nos-aliados-de-eventuais-festejos-do-fc-porto-no-dragao\/#primaryimage\",\"url\":\"https:\/\/portaltela.pt\/s.01k8rhncp4jt1\/2026\/05\/img_1280x721uu2015-04-26-23-16-00-449450.jpg\",\"contentUrl\":\"https:\/\/portaltela.pt\/s.01k8rhncp4jt1\/2026\/05\/img_1280x721uu2015-04-26-23-16-00-449450.jpg\",\"width\":796,\"height\":448,\"caption\":\"Avenida dos Aliados\"},{\"@type\":\"BreadcrumbList\",\"@id\":\"https:\/\/portaltela.pt\/noticias\/2026\/05\/01\/camara-separa-serenata-nos-aliados-de-eventuais-festejos-do-fc-porto-no-dragao\/#breadcrumb\",\"itemListElement\":[{\"@type\":\"ListItem\",\"position\":1,\"name\":\"In\u00edcio\",\"item\":\"https:\/\/portaltela.pt\/\"},{\"@type\":\"ListItem\",\"position\":2,\"name\":\"C\u00e2mara separa serenata nos Aliados de eventuais festejos do FC Porto no Drag\u00e3o\"}]},{\"@type\":\"WebSite\",\"@id\":\"https:\/\/portaltela.pt\/#website\",\"url\":\"https:\/\/portaltela.pt\/\",\"name\":\"Portal Tela Portugal\",\"description\":\"\",\"potentialAction\":[{\"@type\":\"SearchAction\",\"target\":{\"@type\":\"EntryPoint\",\"urlTemplate\":\"https:\/\/portaltela.pt\/?s={search_term_string}\"},\"query-input\":{\"@type\":\"PropertyValueSpecification\",\"valueRequired\":true,\"valueName\":\"search_term_string\"}}],\"inLanguage\":\"pt-PT\"},{\"@type\":\"Person\",\"@id\":\"https:\/\/portaltela.pt\/#\/schema\/person\/c4278d4a6028830caff9ee44b42d32ed\",\"name\":\"Telinha\",\"image\":{\"@type\":\"ImageObject\",\"inLanguage\":\"pt-PT\",\"@id\":\"https:\/\/portaltela.pt\/s.01k8rhncp4jt1\/2025\/11\/talking-bot-125x125.png\",\"url\":\"https:\/\/portaltela.pt\/s.01k8rhncp4jt1\/2025\/11\/talking-bot-125x125.png\",\"contentUrl\":\"https:\/\/portaltela.pt\/s.01k8rhncp4jt1\/2025\/11\/talking-bot-125x125.png\",\"caption\":\"Telinha\"},\"sameAs\":[\"https:\/\/portaltela.pt\/\"],\"url\":\"https:\/\/portaltela.pt\/por\/367410592786\/\"}]}<\/script>\n<!-- \/ Yoast SEO plugin. -->","yoast_head_json":{"title":"C\u00e2mara separa serenata nos Aliados de eventuais festejos do FC Porto no Drag\u00e3o - Portal Tela Portugal","robots":{"index":"index","follow":"follow","max-snippet":"max-snippet:-1","max-image-preview":"max-image-preview:large","max-video-preview":"max-video-preview:-1"},"og_locale":"pt_PT","og_type":"article","og_title":"C\u00e2mara separa serenata nos Aliados de eventuais festejos do FC Porto no Drag\u00e3o - Portal Tela Portugal","og_description":"A C\u00e2mara do Porto garantiu a separa\u00e7\u00e3o geogr\u00e1fica entre a Monumental Serenata nos Aliados e eventuais festejos do FC Porto junto ao Est\u00e1dio do Drag\u00e3o, em caso de vit\u00f3ria. A Serenata mant\u00e9m-se na Avenida dos Aliados, com o in\u00edcio das guitarras \u00e0 primeira madrugada do dia 3 de maio. Os condicionamentos de tr\u00e2nsito foram antecipados para as 19h30 de s\u00e1bado, 2 de maio, at\u00e9 \u00e0s 24h desse dia, incluindo cortes na Alameda das Antas, Rua dos Luzares, Rua Ilse Losa, Rotunda do Drag\u00e3o, T\u00fanel das Antas II, entre outros. A Metro do Porto vai ter opera\u00e7\u00e3o especial para os dois eventos, com circula\u00e7\u00f5es entre Senhora da Hora e o Est\u00e1dio do Drag\u00e3o a cada quatro minutos at\u00e9 aos instantes do jogo, e depois 10 viagens no p\u00f3s-jogo, com capacidade para mais de quatro mil pessoas. As linhas Azul e Amarela v\u00e3o manter servi\u00e7o durante a serenata, com frequ\u00eancias ajustadas: Azul entre 12 a 15 minutos e Amarela entre 7 a 15 minutos, conforme o hor\u00e1rio.","og_url":"https:\/\/portaltela.pt\/noticias\/2026\/05\/01\/camara-separa-serenata-nos-aliados-de-eventuais-festejos-do-fc-porto-no-dragao\/","og_site_name":"Portal Tela Portugal","article_published_time":"2026-05-01T14:33:31+00:00","author":"Telinha","twitter_card":"summary_large_image","twitter_misc":{"Escrito por":"Telinha","Tempo estimado de leitura":"2 minutos"},"schema":{"@context":"https:\/\/schema.org","@graph":[{"@type":"Article","@id":"https:\/\/portaltela.pt\/noticias\/2026\/05\/01\/camara-separa-serenata-nos-aliados-de-eventuais-festejos-do-fc-porto-no-dragao\/#article","isPartOf":{"@id":"https:\/\/portaltela.pt\/noticias\/2026\/05\/01\/camara-separa-serenata-nos-aliados-de-eventuais-festejos-do-fc-porto-no-dragao\/"},"author":{"name":"Telinha","@id":"https:\/\/portaltela.pt\/#\/schema\/person\/c4278d4a6028830caff9ee44b42d32ed"},"headline":"C\u00e2mara separa serenata nos Aliados de eventuais festejos do FC Porto no Drag\u00e3o","datePublished":"2026-05-01T14:33:31+00:00","mainEntityOfPage":{"@id":"https:\/\/portaltela.pt\/noticias\/2026\/05\/01\/camara-separa-serenata-nos-aliados-de-eventuais-festejos-do-fc-porto-no-dragao\/"},"wordCount":333,"image":{"@id":"https:\/\/portaltela.pt\/noticias\/2026\/05\/01\/camara-separa-serenata-nos-aliados-de-eventuais-festejos-do-fc-porto-no-dragao\/#primaryimage"},"thumbnailUrl":"https:\/\/portaltela.pt\/s.01k8rhncp4jt1\/2026\/05\/img_1280x721uu2015-04-26-23-16-00-449450.jpg","keywords":["_Alameda","_Avenida","_C\u00e2mara Municipal","_mobilidade urbana","_Porto","_transporte p\u00fablico"],"articleSection":["Lazer","Sociedade"],"inLanguage":"pt-PT"},{"@type":"WebPage","@id":"https:\/\/portaltela.pt\/noticias\/2026\/05\/01\/camara-separa-serenata-nos-aliados-de-eventuais-festejos-do-fc-porto-no-dragao\/","url":"https:\/\/portaltela.pt\/noticias\/2026\/05\/01\/camara-separa-serenata-nos-aliados-de-eventuais-festejos-do-fc-porto-no-dragao\/","name":"C\u00e2mara separa serenata nos Aliados de eventuais festejos do FC Porto no Drag\u00e3o - Portal Tela Portugal","isPartOf":{"@id":"https:\/\/portaltela.pt\/#website"},"primaryImageOfPage":{"@id":"https:\/\/portaltela.pt\/noticias\/2026\/05\/01\/camara-separa-serenata-nos-aliados-de-eventuais-festejos-do-fc-porto-no-dragao\/#primaryimage"},"image":{"@id":"https:\/\/portaltela.pt\/noticias\/2026\/05\/01\/camara-separa-serenata-nos-aliados-de-eventuais-festejos-do-fc-porto-no-dragao\/#primaryimage"},"thumbnailUrl":"https:\/\/portaltela.pt\/s.01k8rhncp4jt1\/2026\/05\/img_1280x721uu2015-04-26-23-16-00-449450.jpg","datePublished":"2026-05-01T14:33:31+00:00","author":{"@id":"https:\/\/portaltela.pt\/#\/schema\/person\/c4278d4a6028830caff9ee44b42d32ed"},"breadcrumb":{"@id":"https:\/\/portaltela.pt\/noticias\/2026\/05\/01\/camara-separa-serenata-nos-aliados-de-eventuais-festejos-do-fc-porto-no-dragao\/#breadcrumb"},"inLanguage":"pt-PT","potentialAction":[{"@type":"ReadAction","target":["https:\/\/portaltela.pt\/noticias\/2026\/05\/01\/camara-separa-serenata-nos-aliados-de-eventuais-festejos-do-fc-porto-no-dragao\/"]}]},{"@type":"ImageObject","inLanguage":"pt-PT","@id":"https:\/\/portaltela.pt\/noticias\/2026\/05\/01\/camara-separa-serenata-nos-aliados-de-eventuais-festejos-do-fc-porto-no-dragao\/#primaryimage","url":"https:\/\/portaltela.pt\/s.01k8rhncp4jt1\/2026\/05\/img_1280x721uu2015-04-26-23-16-00-449450.jpg","contentUrl":"https:\/\/portaltela.pt\/s.01k8rhncp4jt1\/2026\/05\/img_1280x721uu2015-04-26-23-16-00-449450.jpg","width":796,"height":448,"caption":"Avenida dos Aliados"},{"@type":"BreadcrumbList","@id":"https:\/\/portaltela.pt\/noticias\/2026\/05\/01\/camara-separa-serenata-nos-aliados-de-eventuais-festejos-do-fc-porto-no-dragao\/#breadcrumb","itemListElement":[{"@type":"ListItem","position":1,"name":"In\u00edcio","item":"https:\/\/portaltela.pt\/"},{"@type":"ListItem","position":2,"name":"C\u00e2mara separa serenata nos Aliados de eventuais festejos do FC Porto no Drag\u00e3o"}]},{"@type":"WebSite","@id":"https:\/\/portaltela.pt\/#website","url":"https:\/\/portaltela.pt\/","name":"Portal Tela Portugal","description":"","potentialAction":[{"@type":"SearchAction","target":{"@type":"EntryPoint","urlTemplate":"https:\/\/portaltela.pt\/?s={search_term_string}"},"query-input":{"@type":"PropertyValueSpecification","valueRequired":true,"valueName":"search_term_string"}}],"inLanguage":"pt-PT"},{"@type":"Person","@id":"https:\/\/portaltela.pt\/#\/schema\/person\/c4278d4a6028830caff9ee44b42d32ed","name":"Telinha","image":{"@type":"ImageObject","inLanguage":"pt-PT","@id":"https:\/\/portaltela.pt\/s.01k8rhncp4jt1\/2025\/11\/talking-bot-125x125.png","url":"https:\/\/portaltela.pt\/s.01k8rhncp4jt1\/2025\/11\/talking-bot-125x125.png","contentUrl":"https:\/\/portaltela.pt\/s.01k8rhncp4jt1\/2025\/11\/talking-bot-125x125.png","caption":"Telinha"},"sameAs":["https:\/\/portaltela.pt\/"],"url":"https:\/\/portaltela.pt\/por\/367410592786\/"}]}},"_links":{"self":[{"href":"https:\/\/portaltela.pt\/api\/wp\/v2\/posts\/463937","targetHints":{"allow":["GET"]}}],"collection":[{"href":"https:\/\/portaltela.pt\/api\/wp\/v2\/posts"}],"about":[{"href":"https:\/\/portaltela.pt\/api\/wp\/v2\/types\/post"}],"author":[{"embeddable":true,"href":"https:\/\/portaltela.pt\/api\/wp\/v2\/users\/2"}],"replies":[{"embeddable":true,"href":"https:\/\/portaltela.pt\/api\/wp\/v2\/comments?post=463937"}],"version-history":[{"count":0,"href":"https:\/\/portaltela.pt\/api\/wp\/v2\/posts\/463937\/revisions"}],"wp:featuredmedia":[{"embeddable":true,"href":"https:\/\/portaltela.pt\/api\/wp\/v2\/media\/463943"}],"wp:attachment":[{"href":"https:\/\/portaltela.pt\/api\/wp\/v2\/media?parent=463937"}],"wp:term":[{"taxonomy":"category","embeddable":true,"href":"https:\/\/portaltela.pt\/api\/wp\/v2\/categories?post=463937"},{"taxonomy":"post_tag","embeddable":true,"href":"https:\/\/portaltela.pt\/api\/wp\/v2\/tags?post=463937"}],"curies":[{"name":"wp","href":"https:\/\/api.w.org\/{rel}","templated":true}]}}