{"id":463934,"date":"2026-05-01T11:33:29","date_gmt":"2026-05-01T14:33:29","guid":{"rendered":"https:\/\/portaltela.pt\/noticias\/2026\/05\/01\/custodio-castro-elege-o-melhor-medio-do-campeonato\/"},"modified":"2026-05-01T11:33:29","modified_gmt":"2026-05-01T14:33:29","slug":"custodio-castro-elege-o-melhor-medio-do-campeonato","status":"publish","type":"post","link":"https:\/\/portaltela.pt\/desporto\/futebol\/2026\/05\/01\/custodio-castro-elege-o-melhor-medio-do-campeonato\/","title":{"rendered":"Cust\u00f3dio Castro elege o melhor m\u00e9dio do campeonato"},"content":{"rendered":"<p>Cust\u00f3dio Castro, treinador do Alverca, foi desafiado pela Record a eleger o melhor m\u00e9dio da Liga Betclic. A ideia \u00e9 identificar o jogador que, na vis\u00e3o do t\u00e9cnico, tem destacado no campeonato.<\/p>\n<p>O desafio envolve a pr\u00f3pria equipa do Alverca, que acompanha de perto o momento da competi\u00e7\u00e3o, e a imprensa desportiva que organizou a vota\u00e7\u00e3o junto de Carlos Castro.<\/p>\n<p>Segundo o objetivo do exerc\u00edcio, o foco est\u00e1 na avalia\u00e7\u00e3o de desempenho ao longo da \u00e9poca, com especial aten\u00e7\u00e3o \u00e0s responsabilidades no meio-campo e ao impacto nas din\u00e2micas de jogo.<\/p>\n<p>A iniciativa pretende mapear talentos emergentes na Liga Betclic e contribuir para o debate sobre o papel dos m\u00e9dios na reta final da competi\u00e7\u00e3o.<\/p>\n","protected":false},"excerpt":{"rendered":"<ul>\n<li>Cust\u00f3dio Castro, treinador do Alverca, foi desafiado pela Record a eleger o melhor m\u00e9dio da Liga Betclic.<\/li>\n<li>A not\u00edcia foca-se no desempenho dos m\u00e9dios que se destacam na presente temporada.<\/li>\n<li>O t\u00edtulo sugere que o melhor m\u00e9dio pode ser uma das grandes revela\u00e7\u00f5es do campeonato.<\/li>\n<li>A mat\u00e9ria \u00e9 publicada pela Record, destacando a perspetiva de uma figura t\u00e9cnica.<\/li>\n<\/ul>\n","protected":false},"author":2,"featured_media":463942,"comment_status":"closed","ping_status":"closed","sticky":false,"template":"","format":"standard","meta":{"footnotes":""},"categories":[21,24],"tags":[10119,4143,1230,227,152,32],"class_list":["post-463934","post","type-post","status-publish","format-standard","has-post-thumbnail","hentry","category-desporto","category-futebol","tag-_carlos-castro","tag-1-liga","tag-alverca","tag-campeonato","tag-desporto","tag-futebol"],"yoast_head":"<!-- This site is optimized with the Yoast SEO plugin v27.2 - https:\/\/yoast.com\/product\/yoast-seo-wordpress\/ -->\n<title>Cust\u00f3dio Castro elege o melhor m\u00e9dio do campeonato - Portal Tela Portugal<\/title>\n<meta name=\"robots\" content=\"index, follow, max-snippet:-1, max-image-preview:large, max-video-preview:-1\" \/>\n<meta property=\"og:locale\" content=\"pt_PT\" \/>\n<meta property=\"og:type\" content=\"article\" \/>\n<meta property=\"og:title\" content=\"Cust\u00f3dio Castro elege o melhor m\u00e9dio do campeonato - Portal Tela Portugal\" \/>\n<meta property=\"og:description\" content=\"Cust\u00f3dio Castro, treinador do Alverca, foi desafiado pela Record a eleger o melhor m\u00e9dio da Liga Betclic. A not\u00edcia foca-se no desempenho dos m\u00e9dios que se destacam na presente temporada. O t\u00edtulo sugere que o melhor m\u00e9dio pode ser uma das grandes revela\u00e7\u00f5es do campeonato. A mat\u00e9ria \u00e9 publicada pela Record, destacando a perspetiva de uma figura t\u00e9cnica.\" \/>\n<meta property=\"og:url\" content=\"https:\/\/portaltela.pt\/noticias\/2026\/05\/01\/custodio-castro-elege-o-melhor-medio-do-campeonato\/\" \/>\n<meta property=\"og:site_name\" content=\"Portal Tela Portugal\" \/>\n<meta property=\"article:published_time\" content=\"2026-05-01T14:33:29+00:00\" \/>\n<meta name=\"author\" content=\"Telinha\" \/>\n<meta name=\"twitter:card\" content=\"summary_large_image\" \/>\n<meta name=\"twitter:label1\" content=\"Escrito por\" \/>\n\t<meta name=\"twitter:data1\" content=\"Telinha\" \/>\n\t<meta name=\"twitter:label2\" content=\"Tempo estimado de leitura\" \/>\n\t<meta name=\"twitter:data2\" content=\"1 minuto\" \/>\n<script type=\"application\/ld+json\" class=\"yoast-schema-graph\">{\"@context\":\"https:\/\/schema.org\",\"@graph\":[{\"@type\":\"Article\",\"@id\":\"https:\/\/portaltela.pt\/noticias\/2026\/05\/01\/custodio-castro-elege-o-melhor-medio-do-campeonato\/#article\",\"isPartOf\":{\"@id\":\"https:\/\/portaltela.pt\/noticias\/2026\/05\/01\/custodio-castro-elege-o-melhor-medio-do-campeonato\/\"},\"author\":{\"name\":\"Telinha\",\"@id\":\"https:\/\/portaltela.pt\/#\/schema\/person\/c4278d4a6028830caff9ee44b42d32ed\"},\"headline\":\"Cust\u00f3dio Castro elege o melhor m\u00e9dio do campeonato\",\"datePublished\":\"2026-05-01T14:33:29+00:00\",\"mainEntityOfPage\":{\"@id\":\"https:\/\/portaltela.pt\/noticias\/2026\/05\/01\/custodio-castro-elege-o-melhor-medio-do-campeonato\/\"},\"wordCount\":136,\"image\":{\"@id\":\"https:\/\/portaltela.pt\/noticias\/2026\/05\/01\/custodio-castro-elege-o-melhor-medio-do-campeonato\/#primaryimage\"},\"thumbnailUrl\":\"https:\/\/portaltela.pt\/s.01k8rhncp4jt1\/2026\/05\/img_293x165uu2026-04-29-22-12-15-2436018.jpg\",\"keywords\":[\"_Carlos Castro\",\"1. Liga\",\"Alverca\",\"campeonato\",\"desporto\",\"futebol\"],\"articleSection\":[\"Desporto\",\"Futebol\"],\"inLanguage\":\"pt-PT\"},{\"@type\":\"WebPage\",\"@id\":\"https:\/\/portaltela.pt\/noticias\/2026\/05\/01\/custodio-castro-elege-o-melhor-medio-do-campeonato\/\",\"url\":\"https:\/\/portaltela.pt\/noticias\/2026\/05\/01\/custodio-castro-elege-o-melhor-medio-do-campeonato\/\",\"name\":\"Cust\u00f3dio Castro elege o melhor m\u00e9dio do campeonato - Portal Tela Portugal\",\"isPartOf\":{\"@id\":\"https:\/\/portaltela.pt\/#website\"},\"primaryImageOfPage\":{\"@id\":\"https:\/\/portaltela.pt\/noticias\/2026\/05\/01\/custodio-castro-elege-o-melhor-medio-do-campeonato\/#primaryimage\"},\"image\":{\"@id\":\"https:\/\/portaltela.pt\/noticias\/2026\/05\/01\/custodio-castro-elege-o-melhor-medio-do-campeonato\/#primaryimage\"},\"thumbnailUrl\":\"https:\/\/portaltela.pt\/s.01k8rhncp4jt1\/2026\/05\/img_293x165uu2026-04-29-22-12-15-2436018.jpg\",\"datePublished\":\"2026-05-01T14:33:29+00:00\",\"author\":{\"@id\":\"https:\/\/portaltela.pt\/#\/schema\/person\/c4278d4a6028830caff9ee44b42d32ed\"},\"breadcrumb\":{\"@id\":\"https:\/\/portaltela.pt\/noticias\/2026\/05\/01\/custodio-castro-elege-o-melhor-medio-do-campeonato\/#breadcrumb\"},\"inLanguage\":\"pt-PT\",\"potentialAction\":[{\"@type\":\"ReadAction\",\"target\":[\"https:\/\/portaltela.pt\/noticias\/2026\/05\/01\/custodio-castro-elege-o-melhor-medio-do-campeonato\/\"]}]},{\"@type\":\"ImageObject\",\"inLanguage\":\"pt-PT\",\"@id\":\"https:\/\/portaltela.pt\/noticias\/2026\/05\/01\/custodio-castro-elege-o-melhor-medio-do-campeonato\/#primaryimage\",\"url\":\"https:\/\/portaltela.pt\/s.01k8rhncp4jt1\/2026\/05\/img_293x165uu2026-04-29-22-12-15-2436018.jpg\",\"contentUrl\":\"https:\/\/portaltela.pt\/s.01k8rhncp4jt1\/2026\/05\/img_293x165uu2026-04-29-22-12-15-2436018.jpg\",\"width\":293,\"height\":165,\"caption\":\"Cust\u00f3dio Castro elege melhor m\u00e9dio do campeonato: \u00ab\u00c9 uma das grandes revela\u00e7\u00f5es...\u00bb\"},{\"@type\":\"BreadcrumbList\",\"@id\":\"https:\/\/portaltela.pt\/noticias\/2026\/05\/01\/custodio-castro-elege-o-melhor-medio-do-campeonato\/#breadcrumb\",\"itemListElement\":[{\"@type\":\"ListItem\",\"position\":1,\"name\":\"In\u00edcio\",\"item\":\"https:\/\/portaltela.pt\/\"},{\"@type\":\"ListItem\",\"position\":2,\"name\":\"Cust\u00f3dio Castro elege o melhor m\u00e9dio do campeonato\"}]},{\"@type\":\"WebSite\",\"@id\":\"https:\/\/portaltela.pt\/#website\",\"url\":\"https:\/\/portaltela.pt\/\",\"name\":\"Portal Tela Portugal\",\"description\":\"\",\"potentialAction\":[{\"@type\":\"SearchAction\",\"target\":{\"@type\":\"EntryPoint\",\"urlTemplate\":\"https:\/\/portaltela.pt\/?s={search_term_string}\"},\"query-input\":{\"@type\":\"PropertyValueSpecification\",\"valueRequired\":true,\"valueName\":\"search_term_string\"}}],\"inLanguage\":\"pt-PT\"},{\"@type\":\"Person\",\"@id\":\"https:\/\/portaltela.pt\/#\/schema\/person\/c4278d4a6028830caff9ee44b42d32ed\",\"name\":\"Telinha\",\"image\":{\"@type\":\"ImageObject\",\"inLanguage\":\"pt-PT\",\"@id\":\"https:\/\/portaltela.pt\/s.01k8rhncp4jt1\/2025\/11\/talking-bot-125x125.png\",\"url\":\"https:\/\/portaltela.pt\/s.01k8rhncp4jt1\/2025\/11\/talking-bot-125x125.png\",\"contentUrl\":\"https:\/\/portaltela.pt\/s.01k8rhncp4jt1\/2025\/11\/talking-bot-125x125.png\",\"caption\":\"Telinha\"},\"sameAs\":[\"https:\/\/portaltela.pt\/\"],\"url\":\"https:\/\/portaltela.pt\/por\/367410592786\/\"}]}<\/script>\n<!-- \/ Yoast SEO plugin. -->","yoast_head_json":{"title":"Cust\u00f3dio Castro elege o melhor m\u00e9dio do campeonato - Portal Tela Portugal","robots":{"index":"index","follow":"follow","max-snippet":"max-snippet:-1","max-image-preview":"max-image-preview:large","max-video-preview":"max-video-preview:-1"},"og_locale":"pt_PT","og_type":"article","og_title":"Cust\u00f3dio Castro elege o melhor m\u00e9dio do campeonato - Portal Tela Portugal","og_description":"Cust\u00f3dio Castro, treinador do Alverca, foi desafiado pela Record a eleger o melhor m\u00e9dio da Liga Betclic. A not\u00edcia foca-se no desempenho dos m\u00e9dios que se destacam na presente temporada. O t\u00edtulo sugere que o melhor m\u00e9dio pode ser uma das grandes revela\u00e7\u00f5es do campeonato. A mat\u00e9ria \u00e9 publicada pela Record, destacando a perspetiva de uma figura t\u00e9cnica.","og_url":"https:\/\/portaltela.pt\/noticias\/2026\/05\/01\/custodio-castro-elege-o-melhor-medio-do-campeonato\/","og_site_name":"Portal Tela Portugal","article_published_time":"2026-05-01T14:33:29+00:00","author":"Telinha","twitter_card":"summary_large_image","twitter_misc":{"Escrito por":"Telinha","Tempo estimado de leitura":"1 minuto"},"schema":{"@context":"https:\/\/schema.org","@graph":[{"@type":"Article","@id":"https:\/\/portaltela.pt\/noticias\/2026\/05\/01\/custodio-castro-elege-o-melhor-medio-do-campeonato\/#article","isPartOf":{"@id":"https:\/\/portaltela.pt\/noticias\/2026\/05\/01\/custodio-castro-elege-o-melhor-medio-do-campeonato\/"},"author":{"name":"Telinha","@id":"https:\/\/portaltela.pt\/#\/schema\/person\/c4278d4a6028830caff9ee44b42d32ed"},"headline":"Cust\u00f3dio Castro elege o melhor m\u00e9dio do campeonato","datePublished":"2026-05-01T14:33:29+00:00","mainEntityOfPage":{"@id":"https:\/\/portaltela.pt\/noticias\/2026\/05\/01\/custodio-castro-elege-o-melhor-medio-do-campeonato\/"},"wordCount":136,"image":{"@id":"https:\/\/portaltela.pt\/noticias\/2026\/05\/01\/custodio-castro-elege-o-melhor-medio-do-campeonato\/#primaryimage"},"thumbnailUrl":"https:\/\/portaltela.pt\/s.01k8rhncp4jt1\/2026\/05\/img_293x165uu2026-04-29-22-12-15-2436018.jpg","keywords":["_Carlos Castro","1. Liga","Alverca","campeonato","desporto","futebol"],"articleSection":["Desporto","Futebol"],"inLanguage":"pt-PT"},{"@type":"WebPage","@id":"https:\/\/portaltela.pt\/noticias\/2026\/05\/01\/custodio-castro-elege-o-melhor-medio-do-campeonato\/","url":"https:\/\/portaltela.pt\/noticias\/2026\/05\/01\/custodio-castro-elege-o-melhor-medio-do-campeonato\/","name":"Cust\u00f3dio Castro elege o melhor m\u00e9dio do campeonato - Portal Tela Portugal","isPartOf":{"@id":"https:\/\/portaltela.pt\/#website"},"primaryImageOfPage":{"@id":"https:\/\/portaltela.pt\/noticias\/2026\/05\/01\/custodio-castro-elege-o-melhor-medio-do-campeonato\/#primaryimage"},"image":{"@id":"https:\/\/portaltela.pt\/noticias\/2026\/05\/01\/custodio-castro-elege-o-melhor-medio-do-campeonato\/#primaryimage"},"thumbnailUrl":"https:\/\/portaltela.pt\/s.01k8rhncp4jt1\/2026\/05\/img_293x165uu2026-04-29-22-12-15-2436018.jpg","datePublished":"2026-05-01T14:33:29+00:00","author":{"@id":"https:\/\/portaltela.pt\/#\/schema\/person\/c4278d4a6028830caff9ee44b42d32ed"},"breadcrumb":{"@id":"https:\/\/portaltela.pt\/noticias\/2026\/05\/01\/custodio-castro-elege-o-melhor-medio-do-campeonato\/#breadcrumb"},"inLanguage":"pt-PT","potentialAction":[{"@type":"ReadAction","target":["https:\/\/portaltela.pt\/noticias\/2026\/05\/01\/custodio-castro-elege-o-melhor-medio-do-campeonato\/"]}]},{"@type":"ImageObject","inLanguage":"pt-PT","@id":"https:\/\/portaltela.pt\/noticias\/2026\/05\/01\/custodio-castro-elege-o-melhor-medio-do-campeonato\/#primaryimage","url":"https:\/\/portaltela.pt\/s.01k8rhncp4jt1\/2026\/05\/img_293x165uu2026-04-29-22-12-15-2436018.jpg","contentUrl":"https:\/\/portaltela.pt\/s.01k8rhncp4jt1\/2026\/05\/img_293x165uu2026-04-29-22-12-15-2436018.jpg","width":293,"height":165,"caption":"Cust\u00f3dio Castro elege melhor m\u00e9dio do campeonato: \u00ab\u00c9 uma das grandes revela\u00e7\u00f5es...\u00bb"},{"@type":"BreadcrumbList","@id":"https:\/\/portaltela.pt\/noticias\/2026\/05\/01\/custodio-castro-elege-o-melhor-medio-do-campeonato\/#breadcrumb","itemListElement":[{"@type":"ListItem","position":1,"name":"In\u00edcio","item":"https:\/\/portaltela.pt\/"},{"@type":"ListItem","position":2,"name":"Cust\u00f3dio Castro elege o melhor m\u00e9dio do campeonato"}]},{"@type":"WebSite","@id":"https:\/\/portaltela.pt\/#website","url":"https:\/\/portaltela.pt\/","name":"Portal Tela Portugal","description":"","potentialAction":[{"@type":"SearchAction","target":{"@type":"EntryPoint","urlTemplate":"https:\/\/portaltela.pt\/?s={search_term_string}"},"query-input":{"@type":"PropertyValueSpecification","valueRequired":true,"valueName":"search_term_string"}}],"inLanguage":"pt-PT"},{"@type":"Person","@id":"https:\/\/portaltela.pt\/#\/schema\/person\/c4278d4a6028830caff9ee44b42d32ed","name":"Telinha","image":{"@type":"ImageObject","inLanguage":"pt-PT","@id":"https:\/\/portaltela.pt\/s.01k8rhncp4jt1\/2025\/11\/talking-bot-125x125.png","url":"https:\/\/portaltela.pt\/s.01k8rhncp4jt1\/2025\/11\/talking-bot-125x125.png","contentUrl":"https:\/\/portaltela.pt\/s.01k8rhncp4jt1\/2025\/11\/talking-bot-125x125.png","caption":"Telinha"},"sameAs":["https:\/\/portaltela.pt\/"],"url":"https:\/\/portaltela.pt\/por\/367410592786\/"}]}},"_links":{"self":[{"href":"https:\/\/portaltela.pt\/api\/wp\/v2\/posts\/463934","targetHints":{"allow":["GET"]}}],"collection":[{"href":"https:\/\/portaltela.pt\/api\/wp\/v2\/posts"}],"about":[{"href":"https:\/\/portaltela.pt\/api\/wp\/v2\/types\/post"}],"author":[{"embeddable":true,"href":"https:\/\/portaltela.pt\/api\/wp\/v2\/users\/2"}],"replies":[{"embeddable":true,"href":"https:\/\/portaltela.pt\/api\/wp\/v2\/comments?post=463934"}],"version-history":[{"count":0,"href":"https:\/\/portaltela.pt\/api\/wp\/v2\/posts\/463934\/revisions"}],"wp:featuredmedia":[{"embeddable":true,"href":"https:\/\/portaltela.pt\/api\/wp\/v2\/media\/463942"}],"wp:attachment":[{"href":"https:\/\/portaltela.pt\/api\/wp\/v2\/media?parent=463934"}],"wp:term":[{"taxonomy":"category","embeddable":true,"href":"https:\/\/portaltela.pt\/api\/wp\/v2\/categories?post=463934"},{"taxonomy":"post_tag","embeddable":true,"href":"https:\/\/portaltela.pt\/api\/wp\/v2\/tags?post=463934"}],"curies":[{"name":"wp","href":"https:\/\/api.w.org\/{rel}","templated":true}]}}