{"id":463931,"date":"2026-05-01T11:33:24","date_gmt":"2026-05-01T14:33:24","guid":{"rendered":"https:\/\/portaltela.pt\/noticias\/2026\/05\/01\/regras-das-sobretaxas-de-ferias-organizadas-e-operadores-que-nao-as-cobram\/"},"modified":"2026-05-01T11:33:24","modified_gmt":"2026-05-01T14:33:24","slug":"regras-das-sobretaxas-de-ferias-organizadas-e-operadores-que-nao-as-cobram","status":"publish","type":"post","link":"https:\/\/portaltela.pt\/noticias\/economia\/2026\/05\/01\/regras-das-sobretaxas-de-ferias-organizadas-e-operadores-que-nao-as-cobram\/","title":{"rendered":"Regras das sobretaxas de f\u00e9rias organizadas e operadores que n\u00e3o as cobram"},"content":{"rendered":"<p>Nos termos da legisla\u00e7\u00e3o da UE, os organizadores de viagens organizadas s\u00f3 podem aumentar o pre\u00e7o por tr\u00eas motivos: subida do custo do combust\u00edvel, altera\u00e7\u00f5es a impostos ou taxas recebidas de terceiros, e revis\u00f5es cambiais. O limite geral \u00e9 de 8% do pre\u00e7o total, e quem exceder esse valor pode rescindir o contrato sem encargos. O aviso sobre o aumento deve chegar aos clientes com pelo menos 20 dias de anteced\u00eancia.<\/p>\n<p>A prote\u00e7\u00e3o existe tamb\u00e9m quando a qualidade ou o valor da viagem diminui. Com cancelamentos ou altera\u00e7\u00f5es de voos, como mudan\u00e7as de hor\u00e1rios, podem surgir custos adicionais para reorganizar a viagem ou o alojamento, dando direito ao cancelamento. O reminder \u00e9 sempre ler as cl\u00e1usulas do contrato de reserva.<\/p>\n<p>Al\u00e9m disso, a UE exige transpar\u00eancia: os viajantes devem receber, atempadamente, explica\u00e7\u00f5es sobre o aumento de pre\u00e7o motivado pelas raz\u00f5es previstas. No Reino Unido, os regulamentos aplicam-se aos servi\u00e7os de viagens organizadas e conexos. O foco \u00e9 manter o consumidor informado e protegido.<\/p>\n<h3>O que dizem os operadores sobre as sobretaxas?<\/h3>\n<p>V\u00e1rios fornecedores europeus de pacotes de f\u00e9rias afirmaram n\u00e3o pretender cobrar sobretaxas para o ver\u00e3o de 2026 ou mesmo para este ano. A easyJet Holidays garantiu que n\u00e3o aplicar\u00e1 sobretaxas a pacotes pr\u00e9-reservados nem a novas reservas, para o ver\u00e3o em curso.<\/p>\n<p>A gest\u00e3o da easyJet Holidays afirmou aos clientes que n\u00e3o haver\u00e1 pagamentos adicionais inesperados, assegurando f\u00e9rias tranquilas a pre\u00e7os previs\u00edveis. A afirma\u00e7\u00e3o visa dissipar d\u00favidas provocadas por acontecimentos globais recentes.<\/p>\n<p>A Intrepid Travel tamb\u00e9m assumiu o compromisso de n\u00e3o introduzir sobretaxas em reservas existentes nem em novas. A TUI comunicou que quem j\u00e1 reservou n\u00e3o ter\u00e1 de pagar sobretaxas, mantendo a prote\u00e7\u00e3o acordada anteriormente.<\/p>\n<p>A Jet2 refor\u00e7ou que n\u00e3o far\u00e1 cobran\u00e7as adicionais nem em voos nem em pacotes, acrescentando que a medida j\u00e1 fazia parte da pol\u00edtica da empresa. Estas declara\u00e7\u00f5es pretendem dar confian\u00e7a aos viajantes na temporada de f\u00e9rias.<\/p>\n<p>Para informa\u00e7\u00f5es atualizadas, os consumidores devem consultar diretamente o fornecedor do pacote de f\u00e9rias.<\/p>\n","protected":false},"excerpt":{"rendered":"<ul>\n<li>As regras da UE para viagens organizadas permitem aumentos de pre\u00e7o apenas por tr\u00eas motivos: maior custo de combust\u00edvel, mudan\u00e7as em impostos ou taxas de terceiros e altera\u00e7\u00f5es na taxa de c\u00e2mbio, com um m\u00e1ximo de 8% do pre\u00e7o total.<\/li>\n<li>Se o aumento superar os 8%, o cliente pode rescindir o contrato sem encargos, devendo receber aviso com pelo menos 20 dias antes da viagem.<\/li>\n<li>O direito de cancelar tamb\u00e9m pode aplicar-se se a qualidade ou o valor da viagem diminuir, especialmente se houver altera\u00e7\u00f5es de voo que gerem custos adicionais.<\/li>\n<li>V\u00e1rios grandes operadores de pacotes na Europa anunciaram que n\u00e3o v\u00e3o aplicar sobretaxas este ver\u00e3o ou neste ano, incluindo easyJet Holidays, Intrepid Travel, TUI e Jet2.<\/li>\n<li>Recomenda-se confirmar sempre com o operador as condi\u00e7\u00f5es atualizadas da reserva e ler as letras pequenas do contrato.<\/li>\n<\/ul>\n","protected":false},"author":2,"featured_media":463936,"comment_status":"closed","ping_status":"closed","sticky":false,"template":"","format":"standard","meta":{"footnotes":""},"categories":[2,1],"tags":[7806,7296,332,169,2055,71],"class_list":["post-463931","post","type-post","status-publish","format-standard","has-post-thumbnail","hentry","category-economia","category-noticias","tag-direitos-dos-consumidores","tag-precos","tag-transparencia","tag-turismo","tag-uniao-europeia","tag-viagens"],"yoast_head":"<!-- This site is optimized with the Yoast SEO plugin v27.2 - https:\/\/yoast.com\/product\/yoast-seo-wordpress\/ -->\n<title>Regras das sobretaxas de f\u00e9rias organizadas e operadores que n\u00e3o as cobram - Portal Tela Portugal<\/title>\n<meta name=\"robots\" content=\"index, follow, max-snippet:-1, max-image-preview:large, max-video-preview:-1\" \/>\n<meta property=\"og:locale\" content=\"pt_PT\" \/>\n<meta property=\"og:type\" content=\"article\" \/>\n<meta property=\"og:title\" content=\"Regras das sobretaxas de f\u00e9rias organizadas e operadores que n\u00e3o as cobram - Portal Tela Portugal\" \/>\n<meta property=\"og:description\" content=\"As regras da UE para viagens organizadas permitem aumentos de pre\u00e7o apenas por tr\u00eas motivos: maior custo de combust\u00edvel, mudan\u00e7as em impostos ou taxas de terceiros e altera\u00e7\u00f5es na taxa de c\u00e2mbio, com um m\u00e1ximo de 8% do pre\u00e7o total. Se o aumento superar os 8%, o cliente pode rescindir o contrato sem encargos, devendo receber aviso com pelo menos 20 dias antes da viagem. O direito de cancelar tamb\u00e9m pode aplicar-se se a qualidade ou o valor da viagem diminuir, especialmente se houver altera\u00e7\u00f5es de voo que gerem custos adicionais. V\u00e1rios grandes operadores de pacotes na Europa anunciaram que n\u00e3o v\u00e3o aplicar sobretaxas este ver\u00e3o ou neste ano, incluindo easyJet Holidays, Intrepid Travel, TUI e Jet2. Recomenda-se confirmar sempre com o operador as condi\u00e7\u00f5es atualizadas da reserva e ler as letras pequenas do contrato.\" \/>\n<meta property=\"og:url\" content=\"https:\/\/portaltela.pt\/noticias\/2026\/05\/01\/regras-das-sobretaxas-de-ferias-organizadas-e-operadores-que-nao-as-cobram\/\" \/>\n<meta property=\"og:site_name\" content=\"Portal Tela Portugal\" \/>\n<meta property=\"article:published_time\" content=\"2026-05-01T14:33:24+00:00\" \/>\n<meta name=\"author\" content=\"Telinha\" \/>\n<meta name=\"twitter:card\" content=\"summary_large_image\" \/>\n<meta name=\"twitter:label1\" content=\"Escrito por\" \/>\n\t<meta name=\"twitter:data1\" content=\"Telinha\" \/>\n\t<meta name=\"twitter:label2\" content=\"Tempo estimado de leitura\" \/>\n\t<meta name=\"twitter:data2\" content=\"2 minutos\" \/>\n<script type=\"application\/ld+json\" class=\"yoast-schema-graph\">{\"@context\":\"https:\/\/schema.org\",\"@graph\":[{\"@type\":\"Article\",\"@id\":\"https:\/\/portaltela.pt\/noticias\/2026\/05\/01\/regras-das-sobretaxas-de-ferias-organizadas-e-operadores-que-nao-as-cobram\/#article\",\"isPartOf\":{\"@id\":\"https:\/\/portaltela.pt\/noticias\/2026\/05\/01\/regras-das-sobretaxas-de-ferias-organizadas-e-operadores-que-nao-as-cobram\/\"},\"author\":{\"name\":\"Telinha\",\"@id\":\"https:\/\/portaltela.pt\/#\/schema\/person\/c4278d4a6028830caff9ee44b42d32ed\"},\"headline\":\"Regras das sobretaxas de f\u00e9rias organizadas e operadores que n\u00e3o as cobram\",\"datePublished\":\"2026-05-01T14:33:24+00:00\",\"mainEntityOfPage\":{\"@id\":\"https:\/\/portaltela.pt\/noticias\/2026\/05\/01\/regras-das-sobretaxas-de-ferias-organizadas-e-operadores-que-nao-as-cobram\/\"},\"wordCount\":382,\"image\":{\"@id\":\"https:\/\/portaltela.pt\/noticias\/2026\/05\/01\/regras-das-sobretaxas-de-ferias-organizadas-e-operadores-que-nao-as-cobram\/#primaryimage\"},\"thumbnailUrl\":\"https:\/\/portaltela.pt\/s.01k8rhncp4jt1\/2026\/05\/1536x864_cmsv2_a4a6d6d8-9400-59a5-b552-a9bd3daa7e3a-9743801.jpg\",\"keywords\":[\"direitos dos consumidores\",\"pre\u00e7os\",\"transpar\u00eancia\",\"turismo\",\"Uni\u00e3o Europeia\",\"viagens\"],\"articleSection\":[\"Economia\",\"Not\u00edcias\"],\"inLanguage\":\"pt-PT\"},{\"@type\":\"WebPage\",\"@id\":\"https:\/\/portaltela.pt\/noticias\/2026\/05\/01\/regras-das-sobretaxas-de-ferias-organizadas-e-operadores-que-nao-as-cobram\/\",\"url\":\"https:\/\/portaltela.pt\/noticias\/2026\/05\/01\/regras-das-sobretaxas-de-ferias-organizadas-e-operadores-que-nao-as-cobram\/\",\"name\":\"Regras das sobretaxas de f\u00e9rias organizadas e operadores que n\u00e3o as cobram - Portal Tela Portugal\",\"isPartOf\":{\"@id\":\"https:\/\/portaltela.pt\/#website\"},\"primaryImageOfPage\":{\"@id\":\"https:\/\/portaltela.pt\/noticias\/2026\/05\/01\/regras-das-sobretaxas-de-ferias-organizadas-e-operadores-que-nao-as-cobram\/#primaryimage\"},\"image\":{\"@id\":\"https:\/\/portaltela.pt\/noticias\/2026\/05\/01\/regras-das-sobretaxas-de-ferias-organizadas-e-operadores-que-nao-as-cobram\/#primaryimage\"},\"thumbnailUrl\":\"https:\/\/portaltela.pt\/s.01k8rhncp4jt1\/2026\/05\/1536x864_cmsv2_a4a6d6d8-9400-59a5-b552-a9bd3daa7e3a-9743801.jpg\",\"datePublished\":\"2026-05-01T14:33:24+00:00\",\"author\":{\"@id\":\"https:\/\/portaltela.pt\/#\/schema\/person\/c4278d4a6028830caff9ee44b42d32ed\"},\"breadcrumb\":{\"@id\":\"https:\/\/portaltela.pt\/noticias\/2026\/05\/01\/regras-das-sobretaxas-de-ferias-organizadas-e-operadores-que-nao-as-cobram\/#breadcrumb\"},\"inLanguage\":\"pt-PT\",\"potentialAction\":[{\"@type\":\"ReadAction\",\"target\":[\"https:\/\/portaltela.pt\/noticias\/2026\/05\/01\/regras-das-sobretaxas-de-ferias-organizadas-e-operadores-que-nao-as-cobram\/\"]}]},{\"@type\":\"ImageObject\",\"inLanguage\":\"pt-PT\",\"@id\":\"https:\/\/portaltela.pt\/noticias\/2026\/05\/01\/regras-das-sobretaxas-de-ferias-organizadas-e-operadores-que-nao-as-cobram\/#primaryimage\",\"url\":\"https:\/\/portaltela.pt\/s.01k8rhncp4jt1\/2026\/05\/1536x864_cmsv2_a4a6d6d8-9400-59a5-b552-a9bd3daa7e3a-9743801.jpg\",\"contentUrl\":\"https:\/\/portaltela.pt\/s.01k8rhncp4jt1\/2026\/05\/1536x864_cmsv2_a4a6d6d8-9400-59a5-b552-a9bd3daa7e3a-9743801.jpg\",\"width\":796,\"height\":448,\"caption\":\"Uma praia em Sitges, Espanha\"},{\"@type\":\"BreadcrumbList\",\"@id\":\"https:\/\/portaltela.pt\/noticias\/2026\/05\/01\/regras-das-sobretaxas-de-ferias-organizadas-e-operadores-que-nao-as-cobram\/#breadcrumb\",\"itemListElement\":[{\"@type\":\"ListItem\",\"position\":1,\"name\":\"In\u00edcio\",\"item\":\"https:\/\/portaltela.pt\/\"},{\"@type\":\"ListItem\",\"position\":2,\"name\":\"Regras das sobretaxas de f\u00e9rias organizadas e operadores que n\u00e3o as cobram\"}]},{\"@type\":\"WebSite\",\"@id\":\"https:\/\/portaltela.pt\/#website\",\"url\":\"https:\/\/portaltela.pt\/\",\"name\":\"Portal Tela Portugal\",\"description\":\"\",\"potentialAction\":[{\"@type\":\"SearchAction\",\"target\":{\"@type\":\"EntryPoint\",\"urlTemplate\":\"https:\/\/portaltela.pt\/?s={search_term_string}\"},\"query-input\":{\"@type\":\"PropertyValueSpecification\",\"valueRequired\":true,\"valueName\":\"search_term_string\"}}],\"inLanguage\":\"pt-PT\"},{\"@type\":\"Person\",\"@id\":\"https:\/\/portaltela.pt\/#\/schema\/person\/c4278d4a6028830caff9ee44b42d32ed\",\"name\":\"Telinha\",\"image\":{\"@type\":\"ImageObject\",\"inLanguage\":\"pt-PT\",\"@id\":\"https:\/\/portaltela.pt\/s.01k8rhncp4jt1\/2025\/11\/talking-bot-125x125.png\",\"url\":\"https:\/\/portaltela.pt\/s.01k8rhncp4jt1\/2025\/11\/talking-bot-125x125.png\",\"contentUrl\":\"https:\/\/portaltela.pt\/s.01k8rhncp4jt1\/2025\/11\/talking-bot-125x125.png\",\"caption\":\"Telinha\"},\"sameAs\":[\"https:\/\/portaltela.pt\/\"],\"url\":\"https:\/\/portaltela.pt\/por\/367410592786\/\"}]}<\/script>\n<!-- \/ Yoast SEO plugin. -->","yoast_head_json":{"title":"Regras das sobretaxas de f\u00e9rias organizadas e operadores que n\u00e3o as cobram - Portal Tela Portugal","robots":{"index":"index","follow":"follow","max-snippet":"max-snippet:-1","max-image-preview":"max-image-preview:large","max-video-preview":"max-video-preview:-1"},"og_locale":"pt_PT","og_type":"article","og_title":"Regras das sobretaxas de f\u00e9rias organizadas e operadores que n\u00e3o as cobram - Portal Tela Portugal","og_description":"As regras da UE para viagens organizadas permitem aumentos de pre\u00e7o apenas por tr\u00eas motivos: maior custo de combust\u00edvel, mudan\u00e7as em impostos ou taxas de terceiros e altera\u00e7\u00f5es na taxa de c\u00e2mbio, com um m\u00e1ximo de 8% do pre\u00e7o total. Se o aumento superar os 8%, o cliente pode rescindir o contrato sem encargos, devendo receber aviso com pelo menos 20 dias antes da viagem. O direito de cancelar tamb\u00e9m pode aplicar-se se a qualidade ou o valor da viagem diminuir, especialmente se houver altera\u00e7\u00f5es de voo que gerem custos adicionais. V\u00e1rios grandes operadores de pacotes na Europa anunciaram que n\u00e3o v\u00e3o aplicar sobretaxas este ver\u00e3o ou neste ano, incluindo easyJet Holidays, Intrepid Travel, TUI e Jet2. Recomenda-se confirmar sempre com o operador as condi\u00e7\u00f5es atualizadas da reserva e ler as letras pequenas do contrato.","og_url":"https:\/\/portaltela.pt\/noticias\/2026\/05\/01\/regras-das-sobretaxas-de-ferias-organizadas-e-operadores-que-nao-as-cobram\/","og_site_name":"Portal Tela Portugal","article_published_time":"2026-05-01T14:33:24+00:00","author":"Telinha","twitter_card":"summary_large_image","twitter_misc":{"Escrito por":"Telinha","Tempo estimado de leitura":"2 minutos"},"schema":{"@context":"https:\/\/schema.org","@graph":[{"@type":"Article","@id":"https:\/\/portaltela.pt\/noticias\/2026\/05\/01\/regras-das-sobretaxas-de-ferias-organizadas-e-operadores-que-nao-as-cobram\/#article","isPartOf":{"@id":"https:\/\/portaltela.pt\/noticias\/2026\/05\/01\/regras-das-sobretaxas-de-ferias-organizadas-e-operadores-que-nao-as-cobram\/"},"author":{"name":"Telinha","@id":"https:\/\/portaltela.pt\/#\/schema\/person\/c4278d4a6028830caff9ee44b42d32ed"},"headline":"Regras das sobretaxas de f\u00e9rias organizadas e operadores que n\u00e3o as cobram","datePublished":"2026-05-01T14:33:24+00:00","mainEntityOfPage":{"@id":"https:\/\/portaltela.pt\/noticias\/2026\/05\/01\/regras-das-sobretaxas-de-ferias-organizadas-e-operadores-que-nao-as-cobram\/"},"wordCount":382,"image":{"@id":"https:\/\/portaltela.pt\/noticias\/2026\/05\/01\/regras-das-sobretaxas-de-ferias-organizadas-e-operadores-que-nao-as-cobram\/#primaryimage"},"thumbnailUrl":"https:\/\/portaltela.pt\/s.01k8rhncp4jt1\/2026\/05\/1536x864_cmsv2_a4a6d6d8-9400-59a5-b552-a9bd3daa7e3a-9743801.jpg","keywords":["direitos dos consumidores","pre\u00e7os","transpar\u00eancia","turismo","Uni\u00e3o Europeia","viagens"],"articleSection":["Economia","Not\u00edcias"],"inLanguage":"pt-PT"},{"@type":"WebPage","@id":"https:\/\/portaltela.pt\/noticias\/2026\/05\/01\/regras-das-sobretaxas-de-ferias-organizadas-e-operadores-que-nao-as-cobram\/","url":"https:\/\/portaltela.pt\/noticias\/2026\/05\/01\/regras-das-sobretaxas-de-ferias-organizadas-e-operadores-que-nao-as-cobram\/","name":"Regras das sobretaxas de f\u00e9rias organizadas e operadores que n\u00e3o as cobram - Portal Tela Portugal","isPartOf":{"@id":"https:\/\/portaltela.pt\/#website"},"primaryImageOfPage":{"@id":"https:\/\/portaltela.pt\/noticias\/2026\/05\/01\/regras-das-sobretaxas-de-ferias-organizadas-e-operadores-que-nao-as-cobram\/#primaryimage"},"image":{"@id":"https:\/\/portaltela.pt\/noticias\/2026\/05\/01\/regras-das-sobretaxas-de-ferias-organizadas-e-operadores-que-nao-as-cobram\/#primaryimage"},"thumbnailUrl":"https:\/\/portaltela.pt\/s.01k8rhncp4jt1\/2026\/05\/1536x864_cmsv2_a4a6d6d8-9400-59a5-b552-a9bd3daa7e3a-9743801.jpg","datePublished":"2026-05-01T14:33:24+00:00","author":{"@id":"https:\/\/portaltela.pt\/#\/schema\/person\/c4278d4a6028830caff9ee44b42d32ed"},"breadcrumb":{"@id":"https:\/\/portaltela.pt\/noticias\/2026\/05\/01\/regras-das-sobretaxas-de-ferias-organizadas-e-operadores-que-nao-as-cobram\/#breadcrumb"},"inLanguage":"pt-PT","potentialAction":[{"@type":"ReadAction","target":["https:\/\/portaltela.pt\/noticias\/2026\/05\/01\/regras-das-sobretaxas-de-ferias-organizadas-e-operadores-que-nao-as-cobram\/"]}]},{"@type":"ImageObject","inLanguage":"pt-PT","@id":"https:\/\/portaltela.pt\/noticias\/2026\/05\/01\/regras-das-sobretaxas-de-ferias-organizadas-e-operadores-que-nao-as-cobram\/#primaryimage","url":"https:\/\/portaltela.pt\/s.01k8rhncp4jt1\/2026\/05\/1536x864_cmsv2_a4a6d6d8-9400-59a5-b552-a9bd3daa7e3a-9743801.jpg","contentUrl":"https:\/\/portaltela.pt\/s.01k8rhncp4jt1\/2026\/05\/1536x864_cmsv2_a4a6d6d8-9400-59a5-b552-a9bd3daa7e3a-9743801.jpg","width":796,"height":448,"caption":"Uma praia em Sitges, Espanha"},{"@type":"BreadcrumbList","@id":"https:\/\/portaltela.pt\/noticias\/2026\/05\/01\/regras-das-sobretaxas-de-ferias-organizadas-e-operadores-que-nao-as-cobram\/#breadcrumb","itemListElement":[{"@type":"ListItem","position":1,"name":"In\u00edcio","item":"https:\/\/portaltela.pt\/"},{"@type":"ListItem","position":2,"name":"Regras das sobretaxas de f\u00e9rias organizadas e operadores que n\u00e3o as cobram"}]},{"@type":"WebSite","@id":"https:\/\/portaltela.pt\/#website","url":"https:\/\/portaltela.pt\/","name":"Portal Tela Portugal","description":"","potentialAction":[{"@type":"SearchAction","target":{"@type":"EntryPoint","urlTemplate":"https:\/\/portaltela.pt\/?s={search_term_string}"},"query-input":{"@type":"PropertyValueSpecification","valueRequired":true,"valueName":"search_term_string"}}],"inLanguage":"pt-PT"},{"@type":"Person","@id":"https:\/\/portaltela.pt\/#\/schema\/person\/c4278d4a6028830caff9ee44b42d32ed","name":"Telinha","image":{"@type":"ImageObject","inLanguage":"pt-PT","@id":"https:\/\/portaltela.pt\/s.01k8rhncp4jt1\/2025\/11\/talking-bot-125x125.png","url":"https:\/\/portaltela.pt\/s.01k8rhncp4jt1\/2025\/11\/talking-bot-125x125.png","contentUrl":"https:\/\/portaltela.pt\/s.01k8rhncp4jt1\/2025\/11\/talking-bot-125x125.png","caption":"Telinha"},"sameAs":["https:\/\/portaltela.pt\/"],"url":"https:\/\/portaltela.pt\/por\/367410592786\/"}]}},"_links":{"self":[{"href":"https:\/\/portaltela.pt\/api\/wp\/v2\/posts\/463931","targetHints":{"allow":["GET"]}}],"collection":[{"href":"https:\/\/portaltela.pt\/api\/wp\/v2\/posts"}],"about":[{"href":"https:\/\/portaltela.pt\/api\/wp\/v2\/types\/post"}],"author":[{"embeddable":true,"href":"https:\/\/portaltela.pt\/api\/wp\/v2\/users\/2"}],"replies":[{"embeddable":true,"href":"https:\/\/portaltela.pt\/api\/wp\/v2\/comments?post=463931"}],"version-history":[{"count":0,"href":"https:\/\/portaltela.pt\/api\/wp\/v2\/posts\/463931\/revisions"}],"wp:featuredmedia":[{"embeddable":true,"href":"https:\/\/portaltela.pt\/api\/wp\/v2\/media\/463936"}],"wp:attachment":[{"href":"https:\/\/portaltela.pt\/api\/wp\/v2\/media?parent=463931"}],"wp:term":[{"taxonomy":"category","embeddable":true,"href":"https:\/\/portaltela.pt\/api\/wp\/v2\/categories?post=463931"},{"taxonomy":"post_tag","embeddable":true,"href":"https:\/\/portaltela.pt\/api\/wp\/v2\/tags?post=463931"}],"curies":[{"name":"wp","href":"https:\/\/api.w.org\/{rel}","templated":true}]}}