{"id":463921,"date":"2026-05-01T11:18:04","date_gmt":"2026-05-01T14:18:04","guid":{"rendered":"https:\/\/portaltela.pt\/noticias\/2026\/05\/01\/farioli-garante-que-nao-esta-focado-nas-celebracoes\/"},"modified":"2026-05-01T11:18:04","modified_gmt":"2026-05-01T14:18:04","slug":"farioli-garante-que-nao-esta-focado-nas-celebracoes","status":"publish","type":"post","link":"https:\/\/portaltela.pt\/desporto\/futebol\/2026\/05\/01\/farioli-garante-que-nao-esta-focado-nas-celebracoes\/","title":{"rendered":"Farioli garante que n\u00e3o est\u00e1 focado nas celebra\u00e7\u00f5es"},"content":{"rendered":"<p>O treinador do FC Porto, Francesco Farioli, afirmou hoje que a equipa entrou na rece\u00e7\u00e3o ao Alverca, da 32.\u00aa jornada da I Liga, com a abordagem certa e sem pensar nas celebra\u00e7\u00f5es do poss\u00edvel t\u00edtulo. A prioridade foi o jogo e o desempenho mostrado em campo.<\/p>\n<p>Farioli explicou que o foco foi o advers\u00e1rio e a estrat\u00e9gia definida, mantendo a disciplina t\u00e1ctica e o empenho coletivo desde o apito inicial. O objetivo manteve-se claro: vencer o encontro sem desviar o olhar para o que possa vir a acontecer no fim da temporada.<\/p>\n<p>O t\u00e9cnico acrescentou que a equipa trabalhou para cumprir o plano de jogo, independentemente do que acontecer a partir do resultado. O discurso foi direcionado para a performance e para os m\u00ednimos detalhes que contribuem para o rendimento global.<\/p>\n<p>At\u00e9 ao momento, n\u00e3o foram adiadas ou antecipadas decis\u00f5es relacionadas com festividades. O foco permanece no pr\u00f3ximo desafio e na continua\u00e7\u00e3o da boa s\u00e9rie de resultados do FC Porto na competi\u00e7\u00e3o.<\/p>\n","protected":false},"excerpt":{"rendered":"<ul>\n<li>O treinador do FC Porto, Francesco Farioli, assegurou que a equipa encarou a rece\u00e7\u00e3o ao Alverca com a abordagem certa, sem pensar nos poss\u00edveis festejos do t\u00edtulo.<\/li>\n<li>A partida corresponde \u00e0 32.\u00aa jornada da I Liga de futebol.<\/li>\n<li>Farioli sublinhou que o foco esteve no tempo presente e no desempenho em campo.<\/li>\n<li>A not\u00edcia destaca que a equipa manteve o objetivo de competir com serenidade, independentemente do ambiente de celebra\u00e7\u00e3o.<\/li>\n<\/ul>\n","protected":false},"author":2,"featured_media":463926,"comment_status":"closed","ping_status":"closed","sticky":false,"template":"","format":"standard","meta":{"footnotes":""},"categories":[21,24],"tags":[4143,4059,1230,2028,32,1014],"class_list":["post-463921","post","type-post","status-publish","format-standard","has-post-thumbnail","hentry","category-desporto","category-futebol","tag-1-liga","tag-1-a-liga","tag-alverca","tag-fc-porto","tag-futebol","tag-portugal"],"yoast_head":"<!-- This site is optimized with the Yoast SEO plugin v27.2 - https:\/\/yoast.com\/product\/yoast-seo-wordpress\/ -->\n<title>Farioli garante que n\u00e3o est\u00e1 focado nas celebra\u00e7\u00f5es - Portal Tela Portugal<\/title>\n<meta name=\"robots\" content=\"index, follow, max-snippet:-1, max-image-preview:large, max-video-preview:-1\" \/>\n<meta property=\"og:locale\" content=\"pt_PT\" \/>\n<meta property=\"og:type\" content=\"article\" \/>\n<meta property=\"og:title\" content=\"Farioli garante que n\u00e3o est\u00e1 focado nas celebra\u00e7\u00f5es - Portal Tela Portugal\" \/>\n<meta property=\"og:description\" content=\"O treinador do FC Porto, Francesco Farioli, assegurou que a equipa encarou a rece\u00e7\u00e3o ao Alverca com a abordagem certa, sem pensar nos poss\u00edveis festejos do t\u00edtulo. A partida corresponde \u00e0 32.\u00aa jornada da I Liga de futebol. Farioli sublinhou que o foco esteve no tempo presente e no desempenho em campo. A not\u00edcia destaca que a equipa manteve o objetivo de competir com serenidade, independentemente do ambiente de celebra\u00e7\u00e3o.\" \/>\n<meta property=\"og:url\" content=\"https:\/\/portaltela.pt\/noticias\/2026\/05\/01\/farioli-garante-que-nao-esta-focado-nas-celebracoes\/\" \/>\n<meta property=\"og:site_name\" content=\"Portal Tela Portugal\" \/>\n<meta property=\"article:published_time\" content=\"2026-05-01T14:18:04+00:00\" \/>\n<meta name=\"author\" content=\"Telinha\" \/>\n<meta name=\"twitter:card\" content=\"summary_large_image\" \/>\n<meta name=\"twitter:label1\" content=\"Escrito por\" \/>\n\t<meta name=\"twitter:data1\" content=\"Telinha\" \/>\n\t<meta name=\"twitter:label2\" content=\"Tempo estimado de leitura\" \/>\n\t<meta name=\"twitter:data2\" content=\"1 minuto\" \/>\n<script type=\"application\/ld+json\" class=\"yoast-schema-graph\">{\"@context\":\"https:\/\/schema.org\",\"@graph\":[{\"@type\":\"Article\",\"@id\":\"https:\/\/portaltela.pt\/noticias\/2026\/05\/01\/farioli-garante-que-nao-esta-focado-nas-celebracoes\/#article\",\"isPartOf\":{\"@id\":\"https:\/\/portaltela.pt\/noticias\/2026\/05\/01\/farioli-garante-que-nao-esta-focado-nas-celebracoes\/\"},\"author\":{\"name\":\"Telinha\",\"@id\":\"https:\/\/portaltela.pt\/#\/schema\/person\/c4278d4a6028830caff9ee44b42d32ed\"},\"headline\":\"Farioli garante que n\u00e3o est\u00e1 focado nas celebra\u00e7\u00f5es\",\"datePublished\":\"2026-05-01T14:18:04+00:00\",\"mainEntityOfPage\":{\"@id\":\"https:\/\/portaltela.pt\/noticias\/2026\/05\/01\/farioli-garante-que-nao-esta-focado-nas-celebracoes\/\"},\"wordCount\":186,\"image\":{\"@id\":\"https:\/\/portaltela.pt\/noticias\/2026\/05\/01\/farioli-garante-que-nao-esta-focado-nas-celebracoes\/#primaryimage\"},\"thumbnailUrl\":\"https:\/\/portaltela.pt\/s.01k8rhncp4jt1\/2026\/05\/CACHE_780X1200_ANALOG_WATERMARKED_46979266_1575779_22042026095231.jpg\",\"keywords\":[\"1. Liga\",\"1.\u00aa Liga\",\"Alverca\",\"FC Porto\",\"futebol\",\"Portugal\"],\"articleSection\":[\"Desporto\",\"Futebol\"],\"inLanguage\":\"pt-PT\"},{\"@type\":\"WebPage\",\"@id\":\"https:\/\/portaltela.pt\/noticias\/2026\/05\/01\/farioli-garante-que-nao-esta-focado-nas-celebracoes\/\",\"url\":\"https:\/\/portaltela.pt\/noticias\/2026\/05\/01\/farioli-garante-que-nao-esta-focado-nas-celebracoes\/\",\"name\":\"Farioli garante que n\u00e3o est\u00e1 focado nas celebra\u00e7\u00f5es - Portal Tela Portugal\",\"isPartOf\":{\"@id\":\"https:\/\/portaltela.pt\/#website\"},\"primaryImageOfPage\":{\"@id\":\"https:\/\/portaltela.pt\/noticias\/2026\/05\/01\/farioli-garante-que-nao-esta-focado-nas-celebracoes\/#primaryimage\"},\"image\":{\"@id\":\"https:\/\/portaltela.pt\/noticias\/2026\/05\/01\/farioli-garante-que-nao-esta-focado-nas-celebracoes\/#primaryimage\"},\"thumbnailUrl\":\"https:\/\/portaltela.pt\/s.01k8rhncp4jt1\/2026\/05\/CACHE_780X1200_ANALOG_WATERMARKED_46979266_1575779_22042026095231.jpg\",\"datePublished\":\"2026-05-01T14:18:04+00:00\",\"author\":{\"@id\":\"https:\/\/portaltela.pt\/#\/schema\/person\/c4278d4a6028830caff9ee44b42d32ed\"},\"breadcrumb\":{\"@id\":\"https:\/\/portaltela.pt\/noticias\/2026\/05\/01\/farioli-garante-que-nao-esta-focado-nas-celebracoes\/#breadcrumb\"},\"inLanguage\":\"pt-PT\",\"potentialAction\":[{\"@type\":\"ReadAction\",\"target\":[\"https:\/\/portaltela.pt\/noticias\/2026\/05\/01\/farioli-garante-que-nao-esta-focado-nas-celebracoes\/\"]}]},{\"@type\":\"ImageObject\",\"inLanguage\":\"pt-PT\",\"@id\":\"https:\/\/portaltela.pt\/noticias\/2026\/05\/01\/farioli-garante-que-nao-esta-focado-nas-celebracoes\/#primaryimage\",\"url\":\"https:\/\/portaltela.pt\/s.01k8rhncp4jt1\/2026\/05\/CACHE_780X1200_ANALOG_WATERMARKED_46979266_1575779_22042026095231.jpg\",\"contentUrl\":\"https:\/\/portaltela.pt\/s.01k8rhncp4jt1\/2026\/05\/CACHE_780X1200_ANALOG_WATERMARKED_46979266_1575779_22042026095231.jpg\",\"width\":796,\"height\":448,\"caption\":\"Farioli garante que n\u00e3o est\u00e1 focado nas celebra\u00e7\u00f5es\"},{\"@type\":\"BreadcrumbList\",\"@id\":\"https:\/\/portaltela.pt\/noticias\/2026\/05\/01\/farioli-garante-que-nao-esta-focado-nas-celebracoes\/#breadcrumb\",\"itemListElement\":[{\"@type\":\"ListItem\",\"position\":1,\"name\":\"In\u00edcio\",\"item\":\"https:\/\/portaltela.pt\/\"},{\"@type\":\"ListItem\",\"position\":2,\"name\":\"Farioli garante que n\u00e3o est\u00e1 focado nas celebra\u00e7\u00f5es\"}]},{\"@type\":\"WebSite\",\"@id\":\"https:\/\/portaltela.pt\/#website\",\"url\":\"https:\/\/portaltela.pt\/\",\"name\":\"Portal Tela Portugal\",\"description\":\"\",\"potentialAction\":[{\"@type\":\"SearchAction\",\"target\":{\"@type\":\"EntryPoint\",\"urlTemplate\":\"https:\/\/portaltela.pt\/?s={search_term_string}\"},\"query-input\":{\"@type\":\"PropertyValueSpecification\",\"valueRequired\":true,\"valueName\":\"search_term_string\"}}],\"inLanguage\":\"pt-PT\"},{\"@type\":\"Person\",\"@id\":\"https:\/\/portaltela.pt\/#\/schema\/person\/c4278d4a6028830caff9ee44b42d32ed\",\"name\":\"Telinha\",\"image\":{\"@type\":\"ImageObject\",\"inLanguage\":\"pt-PT\",\"@id\":\"https:\/\/portaltela.pt\/s.01k8rhncp4jt1\/2025\/11\/talking-bot-125x125.png\",\"url\":\"https:\/\/portaltela.pt\/s.01k8rhncp4jt1\/2025\/11\/talking-bot-125x125.png\",\"contentUrl\":\"https:\/\/portaltela.pt\/s.01k8rhncp4jt1\/2025\/11\/talking-bot-125x125.png\",\"caption\":\"Telinha\"},\"sameAs\":[\"https:\/\/portaltela.pt\/\"],\"url\":\"https:\/\/portaltela.pt\/por\/367410592786\/\"}]}<\/script>\n<!-- \/ Yoast SEO plugin. -->","yoast_head_json":{"title":"Farioli garante que n\u00e3o est\u00e1 focado nas celebra\u00e7\u00f5es - Portal Tela Portugal","robots":{"index":"index","follow":"follow","max-snippet":"max-snippet:-1","max-image-preview":"max-image-preview:large","max-video-preview":"max-video-preview:-1"},"og_locale":"pt_PT","og_type":"article","og_title":"Farioli garante que n\u00e3o est\u00e1 focado nas celebra\u00e7\u00f5es - Portal Tela Portugal","og_description":"O treinador do FC Porto, Francesco Farioli, assegurou que a equipa encarou a rece\u00e7\u00e3o ao Alverca com a abordagem certa, sem pensar nos poss\u00edveis festejos do t\u00edtulo. A partida corresponde \u00e0 32.\u00aa jornada da I Liga de futebol. Farioli sublinhou que o foco esteve no tempo presente e no desempenho em campo. A not\u00edcia destaca que a equipa manteve o objetivo de competir com serenidade, independentemente do ambiente de celebra\u00e7\u00e3o.","og_url":"https:\/\/portaltela.pt\/noticias\/2026\/05\/01\/farioli-garante-que-nao-esta-focado-nas-celebracoes\/","og_site_name":"Portal Tela Portugal","article_published_time":"2026-05-01T14:18:04+00:00","author":"Telinha","twitter_card":"summary_large_image","twitter_misc":{"Escrito por":"Telinha","Tempo estimado de leitura":"1 minuto"},"schema":{"@context":"https:\/\/schema.org","@graph":[{"@type":"Article","@id":"https:\/\/portaltela.pt\/noticias\/2026\/05\/01\/farioli-garante-que-nao-esta-focado-nas-celebracoes\/#article","isPartOf":{"@id":"https:\/\/portaltela.pt\/noticias\/2026\/05\/01\/farioli-garante-que-nao-esta-focado-nas-celebracoes\/"},"author":{"name":"Telinha","@id":"https:\/\/portaltela.pt\/#\/schema\/person\/c4278d4a6028830caff9ee44b42d32ed"},"headline":"Farioli garante que n\u00e3o est\u00e1 focado nas celebra\u00e7\u00f5es","datePublished":"2026-05-01T14:18:04+00:00","mainEntityOfPage":{"@id":"https:\/\/portaltela.pt\/noticias\/2026\/05\/01\/farioli-garante-que-nao-esta-focado-nas-celebracoes\/"},"wordCount":186,"image":{"@id":"https:\/\/portaltela.pt\/noticias\/2026\/05\/01\/farioli-garante-que-nao-esta-focado-nas-celebracoes\/#primaryimage"},"thumbnailUrl":"https:\/\/portaltela.pt\/s.01k8rhncp4jt1\/2026\/05\/CACHE_780X1200_ANALOG_WATERMARKED_46979266_1575779_22042026095231.jpg","keywords":["1. Liga","1.\u00aa Liga","Alverca","FC Porto","futebol","Portugal"],"articleSection":["Desporto","Futebol"],"inLanguage":"pt-PT"},{"@type":"WebPage","@id":"https:\/\/portaltela.pt\/noticias\/2026\/05\/01\/farioli-garante-que-nao-esta-focado-nas-celebracoes\/","url":"https:\/\/portaltela.pt\/noticias\/2026\/05\/01\/farioli-garante-que-nao-esta-focado-nas-celebracoes\/","name":"Farioli garante que n\u00e3o est\u00e1 focado nas celebra\u00e7\u00f5es - Portal Tela Portugal","isPartOf":{"@id":"https:\/\/portaltela.pt\/#website"},"primaryImageOfPage":{"@id":"https:\/\/portaltela.pt\/noticias\/2026\/05\/01\/farioli-garante-que-nao-esta-focado-nas-celebracoes\/#primaryimage"},"image":{"@id":"https:\/\/portaltela.pt\/noticias\/2026\/05\/01\/farioli-garante-que-nao-esta-focado-nas-celebracoes\/#primaryimage"},"thumbnailUrl":"https:\/\/portaltela.pt\/s.01k8rhncp4jt1\/2026\/05\/CACHE_780X1200_ANALOG_WATERMARKED_46979266_1575779_22042026095231.jpg","datePublished":"2026-05-01T14:18:04+00:00","author":{"@id":"https:\/\/portaltela.pt\/#\/schema\/person\/c4278d4a6028830caff9ee44b42d32ed"},"breadcrumb":{"@id":"https:\/\/portaltela.pt\/noticias\/2026\/05\/01\/farioli-garante-que-nao-esta-focado-nas-celebracoes\/#breadcrumb"},"inLanguage":"pt-PT","potentialAction":[{"@type":"ReadAction","target":["https:\/\/portaltela.pt\/noticias\/2026\/05\/01\/farioli-garante-que-nao-esta-focado-nas-celebracoes\/"]}]},{"@type":"ImageObject","inLanguage":"pt-PT","@id":"https:\/\/portaltela.pt\/noticias\/2026\/05\/01\/farioli-garante-que-nao-esta-focado-nas-celebracoes\/#primaryimage","url":"https:\/\/portaltela.pt\/s.01k8rhncp4jt1\/2026\/05\/CACHE_780X1200_ANALOG_WATERMARKED_46979266_1575779_22042026095231.jpg","contentUrl":"https:\/\/portaltela.pt\/s.01k8rhncp4jt1\/2026\/05\/CACHE_780X1200_ANALOG_WATERMARKED_46979266_1575779_22042026095231.jpg","width":796,"height":448,"caption":"Farioli garante que n\u00e3o est\u00e1 focado nas celebra\u00e7\u00f5es"},{"@type":"BreadcrumbList","@id":"https:\/\/portaltela.pt\/noticias\/2026\/05\/01\/farioli-garante-que-nao-esta-focado-nas-celebracoes\/#breadcrumb","itemListElement":[{"@type":"ListItem","position":1,"name":"In\u00edcio","item":"https:\/\/portaltela.pt\/"},{"@type":"ListItem","position":2,"name":"Farioli garante que n\u00e3o est\u00e1 focado nas celebra\u00e7\u00f5es"}]},{"@type":"WebSite","@id":"https:\/\/portaltela.pt\/#website","url":"https:\/\/portaltela.pt\/","name":"Portal Tela Portugal","description":"","potentialAction":[{"@type":"SearchAction","target":{"@type":"EntryPoint","urlTemplate":"https:\/\/portaltela.pt\/?s={search_term_string}"},"query-input":{"@type":"PropertyValueSpecification","valueRequired":true,"valueName":"search_term_string"}}],"inLanguage":"pt-PT"},{"@type":"Person","@id":"https:\/\/portaltela.pt\/#\/schema\/person\/c4278d4a6028830caff9ee44b42d32ed","name":"Telinha","image":{"@type":"ImageObject","inLanguage":"pt-PT","@id":"https:\/\/portaltela.pt\/s.01k8rhncp4jt1\/2025\/11\/talking-bot-125x125.png","url":"https:\/\/portaltela.pt\/s.01k8rhncp4jt1\/2025\/11\/talking-bot-125x125.png","contentUrl":"https:\/\/portaltela.pt\/s.01k8rhncp4jt1\/2025\/11\/talking-bot-125x125.png","caption":"Telinha"},"sameAs":["https:\/\/portaltela.pt\/"],"url":"https:\/\/portaltela.pt\/por\/367410592786\/"}]}},"_links":{"self":[{"href":"https:\/\/portaltela.pt\/api\/wp\/v2\/posts\/463921","targetHints":{"allow":["GET"]}}],"collection":[{"href":"https:\/\/portaltela.pt\/api\/wp\/v2\/posts"}],"about":[{"href":"https:\/\/portaltela.pt\/api\/wp\/v2\/types\/post"}],"author":[{"embeddable":true,"href":"https:\/\/portaltela.pt\/api\/wp\/v2\/users\/2"}],"replies":[{"embeddable":true,"href":"https:\/\/portaltela.pt\/api\/wp\/v2\/comments?post=463921"}],"version-history":[{"count":0,"href":"https:\/\/portaltela.pt\/api\/wp\/v2\/posts\/463921\/revisions"}],"wp:featuredmedia":[{"embeddable":true,"href":"https:\/\/portaltela.pt\/api\/wp\/v2\/media\/463926"}],"wp:attachment":[{"href":"https:\/\/portaltela.pt\/api\/wp\/v2\/media?parent=463921"}],"wp:term":[{"taxonomy":"category","embeddable":true,"href":"https:\/\/portaltela.pt\/api\/wp\/v2\/categories?post=463921"},{"taxonomy":"post_tag","embeddable":true,"href":"https:\/\/portaltela.pt\/api\/wp\/v2\/tags?post=463921"}],"curies":[{"name":"wp","href":"https:\/\/api.w.org\/{rel}","templated":true}]}}