{"id":463918,"date":"2026-05-01T11:17:53","date_gmt":"2026-05-01T14:17:53","guid":{"rendered":"https:\/\/portaltela.pt\/noticias\/2026\/05\/01\/kiwis-regressam-a-capital-da-nova-zelandia-apos-um-seculo\/"},"modified":"2026-05-01T11:17:53","modified_gmt":"2026-05-01T14:17:53","slug":"kiwis-regressam-a-capital-da-nova-zelandia-apos-um-seculo","status":"publish","type":"post","link":"https:\/\/portaltela.pt\/meio-ambiente\/2026\/05\/01\/kiwis-regressam-a-capital-da-nova-zelandia-apos-um-seculo\/","title":{"rendered":"Kiwis regressam \u00e0 capital da Nova Zel\u00e2ndia ap\u00f3s um s\u00e9culo"},"content":{"rendered":"<p>Nova Zel\u00e2ndia est\u00e1 a avan\u00e7ar com o ambicioso projeto Capital Kiwi, que visa devolver kiwis, aves n\u00e3o voadoras, \u00e0s colinas ao redor de Wellington, onde desapareceram h\u00e1 mais de um s\u00e9culo. Nesta semana, a capital recebeu o 250.\u00ba kiwi relocalizado desde o in\u00edcio do programa, que tem como objetivo recuperar a popula\u00e7\u00e3o da esp\u00e9cie no pa\u00eds.<\/p>\n<p>Na noite de ter\u00e7a-feira, Ward e um grupo de amigos deslocaram-se por uma colina envolta em nevoeiro, atravessando terrenos agr\u00edcolas acidentados. Transportaram sete caixas em sil\u00eancio, iluminadas apenas pela luz de lanternas vermelhas, e instalou-as aos pares na altitude.<\/p>\n<p>Ao abrirem as caixas, cada uma continha um kiwi. Entre as aves, encontrava-se a 250.\u00aa transfer\u00eancia para Wellington desde o come\u00e7o do Capital Kiwi. A opera\u00e7\u00e3o aconteceu num local remoto, com o objetivo de aumentar as oportunidades de habitar as colinas recuperadas pela popula\u00e7\u00e3o de kiwis.<\/p>\n<p>Restam cerca de 70 000 kiwis na Nova Zel\u00e2ndia, uma cifra que contrasta com os cerca de 12 milh\u00f5es estimados antes da chegada humana. A popula\u00e7\u00e3o atual vem registando uma diminui\u00e7\u00e3o anual de aproximadamente 2%.<\/p>\n<h3>Capital Kiwi: objetivo e contexto<\/h3>\n<p>O projeto Capital Kiwi envolve v\u00e1rias institui\u00e7\u00f5es e volunt\u00e1rios, trabalhando para devolver as aves \u00e0s \u00e1reas naturais de Wellington e regi\u00f5es vizinhas, ajudando a diversificar os habitats e a reduzir press\u00f5es sobre as popula\u00e7\u00f5es existentes. A iniciativa acompanha dados cient\u00edficos sobre reintrodu\u00e7\u00e3o, bem como monitoriza\u00e7\u00e3o cont\u00ednua.<\/p>\n","protected":false},"excerpt":{"rendered":"<ul>\n<li>Wellington recebeu a 250.\u00aa ave de kiwi transferida no \u00e2mbito do projeto Capital Kiwi, que visa devolver a ave nacional \u00e0s colinas da cidade.<\/li>\n<li>O transporte ocorreu durante a noite, com sete caixas levadas em sil\u00eancio e abertas para acomodar os kiwis.<\/li>\n<li>Ward e outros apoiantes participaram na opera\u00e7\u00e3o, levando caixas aos pares para a colina envolta em nevoeiro.<\/li>\n<li>O kiwi \u00e9 a ave nacional da Nova Zel\u00e2ndia, n\u00e3o voadora, que desapareceu das colinas \u00e0 volta de Wellington h\u00e1 mais de um s\u00e9culo.<\/li>\n<li>A popula\u00e7\u00e3o total de kiwis na Nova Zel\u00e2ndia est\u00e1 a aproximar-se de 70 000 indiv\u00edduos, com uma redu\u00e7\u00e3o de cerca de 2 por cento por ano.<\/li>\n<\/ul>\n","protected":false},"author":2,"featured_media":463919,"comment_status":"closed","ping_status":"closed","sticky":false,"template":"","format":"standard","meta":{"footnotes":""},"categories":[6725],"tags":[8238,8131,8463,8103,8466,8199],"class_list":["post-463918","post","type-post","status-publish","format-standard","has-post-thumbnail","hentry","category-meio-ambiente","tag-_ambiente","tag-_animais","tag-_biodiversidade","tag-_conservacao-ambiental","tag-_ecologia","tag-_natureza"],"yoast_head":"<!-- This site is optimized with the Yoast SEO plugin v27.2 - https:\/\/yoast.com\/product\/yoast-seo-wordpress\/ -->\n<title>Kiwis regressam \u00e0 capital da Nova Zel\u00e2ndia ap\u00f3s um s\u00e9culo - Portal Tela Portugal<\/title>\n<meta name=\"robots\" content=\"index, follow, max-snippet:-1, max-image-preview:large, max-video-preview:-1\" \/>\n<meta property=\"og:locale\" content=\"pt_PT\" \/>\n<meta property=\"og:type\" content=\"article\" \/>\n<meta property=\"og:title\" content=\"Kiwis regressam \u00e0 capital da Nova Zel\u00e2ndia ap\u00f3s um s\u00e9culo - Portal Tela Portugal\" \/>\n<meta property=\"og:description\" content=\"Wellington recebeu a 250.\u00aa ave de kiwi transferida no \u00e2mbito do projeto Capital Kiwi, que visa devolver a ave nacional \u00e0s colinas da cidade. O transporte ocorreu durante a noite, com sete caixas levadas em sil\u00eancio e abertas para acomodar os kiwis. Ward e outros apoiantes participaram na opera\u00e7\u00e3o, levando caixas aos pares para a colina envolta em nevoeiro. O kiwi \u00e9 a ave nacional da Nova Zel\u00e2ndia, n\u00e3o voadora, que desapareceu das colinas \u00e0 volta de Wellington h\u00e1 mais de um s\u00e9culo. A popula\u00e7\u00e3o total de kiwis na Nova Zel\u00e2ndia est\u00e1 a aproximar-se de 70 000 indiv\u00edduos, com uma redu\u00e7\u00e3o de cerca de 2 por cento por ano.\" \/>\n<meta property=\"og:url\" content=\"https:\/\/portaltela.pt\/noticias\/2026\/05\/01\/kiwis-regressam-a-capital-da-nova-zelandia-apos-um-seculo\/\" \/>\n<meta property=\"og:site_name\" content=\"Portal Tela Portugal\" \/>\n<meta property=\"article:published_time\" content=\"2026-05-01T14:17:53+00:00\" \/>\n<meta name=\"author\" content=\"Telinha\" \/>\n<meta name=\"twitter:card\" content=\"summary_large_image\" \/>\n<meta name=\"twitter:label1\" content=\"Escrito por\" \/>\n\t<meta name=\"twitter:data1\" content=\"Telinha\" \/>\n\t<meta name=\"twitter:label2\" content=\"Tempo estimado de leitura\" \/>\n\t<meta name=\"twitter:data2\" content=\"1 minuto\" \/>\n<script type=\"application\/ld+json\" class=\"yoast-schema-graph\">{\"@context\":\"https:\/\/schema.org\",\"@graph\":[{\"@type\":\"Article\",\"@id\":\"https:\/\/portaltela.pt\/noticias\/2026\/05\/01\/kiwis-regressam-a-capital-da-nova-zelandia-apos-um-seculo\/#article\",\"isPartOf\":{\"@id\":\"https:\/\/portaltela.pt\/noticias\/2026\/05\/01\/kiwis-regressam-a-capital-da-nova-zelandia-apos-um-seculo\/\"},\"author\":{\"name\":\"Telinha\",\"@id\":\"https:\/\/portaltela.pt\/#\/schema\/person\/c4278d4a6028830caff9ee44b42d32ed\"},\"headline\":\"Kiwis regressam \u00e0 capital da Nova Zel\u00e2ndia ap\u00f3s um s\u00e9culo\",\"datePublished\":\"2026-05-01T14:17:53+00:00\",\"mainEntityOfPage\":{\"@id\":\"https:\/\/portaltela.pt\/noticias\/2026\/05\/01\/kiwis-regressam-a-capital-da-nova-zelandia-apos-um-seculo\/\"},\"wordCount\":262,\"image\":{\"@id\":\"https:\/\/portaltela.pt\/noticias\/2026\/05\/01\/kiwis-regressam-a-capital-da-nova-zelandia-apos-um-seculo\/#primaryimage\"},\"thumbnailUrl\":\"https:\/\/portaltela.pt\/s.01k8rhncp4jt1\/2026\/05\/1536x864_cmsv2_926c80b5-3b37-5232-8fb0-a20f9e347fcf-9743484.jpg\",\"keywords\":[\"_ambiente\",\"_animais\",\"_biodiversidade\",\"_conserva\u00e7\u00e3o ambiental\",\"_ecologia\",\"_natureza\"],\"articleSection\":[\"Meio Ambiente\"],\"inLanguage\":\"pt-PT\"},{\"@type\":\"WebPage\",\"@id\":\"https:\/\/portaltela.pt\/noticias\/2026\/05\/01\/kiwis-regressam-a-capital-da-nova-zelandia-apos-um-seculo\/\",\"url\":\"https:\/\/portaltela.pt\/noticias\/2026\/05\/01\/kiwis-regressam-a-capital-da-nova-zelandia-apos-um-seculo\/\",\"name\":\"Kiwis regressam \u00e0 capital da Nova Zel\u00e2ndia ap\u00f3s um s\u00e9culo - Portal Tela Portugal\",\"isPartOf\":{\"@id\":\"https:\/\/portaltela.pt\/#website\"},\"primaryImageOfPage\":{\"@id\":\"https:\/\/portaltela.pt\/noticias\/2026\/05\/01\/kiwis-regressam-a-capital-da-nova-zelandia-apos-um-seculo\/#primaryimage\"},\"image\":{\"@id\":\"https:\/\/portaltela.pt\/noticias\/2026\/05\/01\/kiwis-regressam-a-capital-da-nova-zelandia-apos-um-seculo\/#primaryimage\"},\"thumbnailUrl\":\"https:\/\/portaltela.pt\/s.01k8rhncp4jt1\/2026\/05\/1536x864_cmsv2_926c80b5-3b37-5232-8fb0-a20f9e347fcf-9743484.jpg\",\"datePublished\":\"2026-05-01T14:17:53+00:00\",\"author\":{\"@id\":\"https:\/\/portaltela.pt\/#\/schema\/person\/c4278d4a6028830caff9ee44b42d32ed\"},\"breadcrumb\":{\"@id\":\"https:\/\/portaltela.pt\/noticias\/2026\/05\/01\/kiwis-regressam-a-capital-da-nova-zelandia-apos-um-seculo\/#breadcrumb\"},\"inLanguage\":\"pt-PT\",\"potentialAction\":[{\"@type\":\"ReadAction\",\"target\":[\"https:\/\/portaltela.pt\/noticias\/2026\/05\/01\/kiwis-regressam-a-capital-da-nova-zelandia-apos-um-seculo\/\"]}]},{\"@type\":\"ImageObject\",\"inLanguage\":\"pt-PT\",\"@id\":\"https:\/\/portaltela.pt\/noticias\/2026\/05\/01\/kiwis-regressam-a-capital-da-nova-zelandia-apos-um-seculo\/#primaryimage\",\"url\":\"https:\/\/portaltela.pt\/s.01k8rhncp4jt1\/2026\/05\/1536x864_cmsv2_926c80b5-3b37-5232-8fb0-a20f9e347fcf-9743484.jpg\",\"contentUrl\":\"https:\/\/portaltela.pt\/s.01k8rhncp4jt1\/2026\/05\/1536x864_cmsv2_926c80b5-3b37-5232-8fb0-a20f9e347fcf-9743484.jpg\",\"width\":796,\"height\":448,\"caption\":\"Um membro de uma organiza\u00e7\u00e3o de conserva\u00e7\u00e3o transporta um kiwi durante um evento no Parlamento, em Wellington, Nova Zel\u00e2ndia, na ter\u00e7a-feira, 28 de abril de 2026\"},{\"@type\":\"BreadcrumbList\",\"@id\":\"https:\/\/portaltela.pt\/noticias\/2026\/05\/01\/kiwis-regressam-a-capital-da-nova-zelandia-apos-um-seculo\/#breadcrumb\",\"itemListElement\":[{\"@type\":\"ListItem\",\"position\":1,\"name\":\"In\u00edcio\",\"item\":\"https:\/\/portaltela.pt\/\"},{\"@type\":\"ListItem\",\"position\":2,\"name\":\"Kiwis regressam \u00e0 capital da Nova Zel\u00e2ndia ap\u00f3s um s\u00e9culo\"}]},{\"@type\":\"WebSite\",\"@id\":\"https:\/\/portaltela.pt\/#website\",\"url\":\"https:\/\/portaltela.pt\/\",\"name\":\"Portal Tela Portugal\",\"description\":\"\",\"potentialAction\":[{\"@type\":\"SearchAction\",\"target\":{\"@type\":\"EntryPoint\",\"urlTemplate\":\"https:\/\/portaltela.pt\/?s={search_term_string}\"},\"query-input\":{\"@type\":\"PropertyValueSpecification\",\"valueRequired\":true,\"valueName\":\"search_term_string\"}}],\"inLanguage\":\"pt-PT\"},{\"@type\":\"Person\",\"@id\":\"https:\/\/portaltela.pt\/#\/schema\/person\/c4278d4a6028830caff9ee44b42d32ed\",\"name\":\"Telinha\",\"image\":{\"@type\":\"ImageObject\",\"inLanguage\":\"pt-PT\",\"@id\":\"https:\/\/portaltela.pt\/s.01k8rhncp4jt1\/2025\/11\/talking-bot-125x125.png\",\"url\":\"https:\/\/portaltela.pt\/s.01k8rhncp4jt1\/2025\/11\/talking-bot-125x125.png\",\"contentUrl\":\"https:\/\/portaltela.pt\/s.01k8rhncp4jt1\/2025\/11\/talking-bot-125x125.png\",\"caption\":\"Telinha\"},\"sameAs\":[\"https:\/\/portaltela.pt\/\"],\"url\":\"https:\/\/portaltela.pt\/por\/367410592786\/\"}]}<\/script>\n<!-- \/ Yoast SEO plugin. -->","yoast_head_json":{"title":"Kiwis regressam \u00e0 capital da Nova Zel\u00e2ndia ap\u00f3s um s\u00e9culo - Portal Tela Portugal","robots":{"index":"index","follow":"follow","max-snippet":"max-snippet:-1","max-image-preview":"max-image-preview:large","max-video-preview":"max-video-preview:-1"},"og_locale":"pt_PT","og_type":"article","og_title":"Kiwis regressam \u00e0 capital da Nova Zel\u00e2ndia ap\u00f3s um s\u00e9culo - Portal Tela Portugal","og_description":"Wellington recebeu a 250.\u00aa ave de kiwi transferida no \u00e2mbito do projeto Capital Kiwi, que visa devolver a ave nacional \u00e0s colinas da cidade. O transporte ocorreu durante a noite, com sete caixas levadas em sil\u00eancio e abertas para acomodar os kiwis. Ward e outros apoiantes participaram na opera\u00e7\u00e3o, levando caixas aos pares para a colina envolta em nevoeiro. O kiwi \u00e9 a ave nacional da Nova Zel\u00e2ndia, n\u00e3o voadora, que desapareceu das colinas \u00e0 volta de Wellington h\u00e1 mais de um s\u00e9culo. A popula\u00e7\u00e3o total de kiwis na Nova Zel\u00e2ndia est\u00e1 a aproximar-se de 70 000 indiv\u00edduos, com uma redu\u00e7\u00e3o de cerca de 2 por cento por ano.","og_url":"https:\/\/portaltela.pt\/noticias\/2026\/05\/01\/kiwis-regressam-a-capital-da-nova-zelandia-apos-um-seculo\/","og_site_name":"Portal Tela Portugal","article_published_time":"2026-05-01T14:17:53+00:00","author":"Telinha","twitter_card":"summary_large_image","twitter_misc":{"Escrito por":"Telinha","Tempo estimado de leitura":"1 minuto"},"schema":{"@context":"https:\/\/schema.org","@graph":[{"@type":"Article","@id":"https:\/\/portaltela.pt\/noticias\/2026\/05\/01\/kiwis-regressam-a-capital-da-nova-zelandia-apos-um-seculo\/#article","isPartOf":{"@id":"https:\/\/portaltela.pt\/noticias\/2026\/05\/01\/kiwis-regressam-a-capital-da-nova-zelandia-apos-um-seculo\/"},"author":{"name":"Telinha","@id":"https:\/\/portaltela.pt\/#\/schema\/person\/c4278d4a6028830caff9ee44b42d32ed"},"headline":"Kiwis regressam \u00e0 capital da Nova Zel\u00e2ndia ap\u00f3s um s\u00e9culo","datePublished":"2026-05-01T14:17:53+00:00","mainEntityOfPage":{"@id":"https:\/\/portaltela.pt\/noticias\/2026\/05\/01\/kiwis-regressam-a-capital-da-nova-zelandia-apos-um-seculo\/"},"wordCount":262,"image":{"@id":"https:\/\/portaltela.pt\/noticias\/2026\/05\/01\/kiwis-regressam-a-capital-da-nova-zelandia-apos-um-seculo\/#primaryimage"},"thumbnailUrl":"https:\/\/portaltela.pt\/s.01k8rhncp4jt1\/2026\/05\/1536x864_cmsv2_926c80b5-3b37-5232-8fb0-a20f9e347fcf-9743484.jpg","keywords":["_ambiente","_animais","_biodiversidade","_conserva\u00e7\u00e3o ambiental","_ecologia","_natureza"],"articleSection":["Meio Ambiente"],"inLanguage":"pt-PT"},{"@type":"WebPage","@id":"https:\/\/portaltela.pt\/noticias\/2026\/05\/01\/kiwis-regressam-a-capital-da-nova-zelandia-apos-um-seculo\/","url":"https:\/\/portaltela.pt\/noticias\/2026\/05\/01\/kiwis-regressam-a-capital-da-nova-zelandia-apos-um-seculo\/","name":"Kiwis regressam \u00e0 capital da Nova Zel\u00e2ndia ap\u00f3s um s\u00e9culo - Portal Tela Portugal","isPartOf":{"@id":"https:\/\/portaltela.pt\/#website"},"primaryImageOfPage":{"@id":"https:\/\/portaltela.pt\/noticias\/2026\/05\/01\/kiwis-regressam-a-capital-da-nova-zelandia-apos-um-seculo\/#primaryimage"},"image":{"@id":"https:\/\/portaltela.pt\/noticias\/2026\/05\/01\/kiwis-regressam-a-capital-da-nova-zelandia-apos-um-seculo\/#primaryimage"},"thumbnailUrl":"https:\/\/portaltela.pt\/s.01k8rhncp4jt1\/2026\/05\/1536x864_cmsv2_926c80b5-3b37-5232-8fb0-a20f9e347fcf-9743484.jpg","datePublished":"2026-05-01T14:17:53+00:00","author":{"@id":"https:\/\/portaltela.pt\/#\/schema\/person\/c4278d4a6028830caff9ee44b42d32ed"},"breadcrumb":{"@id":"https:\/\/portaltela.pt\/noticias\/2026\/05\/01\/kiwis-regressam-a-capital-da-nova-zelandia-apos-um-seculo\/#breadcrumb"},"inLanguage":"pt-PT","potentialAction":[{"@type":"ReadAction","target":["https:\/\/portaltela.pt\/noticias\/2026\/05\/01\/kiwis-regressam-a-capital-da-nova-zelandia-apos-um-seculo\/"]}]},{"@type":"ImageObject","inLanguage":"pt-PT","@id":"https:\/\/portaltela.pt\/noticias\/2026\/05\/01\/kiwis-regressam-a-capital-da-nova-zelandia-apos-um-seculo\/#primaryimage","url":"https:\/\/portaltela.pt\/s.01k8rhncp4jt1\/2026\/05\/1536x864_cmsv2_926c80b5-3b37-5232-8fb0-a20f9e347fcf-9743484.jpg","contentUrl":"https:\/\/portaltela.pt\/s.01k8rhncp4jt1\/2026\/05\/1536x864_cmsv2_926c80b5-3b37-5232-8fb0-a20f9e347fcf-9743484.jpg","width":796,"height":448,"caption":"Um membro de uma organiza\u00e7\u00e3o de conserva\u00e7\u00e3o transporta um kiwi durante um evento no Parlamento, em Wellington, Nova Zel\u00e2ndia, na ter\u00e7a-feira, 28 de abril de 2026"},{"@type":"BreadcrumbList","@id":"https:\/\/portaltela.pt\/noticias\/2026\/05\/01\/kiwis-regressam-a-capital-da-nova-zelandia-apos-um-seculo\/#breadcrumb","itemListElement":[{"@type":"ListItem","position":1,"name":"In\u00edcio","item":"https:\/\/portaltela.pt\/"},{"@type":"ListItem","position":2,"name":"Kiwis regressam \u00e0 capital da Nova Zel\u00e2ndia ap\u00f3s um s\u00e9culo"}]},{"@type":"WebSite","@id":"https:\/\/portaltela.pt\/#website","url":"https:\/\/portaltela.pt\/","name":"Portal Tela Portugal","description":"","potentialAction":[{"@type":"SearchAction","target":{"@type":"EntryPoint","urlTemplate":"https:\/\/portaltela.pt\/?s={search_term_string}"},"query-input":{"@type":"PropertyValueSpecification","valueRequired":true,"valueName":"search_term_string"}}],"inLanguage":"pt-PT"},{"@type":"Person","@id":"https:\/\/portaltela.pt\/#\/schema\/person\/c4278d4a6028830caff9ee44b42d32ed","name":"Telinha","image":{"@type":"ImageObject","inLanguage":"pt-PT","@id":"https:\/\/portaltela.pt\/s.01k8rhncp4jt1\/2025\/11\/talking-bot-125x125.png","url":"https:\/\/portaltela.pt\/s.01k8rhncp4jt1\/2025\/11\/talking-bot-125x125.png","contentUrl":"https:\/\/portaltela.pt\/s.01k8rhncp4jt1\/2025\/11\/talking-bot-125x125.png","caption":"Telinha"},"sameAs":["https:\/\/portaltela.pt\/"],"url":"https:\/\/portaltela.pt\/por\/367410592786\/"}]}},"_links":{"self":[{"href":"https:\/\/portaltela.pt\/api\/wp\/v2\/posts\/463918","targetHints":{"allow":["GET"]}}],"collection":[{"href":"https:\/\/portaltela.pt\/api\/wp\/v2\/posts"}],"about":[{"href":"https:\/\/portaltela.pt\/api\/wp\/v2\/types\/post"}],"author":[{"embeddable":true,"href":"https:\/\/portaltela.pt\/api\/wp\/v2\/users\/2"}],"replies":[{"embeddable":true,"href":"https:\/\/portaltela.pt\/api\/wp\/v2\/comments?post=463918"}],"version-history":[{"count":0,"href":"https:\/\/portaltela.pt\/api\/wp\/v2\/posts\/463918\/revisions"}],"wp:featuredmedia":[{"embeddable":true,"href":"https:\/\/portaltela.pt\/api\/wp\/v2\/media\/463919"}],"wp:attachment":[{"href":"https:\/\/portaltela.pt\/api\/wp\/v2\/media?parent=463918"}],"wp:term":[{"taxonomy":"category","embeddable":true,"href":"https:\/\/portaltela.pt\/api\/wp\/v2\/categories?post=463918"},{"taxonomy":"post_tag","embeddable":true,"href":"https:\/\/portaltela.pt\/api\/wp\/v2\/tags?post=463918"}],"curies":[{"name":"wp","href":"https:\/\/api.w.org\/{rel}","templated":true}]}}