{"id":463898,"date":"2026-05-01T11:02:00","date_gmt":"2026-05-01T14:02:00","guid":{"rendered":"https:\/\/portaltela.pt\/noticias\/2026\/05\/01\/festa-do-caracas-com-alvarinho-e-doces-anima-o-fim-de-semana\/"},"modified":"2026-05-01T11:02:00","modified_gmt":"2026-05-01T14:02:00","slug":"festa-do-caracas-com-alvarinho-e-doces-anima-o-fim-de-semana","status":"publish","type":"post","link":"https:\/\/portaltela.pt\/lazer\/2026\/05\/01\/festa-do-caracas-com-alvarinho-e-doces-anima-o-fim-de-semana\/","title":{"rendered":"Festa do Cara\u00e7as com Alvarinho e doces anima o fim de semana"},"content":{"rendered":"<p>O fim de semana passado em Portugal chega carregado de eventos culturais e festivais, com v\u00e1rias cidades a distribuir atividades para p\u00fablicos de v\u00e1rias idades. Entre m\u00fasica, gastronomia e cultura tradicional, os programas decorrem em diferentes hor\u00e1rios e locais. Destaca-se a diversidade de escolhas, desde festas de rua at\u00e9 mostras de arte e literatura.<\/p>\n<p>Em Torres Vedras, a agenda de 30 de abril a 3 de maio inclui uma Festa do Cara\u00e7as com alvarinho e do\u00e7aria em v\u00e1rios espa\u00e7os da cidade. O programa abrange corsos, bailes, anima\u00e7\u00e3o com DJ e atividades infantis, bem como arruadas e arte urbana. Os bilhetes variam entre 9\u20ac por dia e 16\u20ac para passe.<\/p>\n<h3>Festa do Cara\u00e7as<\/h3>\n<p>Torres Vedras recebe dezenas de propostas ao longo de quatro dias, com palcos distribu\u00eddos pela cidade. O objetivo \u00e9 manter a anima\u00e7\u00e3o mesmo ap\u00f3s o cancelamento de eventos em fevereiro devido \u00e0s tempestades. O cartaz inclui grupos de percuss\u00e3o, cabe\u00e7udos e roda de samba.<\/p>\n<h3>Melga\u00e7o celebra o Alvarinho<\/h3>\n<p>De 1 a 3 de maio, Melga\u00e7o muda o palco para o Centro de Est\u00e1gios, promovendo a 32.\u00aa edi\u00e7\u00e3o da Festa do Alvarinho e do Fumeiro. O lema \u00e9 Origem, Tradi\u00e7\u00e3o e Territ\u00f3rio. H\u00e1 provas de vinho, tasquinhas, concursos e anima\u00e7\u00e3o desportiva.<\/p>\n<h3>Braga e Penafiel tamb\u00e9m h\u00e1 muito para ver<\/h3>\n<p>Em Braga, o GNRation recebe o Open Day da GNRation no dia 2 de maio, com concertos e instala\u00e7\u00f5es, incluindo o workshop Esta\u00e7\u00e3o de Experimenta\u00e7\u00e3o. O programa destaca nomes nacionais e internacionais.<\/p>\n<h3>Festa de Flores e Sabores em Penafiel<\/h3>\n<p>Penafiel recebe o evento Flowers &amp; Flavors de 1 a 3 de maio no Centro Hist\u00f3rico, com artesanato, do\u00e7aria tradicional, exposi\u00e7\u00f5es de ve\u00edculos cl\u00e1ssicos e um Festival de Street Food no Campo da Feira. A entrada \u00e9 livre.<\/p>\n<h3>Lisboa: Veneno em cena<\/h3>\n<p>Em Lisboa, a pe\u00e7a Veneno &#8211; Hist\u00f3ria de Um Casamento est\u00e1 em cartaz no Teatro Aberto at\u00e9 3 de maio. A encena\u00e7\u00e3o envolve Carla Maciel e Gon\u00e7alo Waddington, com texto de Lot Vekemans revisitado por Vera San Payo de Lemos e Jo\u00e3o Louren\u00e7o.<\/p>\n<h3>Porto: 1.\u00ba Sal\u00e3o do Livro Antigo<\/h3>\n<p>O Porto acolhe o 1.\u00ba Sal\u00e3o do Livro Antigo na Funda\u00e7\u00e3o Manuel Ant\u00f3nio da Mota, Mercado do Bom Sucesso, de 1 a 3 de maio. O evento re\u00fane livreiros, com exposi\u00e7\u00f5es, conversas e um leil\u00e3o de cerca de 100 obras selecionadas.<\/p>\n<h3>Do\u00e7aria conventual em Portalegre<\/h3>\n<p>A XXIV Feira de Do\u00e7aria Conventual abre no Mosteiro de S\u00e3o Bernardo, em Portalegre, de 1 a 3 de maio. O programa inclui 40 expositores, concursos, anima\u00e7\u00e3o musical e workshops dedicados a doces tradicionais.<\/p>\n<p>A programa\u00e7\u00e3o deste fim de semana demonstra a diversidade cultural dispon\u00edvel em Portugal, com eventos que v\u00e3o desde festivais de rua e gastronomia at\u00e9 teatro e literatura. As agendas variam conforme o local e o hor\u00e1rio, por isso recomenda-se confirmar detalhes junto dos promotores oficiais.<\/p>\n","protected":false},"excerpt":{"rendered":"<ul>\n<li>Torres Vedras: Uma Festa do Cara\u00e7as ocorre em v\u00e1rios locais de 30\/4 a 3\/5, com hor\u00e1rios variados e ingressos de 9\u20ac (dia) ou 16\u20ac (passe).<\/li>\n<li>Melga\u00e7o: Festa do Alvarinho e do Fumeiro decorre de 1\/5 a 3\/5 no Centro de Est\u00e1gios, com entrada livre e copo de prova a 3,50\u20ac, mudan\u00e7a do palco principal para o Centro de Est\u00e1gios.<\/li>\n<li>Braga: GNRation Open Day no dia 2\/5, das 10h \u00e0s 3h, entrada livre, com concertos, instala\u00e7\u00f5es e workshop Esta\u00e7\u00e3o de Experimenta\u00e7\u00e3o.<\/li>\n<li>Penafiel: Flores &amp; Sabores acontece no centro hist\u00f3rico de 1\/5 a 3\/5, com entrada livre e v\u00e1rias atividades, incluindo artesanato, do\u00e7aria tradicional e festival de street food.<\/li>\n<li>Porto: 1.\u00ba Sal\u00e3o do Livro Antigo ocorre no Mercado do Bom Sucesso de 1\/5 a 3\/5, com entrada livre e leil\u00e3o de cerca de uma centena de obras entre livreiros e especialistas.<\/li>\n<\/ul>\n","protected":false},"author":2,"featured_media":463905,"comment_status":"closed","ping_status":"closed","sticky":false,"template":"","format":"standard","meta":{"footnotes":""},"categories":[7375,7381],"tags":[4919,219,981,1993,1075,982],"class_list":["post-463898","post","type-post","status-publish","format-standard","has-post-thumbnail","hentry","category-cultura","category-lazer","tag-festas","tag-gastronomia","tag-lisboa","tag-penafiel","tag-portalegre","tag-porto"],"yoast_head":"<!-- This site is optimized with the Yoast SEO plugin v27.2 - https:\/\/yoast.com\/product\/yoast-seo-wordpress\/ -->\n<title>Festa do Cara\u00e7as com Alvarinho e doces anima o fim de semana - Portal Tela Portugal<\/title>\n<meta name=\"robots\" content=\"index, follow, max-snippet:-1, max-image-preview:large, max-video-preview:-1\" \/>\n<meta property=\"og:locale\" content=\"pt_PT\" \/>\n<meta property=\"og:type\" content=\"article\" \/>\n<meta property=\"og:title\" content=\"Festa do Cara\u00e7as com Alvarinho e doces anima o fim de semana - Portal Tela Portugal\" \/>\n<meta property=\"og:description\" content=\"Torres Vedras: Uma Festa do Cara\u00e7as ocorre em v\u00e1rios locais de 30\/4 a 3\/5, com hor\u00e1rios variados e ingressos de 9\u20ac (dia) ou 16\u20ac (passe). Melga\u00e7o: Festa do Alvarinho e do Fumeiro decorre de 1\/5 a 3\/5 no Centro de Est\u00e1gios, com entrada livre e copo de prova a 3,50\u20ac, mudan\u00e7a do palco principal para o Centro de Est\u00e1gios. Braga: GNRation Open Day no dia 2\/5, das 10h \u00e0s 3h, entrada livre, com concertos, instala\u00e7\u00f5es e workshop Esta\u00e7\u00e3o de Experimenta\u00e7\u00e3o. Penafiel: Flores &amp; Sabores acontece no centro hist\u00f3rico de 1\/5 a 3\/5, com entrada livre e v\u00e1rias atividades, incluindo artesanato, do\u00e7aria tradicional e festival de street food. Porto: 1.\u00ba Sal\u00e3o do Livro Antigo ocorre no Mercado do Bom Sucesso de 1\/5 a 3\/5, com entrada livre e leil\u00e3o de cerca de uma centena de obras entre livreiros e especialistas.\" \/>\n<meta property=\"og:url\" content=\"https:\/\/portaltela.pt\/noticias\/2026\/05\/01\/festa-do-caracas-com-alvarinho-e-doces-anima-o-fim-de-semana\/\" \/>\n<meta property=\"og:site_name\" content=\"Portal Tela Portugal\" \/>\n<meta property=\"article:published_time\" content=\"2026-05-01T14:02:00+00:00\" \/>\n<meta name=\"author\" content=\"Telinha\" \/>\n<meta name=\"twitter:card\" content=\"summary_large_image\" \/>\n<meta name=\"twitter:label1\" content=\"Escrito por\" \/>\n\t<meta name=\"twitter:data1\" content=\"Telinha\" \/>\n\t<meta name=\"twitter:label2\" content=\"Tempo estimado de leitura\" \/>\n\t<meta name=\"twitter:data2\" content=\"2 minutos\" \/>\n<script type=\"application\/ld+json\" class=\"yoast-schema-graph\">{\"@context\":\"https:\/\/schema.org\",\"@graph\":[{\"@type\":\"Article\",\"@id\":\"https:\/\/portaltela.pt\/noticias\/2026\/05\/01\/festa-do-caracas-com-alvarinho-e-doces-anima-o-fim-de-semana\/#article\",\"isPartOf\":{\"@id\":\"https:\/\/portaltela.pt\/noticias\/2026\/05\/01\/festa-do-caracas-com-alvarinho-e-doces-anima-o-fim-de-semana\/\"},\"author\":{\"name\":\"Telinha\",\"@id\":\"https:\/\/portaltela.pt\/#\/schema\/person\/c4278d4a6028830caff9ee44b42d32ed\"},\"headline\":\"Festa do Cara\u00e7as com Alvarinho e doces anima o fim de semana\",\"datePublished\":\"2026-05-01T14:02:00+00:00\",\"mainEntityOfPage\":{\"@id\":\"https:\/\/portaltela.pt\/noticias\/2026\/05\/01\/festa-do-caracas-com-alvarinho-e-doces-anima-o-fim-de-semana\/\"},\"wordCount\":508,\"image\":{\"@id\":\"https:\/\/portaltela.pt\/noticias\/2026\/05\/01\/festa-do-caracas-com-alvarinho-e-doces-anima-o-fim-de-semana\/#primaryimage\"},\"thumbnailUrl\":\"https:\/\/portaltela.pt\/s.01k8rhncp4jt1\/2026\/05\/2085292.jpg\",\"keywords\":[\"festas\",\"gastronomia\",\"Lisboa\",\"Penafiel\",\"Portalegre\",\"Porto\"],\"articleSection\":[\"Cultura\",\"Lazer\"],\"inLanguage\":\"pt-PT\"},{\"@type\":\"WebPage\",\"@id\":\"https:\/\/portaltela.pt\/noticias\/2026\/05\/01\/festa-do-caracas-com-alvarinho-e-doces-anima-o-fim-de-semana\/\",\"url\":\"https:\/\/portaltela.pt\/noticias\/2026\/05\/01\/festa-do-caracas-com-alvarinho-e-doces-anima-o-fim-de-semana\/\",\"name\":\"Festa do Cara\u00e7as com Alvarinho e doces anima o fim de semana - Portal Tela Portugal\",\"isPartOf\":{\"@id\":\"https:\/\/portaltela.pt\/#website\"},\"primaryImageOfPage\":{\"@id\":\"https:\/\/portaltela.pt\/noticias\/2026\/05\/01\/festa-do-caracas-com-alvarinho-e-doces-anima-o-fim-de-semana\/#primaryimage\"},\"image\":{\"@id\":\"https:\/\/portaltela.pt\/noticias\/2026\/05\/01\/festa-do-caracas-com-alvarinho-e-doces-anima-o-fim-de-semana\/#primaryimage\"},\"thumbnailUrl\":\"https:\/\/portaltela.pt\/s.01k8rhncp4jt1\/2026\/05\/2085292.jpg\",\"datePublished\":\"2026-05-01T14:02:00+00:00\",\"author\":{\"@id\":\"https:\/\/portaltela.pt\/#\/schema\/person\/c4278d4a6028830caff9ee44b42d32ed\"},\"breadcrumb\":{\"@id\":\"https:\/\/portaltela.pt\/noticias\/2026\/05\/01\/festa-do-caracas-com-alvarinho-e-doces-anima-o-fim-de-semana\/#breadcrumb\"},\"inLanguage\":\"pt-PT\",\"potentialAction\":[{\"@type\":\"ReadAction\",\"target\":[\"https:\/\/portaltela.pt\/noticias\/2026\/05\/01\/festa-do-caracas-com-alvarinho-e-doces-anima-o-fim-de-semana\/\"]}]},{\"@type\":\"ImageObject\",\"inLanguage\":\"pt-PT\",\"@id\":\"https:\/\/portaltela.pt\/noticias\/2026\/05\/01\/festa-do-caracas-com-alvarinho-e-doces-anima-o-fim-de-semana\/#primaryimage\",\"url\":\"https:\/\/portaltela.pt\/s.01k8rhncp4jt1\/2026\/05\/2085292.jpg\",\"contentUrl\":\"https:\/\/portaltela.pt\/s.01k8rhncp4jt1\/2026\/05\/2085292.jpg\",\"width\":796,\"height\":448,\"caption\":\"Em Torres vedras, \u201cN\u00e3o \u00e9 Carnaval\u2026 mas tem Carnaval!\u201d\"},{\"@type\":\"BreadcrumbList\",\"@id\":\"https:\/\/portaltela.pt\/noticias\/2026\/05\/01\/festa-do-caracas-com-alvarinho-e-doces-anima-o-fim-de-semana\/#breadcrumb\",\"itemListElement\":[{\"@type\":\"ListItem\",\"position\":1,\"name\":\"In\u00edcio\",\"item\":\"https:\/\/portaltela.pt\/\"},{\"@type\":\"ListItem\",\"position\":2,\"name\":\"Festa do Cara\u00e7as com Alvarinho e doces anima o fim de semana\"}]},{\"@type\":\"WebSite\",\"@id\":\"https:\/\/portaltela.pt\/#website\",\"url\":\"https:\/\/portaltela.pt\/\",\"name\":\"Portal Tela Portugal\",\"description\":\"\",\"potentialAction\":[{\"@type\":\"SearchAction\",\"target\":{\"@type\":\"EntryPoint\",\"urlTemplate\":\"https:\/\/portaltela.pt\/?s={search_term_string}\"},\"query-input\":{\"@type\":\"PropertyValueSpecification\",\"valueRequired\":true,\"valueName\":\"search_term_string\"}}],\"inLanguage\":\"pt-PT\"},{\"@type\":\"Person\",\"@id\":\"https:\/\/portaltela.pt\/#\/schema\/person\/c4278d4a6028830caff9ee44b42d32ed\",\"name\":\"Telinha\",\"image\":{\"@type\":\"ImageObject\",\"inLanguage\":\"pt-PT\",\"@id\":\"https:\/\/portaltela.pt\/s.01k8rhncp4jt1\/2025\/11\/talking-bot-125x125.png\",\"url\":\"https:\/\/portaltela.pt\/s.01k8rhncp4jt1\/2025\/11\/talking-bot-125x125.png\",\"contentUrl\":\"https:\/\/portaltela.pt\/s.01k8rhncp4jt1\/2025\/11\/talking-bot-125x125.png\",\"caption\":\"Telinha\"},\"sameAs\":[\"https:\/\/portaltela.pt\/\"],\"url\":\"https:\/\/portaltela.pt\/por\/367410592786\/\"}]}<\/script>\n<!-- \/ Yoast SEO plugin. -->","yoast_head_json":{"title":"Festa do Cara\u00e7as com Alvarinho e doces anima o fim de semana - Portal Tela Portugal","robots":{"index":"index","follow":"follow","max-snippet":"max-snippet:-1","max-image-preview":"max-image-preview:large","max-video-preview":"max-video-preview:-1"},"og_locale":"pt_PT","og_type":"article","og_title":"Festa do Cara\u00e7as com Alvarinho e doces anima o fim de semana - Portal Tela Portugal","og_description":"Torres Vedras: Uma Festa do Cara\u00e7as ocorre em v\u00e1rios locais de 30\/4 a 3\/5, com hor\u00e1rios variados e ingressos de 9\u20ac (dia) ou 16\u20ac (passe). Melga\u00e7o: Festa do Alvarinho e do Fumeiro decorre de 1\/5 a 3\/5 no Centro de Est\u00e1gios, com entrada livre e copo de prova a 3,50\u20ac, mudan\u00e7a do palco principal para o Centro de Est\u00e1gios. Braga: GNRation Open Day no dia 2\/5, das 10h \u00e0s 3h, entrada livre, com concertos, instala\u00e7\u00f5es e workshop Esta\u00e7\u00e3o de Experimenta\u00e7\u00e3o. Penafiel: Flores &amp; Sabores acontece no centro hist\u00f3rico de 1\/5 a 3\/5, com entrada livre e v\u00e1rias atividades, incluindo artesanato, do\u00e7aria tradicional e festival de street food. Porto: 1.\u00ba Sal\u00e3o do Livro Antigo ocorre no Mercado do Bom Sucesso de 1\/5 a 3\/5, com entrada livre e leil\u00e3o de cerca de uma centena de obras entre livreiros e especialistas.","og_url":"https:\/\/portaltela.pt\/noticias\/2026\/05\/01\/festa-do-caracas-com-alvarinho-e-doces-anima-o-fim-de-semana\/","og_site_name":"Portal Tela Portugal","article_published_time":"2026-05-01T14:02:00+00:00","author":"Telinha","twitter_card":"summary_large_image","twitter_misc":{"Escrito por":"Telinha","Tempo estimado de leitura":"2 minutos"},"schema":{"@context":"https:\/\/schema.org","@graph":[{"@type":"Article","@id":"https:\/\/portaltela.pt\/noticias\/2026\/05\/01\/festa-do-caracas-com-alvarinho-e-doces-anima-o-fim-de-semana\/#article","isPartOf":{"@id":"https:\/\/portaltela.pt\/noticias\/2026\/05\/01\/festa-do-caracas-com-alvarinho-e-doces-anima-o-fim-de-semana\/"},"author":{"name":"Telinha","@id":"https:\/\/portaltela.pt\/#\/schema\/person\/c4278d4a6028830caff9ee44b42d32ed"},"headline":"Festa do Cara\u00e7as com Alvarinho e doces anima o fim de semana","datePublished":"2026-05-01T14:02:00+00:00","mainEntityOfPage":{"@id":"https:\/\/portaltela.pt\/noticias\/2026\/05\/01\/festa-do-caracas-com-alvarinho-e-doces-anima-o-fim-de-semana\/"},"wordCount":508,"image":{"@id":"https:\/\/portaltela.pt\/noticias\/2026\/05\/01\/festa-do-caracas-com-alvarinho-e-doces-anima-o-fim-de-semana\/#primaryimage"},"thumbnailUrl":"https:\/\/portaltela.pt\/s.01k8rhncp4jt1\/2026\/05\/2085292.jpg","keywords":["festas","gastronomia","Lisboa","Penafiel","Portalegre","Porto"],"articleSection":["Cultura","Lazer"],"inLanguage":"pt-PT"},{"@type":"WebPage","@id":"https:\/\/portaltela.pt\/noticias\/2026\/05\/01\/festa-do-caracas-com-alvarinho-e-doces-anima-o-fim-de-semana\/","url":"https:\/\/portaltela.pt\/noticias\/2026\/05\/01\/festa-do-caracas-com-alvarinho-e-doces-anima-o-fim-de-semana\/","name":"Festa do Cara\u00e7as com Alvarinho e doces anima o fim de semana - Portal Tela Portugal","isPartOf":{"@id":"https:\/\/portaltela.pt\/#website"},"primaryImageOfPage":{"@id":"https:\/\/portaltela.pt\/noticias\/2026\/05\/01\/festa-do-caracas-com-alvarinho-e-doces-anima-o-fim-de-semana\/#primaryimage"},"image":{"@id":"https:\/\/portaltela.pt\/noticias\/2026\/05\/01\/festa-do-caracas-com-alvarinho-e-doces-anima-o-fim-de-semana\/#primaryimage"},"thumbnailUrl":"https:\/\/portaltela.pt\/s.01k8rhncp4jt1\/2026\/05\/2085292.jpg","datePublished":"2026-05-01T14:02:00+00:00","author":{"@id":"https:\/\/portaltela.pt\/#\/schema\/person\/c4278d4a6028830caff9ee44b42d32ed"},"breadcrumb":{"@id":"https:\/\/portaltela.pt\/noticias\/2026\/05\/01\/festa-do-caracas-com-alvarinho-e-doces-anima-o-fim-de-semana\/#breadcrumb"},"inLanguage":"pt-PT","potentialAction":[{"@type":"ReadAction","target":["https:\/\/portaltela.pt\/noticias\/2026\/05\/01\/festa-do-caracas-com-alvarinho-e-doces-anima-o-fim-de-semana\/"]}]},{"@type":"ImageObject","inLanguage":"pt-PT","@id":"https:\/\/portaltela.pt\/noticias\/2026\/05\/01\/festa-do-caracas-com-alvarinho-e-doces-anima-o-fim-de-semana\/#primaryimage","url":"https:\/\/portaltela.pt\/s.01k8rhncp4jt1\/2026\/05\/2085292.jpg","contentUrl":"https:\/\/portaltela.pt\/s.01k8rhncp4jt1\/2026\/05\/2085292.jpg","width":796,"height":448,"caption":"Em Torres vedras, \u201cN\u00e3o \u00e9 Carnaval\u2026 mas tem Carnaval!\u201d"},{"@type":"BreadcrumbList","@id":"https:\/\/portaltela.pt\/noticias\/2026\/05\/01\/festa-do-caracas-com-alvarinho-e-doces-anima-o-fim-de-semana\/#breadcrumb","itemListElement":[{"@type":"ListItem","position":1,"name":"In\u00edcio","item":"https:\/\/portaltela.pt\/"},{"@type":"ListItem","position":2,"name":"Festa do Cara\u00e7as com Alvarinho e doces anima o fim de semana"}]},{"@type":"WebSite","@id":"https:\/\/portaltela.pt\/#website","url":"https:\/\/portaltela.pt\/","name":"Portal Tela Portugal","description":"","potentialAction":[{"@type":"SearchAction","target":{"@type":"EntryPoint","urlTemplate":"https:\/\/portaltela.pt\/?s={search_term_string}"},"query-input":{"@type":"PropertyValueSpecification","valueRequired":true,"valueName":"search_term_string"}}],"inLanguage":"pt-PT"},{"@type":"Person","@id":"https:\/\/portaltela.pt\/#\/schema\/person\/c4278d4a6028830caff9ee44b42d32ed","name":"Telinha","image":{"@type":"ImageObject","inLanguage":"pt-PT","@id":"https:\/\/portaltela.pt\/s.01k8rhncp4jt1\/2025\/11\/talking-bot-125x125.png","url":"https:\/\/portaltela.pt\/s.01k8rhncp4jt1\/2025\/11\/talking-bot-125x125.png","contentUrl":"https:\/\/portaltela.pt\/s.01k8rhncp4jt1\/2025\/11\/talking-bot-125x125.png","caption":"Telinha"},"sameAs":["https:\/\/portaltela.pt\/"],"url":"https:\/\/portaltela.pt\/por\/367410592786\/"}]}},"_links":{"self":[{"href":"https:\/\/portaltela.pt\/api\/wp\/v2\/posts\/463898","targetHints":{"allow":["GET"]}}],"collection":[{"href":"https:\/\/portaltela.pt\/api\/wp\/v2\/posts"}],"about":[{"href":"https:\/\/portaltela.pt\/api\/wp\/v2\/types\/post"}],"author":[{"embeddable":true,"href":"https:\/\/portaltela.pt\/api\/wp\/v2\/users\/2"}],"replies":[{"embeddable":true,"href":"https:\/\/portaltela.pt\/api\/wp\/v2\/comments?post=463898"}],"version-history":[{"count":0,"href":"https:\/\/portaltela.pt\/api\/wp\/v2\/posts\/463898\/revisions"}],"wp:featuredmedia":[{"embeddable":true,"href":"https:\/\/portaltela.pt\/api\/wp\/v2\/media\/463905"}],"wp:attachment":[{"href":"https:\/\/portaltela.pt\/api\/wp\/v2\/media?parent=463898"}],"wp:term":[{"taxonomy":"category","embeddable":true,"href":"https:\/\/portaltela.pt\/api\/wp\/v2\/categories?post=463898"},{"taxonomy":"post_tag","embeddable":true,"href":"https:\/\/portaltela.pt\/api\/wp\/v2\/tags?post=463898"}],"curies":[{"name":"wp","href":"https:\/\/api.w.org\/{rel}","templated":true}]}}