{"id":463893,"date":"2026-05-01T09:17:00","date_gmt":"2026-05-01T12:17:00","guid":{"rendered":"https:\/\/portaltela.pt\/noticias\/2026\/05\/01\/tubarao-espancado-ate-a-morte-nos-acores-ong-denuncia-ao-ministerio-publico\/"},"modified":"2026-05-01T09:17:00","modified_gmt":"2026-05-01T12:17:00","slug":"tubarao-espancado-ate-a-morte-nos-acores-ong-denuncia-ao-ministerio-publico","status":"publish","type":"post","link":"https:\/\/portaltela.pt\/meio-ambiente\/2026\/05\/01\/tubarao-espancado-ate-a-morte-nos-acores-ong-denuncia-ao-ministerio-publico\/","title":{"rendered":"Tubar\u00e3o espancado at\u00e9 \u00e0 morte nos A\u00e7ores: ONG denuncia ao Minist\u00e9rio P\u00fablico"},"content":{"rendered":"<p>O grupo Animal anunciou ao Minist\u00e9rio P\u00fablico a morte de um tubar\u00e3o-mako com cerca de tr\u00eas metros no porto de Rabo de Peixe, na ilha de S\u00e3o Miguel, A\u00e7ores. A institui\u00e7\u00e3o afirma ter tomado conhecimento do caso por imagens que mostram o animal a ser espancado at\u00e9 \u00e0 morte e a ser removido da \u00e1gua.<\/p>\n<p>A ONG enviou, na sequ\u00eancia, of\u00edcios \u00e0 GNR, \u00e0 Secretaria Regional do Mar e das Pescas, \u00e0 Inspe\u00e7\u00e3o Regional das Pescas e \u00e0 C\u00e2mara Municipal da Ribeira Grande. O objetivo \u00e9 o apuramento rigoroso dos factos, a identifica\u00e7\u00e3o dos respons\u00e1veis e a responsabiliza\u00e7\u00e3o correspondente.<\/p>\n<p>O Animal tamb\u00e9m reportou o caso ao Minist\u00e9rio P\u00fablico e assegura acompanhar o processo, esperando que a gravidade dos factos tenha consequ\u00eancias legais efetivas. O PAN\/A\u00e7ores j\u00e1 tinha manifestado rep\u00fadio pela viol\u00eancia associada \u00e0 morte do tubar\u00e3o, referindo que o v\u00eddeo foi difundido em direto.<\/p>\n<h3>Esp\u00e9cie em perigo de extin\u00e7\u00e3o<\/h3>\n<p>A for\u00e7a pol\u00edtica salientou que o v\u00eddeo, difundido atrav\u00e9s das redes sociais, mostraaminar crian\u00e7as presentes no momento do acontecimento. Indica ainda que podem estar em causa infra\u00e7\u00f5es administrativas e, potencialmente, crimes, dado o tubar\u00e3o estar classificado pela IUCN como esp\u00e9cie em perigo de extin\u00e7\u00e3o. A nota refor\u00e7a a necessidade de empatia para com a vida marinha e da atua\u00e7\u00e3o das autoridades competentes.<\/p>\n","protected":false},"excerpt":{"rendered":"<ul>\n<li>A ONG Animal apresentou ao Minist\u00e9rio P\u00fablico a morte de um tubar\u00e3o-mako, de cerca de tr\u00eas metros, no porto de Rabo de Peixe, A\u00e7ores, ap\u00f3s ser espancado, conforme imagens partilhadas online.<\/li>\n<li>A organiza\u00e7\u00e3o enviou of\u00edcios \u00e0 Guarda Nacional Republicana (GNR), \u00e0 Secretaria Regional do Mar e das Pescas, \u00e0 Inspec\u00e7\u00e3o Regional das Pescas e \u00e0 C\u00e2mara Municipal da Ribeira Grande, exigindo o apuramento rigoroso dos factos e a responsabiliza\u00e7\u00e3o dos aludidos.<\/li>\n<li>A Animal tamb\u00e9m acompanha o caso e espera consequ\u00eancias legais efetivas para os respons\u00e1veis.<\/li>\n<li>O PAN\/A\u00e7ores denunciou o caso, tendo referido que o v\u00eddeo, transmitido em direto nas redes sociais, mostra crian\u00e7as a assistir \u00e0 viol\u00eancia.<\/li>\n<li>A for\u00e7a pol\u00edtica sublinha a gravidade dos factos, dado que a esp\u00e9cie est\u00e1 classificada como em perigo de extin\u00e7\u00e3o na lista vermelha da IUCN.<\/li>\n<\/ul>\n","protected":false},"author":2,"featured_media":463899,"comment_status":"closed","ping_status":"closed","sticky":false,"template":"","format":"standard","meta":{"footnotes":""},"categories":[6725],"tags":[8118,8238,8131,10113,8485,8593],"class_list":["post-463893","post","type-post","status-publish","format-standard","has-post-thumbnail","hentry","category-meio-ambiente","tag-_acores","tag-_ambiente","tag-_animais","tag-_especie-em-perigo","tag-_maus-tratos","tag-_maus-tratos-a-animais"],"yoast_head":"<!-- This site is optimized with the Yoast SEO plugin v27.2 - https:\/\/yoast.com\/product\/yoast-seo-wordpress\/ -->\n<title>Tubar\u00e3o espancado at\u00e9 \u00e0 morte nos A\u00e7ores: ONG denuncia ao Minist\u00e9rio P\u00fablico - Portal Tela Portugal<\/title>\n<meta name=\"robots\" content=\"index, follow, max-snippet:-1, max-image-preview:large, max-video-preview:-1\" \/>\n<meta property=\"og:locale\" content=\"pt_PT\" \/>\n<meta property=\"og:type\" content=\"article\" \/>\n<meta property=\"og:title\" content=\"Tubar\u00e3o espancado at\u00e9 \u00e0 morte nos A\u00e7ores: ONG denuncia ao Minist\u00e9rio P\u00fablico - Portal Tela Portugal\" \/>\n<meta property=\"og:description\" content=\"A ONG Animal apresentou ao Minist\u00e9rio P\u00fablico a morte de um tubar\u00e3o-mako, de cerca de tr\u00eas metros, no porto de Rabo de Peixe, A\u00e7ores, ap\u00f3s ser espancado, conforme imagens partilhadas online. A organiza\u00e7\u00e3o enviou of\u00edcios \u00e0 Guarda Nacional Republicana (GNR), \u00e0 Secretaria Regional do Mar e das Pescas, \u00e0 Inspec\u00e7\u00e3o Regional das Pescas e \u00e0 C\u00e2mara Municipal da Ribeira Grande, exigindo o apuramento rigoroso dos factos e a responsabiliza\u00e7\u00e3o dos aludidos. A Animal tamb\u00e9m acompanha o caso e espera consequ\u00eancias legais efetivas para os respons\u00e1veis. O PAN\/A\u00e7ores denunciou o caso, tendo referido que o v\u00eddeo, transmitido em direto nas redes sociais, mostra crian\u00e7as a assistir \u00e0 viol\u00eancia. A for\u00e7a pol\u00edtica sublinha a gravidade dos factos, dado que a esp\u00e9cie est\u00e1 classificada como em perigo de extin\u00e7\u00e3o na lista vermelha da IUCN.\" \/>\n<meta property=\"og:url\" content=\"https:\/\/portaltela.pt\/noticias\/2026\/05\/01\/tubarao-espancado-ate-a-morte-nos-acores-ong-denuncia-ao-ministerio-publico\/\" \/>\n<meta property=\"og:site_name\" content=\"Portal Tela Portugal\" \/>\n<meta property=\"article:published_time\" content=\"2026-05-01T12:17:00+00:00\" \/>\n<meta name=\"author\" content=\"Telinha\" \/>\n<meta name=\"twitter:card\" content=\"summary_large_image\" \/>\n<meta name=\"twitter:label1\" content=\"Escrito por\" \/>\n\t<meta name=\"twitter:data1\" content=\"Telinha\" \/>\n\t<meta name=\"twitter:label2\" content=\"Tempo estimado de leitura\" \/>\n\t<meta name=\"twitter:data2\" content=\"1 minuto\" \/>\n<script type=\"application\/ld+json\" class=\"yoast-schema-graph\">{\"@context\":\"https:\/\/schema.org\",\"@graph\":[{\"@type\":\"Article\",\"@id\":\"https:\/\/portaltela.pt\/noticias\/2026\/05\/01\/tubarao-espancado-ate-a-morte-nos-acores-ong-denuncia-ao-ministerio-publico\/#article\",\"isPartOf\":{\"@id\":\"https:\/\/portaltela.pt\/noticias\/2026\/05\/01\/tubarao-espancado-ate-a-morte-nos-acores-ong-denuncia-ao-ministerio-publico\/\"},\"author\":{\"name\":\"Telinha\",\"@id\":\"https:\/\/portaltela.pt\/#\/schema\/person\/c4278d4a6028830caff9ee44b42d32ed\"},\"headline\":\"Tubar\u00e3o espancado at\u00e9 \u00e0 morte nos A\u00e7ores: ONG denuncia ao Minist\u00e9rio P\u00fablico\",\"datePublished\":\"2026-05-01T12:17:00+00:00\",\"mainEntityOfPage\":{\"@id\":\"https:\/\/portaltela.pt\/noticias\/2026\/05\/01\/tubarao-espancado-ate-a-morte-nos-acores-ong-denuncia-ao-ministerio-publico\/\"},\"wordCount\":256,\"image\":{\"@id\":\"https:\/\/portaltela.pt\/noticias\/2026\/05\/01\/tubarao-espancado-ate-a-morte-nos-acores-ong-denuncia-ao-ministerio-publico\/#primaryimage\"},\"thumbnailUrl\":\"https:\/\/portaltela.pt\/s.01k8rhncp4jt1\/2026\/05\/2085451.jpg\",\"keywords\":[\"_A\u00e7ores\",\"_ambiente\",\"_animais\",\"_Esp\u00e9cie em Perigo\",\"_maus-tratos\",\"_maus-tratos a animais\"],\"articleSection\":[\"Meio Ambiente\"],\"inLanguage\":\"pt-PT\"},{\"@type\":\"WebPage\",\"@id\":\"https:\/\/portaltela.pt\/noticias\/2026\/05\/01\/tubarao-espancado-ate-a-morte-nos-acores-ong-denuncia-ao-ministerio-publico\/\",\"url\":\"https:\/\/portaltela.pt\/noticias\/2026\/05\/01\/tubarao-espancado-ate-a-morte-nos-acores-ong-denuncia-ao-ministerio-publico\/\",\"name\":\"Tubar\u00e3o espancado at\u00e9 \u00e0 morte nos A\u00e7ores: ONG denuncia ao Minist\u00e9rio P\u00fablico - Portal Tela Portugal\",\"isPartOf\":{\"@id\":\"https:\/\/portaltela.pt\/#website\"},\"primaryImageOfPage\":{\"@id\":\"https:\/\/portaltela.pt\/noticias\/2026\/05\/01\/tubarao-espancado-ate-a-morte-nos-acores-ong-denuncia-ao-ministerio-publico\/#primaryimage\"},\"image\":{\"@id\":\"https:\/\/portaltela.pt\/noticias\/2026\/05\/01\/tubarao-espancado-ate-a-morte-nos-acores-ong-denuncia-ao-ministerio-publico\/#primaryimage\"},\"thumbnailUrl\":\"https:\/\/portaltela.pt\/s.01k8rhncp4jt1\/2026\/05\/2085451.jpg\",\"datePublished\":\"2026-05-01T12:17:00+00:00\",\"author\":{\"@id\":\"https:\/\/portaltela.pt\/#\/schema\/person\/c4278d4a6028830caff9ee44b42d32ed\"},\"breadcrumb\":{\"@id\":\"https:\/\/portaltela.pt\/noticias\/2026\/05\/01\/tubarao-espancado-ate-a-morte-nos-acores-ong-denuncia-ao-ministerio-publico\/#breadcrumb\"},\"inLanguage\":\"pt-PT\",\"potentialAction\":[{\"@type\":\"ReadAction\",\"target\":[\"https:\/\/portaltela.pt\/noticias\/2026\/05\/01\/tubarao-espancado-ate-a-morte-nos-acores-ong-denuncia-ao-ministerio-publico\/\"]}]},{\"@type\":\"ImageObject\",\"inLanguage\":\"pt-PT\",\"@id\":\"https:\/\/portaltela.pt\/noticias\/2026\/05\/01\/tubarao-espancado-ate-a-morte-nos-acores-ong-denuncia-ao-ministerio-publico\/#primaryimage\",\"url\":\"https:\/\/portaltela.pt\/s.01k8rhncp4jt1\/2026\/05\/2085451.jpg\",\"contentUrl\":\"https:\/\/portaltela.pt\/s.01k8rhncp4jt1\/2026\/05\/2085451.jpg\",\"width\":796,\"height\":448,\"caption\":\"De acordo com os relatos, o tubar\u00e3o foi alvo de pauladas \\\"por dois homens, enquanto era arrastado pelas rochas do porto de pescas\\\"\"},{\"@type\":\"BreadcrumbList\",\"@id\":\"https:\/\/portaltela.pt\/noticias\/2026\/05\/01\/tubarao-espancado-ate-a-morte-nos-acores-ong-denuncia-ao-ministerio-publico\/#breadcrumb\",\"itemListElement\":[{\"@type\":\"ListItem\",\"position\":1,\"name\":\"In\u00edcio\",\"item\":\"https:\/\/portaltela.pt\/\"},{\"@type\":\"ListItem\",\"position\":2,\"name\":\"Tubar\u00e3o espancado at\u00e9 \u00e0 morte nos A\u00e7ores: ONG denuncia ao Minist\u00e9rio P\u00fablico\"}]},{\"@type\":\"WebSite\",\"@id\":\"https:\/\/portaltela.pt\/#website\",\"url\":\"https:\/\/portaltela.pt\/\",\"name\":\"Portal Tela Portugal\",\"description\":\"\",\"potentialAction\":[{\"@type\":\"SearchAction\",\"target\":{\"@type\":\"EntryPoint\",\"urlTemplate\":\"https:\/\/portaltela.pt\/?s={search_term_string}\"},\"query-input\":{\"@type\":\"PropertyValueSpecification\",\"valueRequired\":true,\"valueName\":\"search_term_string\"}}],\"inLanguage\":\"pt-PT\"},{\"@type\":\"Person\",\"@id\":\"https:\/\/portaltela.pt\/#\/schema\/person\/c4278d4a6028830caff9ee44b42d32ed\",\"name\":\"Telinha\",\"image\":{\"@type\":\"ImageObject\",\"inLanguage\":\"pt-PT\",\"@id\":\"https:\/\/portaltela.pt\/s.01k8rhncp4jt1\/2025\/11\/talking-bot-125x125.png\",\"url\":\"https:\/\/portaltela.pt\/s.01k8rhncp4jt1\/2025\/11\/talking-bot-125x125.png\",\"contentUrl\":\"https:\/\/portaltela.pt\/s.01k8rhncp4jt1\/2025\/11\/talking-bot-125x125.png\",\"caption\":\"Telinha\"},\"sameAs\":[\"https:\/\/portaltela.pt\/\"],\"url\":\"https:\/\/portaltela.pt\/por\/367410592786\/\"}]}<\/script>\n<!-- \/ Yoast SEO plugin. -->","yoast_head_json":{"title":"Tubar\u00e3o espancado at\u00e9 \u00e0 morte nos A\u00e7ores: ONG denuncia ao Minist\u00e9rio P\u00fablico - Portal Tela Portugal","robots":{"index":"index","follow":"follow","max-snippet":"max-snippet:-1","max-image-preview":"max-image-preview:large","max-video-preview":"max-video-preview:-1"},"og_locale":"pt_PT","og_type":"article","og_title":"Tubar\u00e3o espancado at\u00e9 \u00e0 morte nos A\u00e7ores: ONG denuncia ao Minist\u00e9rio P\u00fablico - Portal Tela Portugal","og_description":"A ONG Animal apresentou ao Minist\u00e9rio P\u00fablico a morte de um tubar\u00e3o-mako, de cerca de tr\u00eas metros, no porto de Rabo de Peixe, A\u00e7ores, ap\u00f3s ser espancado, conforme imagens partilhadas online. A organiza\u00e7\u00e3o enviou of\u00edcios \u00e0 Guarda Nacional Republicana (GNR), \u00e0 Secretaria Regional do Mar e das Pescas, \u00e0 Inspec\u00e7\u00e3o Regional das Pescas e \u00e0 C\u00e2mara Municipal da Ribeira Grande, exigindo o apuramento rigoroso dos factos e a responsabiliza\u00e7\u00e3o dos aludidos. A Animal tamb\u00e9m acompanha o caso e espera consequ\u00eancias legais efetivas para os respons\u00e1veis. O PAN\/A\u00e7ores denunciou o caso, tendo referido que o v\u00eddeo, transmitido em direto nas redes sociais, mostra crian\u00e7as a assistir \u00e0 viol\u00eancia. A for\u00e7a pol\u00edtica sublinha a gravidade dos factos, dado que a esp\u00e9cie est\u00e1 classificada como em perigo de extin\u00e7\u00e3o na lista vermelha da IUCN.","og_url":"https:\/\/portaltela.pt\/noticias\/2026\/05\/01\/tubarao-espancado-ate-a-morte-nos-acores-ong-denuncia-ao-ministerio-publico\/","og_site_name":"Portal Tela Portugal","article_published_time":"2026-05-01T12:17:00+00:00","author":"Telinha","twitter_card":"summary_large_image","twitter_misc":{"Escrito por":"Telinha","Tempo estimado de leitura":"1 minuto"},"schema":{"@context":"https:\/\/schema.org","@graph":[{"@type":"Article","@id":"https:\/\/portaltela.pt\/noticias\/2026\/05\/01\/tubarao-espancado-ate-a-morte-nos-acores-ong-denuncia-ao-ministerio-publico\/#article","isPartOf":{"@id":"https:\/\/portaltela.pt\/noticias\/2026\/05\/01\/tubarao-espancado-ate-a-morte-nos-acores-ong-denuncia-ao-ministerio-publico\/"},"author":{"name":"Telinha","@id":"https:\/\/portaltela.pt\/#\/schema\/person\/c4278d4a6028830caff9ee44b42d32ed"},"headline":"Tubar\u00e3o espancado at\u00e9 \u00e0 morte nos A\u00e7ores: ONG denuncia ao Minist\u00e9rio P\u00fablico","datePublished":"2026-05-01T12:17:00+00:00","mainEntityOfPage":{"@id":"https:\/\/portaltela.pt\/noticias\/2026\/05\/01\/tubarao-espancado-ate-a-morte-nos-acores-ong-denuncia-ao-ministerio-publico\/"},"wordCount":256,"image":{"@id":"https:\/\/portaltela.pt\/noticias\/2026\/05\/01\/tubarao-espancado-ate-a-morte-nos-acores-ong-denuncia-ao-ministerio-publico\/#primaryimage"},"thumbnailUrl":"https:\/\/portaltela.pt\/s.01k8rhncp4jt1\/2026\/05\/2085451.jpg","keywords":["_A\u00e7ores","_ambiente","_animais","_Esp\u00e9cie em Perigo","_maus-tratos","_maus-tratos a animais"],"articleSection":["Meio Ambiente"],"inLanguage":"pt-PT"},{"@type":"WebPage","@id":"https:\/\/portaltela.pt\/noticias\/2026\/05\/01\/tubarao-espancado-ate-a-morte-nos-acores-ong-denuncia-ao-ministerio-publico\/","url":"https:\/\/portaltela.pt\/noticias\/2026\/05\/01\/tubarao-espancado-ate-a-morte-nos-acores-ong-denuncia-ao-ministerio-publico\/","name":"Tubar\u00e3o espancado at\u00e9 \u00e0 morte nos A\u00e7ores: ONG denuncia ao Minist\u00e9rio P\u00fablico - Portal Tela Portugal","isPartOf":{"@id":"https:\/\/portaltela.pt\/#website"},"primaryImageOfPage":{"@id":"https:\/\/portaltela.pt\/noticias\/2026\/05\/01\/tubarao-espancado-ate-a-morte-nos-acores-ong-denuncia-ao-ministerio-publico\/#primaryimage"},"image":{"@id":"https:\/\/portaltela.pt\/noticias\/2026\/05\/01\/tubarao-espancado-ate-a-morte-nos-acores-ong-denuncia-ao-ministerio-publico\/#primaryimage"},"thumbnailUrl":"https:\/\/portaltela.pt\/s.01k8rhncp4jt1\/2026\/05\/2085451.jpg","datePublished":"2026-05-01T12:17:00+00:00","author":{"@id":"https:\/\/portaltela.pt\/#\/schema\/person\/c4278d4a6028830caff9ee44b42d32ed"},"breadcrumb":{"@id":"https:\/\/portaltela.pt\/noticias\/2026\/05\/01\/tubarao-espancado-ate-a-morte-nos-acores-ong-denuncia-ao-ministerio-publico\/#breadcrumb"},"inLanguage":"pt-PT","potentialAction":[{"@type":"ReadAction","target":["https:\/\/portaltela.pt\/noticias\/2026\/05\/01\/tubarao-espancado-ate-a-morte-nos-acores-ong-denuncia-ao-ministerio-publico\/"]}]},{"@type":"ImageObject","inLanguage":"pt-PT","@id":"https:\/\/portaltela.pt\/noticias\/2026\/05\/01\/tubarao-espancado-ate-a-morte-nos-acores-ong-denuncia-ao-ministerio-publico\/#primaryimage","url":"https:\/\/portaltela.pt\/s.01k8rhncp4jt1\/2026\/05\/2085451.jpg","contentUrl":"https:\/\/portaltela.pt\/s.01k8rhncp4jt1\/2026\/05\/2085451.jpg","width":796,"height":448,"caption":"De acordo com os relatos, o tubar\u00e3o foi alvo de pauladas \"por dois homens, enquanto era arrastado pelas rochas do porto de pescas\""},{"@type":"BreadcrumbList","@id":"https:\/\/portaltela.pt\/noticias\/2026\/05\/01\/tubarao-espancado-ate-a-morte-nos-acores-ong-denuncia-ao-ministerio-publico\/#breadcrumb","itemListElement":[{"@type":"ListItem","position":1,"name":"In\u00edcio","item":"https:\/\/portaltela.pt\/"},{"@type":"ListItem","position":2,"name":"Tubar\u00e3o espancado at\u00e9 \u00e0 morte nos A\u00e7ores: ONG denuncia ao Minist\u00e9rio P\u00fablico"}]},{"@type":"WebSite","@id":"https:\/\/portaltela.pt\/#website","url":"https:\/\/portaltela.pt\/","name":"Portal Tela Portugal","description":"","potentialAction":[{"@type":"SearchAction","target":{"@type":"EntryPoint","urlTemplate":"https:\/\/portaltela.pt\/?s={search_term_string}"},"query-input":{"@type":"PropertyValueSpecification","valueRequired":true,"valueName":"search_term_string"}}],"inLanguage":"pt-PT"},{"@type":"Person","@id":"https:\/\/portaltela.pt\/#\/schema\/person\/c4278d4a6028830caff9ee44b42d32ed","name":"Telinha","image":{"@type":"ImageObject","inLanguage":"pt-PT","@id":"https:\/\/portaltela.pt\/s.01k8rhncp4jt1\/2025\/11\/talking-bot-125x125.png","url":"https:\/\/portaltela.pt\/s.01k8rhncp4jt1\/2025\/11\/talking-bot-125x125.png","contentUrl":"https:\/\/portaltela.pt\/s.01k8rhncp4jt1\/2025\/11\/talking-bot-125x125.png","caption":"Telinha"},"sameAs":["https:\/\/portaltela.pt\/"],"url":"https:\/\/portaltela.pt\/por\/367410592786\/"}]}},"_links":{"self":[{"href":"https:\/\/portaltela.pt\/api\/wp\/v2\/posts\/463893","targetHints":{"allow":["GET"]}}],"collection":[{"href":"https:\/\/portaltela.pt\/api\/wp\/v2\/posts"}],"about":[{"href":"https:\/\/portaltela.pt\/api\/wp\/v2\/types\/post"}],"author":[{"embeddable":true,"href":"https:\/\/portaltela.pt\/api\/wp\/v2\/users\/2"}],"replies":[{"embeddable":true,"href":"https:\/\/portaltela.pt\/api\/wp\/v2\/comments?post=463893"}],"version-history":[{"count":0,"href":"https:\/\/portaltela.pt\/api\/wp\/v2\/posts\/463893\/revisions"}],"wp:featuredmedia":[{"embeddable":true,"href":"https:\/\/portaltela.pt\/api\/wp\/v2\/media\/463899"}],"wp:attachment":[{"href":"https:\/\/portaltela.pt\/api\/wp\/v2\/media?parent=463893"}],"wp:term":[{"taxonomy":"category","embeddable":true,"href":"https:\/\/portaltela.pt\/api\/wp\/v2\/categories?post=463893"},{"taxonomy":"post_tag","embeddable":true,"href":"https:\/\/portaltela.pt\/api\/wp\/v2\/tags?post=463893"}],"curies":[{"name":"wp","href":"https:\/\/api.w.org\/{rel}","templated":true}]}}