{"id":463877,"date":"2026-05-01T10:33:18","date_gmt":"2026-05-01T13:33:18","guid":{"rendered":"https:\/\/portaltela.pt\/noticias\/2026\/05\/01\/centena-de-residentes-em-castelo-branco-celebram-o-1-o-de-maio\/"},"modified":"2026-05-01T10:33:18","modified_gmt":"2026-05-01T13:33:18","slug":"centena-de-residentes-em-castelo-branco-celebram-o-1-o-de-maio","status":"publish","type":"post","link":"https:\/\/portaltela.pt\/sociedade\/2026\/05\/01\/centena-de-residentes-em-castelo-branco-celebram-o-1-o-de-maio\/","title":{"rendered":"Centena de residentes em Castelo Branco celebram o 1.\u00ba de Maio"},"content":{"rendered":"<p>Uma centena de residentes reuniu-se em Castelo Branco no 1.\u00ba de Maio, numa marcha entre o hospital local e a C\u00e2mara Municipal. O objetivo foi afirmar que o dia deve ser assinalado e que os direitos dos cidad\u00e3os precisam de ser conquistados.<\/p>\n<p>A caravana percorreu as ruas centrais da cidade, com moradores de diversas idades a participar. A organiza\u00e7\u00e3o ficou a cargo de associa\u00e7\u00f5es locais, sem registo de incidentes relevantes at\u00e9 ao final da tarde.<\/p>\n<p>O evento levou a um grande debate sobre a import\u00e2ncia de reconhecer o trabalho reivindicativo da popula\u00e7\u00e3o. As informa\u00e7\u00f5es sobre pr\u00f3ximos passos ou apoios oficiais n\u00e3o foram confirmadas pela C\u00e2mara Municipal.<\/p>\n","protected":false},"excerpt":{"rendered":"<ul>\n<li>Centena de residentes em Castelo Branco saiu \u00e0 rua para celebrar o 1.\u00ba de Maio, marchando do hospital at\u00e9 \u00e0 C\u00e2mara Municipal.<\/li>\n<li>A a\u00e7\u00e3o decorreu no centro da cidade, envolvendo a popula\u00e7\u00e3o local.<\/li>\n<li>Os manifestantes defendem que o Dia do Trabalhador deve ser assinalado.<\/li>\n<li>Refor\u00e7am a ideia de que \u201cos direitos t\u00eam de ser conquistados\u201d.<\/li>\n<li>N\u00e3o foram divulgados dados sobre respons\u00e1veis ou n\u00fameros oficiais da organiza\u00e7\u00e3o.<\/li>\n<\/ul>\n","protected":false},"author":2,"featured_media":463879,"comment_status":"closed","ping_status":"closed","sticky":false,"template":"","format":"standard","meta":{"footnotes":""},"categories":[6871],"tags":[8894,8956,8905,8256,8276,8652],"class_list":["post-463877","post","type-post","status-publish","format-standard","has-post-thumbnail","hentry","category-sociedade","tag-_acoes-sociais","tag-_camara-municipal","tag-_castelo-branco","tag-_direitos-dos-trabalhadores","tag-_pessoas","tag-_protestos"],"yoast_head":"<!-- This site is optimized with the Yoast SEO plugin v27.2 - https:\/\/yoast.com\/product\/yoast-seo-wordpress\/ -->\n<title>Centena de residentes em Castelo Branco celebram o 1.\u00ba de Maio - Portal Tela Portugal<\/title>\n<meta name=\"robots\" content=\"index, follow, max-snippet:-1, max-image-preview:large, max-video-preview:-1\" \/>\n<meta property=\"og:locale\" content=\"pt_PT\" \/>\n<meta property=\"og:type\" content=\"article\" \/>\n<meta property=\"og:title\" content=\"Centena de residentes em Castelo Branco celebram o 1.\u00ba de Maio - Portal Tela Portugal\" \/>\n<meta property=\"og:description\" content=\"Centena de residentes em Castelo Branco saiu \u00e0 rua para celebrar o 1.\u00ba de Maio, marchando do hospital at\u00e9 \u00e0 C\u00e2mara Municipal. A a\u00e7\u00e3o decorreu no centro da cidade, envolvendo a popula\u00e7\u00e3o local. Os manifestantes defendem que o Dia do Trabalhador deve ser assinalado. Refor\u00e7am a ideia de que \u201cos direitos t\u00eam de ser conquistados\u201d. N\u00e3o foram divulgados dados sobre respons\u00e1veis ou n\u00fameros oficiais da organiza\u00e7\u00e3o.\" \/>\n<meta property=\"og:url\" content=\"https:\/\/portaltela.pt\/noticias\/2026\/05\/01\/centena-de-residentes-em-castelo-branco-celebram-o-1-o-de-maio\/\" \/>\n<meta property=\"og:site_name\" content=\"Portal Tela Portugal\" \/>\n<meta property=\"article:published_time\" content=\"2026-05-01T13:33:18+00:00\" \/>\n<meta name=\"author\" content=\"Telinha\" \/>\n<meta name=\"twitter:card\" content=\"summary_large_image\" \/>\n<meta name=\"twitter:label1\" content=\"Escrito por\" \/>\n\t<meta name=\"twitter:data1\" content=\"Telinha\" \/>\n\t<meta name=\"twitter:label2\" content=\"Tempo estimado de leitura\" \/>\n\t<meta name=\"twitter:data2\" content=\"1 minuto\" \/>\n<script type=\"application\/ld+json\" class=\"yoast-schema-graph\">{\"@context\":\"https:\/\/schema.org\",\"@graph\":[{\"@type\":\"Article\",\"@id\":\"https:\/\/portaltela.pt\/noticias\/2026\/05\/01\/centena-de-residentes-em-castelo-branco-celebram-o-1-o-de-maio\/#article\",\"isPartOf\":{\"@id\":\"https:\/\/portaltela.pt\/noticias\/2026\/05\/01\/centena-de-residentes-em-castelo-branco-celebram-o-1-o-de-maio\/\"},\"author\":{\"name\":\"Telinha\",\"@id\":\"https:\/\/portaltela.pt\/#\/schema\/person\/c4278d4a6028830caff9ee44b42d32ed\"},\"headline\":\"Centena de residentes em Castelo Branco celebram o 1.\u00ba de Maio\",\"datePublished\":\"2026-05-01T13:33:18+00:00\",\"mainEntityOfPage\":{\"@id\":\"https:\/\/portaltela.pt\/noticias\/2026\/05\/01\/centena-de-residentes-em-castelo-branco-celebram-o-1-o-de-maio\/\"},\"wordCount\":125,\"image\":{\"@id\":\"https:\/\/portaltela.pt\/noticias\/2026\/05\/01\/centena-de-residentes-em-castelo-branco-celebram-o-1-o-de-maio\/#primaryimage\"},\"thumbnailUrl\":\"https:\/\/portaltela.pt\/s.01k8rhncp4jt1\/2026\/05\/img_1280x722uu2026-05-01-14-19-35-2282222.jpg\",\"keywords\":[\"_a\u00e7\u00f5es sociais\",\"_C\u00e2mara Municipal\",\"_Castelo Branco\",\"_direitos dos trabalhadores\",\"_pessoas\",\"_protestos\"],\"articleSection\":[\"Sociedade\"],\"inLanguage\":\"pt-PT\"},{\"@type\":\"WebPage\",\"@id\":\"https:\/\/portaltela.pt\/noticias\/2026\/05\/01\/centena-de-residentes-em-castelo-branco-celebram-o-1-o-de-maio\/\",\"url\":\"https:\/\/portaltela.pt\/noticias\/2026\/05\/01\/centena-de-residentes-em-castelo-branco-celebram-o-1-o-de-maio\/\",\"name\":\"Centena de residentes em Castelo Branco celebram o 1.\u00ba de Maio - Portal Tela Portugal\",\"isPartOf\":{\"@id\":\"https:\/\/portaltela.pt\/#website\"},\"primaryImageOfPage\":{\"@id\":\"https:\/\/portaltela.pt\/noticias\/2026\/05\/01\/centena-de-residentes-em-castelo-branco-celebram-o-1-o-de-maio\/#primaryimage\"},\"image\":{\"@id\":\"https:\/\/portaltela.pt\/noticias\/2026\/05\/01\/centena-de-residentes-em-castelo-branco-celebram-o-1-o-de-maio\/#primaryimage\"},\"thumbnailUrl\":\"https:\/\/portaltela.pt\/s.01k8rhncp4jt1\/2026\/05\/img_1280x722uu2026-05-01-14-19-35-2282222.jpg\",\"datePublished\":\"2026-05-01T13:33:18+00:00\",\"author\":{\"@id\":\"https:\/\/portaltela.pt\/#\/schema\/person\/c4278d4a6028830caff9ee44b42d32ed\"},\"breadcrumb\":{\"@id\":\"https:\/\/portaltela.pt\/noticias\/2026\/05\/01\/centena-de-residentes-em-castelo-branco-celebram-o-1-o-de-maio\/#breadcrumb\"},\"inLanguage\":\"pt-PT\",\"potentialAction\":[{\"@type\":\"ReadAction\",\"target\":[\"https:\/\/portaltela.pt\/noticias\/2026\/05\/01\/centena-de-residentes-em-castelo-branco-celebram-o-1-o-de-maio\/\"]}]},{\"@type\":\"ImageObject\",\"inLanguage\":\"pt-PT\",\"@id\":\"https:\/\/portaltela.pt\/noticias\/2026\/05\/01\/centena-de-residentes-em-castelo-branco-celebram-o-1-o-de-maio\/#primaryimage\",\"url\":\"https:\/\/portaltela.pt\/s.01k8rhncp4jt1\/2026\/05\/img_1280x722uu2026-05-01-14-19-35-2282222.jpg\",\"contentUrl\":\"https:\/\/portaltela.pt\/s.01k8rhncp4jt1\/2026\/05\/img_1280x722uu2026-05-01-14-19-35-2282222.jpg\",\"width\":796,\"height\":448,\"caption\":\"Popula\u00e7\u00e3o marchou desde o hospital at\u00e9 \u00e0 C\u00e2mara Municipal de Castelo de Branco. Manifestantes consideram que dia deve ser assinalado e que \\\"os direitos t\u00eam de ser conquistados\\\".\"},{\"@type\":\"BreadcrumbList\",\"@id\":\"https:\/\/portaltela.pt\/noticias\/2026\/05\/01\/centena-de-residentes-em-castelo-branco-celebram-o-1-o-de-maio\/#breadcrumb\",\"itemListElement\":[{\"@type\":\"ListItem\",\"position\":1,\"name\":\"In\u00edcio\",\"item\":\"https:\/\/portaltela.pt\/\"},{\"@type\":\"ListItem\",\"position\":2,\"name\":\"Centena de residentes em Castelo Branco celebram o 1.\u00ba de Maio\"}]},{\"@type\":\"WebSite\",\"@id\":\"https:\/\/portaltela.pt\/#website\",\"url\":\"https:\/\/portaltela.pt\/\",\"name\":\"Portal Tela Portugal\",\"description\":\"\",\"potentialAction\":[{\"@type\":\"SearchAction\",\"target\":{\"@type\":\"EntryPoint\",\"urlTemplate\":\"https:\/\/portaltela.pt\/?s={search_term_string}\"},\"query-input\":{\"@type\":\"PropertyValueSpecification\",\"valueRequired\":true,\"valueName\":\"search_term_string\"}}],\"inLanguage\":\"pt-PT\"},{\"@type\":\"Person\",\"@id\":\"https:\/\/portaltela.pt\/#\/schema\/person\/c4278d4a6028830caff9ee44b42d32ed\",\"name\":\"Telinha\",\"image\":{\"@type\":\"ImageObject\",\"inLanguage\":\"pt-PT\",\"@id\":\"https:\/\/portaltela.pt\/s.01k8rhncp4jt1\/2025\/11\/talking-bot-125x125.png\",\"url\":\"https:\/\/portaltela.pt\/s.01k8rhncp4jt1\/2025\/11\/talking-bot-125x125.png\",\"contentUrl\":\"https:\/\/portaltela.pt\/s.01k8rhncp4jt1\/2025\/11\/talking-bot-125x125.png\",\"caption\":\"Telinha\"},\"sameAs\":[\"https:\/\/portaltela.pt\/\"],\"url\":\"https:\/\/portaltela.pt\/por\/367410592786\/\"}]}<\/script>\n<!-- \/ Yoast SEO plugin. -->","yoast_head_json":{"title":"Centena de residentes em Castelo Branco celebram o 1.\u00ba de Maio - Portal Tela Portugal","robots":{"index":"index","follow":"follow","max-snippet":"max-snippet:-1","max-image-preview":"max-image-preview:large","max-video-preview":"max-video-preview:-1"},"og_locale":"pt_PT","og_type":"article","og_title":"Centena de residentes em Castelo Branco celebram o 1.\u00ba de Maio - Portal Tela Portugal","og_description":"Centena de residentes em Castelo Branco saiu \u00e0 rua para celebrar o 1.\u00ba de Maio, marchando do hospital at\u00e9 \u00e0 C\u00e2mara Municipal. A a\u00e7\u00e3o decorreu no centro da cidade, envolvendo a popula\u00e7\u00e3o local. Os manifestantes defendem que o Dia do Trabalhador deve ser assinalado. Refor\u00e7am a ideia de que \u201cos direitos t\u00eam de ser conquistados\u201d. N\u00e3o foram divulgados dados sobre respons\u00e1veis ou n\u00fameros oficiais da organiza\u00e7\u00e3o.","og_url":"https:\/\/portaltela.pt\/noticias\/2026\/05\/01\/centena-de-residentes-em-castelo-branco-celebram-o-1-o-de-maio\/","og_site_name":"Portal Tela Portugal","article_published_time":"2026-05-01T13:33:18+00:00","author":"Telinha","twitter_card":"summary_large_image","twitter_misc":{"Escrito por":"Telinha","Tempo estimado de leitura":"1 minuto"},"schema":{"@context":"https:\/\/schema.org","@graph":[{"@type":"Article","@id":"https:\/\/portaltela.pt\/noticias\/2026\/05\/01\/centena-de-residentes-em-castelo-branco-celebram-o-1-o-de-maio\/#article","isPartOf":{"@id":"https:\/\/portaltela.pt\/noticias\/2026\/05\/01\/centena-de-residentes-em-castelo-branco-celebram-o-1-o-de-maio\/"},"author":{"name":"Telinha","@id":"https:\/\/portaltela.pt\/#\/schema\/person\/c4278d4a6028830caff9ee44b42d32ed"},"headline":"Centena de residentes em Castelo Branco celebram o 1.\u00ba de Maio","datePublished":"2026-05-01T13:33:18+00:00","mainEntityOfPage":{"@id":"https:\/\/portaltela.pt\/noticias\/2026\/05\/01\/centena-de-residentes-em-castelo-branco-celebram-o-1-o-de-maio\/"},"wordCount":125,"image":{"@id":"https:\/\/portaltela.pt\/noticias\/2026\/05\/01\/centena-de-residentes-em-castelo-branco-celebram-o-1-o-de-maio\/#primaryimage"},"thumbnailUrl":"https:\/\/portaltela.pt\/s.01k8rhncp4jt1\/2026\/05\/img_1280x722uu2026-05-01-14-19-35-2282222.jpg","keywords":["_a\u00e7\u00f5es sociais","_C\u00e2mara Municipal","_Castelo Branco","_direitos dos trabalhadores","_pessoas","_protestos"],"articleSection":["Sociedade"],"inLanguage":"pt-PT"},{"@type":"WebPage","@id":"https:\/\/portaltela.pt\/noticias\/2026\/05\/01\/centena-de-residentes-em-castelo-branco-celebram-o-1-o-de-maio\/","url":"https:\/\/portaltela.pt\/noticias\/2026\/05\/01\/centena-de-residentes-em-castelo-branco-celebram-o-1-o-de-maio\/","name":"Centena de residentes em Castelo Branco celebram o 1.\u00ba de Maio - Portal Tela Portugal","isPartOf":{"@id":"https:\/\/portaltela.pt\/#website"},"primaryImageOfPage":{"@id":"https:\/\/portaltela.pt\/noticias\/2026\/05\/01\/centena-de-residentes-em-castelo-branco-celebram-o-1-o-de-maio\/#primaryimage"},"image":{"@id":"https:\/\/portaltela.pt\/noticias\/2026\/05\/01\/centena-de-residentes-em-castelo-branco-celebram-o-1-o-de-maio\/#primaryimage"},"thumbnailUrl":"https:\/\/portaltela.pt\/s.01k8rhncp4jt1\/2026\/05\/img_1280x722uu2026-05-01-14-19-35-2282222.jpg","datePublished":"2026-05-01T13:33:18+00:00","author":{"@id":"https:\/\/portaltela.pt\/#\/schema\/person\/c4278d4a6028830caff9ee44b42d32ed"},"breadcrumb":{"@id":"https:\/\/portaltela.pt\/noticias\/2026\/05\/01\/centena-de-residentes-em-castelo-branco-celebram-o-1-o-de-maio\/#breadcrumb"},"inLanguage":"pt-PT","potentialAction":[{"@type":"ReadAction","target":["https:\/\/portaltela.pt\/noticias\/2026\/05\/01\/centena-de-residentes-em-castelo-branco-celebram-o-1-o-de-maio\/"]}]},{"@type":"ImageObject","inLanguage":"pt-PT","@id":"https:\/\/portaltela.pt\/noticias\/2026\/05\/01\/centena-de-residentes-em-castelo-branco-celebram-o-1-o-de-maio\/#primaryimage","url":"https:\/\/portaltela.pt\/s.01k8rhncp4jt1\/2026\/05\/img_1280x722uu2026-05-01-14-19-35-2282222.jpg","contentUrl":"https:\/\/portaltela.pt\/s.01k8rhncp4jt1\/2026\/05\/img_1280x722uu2026-05-01-14-19-35-2282222.jpg","width":796,"height":448,"caption":"Popula\u00e7\u00e3o marchou desde o hospital at\u00e9 \u00e0 C\u00e2mara Municipal de Castelo de Branco. Manifestantes consideram que dia deve ser assinalado e que \"os direitos t\u00eam de ser conquistados\"."},{"@type":"BreadcrumbList","@id":"https:\/\/portaltela.pt\/noticias\/2026\/05\/01\/centena-de-residentes-em-castelo-branco-celebram-o-1-o-de-maio\/#breadcrumb","itemListElement":[{"@type":"ListItem","position":1,"name":"In\u00edcio","item":"https:\/\/portaltela.pt\/"},{"@type":"ListItem","position":2,"name":"Centena de residentes em Castelo Branco celebram o 1.\u00ba de Maio"}]},{"@type":"WebSite","@id":"https:\/\/portaltela.pt\/#website","url":"https:\/\/portaltela.pt\/","name":"Portal Tela Portugal","description":"","potentialAction":[{"@type":"SearchAction","target":{"@type":"EntryPoint","urlTemplate":"https:\/\/portaltela.pt\/?s={search_term_string}"},"query-input":{"@type":"PropertyValueSpecification","valueRequired":true,"valueName":"search_term_string"}}],"inLanguage":"pt-PT"},{"@type":"Person","@id":"https:\/\/portaltela.pt\/#\/schema\/person\/c4278d4a6028830caff9ee44b42d32ed","name":"Telinha","image":{"@type":"ImageObject","inLanguage":"pt-PT","@id":"https:\/\/portaltela.pt\/s.01k8rhncp4jt1\/2025\/11\/talking-bot-125x125.png","url":"https:\/\/portaltela.pt\/s.01k8rhncp4jt1\/2025\/11\/talking-bot-125x125.png","contentUrl":"https:\/\/portaltela.pt\/s.01k8rhncp4jt1\/2025\/11\/talking-bot-125x125.png","caption":"Telinha"},"sameAs":["https:\/\/portaltela.pt\/"],"url":"https:\/\/portaltela.pt\/por\/367410592786\/"}]}},"_links":{"self":[{"href":"https:\/\/portaltela.pt\/api\/wp\/v2\/posts\/463877","targetHints":{"allow":["GET"]}}],"collection":[{"href":"https:\/\/portaltela.pt\/api\/wp\/v2\/posts"}],"about":[{"href":"https:\/\/portaltela.pt\/api\/wp\/v2\/types\/post"}],"author":[{"embeddable":true,"href":"https:\/\/portaltela.pt\/api\/wp\/v2\/users\/2"}],"replies":[{"embeddable":true,"href":"https:\/\/portaltela.pt\/api\/wp\/v2\/comments?post=463877"}],"version-history":[{"count":0,"href":"https:\/\/portaltela.pt\/api\/wp\/v2\/posts\/463877\/revisions"}],"wp:featuredmedia":[{"embeddable":true,"href":"https:\/\/portaltela.pt\/api\/wp\/v2\/media\/463879"}],"wp:attachment":[{"href":"https:\/\/portaltela.pt\/api\/wp\/v2\/media?parent=463877"}],"wp:term":[{"taxonomy":"category","embeddable":true,"href":"https:\/\/portaltela.pt\/api\/wp\/v2\/categories?post=463877"},{"taxonomy":"post_tag","embeddable":true,"href":"https:\/\/portaltela.pt\/api\/wp\/v2\/tags?post=463877"}],"curies":[{"name":"wp","href":"https:\/\/api.w.org\/{rel}","templated":true}]}}