{"id":463864,"date":"2026-05-01T10:32:47","date_gmt":"2026-05-01T13:32:47","guid":{"rendered":"https:\/\/portaltela.pt\/noticias\/2026\/05\/01\/mudancas-climaticas-e-poluicao-elevam-risco-de-avc-aponta-estudo\/"},"modified":"2026-05-01T10:32:47","modified_gmt":"2026-05-01T13:32:47","slug":"mudancas-climaticas-e-poluicao-elevam-risco-de-avc-aponta-estudo","status":"publish","type":"post","link":"https:\/\/portaltela.pt\/saude\/2026\/05\/01\/mudancas-climaticas-e-poluicao-elevam-risco-de-avc-aponta-estudo\/","title":{"rendered":"Mudan\u00e7as clim\u00e1ticas e polui\u00e7\u00e3o elevam risco de AVC, aponta estudo"},"content":{"rendered":"<p>A Organiza\u00e7\u00e3o Mundial do AVC analisa que altera\u00e7\u00f5es clim\u00e1ticas e polui\u00e7\u00e3o do ar podem aumentar o risco de acidente vascular cerebral. O estudo agrega evid\u00eancias de v\u00e1rias pesquisas internacionais sobre clima, ambiente e AVC.<\/p>\n<p>Os investigadores destacam que a maior instabilidade clim\u00e1tica est\u00e1 associada a mais casos de AVC e a \u00f3bitos por esta causa, mas lembram que as provas s\u00e3o principalmente de correla\u00e7\u00f5es, n\u00e3o de causalidade direta.<\/p>\n<p>Clima extremo, humidade, press\u00e3o atmosf\u00e9rica e temperaturas extremas podem influenciar o risco. Temperaturas elevadas favorecem desidrata\u00e7\u00e3o e sangue mais espesso, enquanto varia\u00e7\u00f5es clim\u00e1ticas afetam a press\u00e3o arterial.<\/p>\n<p><strong>Impacto por perfil populacional<\/strong>: idosos, pessoas com perturba\u00e7\u00f5es metab\u00f3licas e residentes de regi\u00f5es frias ou com rendimentos baixos apresentam maior vulnerabilidade aos extremos clim\u00e1ticos.<\/p>\n<p>A Organiza\u00e7\u00e3o Mundial do AVC real\u00e7a a polui\u00e7\u00e3o do ar como fator relevante no risco de AVC. Part\u00edculas entram na corrente sangu\u00ednea pelos pulm\u00f5es, danificando paredes vasculares.<\/p>\n<p>A queima de combust\u00edveis f\u00f3sseis explica a conex\u00e3o entre altera\u00e7\u00f5es clim\u00e1ticas e polui\u00e7\u00e3o. Reduzir emiss\u00f5es de gases com efeito de estufa pode diminuir o risco de AVC associado ao clima.<\/p>\n<p>O AVC permanece como uma das principais causas de morte e incapacidade. Em 2021, a OMS aponta 11,9 milh\u00f5es de novos casos globais e uma elevada carga ao longo da vida.<\/p>\n","protected":false},"excerpt":{"rendered":"<ul>\n<li>A investiga\u00e7\u00e3o da Organiza\u00e7\u00e3o Mundial do AVC associa altera\u00e7\u00f5es clim\u00e1ticas e polui\u00e7\u00e3o do ar a um maior risco de acidente vascular cerebral (AVC).<\/li>\n<li>Temperaturas extremas, varia\u00e7\u00f5es de humidade e de press\u00e3o, bem como inc\u00eandios e tempestades de poeira, podem aumentar o risco de AVC e de mortalidade por esta causa.<\/li>\n<li>Os especialistas destacam que as evid\u00eancias atuais s\u00e3o de correla\u00e7\u00e3o, n\u00e3o de causalidade direta, mas os resultados s\u00e3o coerentes e biologicamente plaus\u00edveis.<\/li>\n<li>Extremos meteorol\u00f3gicos simult\u00e2neos, como calor extremo com seca ou frio com humidade e vento, podem ter efeito cumulativo no risco de AVC, afetando sobretudo idosos, pessoas com perturba\u00e7\u00f5es metab\u00f3licas e quem vive em regi\u00f5es frias ou com baixos rendimentos.<\/li>\n<li>A polui\u00e7\u00e3o do ar \u00e9 apontada como fator de relev\u00e2ncia no risco de AVC, com as part\u00edculas poluentes a entrar na corrente sangu\u00ednea e a danificar as paredes dos vasos cerebrais.<\/li>\n<\/ul>\n","protected":false},"author":2,"featured_media":463865,"comment_status":"closed","ping_status":"closed","sticky":false,"template":"","format":"standard","meta":{"footnotes":""},"categories":[7371,6745],"tags":[8291,8238,9000,8014,8012,7955],"class_list":["post-463864","post","type-post","status-publish","format-standard","has-post-thumbnail","hentry","category-medicina","category-saude","tag-_alteracoes-climaticas","tag-_ambiente","tag-_doencas-do-aparelho-circulatorio","tag-_poluicao-ambiental","tag-_qualidade-do-ar","tag-_saude-publica"],"yoast_head":"<!-- This site is optimized with the Yoast SEO plugin v27.2 - https:\/\/yoast.com\/product\/yoast-seo-wordpress\/ -->\n<title>Mudan\u00e7as clim\u00e1ticas e polui\u00e7\u00e3o elevam risco de AVC, aponta estudo - Portal Tela Portugal<\/title>\n<meta name=\"robots\" content=\"index, follow, max-snippet:-1, max-image-preview:large, max-video-preview:-1\" \/>\n<meta property=\"og:locale\" content=\"pt_PT\" \/>\n<meta property=\"og:type\" content=\"article\" \/>\n<meta property=\"og:title\" content=\"Mudan\u00e7as clim\u00e1ticas e polui\u00e7\u00e3o elevam risco de AVC, aponta estudo - Portal Tela Portugal\" \/>\n<meta property=\"og:description\" content=\"A investiga\u00e7\u00e3o da Organiza\u00e7\u00e3o Mundial do AVC associa altera\u00e7\u00f5es clim\u00e1ticas e polui\u00e7\u00e3o do ar a um maior risco de acidente vascular cerebral (AVC). Temperaturas extremas, varia\u00e7\u00f5es de humidade e de press\u00e3o, bem como inc\u00eandios e tempestades de poeira, podem aumentar o risco de AVC e de mortalidade por esta causa. Os especialistas destacam que as evid\u00eancias atuais s\u00e3o de correla\u00e7\u00e3o, n\u00e3o de causalidade direta, mas os resultados s\u00e3o coerentes e biologicamente plaus\u00edveis. Extremos meteorol\u00f3gicos simult\u00e2neos, como calor extremo com seca ou frio com humidade e vento, podem ter efeito cumulativo no risco de AVC, afetando sobretudo idosos, pessoas com perturba\u00e7\u00f5es metab\u00f3licas e quem vive em regi\u00f5es frias ou com baixos rendimentos. A polui\u00e7\u00e3o do ar \u00e9 apontada como fator de relev\u00e2ncia no risco de AVC, com as part\u00edculas poluentes a entrar na corrente sangu\u00ednea e a danificar as paredes dos vasos cerebrais.\" \/>\n<meta property=\"og:url\" content=\"https:\/\/portaltela.pt\/noticias\/2026\/05\/01\/mudancas-climaticas-e-poluicao-elevam-risco-de-avc-aponta-estudo\/\" \/>\n<meta property=\"og:site_name\" content=\"Portal Tela Portugal\" \/>\n<meta property=\"article:published_time\" content=\"2026-05-01T13:32:47+00:00\" \/>\n<meta name=\"author\" content=\"Telinha\" \/>\n<meta name=\"twitter:card\" content=\"summary_large_image\" \/>\n<meta name=\"twitter:label1\" content=\"Escrito por\" \/>\n\t<meta name=\"twitter:data1\" content=\"Telinha\" \/>\n\t<meta name=\"twitter:label2\" content=\"Tempo estimado de leitura\" \/>\n\t<meta name=\"twitter:data2\" content=\"1 minuto\" \/>\n<script type=\"application\/ld+json\" class=\"yoast-schema-graph\">{\"@context\":\"https:\/\/schema.org\",\"@graph\":[{\"@type\":\"Article\",\"@id\":\"https:\/\/portaltela.pt\/noticias\/2026\/05\/01\/mudancas-climaticas-e-poluicao-elevam-risco-de-avc-aponta-estudo\/#article\",\"isPartOf\":{\"@id\":\"https:\/\/portaltela.pt\/noticias\/2026\/05\/01\/mudancas-climaticas-e-poluicao-elevam-risco-de-avc-aponta-estudo\/\"},\"author\":{\"name\":\"Telinha\",\"@id\":\"https:\/\/portaltela.pt\/#\/schema\/person\/c4278d4a6028830caff9ee44b42d32ed\"},\"headline\":\"Mudan\u00e7as clim\u00e1ticas e polui\u00e7\u00e3o elevam risco de AVC, aponta estudo\",\"datePublished\":\"2026-05-01T13:32:47+00:00\",\"mainEntityOfPage\":{\"@id\":\"https:\/\/portaltela.pt\/noticias\/2026\/05\/01\/mudancas-climaticas-e-poluicao-elevam-risco-de-avc-aponta-estudo\/\"},\"wordCount\":252,\"image\":{\"@id\":\"https:\/\/portaltela.pt\/noticias\/2026\/05\/01\/mudancas-climaticas-e-poluicao-elevam-risco-de-avc-aponta-estudo\/#primaryimage\"},\"thumbnailUrl\":\"https:\/\/portaltela.pt\/s.01k8rhncp4jt1\/2026\/05\/1536x864_cmsv2_702da95e-8aa0-5ac1-9bb4-152d4ff86a50-9743585.jpg\",\"keywords\":[\"_Altera\u00e7\u00f5es Clim\u00e1ticas\",\"_ambiente\",\"_Doen\u00e7as do aparelho circulat\u00f3rio\",\"_polui\u00e7\u00e3o ambiental\",\"_Qualidade do Ar\",\"_sa\u00fade p\u00fablica\"],\"articleSection\":[\"Medicina\",\"Sa\u00fade\"],\"inLanguage\":\"pt-PT\"},{\"@type\":\"WebPage\",\"@id\":\"https:\/\/portaltela.pt\/noticias\/2026\/05\/01\/mudancas-climaticas-e-poluicao-elevam-risco-de-avc-aponta-estudo\/\",\"url\":\"https:\/\/portaltela.pt\/noticias\/2026\/05\/01\/mudancas-climaticas-e-poluicao-elevam-risco-de-avc-aponta-estudo\/\",\"name\":\"Mudan\u00e7as clim\u00e1ticas e polui\u00e7\u00e3o elevam risco de AVC, aponta estudo - Portal Tela Portugal\",\"isPartOf\":{\"@id\":\"https:\/\/portaltela.pt\/#website\"},\"primaryImageOfPage\":{\"@id\":\"https:\/\/portaltela.pt\/noticias\/2026\/05\/01\/mudancas-climaticas-e-poluicao-elevam-risco-de-avc-aponta-estudo\/#primaryimage\"},\"image\":{\"@id\":\"https:\/\/portaltela.pt\/noticias\/2026\/05\/01\/mudancas-climaticas-e-poluicao-elevam-risco-de-avc-aponta-estudo\/#primaryimage\"},\"thumbnailUrl\":\"https:\/\/portaltela.pt\/s.01k8rhncp4jt1\/2026\/05\/1536x864_cmsv2_702da95e-8aa0-5ac1-9bb4-152d4ff86a50-9743585.jpg\",\"datePublished\":\"2026-05-01T13:32:47+00:00\",\"author\":{\"@id\":\"https:\/\/portaltela.pt\/#\/schema\/person\/c4278d4a6028830caff9ee44b42d32ed\"},\"breadcrumb\":{\"@id\":\"https:\/\/portaltela.pt\/noticias\/2026\/05\/01\/mudancas-climaticas-e-poluicao-elevam-risco-de-avc-aponta-estudo\/#breadcrumb\"},\"inLanguage\":\"pt-PT\",\"potentialAction\":[{\"@type\":\"ReadAction\",\"target\":[\"https:\/\/portaltela.pt\/noticias\/2026\/05\/01\/mudancas-climaticas-e-poluicao-elevam-risco-de-avc-aponta-estudo\/\"]}]},{\"@type\":\"ImageObject\",\"inLanguage\":\"pt-PT\",\"@id\":\"https:\/\/portaltela.pt\/noticias\/2026\/05\/01\/mudancas-climaticas-e-poluicao-elevam-risco-de-avc-aponta-estudo\/#primaryimage\",\"url\":\"https:\/\/portaltela.pt\/s.01k8rhncp4jt1\/2026\/05\/1536x864_cmsv2_702da95e-8aa0-5ac1-9bb4-152d4ff86a50-9743585.jpg\",\"contentUrl\":\"https:\/\/portaltela.pt\/s.01k8rhncp4jt1\/2026\/05\/1536x864_cmsv2_702da95e-8aa0-5ac1-9bb4-152d4ff86a50-9743585.jpg\",\"width\":796,\"height\":448,\"caption\":\"A Organiza\u00e7\u00e3o Mundial do Acidente Vascular Cerebral tamb\u00e9m salientou a polui\u00e7\u00e3o do ar como um fator importante no risco de AVC.\"},{\"@type\":\"BreadcrumbList\",\"@id\":\"https:\/\/portaltela.pt\/noticias\/2026\/05\/01\/mudancas-climaticas-e-poluicao-elevam-risco-de-avc-aponta-estudo\/#breadcrumb\",\"itemListElement\":[{\"@type\":\"ListItem\",\"position\":1,\"name\":\"In\u00edcio\",\"item\":\"https:\/\/portaltela.pt\/\"},{\"@type\":\"ListItem\",\"position\":2,\"name\":\"Mudan\u00e7as clim\u00e1ticas e polui\u00e7\u00e3o elevam risco de AVC, aponta estudo\"}]},{\"@type\":\"WebSite\",\"@id\":\"https:\/\/portaltela.pt\/#website\",\"url\":\"https:\/\/portaltela.pt\/\",\"name\":\"Portal Tela Portugal\",\"description\":\"\",\"potentialAction\":[{\"@type\":\"SearchAction\",\"target\":{\"@type\":\"EntryPoint\",\"urlTemplate\":\"https:\/\/portaltela.pt\/?s={search_term_string}\"},\"query-input\":{\"@type\":\"PropertyValueSpecification\",\"valueRequired\":true,\"valueName\":\"search_term_string\"}}],\"inLanguage\":\"pt-PT\"},{\"@type\":\"Person\",\"@id\":\"https:\/\/portaltela.pt\/#\/schema\/person\/c4278d4a6028830caff9ee44b42d32ed\",\"name\":\"Telinha\",\"image\":{\"@type\":\"ImageObject\",\"inLanguage\":\"pt-PT\",\"@id\":\"https:\/\/portaltela.pt\/s.01k8rhncp4jt1\/2025\/11\/talking-bot-125x125.png\",\"url\":\"https:\/\/portaltela.pt\/s.01k8rhncp4jt1\/2025\/11\/talking-bot-125x125.png\",\"contentUrl\":\"https:\/\/portaltela.pt\/s.01k8rhncp4jt1\/2025\/11\/talking-bot-125x125.png\",\"caption\":\"Telinha\"},\"sameAs\":[\"https:\/\/portaltela.pt\/\"],\"url\":\"https:\/\/portaltela.pt\/por\/367410592786\/\"}]}<\/script>\n<!-- \/ Yoast SEO plugin. -->","yoast_head_json":{"title":"Mudan\u00e7as clim\u00e1ticas e polui\u00e7\u00e3o elevam risco de AVC, aponta estudo - Portal Tela Portugal","robots":{"index":"index","follow":"follow","max-snippet":"max-snippet:-1","max-image-preview":"max-image-preview:large","max-video-preview":"max-video-preview:-1"},"og_locale":"pt_PT","og_type":"article","og_title":"Mudan\u00e7as clim\u00e1ticas e polui\u00e7\u00e3o elevam risco de AVC, aponta estudo - Portal Tela Portugal","og_description":"A investiga\u00e7\u00e3o da Organiza\u00e7\u00e3o Mundial do AVC associa altera\u00e7\u00f5es clim\u00e1ticas e polui\u00e7\u00e3o do ar a um maior risco de acidente vascular cerebral (AVC). Temperaturas extremas, varia\u00e7\u00f5es de humidade e de press\u00e3o, bem como inc\u00eandios e tempestades de poeira, podem aumentar o risco de AVC e de mortalidade por esta causa. Os especialistas destacam que as evid\u00eancias atuais s\u00e3o de correla\u00e7\u00e3o, n\u00e3o de causalidade direta, mas os resultados s\u00e3o coerentes e biologicamente plaus\u00edveis. Extremos meteorol\u00f3gicos simult\u00e2neos, como calor extremo com seca ou frio com humidade e vento, podem ter efeito cumulativo no risco de AVC, afetando sobretudo idosos, pessoas com perturba\u00e7\u00f5es metab\u00f3licas e quem vive em regi\u00f5es frias ou com baixos rendimentos. A polui\u00e7\u00e3o do ar \u00e9 apontada como fator de relev\u00e2ncia no risco de AVC, com as part\u00edculas poluentes a entrar na corrente sangu\u00ednea e a danificar as paredes dos vasos cerebrais.","og_url":"https:\/\/portaltela.pt\/noticias\/2026\/05\/01\/mudancas-climaticas-e-poluicao-elevam-risco-de-avc-aponta-estudo\/","og_site_name":"Portal Tela Portugal","article_published_time":"2026-05-01T13:32:47+00:00","author":"Telinha","twitter_card":"summary_large_image","twitter_misc":{"Escrito por":"Telinha","Tempo estimado de leitura":"1 minuto"},"schema":{"@context":"https:\/\/schema.org","@graph":[{"@type":"Article","@id":"https:\/\/portaltela.pt\/noticias\/2026\/05\/01\/mudancas-climaticas-e-poluicao-elevam-risco-de-avc-aponta-estudo\/#article","isPartOf":{"@id":"https:\/\/portaltela.pt\/noticias\/2026\/05\/01\/mudancas-climaticas-e-poluicao-elevam-risco-de-avc-aponta-estudo\/"},"author":{"name":"Telinha","@id":"https:\/\/portaltela.pt\/#\/schema\/person\/c4278d4a6028830caff9ee44b42d32ed"},"headline":"Mudan\u00e7as clim\u00e1ticas e polui\u00e7\u00e3o elevam risco de AVC, aponta estudo","datePublished":"2026-05-01T13:32:47+00:00","mainEntityOfPage":{"@id":"https:\/\/portaltela.pt\/noticias\/2026\/05\/01\/mudancas-climaticas-e-poluicao-elevam-risco-de-avc-aponta-estudo\/"},"wordCount":252,"image":{"@id":"https:\/\/portaltela.pt\/noticias\/2026\/05\/01\/mudancas-climaticas-e-poluicao-elevam-risco-de-avc-aponta-estudo\/#primaryimage"},"thumbnailUrl":"https:\/\/portaltela.pt\/s.01k8rhncp4jt1\/2026\/05\/1536x864_cmsv2_702da95e-8aa0-5ac1-9bb4-152d4ff86a50-9743585.jpg","keywords":["_Altera\u00e7\u00f5es Clim\u00e1ticas","_ambiente","_Doen\u00e7as do aparelho circulat\u00f3rio","_polui\u00e7\u00e3o ambiental","_Qualidade do Ar","_sa\u00fade p\u00fablica"],"articleSection":["Medicina","Sa\u00fade"],"inLanguage":"pt-PT"},{"@type":"WebPage","@id":"https:\/\/portaltela.pt\/noticias\/2026\/05\/01\/mudancas-climaticas-e-poluicao-elevam-risco-de-avc-aponta-estudo\/","url":"https:\/\/portaltela.pt\/noticias\/2026\/05\/01\/mudancas-climaticas-e-poluicao-elevam-risco-de-avc-aponta-estudo\/","name":"Mudan\u00e7as clim\u00e1ticas e polui\u00e7\u00e3o elevam risco de AVC, aponta estudo - Portal Tela Portugal","isPartOf":{"@id":"https:\/\/portaltela.pt\/#website"},"primaryImageOfPage":{"@id":"https:\/\/portaltela.pt\/noticias\/2026\/05\/01\/mudancas-climaticas-e-poluicao-elevam-risco-de-avc-aponta-estudo\/#primaryimage"},"image":{"@id":"https:\/\/portaltela.pt\/noticias\/2026\/05\/01\/mudancas-climaticas-e-poluicao-elevam-risco-de-avc-aponta-estudo\/#primaryimage"},"thumbnailUrl":"https:\/\/portaltela.pt\/s.01k8rhncp4jt1\/2026\/05\/1536x864_cmsv2_702da95e-8aa0-5ac1-9bb4-152d4ff86a50-9743585.jpg","datePublished":"2026-05-01T13:32:47+00:00","author":{"@id":"https:\/\/portaltela.pt\/#\/schema\/person\/c4278d4a6028830caff9ee44b42d32ed"},"breadcrumb":{"@id":"https:\/\/portaltela.pt\/noticias\/2026\/05\/01\/mudancas-climaticas-e-poluicao-elevam-risco-de-avc-aponta-estudo\/#breadcrumb"},"inLanguage":"pt-PT","potentialAction":[{"@type":"ReadAction","target":["https:\/\/portaltela.pt\/noticias\/2026\/05\/01\/mudancas-climaticas-e-poluicao-elevam-risco-de-avc-aponta-estudo\/"]}]},{"@type":"ImageObject","inLanguage":"pt-PT","@id":"https:\/\/portaltela.pt\/noticias\/2026\/05\/01\/mudancas-climaticas-e-poluicao-elevam-risco-de-avc-aponta-estudo\/#primaryimage","url":"https:\/\/portaltela.pt\/s.01k8rhncp4jt1\/2026\/05\/1536x864_cmsv2_702da95e-8aa0-5ac1-9bb4-152d4ff86a50-9743585.jpg","contentUrl":"https:\/\/portaltela.pt\/s.01k8rhncp4jt1\/2026\/05\/1536x864_cmsv2_702da95e-8aa0-5ac1-9bb4-152d4ff86a50-9743585.jpg","width":796,"height":448,"caption":"A Organiza\u00e7\u00e3o Mundial do Acidente Vascular Cerebral tamb\u00e9m salientou a polui\u00e7\u00e3o do ar como um fator importante no risco de AVC."},{"@type":"BreadcrumbList","@id":"https:\/\/portaltela.pt\/noticias\/2026\/05\/01\/mudancas-climaticas-e-poluicao-elevam-risco-de-avc-aponta-estudo\/#breadcrumb","itemListElement":[{"@type":"ListItem","position":1,"name":"In\u00edcio","item":"https:\/\/portaltela.pt\/"},{"@type":"ListItem","position":2,"name":"Mudan\u00e7as clim\u00e1ticas e polui\u00e7\u00e3o elevam risco de AVC, aponta estudo"}]},{"@type":"WebSite","@id":"https:\/\/portaltela.pt\/#website","url":"https:\/\/portaltela.pt\/","name":"Portal Tela Portugal","description":"","potentialAction":[{"@type":"SearchAction","target":{"@type":"EntryPoint","urlTemplate":"https:\/\/portaltela.pt\/?s={search_term_string}"},"query-input":{"@type":"PropertyValueSpecification","valueRequired":true,"valueName":"search_term_string"}}],"inLanguage":"pt-PT"},{"@type":"Person","@id":"https:\/\/portaltela.pt\/#\/schema\/person\/c4278d4a6028830caff9ee44b42d32ed","name":"Telinha","image":{"@type":"ImageObject","inLanguage":"pt-PT","@id":"https:\/\/portaltela.pt\/s.01k8rhncp4jt1\/2025\/11\/talking-bot-125x125.png","url":"https:\/\/portaltela.pt\/s.01k8rhncp4jt1\/2025\/11\/talking-bot-125x125.png","contentUrl":"https:\/\/portaltela.pt\/s.01k8rhncp4jt1\/2025\/11\/talking-bot-125x125.png","caption":"Telinha"},"sameAs":["https:\/\/portaltela.pt\/"],"url":"https:\/\/portaltela.pt\/por\/367410592786\/"}]}},"_links":{"self":[{"href":"https:\/\/portaltela.pt\/api\/wp\/v2\/posts\/463864","targetHints":{"allow":["GET"]}}],"collection":[{"href":"https:\/\/portaltela.pt\/api\/wp\/v2\/posts"}],"about":[{"href":"https:\/\/portaltela.pt\/api\/wp\/v2\/types\/post"}],"author":[{"embeddable":true,"href":"https:\/\/portaltela.pt\/api\/wp\/v2\/users\/2"}],"replies":[{"embeddable":true,"href":"https:\/\/portaltela.pt\/api\/wp\/v2\/comments?post=463864"}],"version-history":[{"count":0,"href":"https:\/\/portaltela.pt\/api\/wp\/v2\/posts\/463864\/revisions"}],"wp:featuredmedia":[{"embeddable":true,"href":"https:\/\/portaltela.pt\/api\/wp\/v2\/media\/463865"}],"wp:attachment":[{"href":"https:\/\/portaltela.pt\/api\/wp\/v2\/media?parent=463864"}],"wp:term":[{"taxonomy":"category","embeddable":true,"href":"https:\/\/portaltela.pt\/api\/wp\/v2\/categories?post=463864"},{"taxonomy":"post_tag","embeddable":true,"href":"https:\/\/portaltela.pt\/api\/wp\/v2\/tags?post=463864"}],"curies":[{"name":"wp","href":"https:\/\/api.w.org\/{rel}","templated":true}]}}