{"id":463859,"date":"2026-05-01T10:18:32","date_gmt":"2026-05-01T13:18:32","guid":{"rendered":"https:\/\/portaltela.pt\/noticias\/2026\/05\/01\/correu-maratona-de-londres-com-frigorifico-as-costas-para-alertar-sobre-demencia\/"},"modified":"2026-05-01T10:18:32","modified_gmt":"2026-05-01T13:18:32","slug":"correu-maratona-de-londres-com-frigorifico-as-costas-para-alertar-sobre-demencia","status":"publish","type":"post","link":"https:\/\/portaltela.pt\/saude\/2026\/05\/01\/correu-maratona-de-londres-com-frigorifico-as-costas-para-alertar-sobre-demencia\/","title":{"rendered":"Correu Maratona de Londres com frigor\u00edfico \u00e0s costas para alertar sobre dem\u00eancia"},"content":{"rendered":"<p>Come\u00e7am 32 maratonas em 32 dias para alertar para a dem\u00eancia frontotemporal. Jordan Adams, 30 anos, e o irm\u00e3o Cian, 25, partem do condado de Antrim, Irlanda do Norte, ap\u00f3s a Maratona de Londres. A meta \u00e9 percorrer sess\u00f5es di\u00e1rias pela ilha, terminando em Dublin a 28 de maio, com o objetivo de angariar fundos e sensibilizar para a doen\u00e7a.<\/p>\n<p>O desafio tem um s\u00edmbolo marcante: um frigor\u00edfico preso \u00e0s costas de Jordan, que cruza a meta em Londres, acompanhado por Cian na bicicleta. A dupla quer tornar vis\u00edvel o peso da dem\u00eancia, cuja devasta\u00e7\u00e3o se estende \u00e0 fam\u00edlia desde 2010, quando a m\u00e3e Geraldine foi diagnosticada.<\/p>\n<p>Na origem do caso est\u00e1 o hist\u00f3rico familiar: Geraldine, aos 47, foi diagnosticada com dem\u00eancia frontotemporal rara; faleceu aos 52, em 2016. Dois anos depois, Jordan descobriu que carrega a muta\u00e7\u00e3o MAPT, com probabilidade de 99,9% de desenvolver a forma de in\u00edcio precoce da doen\u00e7a; o mesmo \u00e9 verdadeiro para Cian.<\/p>\n<h3>Fardo pesado e motivo<\/h3>\n<p>Jordan explicou que a miss\u00e3o \u00e9 homenagear quem cuida e evidenciar a realidade da doen\u00e7a, que j\u00e1 ceifou 12 familiares na fam\u00edlia extensa. A fam\u00edlia de ambos descreve o desafio como uma forma de levar a mensagem para a Irlanda, onde tudo come\u00e7ou, e para o restante do Reino Unido.<\/p>\n<p>Cian atua como fisioterapeuta, o que ajuda no planeamento de treinos. Os irm\u00e3os j\u00e1 tinham feito desafios extremos antes, incluindo corridas pelo Reino Unido e uma maratona em nove dias, o que refor\u00e7a a prepara\u00e7\u00e3o para este percurso de 32 dias.<\/p>\n<h3>Progresso e impacto financeiro<\/h3>\n<p>O objetivo financeiro \u00e9 atingir um milh\u00e3o de libras para apoio \u00e0 investiga\u00e7\u00e3o da dem\u00eancia. At\u00e9 quinta-feira de manh\u00e3, j\u00e1 tinham arrecadado mais de 700 mil libras, cerca de 808 mil euros, segundo a taxa de c\u00e2mbio atual.<\/p>\n<p>Metade do valor ser\u00e1 novidade para a Alzheimer\u2019s Society of Ireland, que assiste pessoas com a doen\u00e7a. Na Irlanda, estima-se que cerca de 64 mil pessoas tenham dem\u00eancia, num pa\u00eds com 5,3 milh\u00f5es de habitantes; o n\u00famero pode subir para 150 mil at\u00e9 2050.<\/p>\n","protected":false},"excerpt":{"rendered":"<ul>\n<li>Jordan Adams (trinta anos) e o irm\u00e3o Cian (vinte e cinco), conhecidos como os irm\u00e3os FTD, correm 32 maratonas em 32 dias pela ilha, com chegada prevista a Dublin a 28 de maio.<\/li>\n<li>Na Maratona de Londres, Jordan correu com um frigor\u00edfico \u00e0s costas, s\u00edmbolo do fardo pesado da dem\u00eancia frontotemporal, para alertar sobre a doen\u00e7a.<\/li>\n<li>A m\u00e3e, Geraldine, foi diagnosticada em 2010; Jordan descobriu ter a muta\u00e7\u00e3o MAPT, com probabilidade de 99,9% de desenvolver dem\u00eancia de in\u00edcio precoce, tal como o irm\u00e3o.<\/li>\n<li>Os irm\u00e3os pretendem angariar um milh\u00e3o de libras para a investiga\u00e7\u00e3o da doen\u00e7a de Alzheimer; j\u00e1 passaram de 700 mil libras (808 mil euros).<\/li>\n<li>Metade do valor dever\u00e1 ser doada \u00e0 Alzheimer\u2019s Society of Ireland, numa regi\u00e3o onde se estima que, at\u00e9 2050, haja cerca de 150 mil pessoas com dem\u00eancia.<\/li>\n<\/ul>\n","protected":false},"author":2,"featured_media":463863,"comment_status":"closed","ping_status":"closed","sticky":false,"template":"","format":"standard","meta":{"footnotes":""},"categories":[1,6745],"tags":[8102,7936,8446,7996,8101,7889],"class_list":["post-463859","post","type-post","status-publish","format-standard","has-post-thumbnail","hentry","category-noticias","category-saude","tag-_acao-humanitaria","tag-_acao-social","tag-_alzheimer-portugal","tag-_demencia","tag-_reino-unido","tag-_saude"],"yoast_head":"<!-- This site is optimized with the Yoast SEO plugin v27.2 - https:\/\/yoast.com\/product\/yoast-seo-wordpress\/ -->\n<title>Correu Maratona de Londres com frigor\u00edfico \u00e0s costas para alertar sobre dem\u00eancia - Portal Tela Portugal<\/title>\n<meta name=\"robots\" content=\"index, follow, max-snippet:-1, max-image-preview:large, max-video-preview:-1\" \/>\n<meta property=\"og:locale\" content=\"pt_PT\" \/>\n<meta property=\"og:type\" content=\"article\" \/>\n<meta property=\"og:title\" content=\"Correu Maratona de Londres com frigor\u00edfico \u00e0s costas para alertar sobre dem\u00eancia - Portal Tela Portugal\" \/>\n<meta property=\"og:description\" content=\"Jordan Adams (trinta anos) e o irm\u00e3o Cian (vinte e cinco), conhecidos como os irm\u00e3os FTD, correm 32 maratonas em 32 dias pela ilha, com chegada prevista a Dublin a 28 de maio. Na Maratona de Londres, Jordan correu com um frigor\u00edfico \u00e0s costas, s\u00edmbolo do fardo pesado da dem\u00eancia frontotemporal, para alertar sobre a doen\u00e7a. A m\u00e3e, Geraldine, foi diagnosticada em 2010; Jordan descobriu ter a muta\u00e7\u00e3o MAPT, com probabilidade de 99,9% de desenvolver dem\u00eancia de in\u00edcio precoce, tal como o irm\u00e3o. Os irm\u00e3os pretendem angariar um milh\u00e3o de libras para a investiga\u00e7\u00e3o da doen\u00e7a de Alzheimer; j\u00e1 passaram de 700 mil libras (808 mil euros). Metade do valor dever\u00e1 ser doada \u00e0 Alzheimer\u2019s Society of Ireland, numa regi\u00e3o onde se estima que, at\u00e9 2050, haja cerca de 150 mil pessoas com dem\u00eancia.\" \/>\n<meta property=\"og:url\" content=\"https:\/\/portaltela.pt\/noticias\/2026\/05\/01\/correu-maratona-de-londres-com-frigorifico-as-costas-para-alertar-sobre-demencia\/\" \/>\n<meta property=\"og:site_name\" content=\"Portal Tela Portugal\" \/>\n<meta property=\"article:published_time\" content=\"2026-05-01T13:18:32+00:00\" \/>\n<meta name=\"author\" content=\"Telinha\" \/>\n<meta name=\"twitter:card\" content=\"summary_large_image\" \/>\n<meta name=\"twitter:label1\" content=\"Escrito por\" \/>\n\t<meta name=\"twitter:data1\" content=\"Telinha\" \/>\n\t<meta name=\"twitter:label2\" content=\"Tempo estimado de leitura\" \/>\n\t<meta name=\"twitter:data2\" content=\"2 minutos\" \/>\n<script type=\"application\/ld+json\" class=\"yoast-schema-graph\">{\"@context\":\"https:\/\/schema.org\",\"@graph\":[{\"@type\":\"Article\",\"@id\":\"https:\/\/portaltela.pt\/noticias\/2026\/05\/01\/correu-maratona-de-londres-com-frigorifico-as-costas-para-alertar-sobre-demencia\/#article\",\"isPartOf\":{\"@id\":\"https:\/\/portaltela.pt\/noticias\/2026\/05\/01\/correu-maratona-de-londres-com-frigorifico-as-costas-para-alertar-sobre-demencia\/\"},\"author\":{\"name\":\"Telinha\",\"@id\":\"https:\/\/portaltela.pt\/#\/schema\/person\/c4278d4a6028830caff9ee44b42d32ed\"},\"headline\":\"Correu Maratona de Londres com frigor\u00edfico \u00e0s costas para alertar sobre dem\u00eancia\",\"datePublished\":\"2026-05-01T13:18:32+00:00\",\"mainEntityOfPage\":{\"@id\":\"https:\/\/portaltela.pt\/noticias\/2026\/05\/01\/correu-maratona-de-londres-com-frigorifico-as-costas-para-alertar-sobre-demencia\/\"},\"wordCount\":366,\"image\":{\"@id\":\"https:\/\/portaltela.pt\/noticias\/2026\/05\/01\/correu-maratona-de-londres-com-frigorifico-as-costas-para-alertar-sobre-demencia\/#primaryimage\"},\"thumbnailUrl\":\"https:\/\/portaltela.pt\/s.01k8rhncp4jt1\/2026\/05\/image-25.jpg\",\"keywords\":[\"_a\u00e7\u00e3o humanit\u00e1ria\",\"_a\u00e7\u00e3o social\",\"_Alzheimer Portugal\",\"_dem\u00eancia\",\"_Reino Unido\",\"_sa\u00fade\"],\"articleSection\":[\"Not\u00edcias\",\"Sa\u00fade\"],\"inLanguage\":\"pt-PT\"},{\"@type\":\"WebPage\",\"@id\":\"https:\/\/portaltela.pt\/noticias\/2026\/05\/01\/correu-maratona-de-londres-com-frigorifico-as-costas-para-alertar-sobre-demencia\/\",\"url\":\"https:\/\/portaltela.pt\/noticias\/2026\/05\/01\/correu-maratona-de-londres-com-frigorifico-as-costas-para-alertar-sobre-demencia\/\",\"name\":\"Correu Maratona de Londres com frigor\u00edfico \u00e0s costas para alertar sobre dem\u00eancia - Portal Tela Portugal\",\"isPartOf\":{\"@id\":\"https:\/\/portaltela.pt\/#website\"},\"primaryImageOfPage\":{\"@id\":\"https:\/\/portaltela.pt\/noticias\/2026\/05\/01\/correu-maratona-de-londres-com-frigorifico-as-costas-para-alertar-sobre-demencia\/#primaryimage\"},\"image\":{\"@id\":\"https:\/\/portaltela.pt\/noticias\/2026\/05\/01\/correu-maratona-de-londres-com-frigorifico-as-costas-para-alertar-sobre-demencia\/#primaryimage\"},\"thumbnailUrl\":\"https:\/\/portaltela.pt\/s.01k8rhncp4jt1\/2026\/05\/image-25.jpg\",\"datePublished\":\"2026-05-01T13:18:32+00:00\",\"author\":{\"@id\":\"https:\/\/portaltela.pt\/#\/schema\/person\/c4278d4a6028830caff9ee44b42d32ed\"},\"breadcrumb\":{\"@id\":\"https:\/\/portaltela.pt\/noticias\/2026\/05\/01\/correu-maratona-de-londres-com-frigorifico-as-costas-para-alertar-sobre-demencia\/#breadcrumb\"},\"inLanguage\":\"pt-PT\",\"potentialAction\":[{\"@type\":\"ReadAction\",\"target\":[\"https:\/\/portaltela.pt\/noticias\/2026\/05\/01\/correu-maratona-de-londres-com-frigorifico-as-costas-para-alertar-sobre-demencia\/\"]}]},{\"@type\":\"ImageObject\",\"inLanguage\":\"pt-PT\",\"@id\":\"https:\/\/portaltela.pt\/noticias\/2026\/05\/01\/correu-maratona-de-londres-com-frigorifico-as-costas-para-alertar-sobre-demencia\/#primaryimage\",\"url\":\"https:\/\/portaltela.pt\/s.01k8rhncp4jt1\/2026\/05\/image-25.jpg\",\"contentUrl\":\"https:\/\/portaltela.pt\/s.01k8rhncp4jt1\/2026\/05\/image-25.jpg\",\"width\":796,\"height\":448,\"caption\":\"Jordan Adams correu a Maratona de Londres com um frigor\u00edfico de 25 quilos \u00e0s costas\"},{\"@type\":\"BreadcrumbList\",\"@id\":\"https:\/\/portaltela.pt\/noticias\/2026\/05\/01\/correu-maratona-de-londres-com-frigorifico-as-costas-para-alertar-sobre-demencia\/#breadcrumb\",\"itemListElement\":[{\"@type\":\"ListItem\",\"position\":1,\"name\":\"In\u00edcio\",\"item\":\"https:\/\/portaltela.pt\/\"},{\"@type\":\"ListItem\",\"position\":2,\"name\":\"Correu Maratona de Londres com frigor\u00edfico \u00e0s costas para alertar sobre dem\u00eancia\"}]},{\"@type\":\"WebSite\",\"@id\":\"https:\/\/portaltela.pt\/#website\",\"url\":\"https:\/\/portaltela.pt\/\",\"name\":\"Portal Tela Portugal\",\"description\":\"\",\"potentialAction\":[{\"@type\":\"SearchAction\",\"target\":{\"@type\":\"EntryPoint\",\"urlTemplate\":\"https:\/\/portaltela.pt\/?s={search_term_string}\"},\"query-input\":{\"@type\":\"PropertyValueSpecification\",\"valueRequired\":true,\"valueName\":\"search_term_string\"}}],\"inLanguage\":\"pt-PT\"},{\"@type\":\"Person\",\"@id\":\"https:\/\/portaltela.pt\/#\/schema\/person\/c4278d4a6028830caff9ee44b42d32ed\",\"name\":\"Telinha\",\"image\":{\"@type\":\"ImageObject\",\"inLanguage\":\"pt-PT\",\"@id\":\"https:\/\/portaltela.pt\/s.01k8rhncp4jt1\/2025\/11\/talking-bot-125x125.png\",\"url\":\"https:\/\/portaltela.pt\/s.01k8rhncp4jt1\/2025\/11\/talking-bot-125x125.png\",\"contentUrl\":\"https:\/\/portaltela.pt\/s.01k8rhncp4jt1\/2025\/11\/talking-bot-125x125.png\",\"caption\":\"Telinha\"},\"sameAs\":[\"https:\/\/portaltela.pt\/\"],\"url\":\"https:\/\/portaltela.pt\/por\/367410592786\/\"}]}<\/script>\n<!-- \/ Yoast SEO plugin. -->","yoast_head_json":{"title":"Correu Maratona de Londres com frigor\u00edfico \u00e0s costas para alertar sobre dem\u00eancia - Portal Tela Portugal","robots":{"index":"index","follow":"follow","max-snippet":"max-snippet:-1","max-image-preview":"max-image-preview:large","max-video-preview":"max-video-preview:-1"},"og_locale":"pt_PT","og_type":"article","og_title":"Correu Maratona de Londres com frigor\u00edfico \u00e0s costas para alertar sobre dem\u00eancia - Portal Tela Portugal","og_description":"Jordan Adams (trinta anos) e o irm\u00e3o Cian (vinte e cinco), conhecidos como os irm\u00e3os FTD, correm 32 maratonas em 32 dias pela ilha, com chegada prevista a Dublin a 28 de maio. Na Maratona de Londres, Jordan correu com um frigor\u00edfico \u00e0s costas, s\u00edmbolo do fardo pesado da dem\u00eancia frontotemporal, para alertar sobre a doen\u00e7a. A m\u00e3e, Geraldine, foi diagnosticada em 2010; Jordan descobriu ter a muta\u00e7\u00e3o MAPT, com probabilidade de 99,9% de desenvolver dem\u00eancia de in\u00edcio precoce, tal como o irm\u00e3o. Os irm\u00e3os pretendem angariar um milh\u00e3o de libras para a investiga\u00e7\u00e3o da doen\u00e7a de Alzheimer; j\u00e1 passaram de 700 mil libras (808 mil euros). Metade do valor dever\u00e1 ser doada \u00e0 Alzheimer\u2019s Society of Ireland, numa regi\u00e3o onde se estima que, at\u00e9 2050, haja cerca de 150 mil pessoas com dem\u00eancia.","og_url":"https:\/\/portaltela.pt\/noticias\/2026\/05\/01\/correu-maratona-de-londres-com-frigorifico-as-costas-para-alertar-sobre-demencia\/","og_site_name":"Portal Tela Portugal","article_published_time":"2026-05-01T13:18:32+00:00","author":"Telinha","twitter_card":"summary_large_image","twitter_misc":{"Escrito por":"Telinha","Tempo estimado de leitura":"2 minutos"},"schema":{"@context":"https:\/\/schema.org","@graph":[{"@type":"Article","@id":"https:\/\/portaltela.pt\/noticias\/2026\/05\/01\/correu-maratona-de-londres-com-frigorifico-as-costas-para-alertar-sobre-demencia\/#article","isPartOf":{"@id":"https:\/\/portaltela.pt\/noticias\/2026\/05\/01\/correu-maratona-de-londres-com-frigorifico-as-costas-para-alertar-sobre-demencia\/"},"author":{"name":"Telinha","@id":"https:\/\/portaltela.pt\/#\/schema\/person\/c4278d4a6028830caff9ee44b42d32ed"},"headline":"Correu Maratona de Londres com frigor\u00edfico \u00e0s costas para alertar sobre dem\u00eancia","datePublished":"2026-05-01T13:18:32+00:00","mainEntityOfPage":{"@id":"https:\/\/portaltela.pt\/noticias\/2026\/05\/01\/correu-maratona-de-londres-com-frigorifico-as-costas-para-alertar-sobre-demencia\/"},"wordCount":366,"image":{"@id":"https:\/\/portaltela.pt\/noticias\/2026\/05\/01\/correu-maratona-de-londres-com-frigorifico-as-costas-para-alertar-sobre-demencia\/#primaryimage"},"thumbnailUrl":"https:\/\/portaltela.pt\/s.01k8rhncp4jt1\/2026\/05\/image-25.jpg","keywords":["_a\u00e7\u00e3o humanit\u00e1ria","_a\u00e7\u00e3o social","_Alzheimer Portugal","_dem\u00eancia","_Reino Unido","_sa\u00fade"],"articleSection":["Not\u00edcias","Sa\u00fade"],"inLanguage":"pt-PT"},{"@type":"WebPage","@id":"https:\/\/portaltela.pt\/noticias\/2026\/05\/01\/correu-maratona-de-londres-com-frigorifico-as-costas-para-alertar-sobre-demencia\/","url":"https:\/\/portaltela.pt\/noticias\/2026\/05\/01\/correu-maratona-de-londres-com-frigorifico-as-costas-para-alertar-sobre-demencia\/","name":"Correu Maratona de Londres com frigor\u00edfico \u00e0s costas para alertar sobre dem\u00eancia - Portal Tela Portugal","isPartOf":{"@id":"https:\/\/portaltela.pt\/#website"},"primaryImageOfPage":{"@id":"https:\/\/portaltela.pt\/noticias\/2026\/05\/01\/correu-maratona-de-londres-com-frigorifico-as-costas-para-alertar-sobre-demencia\/#primaryimage"},"image":{"@id":"https:\/\/portaltela.pt\/noticias\/2026\/05\/01\/correu-maratona-de-londres-com-frigorifico-as-costas-para-alertar-sobre-demencia\/#primaryimage"},"thumbnailUrl":"https:\/\/portaltela.pt\/s.01k8rhncp4jt1\/2026\/05\/image-25.jpg","datePublished":"2026-05-01T13:18:32+00:00","author":{"@id":"https:\/\/portaltela.pt\/#\/schema\/person\/c4278d4a6028830caff9ee44b42d32ed"},"breadcrumb":{"@id":"https:\/\/portaltela.pt\/noticias\/2026\/05\/01\/correu-maratona-de-londres-com-frigorifico-as-costas-para-alertar-sobre-demencia\/#breadcrumb"},"inLanguage":"pt-PT","potentialAction":[{"@type":"ReadAction","target":["https:\/\/portaltela.pt\/noticias\/2026\/05\/01\/correu-maratona-de-londres-com-frigorifico-as-costas-para-alertar-sobre-demencia\/"]}]},{"@type":"ImageObject","inLanguage":"pt-PT","@id":"https:\/\/portaltela.pt\/noticias\/2026\/05\/01\/correu-maratona-de-londres-com-frigorifico-as-costas-para-alertar-sobre-demencia\/#primaryimage","url":"https:\/\/portaltela.pt\/s.01k8rhncp4jt1\/2026\/05\/image-25.jpg","contentUrl":"https:\/\/portaltela.pt\/s.01k8rhncp4jt1\/2026\/05\/image-25.jpg","width":796,"height":448,"caption":"Jordan Adams correu a Maratona de Londres com um frigor\u00edfico de 25 quilos \u00e0s costas"},{"@type":"BreadcrumbList","@id":"https:\/\/portaltela.pt\/noticias\/2026\/05\/01\/correu-maratona-de-londres-com-frigorifico-as-costas-para-alertar-sobre-demencia\/#breadcrumb","itemListElement":[{"@type":"ListItem","position":1,"name":"In\u00edcio","item":"https:\/\/portaltela.pt\/"},{"@type":"ListItem","position":2,"name":"Correu Maratona de Londres com frigor\u00edfico \u00e0s costas para alertar sobre dem\u00eancia"}]},{"@type":"WebSite","@id":"https:\/\/portaltela.pt\/#website","url":"https:\/\/portaltela.pt\/","name":"Portal Tela Portugal","description":"","potentialAction":[{"@type":"SearchAction","target":{"@type":"EntryPoint","urlTemplate":"https:\/\/portaltela.pt\/?s={search_term_string}"},"query-input":{"@type":"PropertyValueSpecification","valueRequired":true,"valueName":"search_term_string"}}],"inLanguage":"pt-PT"},{"@type":"Person","@id":"https:\/\/portaltela.pt\/#\/schema\/person\/c4278d4a6028830caff9ee44b42d32ed","name":"Telinha","image":{"@type":"ImageObject","inLanguage":"pt-PT","@id":"https:\/\/portaltela.pt\/s.01k8rhncp4jt1\/2025\/11\/talking-bot-125x125.png","url":"https:\/\/portaltela.pt\/s.01k8rhncp4jt1\/2025\/11\/talking-bot-125x125.png","contentUrl":"https:\/\/portaltela.pt\/s.01k8rhncp4jt1\/2025\/11\/talking-bot-125x125.png","caption":"Telinha"},"sameAs":["https:\/\/portaltela.pt\/"],"url":"https:\/\/portaltela.pt\/por\/367410592786\/"}]}},"_links":{"self":[{"href":"https:\/\/portaltela.pt\/api\/wp\/v2\/posts\/463859","targetHints":{"allow":["GET"]}}],"collection":[{"href":"https:\/\/portaltela.pt\/api\/wp\/v2\/posts"}],"about":[{"href":"https:\/\/portaltela.pt\/api\/wp\/v2\/types\/post"}],"author":[{"embeddable":true,"href":"https:\/\/portaltela.pt\/api\/wp\/v2\/users\/2"}],"replies":[{"embeddable":true,"href":"https:\/\/portaltela.pt\/api\/wp\/v2\/comments?post=463859"}],"version-history":[{"count":0,"href":"https:\/\/portaltela.pt\/api\/wp\/v2\/posts\/463859\/revisions"}],"wp:featuredmedia":[{"embeddable":true,"href":"https:\/\/portaltela.pt\/api\/wp\/v2\/media\/463863"}],"wp:attachment":[{"href":"https:\/\/portaltela.pt\/api\/wp\/v2\/media?parent=463859"}],"wp:term":[{"taxonomy":"category","embeddable":true,"href":"https:\/\/portaltela.pt\/api\/wp\/v2\/categories?post=463859"},{"taxonomy":"post_tag","embeddable":true,"href":"https:\/\/portaltela.pt\/api\/wp\/v2\/tags?post=463859"}],"curies":[{"name":"wp","href":"https:\/\/api.w.org\/{rel}","templated":true}]}}