{"id":463853,"date":"2026-05-01T10:18:23","date_gmt":"2026-05-01T13:18:23","guid":{"rendered":"https:\/\/portaltela.pt\/noticias\/2026\/05\/01\/estresse-no-trabalho-coloca-a-saude-e-a-economia-em-risco-diz-estudo\/"},"modified":"2026-05-01T10:18:23","modified_gmt":"2026-05-01T13:18:23","slug":"estresse-no-trabalho-coloca-a-saude-e-a-economia-em-risco-diz-estudo","status":"publish","type":"post","link":"https:\/\/portaltela.pt\/saude\/2026\/05\/01\/estresse-no-trabalho-coloca-a-saude-e-a-economia-em-risco-diz-estudo\/","title":{"rendered":"Estresse no trabalho coloca a sa\u00fade e a economia em risco, diz estudo"},"content":{"rendered":"<p>O stress no trabalho n\u00e3o afecta apenas a sa\u00fade dos trabalhadores, tamb\u00e9m tem impactos econ\u00f3micos relevantes. Um relat\u00f3rio da Organiza\u00e7\u00e3o Internacional do Trabalho (OIT) aponta que mais de 840 mil pessoas morrem anualmente por problemas de sa\u00fade ligados \u00e0 tens\u00e3o laboral, como longas horas, inseguran\u00e7a no emprego e ass\u00e9dio.<\/p>\n<p>Os riscos psicossociais podem provocar depress\u00e3o, esgotamento e at\u00e9 cancros, influenciando a produtividade das empresas atrav\u00e9s de menor reten\u00e7\u00e3o de pessoal, desempenho inferior e absentismo. Embora as doen\u00e7as cardiovasculares sejam as mais mortais, as perturba\u00e7\u00f5es mentais causam mais anos de vida saud\u00e1veis perdidos, pela sua natureza cr\u00f3nica.<\/p>\n<p>Este cen\u00e1rio traduz-se numa perda estimada de 1,37% do PIB global e 1,43% na Europa e na \u00c1sia Central, a segunda regi\u00e3o mais afetada. Na Europa, quase um ter\u00e7o dos trabalhadores reconhece stress, depress\u00e3o ou ansiedade relacionados com o trabalho, com maior preval\u00eancia entre as mulheres.<\/p>\n<p>Na UE, os custos anuais da depress\u00e3o relacionada com o trabalho superam os 100 mil milh\u00f5es de euros, com mais de 80% suportados pelos empregadores. Um inqu\u00e9rito de 2025 mostra que, na Gr\u00e9cia, Chipre, Fran\u00e7a e It\u00e1lia, mais de seis em cada 10 trabalhadores receiam repercuss\u00f5es se falarem de sa\u00fade mental com o chefe.<\/p>\n<h3>Autonomia no local de trabalho<\/h3>\n<p>Outras an\u00e1lises mostram o sentimento de controlo dos europeus sobre a vida profissional. Cerca de metade dos homens e 43% das mulheres dizem ter algum controlo sobre o hor\u00e1rio de trabalho, segundo Eurofound (2025). Al\u00e9m disso, 17% dos trabalhadores UE dizem n\u00e3o ter autonomia no ritmo e nos processos.<\/p>\n<p>A rela\u00e7\u00e3o com a tecnologia tamb\u00e9m divide opini\u00f5es. A Ag\u00eancia Europeia para a Seguran\u00e7a e a Sa\u00fade no Trabalho indica que 48% veem a tecnologia a ditar o ritmo, 19% acham que reduz oportunidades de aplicar compet\u00eancias e 16% entendem que limita a tomada de decis\u00f5es.<\/p>\n<p>A fatia de tarefas de trabalho mon\u00f3tonas aumentou de 39% em 1995 para 48% em 2024 na Europa, com n\u00edveis mais elevados na agricultura (60%), nos transportes (56%) e no com\u00e9rcio\/hotelaria (53%).<\/p>\n","protected":false},"excerpt":{"rendered":"<ul>\n<li>O estudo da Organiza\u00e7\u00e3o Internacional do Trabalho (OIT) aponta que mais de 840 mil pessoas morrem anualmente por problemas de sa\u00fade relacionados com o stress no trabalho.<\/li>\n<li>A estimativa global de perda econ\u00f3mica \u00e9 de 1,37% do PIB, com a Europa e a \u00c1sia Central a responderem por 1,43%, refletindo impactos em sa\u00fade mental e f\u00edsica.<\/li>\n<li>Na Uni\u00e3o Europeia, os custos da depress\u00e3o relacionada com o trabalho ultrapassam os 100 mil milh\u00f5es de euros por ano, com os empregadores a suportar a maior parte desses encargos.<\/li>\n<li>Na Europa, quase um ter\u00e7o dos trabalhadores refere stress, depress\u00e3o ou ansiedade ligados ao trabalho; as mulheres reportam\u2011no com maior frequ\u00eancia do que os homens, e nos pa\u00edses n\u00f3rdicos \u00e9 mais comum falar com o chefe.<\/li>\n<li>Em termos de autonomia e tecnologia, metade dos homens e 43% das mulheres afirmam ter algum controlo sobre o hor\u00e1rio; 17% n\u00e3o t\u00eam autonomia; 48% dizem que a tecnologia define o ritmo de trabalho, e as tarefas mon\u00f3tonas aumentaram para 48% entre 1995 e 2024, com maior exposi\u00e7\u00e3o nos setores da agricultura, transportes e com\u00e9rcio\/hoteleria.<\/li>\n<\/ul>\n","protected":false},"author":2,"featured_media":463860,"comment_status":"closed","ping_status":"closed","sticky":false,"template":"","format":"standard","meta":{"footnotes":""},"categories":[1,6745],"tags":[6115,8004,8454,7930,8056,2557],"class_list":["post-463853","post","type-post","status-publish","format-standard","has-post-thumbnail","hentry","category-noticias","category-saude","tag-_economia","tag-_europa","tag-_saude-mental","tag-_trabalho","tag-_uniao-europeia","tag-depressao"],"yoast_head":"<!-- This site is optimized with the Yoast SEO plugin v27.2 - https:\/\/yoast.com\/product\/yoast-seo-wordpress\/ -->\n<title>Estresse no trabalho coloca a sa\u00fade e a economia em risco, diz estudo - Portal Tela Portugal<\/title>\n<meta name=\"robots\" content=\"index, follow, max-snippet:-1, max-image-preview:large, max-video-preview:-1\" \/>\n<meta property=\"og:locale\" content=\"pt_PT\" \/>\n<meta property=\"og:type\" content=\"article\" \/>\n<meta property=\"og:title\" content=\"Estresse no trabalho coloca a sa\u00fade e a economia em risco, diz estudo - Portal Tela Portugal\" \/>\n<meta property=\"og:description\" content=\"O estudo da Organiza\u00e7\u00e3o Internacional do Trabalho (OIT) aponta que mais de 840 mil pessoas morrem anualmente por problemas de sa\u00fade relacionados com o stress no trabalho. A estimativa global de perda econ\u00f3mica \u00e9 de 1,37% do PIB, com a Europa e a \u00c1sia Central a responderem por 1,43%, refletindo impactos em sa\u00fade mental e f\u00edsica. Na Uni\u00e3o Europeia, os custos da depress\u00e3o relacionada com o trabalho ultrapassam os 100 mil milh\u00f5es de euros por ano, com os empregadores a suportar a maior parte desses encargos. Na Europa, quase um ter\u00e7o dos trabalhadores refere stress, depress\u00e3o ou ansiedade ligados ao trabalho; as mulheres reportam\u2011no com maior frequ\u00eancia do que os homens, e nos pa\u00edses n\u00f3rdicos \u00e9 mais comum falar com o chefe. Em termos de autonomia e tecnologia, metade dos homens e 43% das mulheres afirmam ter algum controlo sobre o hor\u00e1rio; 17% n\u00e3o t\u00eam autonomia; 48% dizem que a tecnologia define o ritmo de trabalho, e as tarefas mon\u00f3tonas aumentaram para 48% entre 1995 e 2024, com maior exposi\u00e7\u00e3o nos setores da agricultura, transportes e com\u00e9rcio\/hoteleria.\" \/>\n<meta property=\"og:url\" content=\"https:\/\/portaltela.pt\/noticias\/2026\/05\/01\/estresse-no-trabalho-coloca-a-saude-e-a-economia-em-risco-diz-estudo\/\" \/>\n<meta property=\"og:site_name\" content=\"Portal Tela Portugal\" \/>\n<meta property=\"article:published_time\" content=\"2026-05-01T13:18:23+00:00\" \/>\n<meta name=\"author\" content=\"Telinha\" \/>\n<meta name=\"twitter:card\" content=\"summary_large_image\" \/>\n<meta name=\"twitter:label1\" content=\"Escrito por\" \/>\n\t<meta name=\"twitter:data1\" content=\"Telinha\" \/>\n\t<meta name=\"twitter:label2\" content=\"Tempo estimado de leitura\" \/>\n\t<meta name=\"twitter:data2\" content=\"2 minutos\" \/>\n<script type=\"application\/ld+json\" class=\"yoast-schema-graph\">{\"@context\":\"https:\/\/schema.org\",\"@graph\":[{\"@type\":\"Article\",\"@id\":\"https:\/\/portaltela.pt\/noticias\/2026\/05\/01\/estresse-no-trabalho-coloca-a-saude-e-a-economia-em-risco-diz-estudo\/#article\",\"isPartOf\":{\"@id\":\"https:\/\/portaltela.pt\/noticias\/2026\/05\/01\/estresse-no-trabalho-coloca-a-saude-e-a-economia-em-risco-diz-estudo\/\"},\"author\":{\"name\":\"Telinha\",\"@id\":\"https:\/\/portaltela.pt\/#\/schema\/person\/c4278d4a6028830caff9ee44b42d32ed\"},\"headline\":\"Estresse no trabalho coloca a sa\u00fade e a economia em risco, diz estudo\",\"datePublished\":\"2026-05-01T13:18:23+00:00\",\"mainEntityOfPage\":{\"@id\":\"https:\/\/portaltela.pt\/noticias\/2026\/05\/01\/estresse-no-trabalho-coloca-a-saude-e-a-economia-em-risco-diz-estudo\/\"},\"wordCount\":367,\"image\":{\"@id\":\"https:\/\/portaltela.pt\/noticias\/2026\/05\/01\/estresse-no-trabalho-coloca-a-saude-e-a-economia-em-risco-diz-estudo\/#primaryimage\"},\"thumbnailUrl\":\"https:\/\/portaltela.pt\/s.01k8rhncp4jt1\/2026\/05\/1536x864_cmsv2_fa0cf2fc-4923-5887-83d8-1b2a2705c3fd-9740595.jpg\",\"keywords\":[\"_economia\",\"_Europa\",\"_sa\u00fade mental\",\"_trabalho\",\"_Uni\u00e3o Europeia\",\"depress\u00e3o\"],\"articleSection\":[\"Not\u00edcias\",\"Sa\u00fade\"],\"inLanguage\":\"pt-PT\"},{\"@type\":\"WebPage\",\"@id\":\"https:\/\/portaltela.pt\/noticias\/2026\/05\/01\/estresse-no-trabalho-coloca-a-saude-e-a-economia-em-risco-diz-estudo\/\",\"url\":\"https:\/\/portaltela.pt\/noticias\/2026\/05\/01\/estresse-no-trabalho-coloca-a-saude-e-a-economia-em-risco-diz-estudo\/\",\"name\":\"Estresse no trabalho coloca a sa\u00fade e a economia em risco, diz estudo - Portal Tela Portugal\",\"isPartOf\":{\"@id\":\"https:\/\/portaltela.pt\/#website\"},\"primaryImageOfPage\":{\"@id\":\"https:\/\/portaltela.pt\/noticias\/2026\/05\/01\/estresse-no-trabalho-coloca-a-saude-e-a-economia-em-risco-diz-estudo\/#primaryimage\"},\"image\":{\"@id\":\"https:\/\/portaltela.pt\/noticias\/2026\/05\/01\/estresse-no-trabalho-coloca-a-saude-e-a-economia-em-risco-diz-estudo\/#primaryimage\"},\"thumbnailUrl\":\"https:\/\/portaltela.pt\/s.01k8rhncp4jt1\/2026\/05\/1536x864_cmsv2_fa0cf2fc-4923-5887-83d8-1b2a2705c3fd-9740595.jpg\",\"datePublished\":\"2026-05-01T13:18:23+00:00\",\"author\":{\"@id\":\"https:\/\/portaltela.pt\/#\/schema\/person\/c4278d4a6028830caff9ee44b42d32ed\"},\"breadcrumb\":{\"@id\":\"https:\/\/portaltela.pt\/noticias\/2026\/05\/01\/estresse-no-trabalho-coloca-a-saude-e-a-economia-em-risco-diz-estudo\/#breadcrumb\"},\"inLanguage\":\"pt-PT\",\"potentialAction\":[{\"@type\":\"ReadAction\",\"target\":[\"https:\/\/portaltela.pt\/noticias\/2026\/05\/01\/estresse-no-trabalho-coloca-a-saude-e-a-economia-em-risco-diz-estudo\/\"]}]},{\"@type\":\"ImageObject\",\"inLanguage\":\"pt-PT\",\"@id\":\"https:\/\/portaltela.pt\/noticias\/2026\/05\/01\/estresse-no-trabalho-coloca-a-saude-e-a-economia-em-risco-diz-estudo\/#primaryimage\",\"url\":\"https:\/\/portaltela.pt\/s.01k8rhncp4jt1\/2026\/05\/1536x864_cmsv2_fa0cf2fc-4923-5887-83d8-1b2a2705c3fd-9740595.jpg\",\"contentUrl\":\"https:\/\/portaltela.pt\/s.01k8rhncp4jt1\/2026\/05\/1536x864_cmsv2_fa0cf2fc-4923-5887-83d8-1b2a2705c3fd-9740595.jpg\",\"width\":796,\"height\":448,\"caption\":\"Mais de 840 000 pessoas morrem todos os anos devido a problemas de sa\u00fade relacionados com a tens\u00e3o no trabalho.\"},{\"@type\":\"BreadcrumbList\",\"@id\":\"https:\/\/portaltela.pt\/noticias\/2026\/05\/01\/estresse-no-trabalho-coloca-a-saude-e-a-economia-em-risco-diz-estudo\/#breadcrumb\",\"itemListElement\":[{\"@type\":\"ListItem\",\"position\":1,\"name\":\"In\u00edcio\",\"item\":\"https:\/\/portaltela.pt\/\"},{\"@type\":\"ListItem\",\"position\":2,\"name\":\"Estresse no trabalho coloca a sa\u00fade e a economia em risco, diz estudo\"}]},{\"@type\":\"WebSite\",\"@id\":\"https:\/\/portaltela.pt\/#website\",\"url\":\"https:\/\/portaltela.pt\/\",\"name\":\"Portal Tela Portugal\",\"description\":\"\",\"potentialAction\":[{\"@type\":\"SearchAction\",\"target\":{\"@type\":\"EntryPoint\",\"urlTemplate\":\"https:\/\/portaltela.pt\/?s={search_term_string}\"},\"query-input\":{\"@type\":\"PropertyValueSpecification\",\"valueRequired\":true,\"valueName\":\"search_term_string\"}}],\"inLanguage\":\"pt-PT\"},{\"@type\":\"Person\",\"@id\":\"https:\/\/portaltela.pt\/#\/schema\/person\/c4278d4a6028830caff9ee44b42d32ed\",\"name\":\"Telinha\",\"image\":{\"@type\":\"ImageObject\",\"inLanguage\":\"pt-PT\",\"@id\":\"https:\/\/portaltela.pt\/s.01k8rhncp4jt1\/2025\/11\/talking-bot-125x125.png\",\"url\":\"https:\/\/portaltela.pt\/s.01k8rhncp4jt1\/2025\/11\/talking-bot-125x125.png\",\"contentUrl\":\"https:\/\/portaltela.pt\/s.01k8rhncp4jt1\/2025\/11\/talking-bot-125x125.png\",\"caption\":\"Telinha\"},\"sameAs\":[\"https:\/\/portaltela.pt\/\"],\"url\":\"https:\/\/portaltela.pt\/por\/367410592786\/\"}]}<\/script>\n<!-- \/ Yoast SEO plugin. -->","yoast_head_json":{"title":"Estresse no trabalho coloca a sa\u00fade e a economia em risco, diz estudo - Portal Tela Portugal","robots":{"index":"index","follow":"follow","max-snippet":"max-snippet:-1","max-image-preview":"max-image-preview:large","max-video-preview":"max-video-preview:-1"},"og_locale":"pt_PT","og_type":"article","og_title":"Estresse no trabalho coloca a sa\u00fade e a economia em risco, diz estudo - Portal Tela Portugal","og_description":"O estudo da Organiza\u00e7\u00e3o Internacional do Trabalho (OIT) aponta que mais de 840 mil pessoas morrem anualmente por problemas de sa\u00fade relacionados com o stress no trabalho. A estimativa global de perda econ\u00f3mica \u00e9 de 1,37% do PIB, com a Europa e a \u00c1sia Central a responderem por 1,43%, refletindo impactos em sa\u00fade mental e f\u00edsica. Na Uni\u00e3o Europeia, os custos da depress\u00e3o relacionada com o trabalho ultrapassam os 100 mil milh\u00f5es de euros por ano, com os empregadores a suportar a maior parte desses encargos. Na Europa, quase um ter\u00e7o dos trabalhadores refere stress, depress\u00e3o ou ansiedade ligados ao trabalho; as mulheres reportam\u2011no com maior frequ\u00eancia do que os homens, e nos pa\u00edses n\u00f3rdicos \u00e9 mais comum falar com o chefe. Em termos de autonomia e tecnologia, metade dos homens e 43% das mulheres afirmam ter algum controlo sobre o hor\u00e1rio; 17% n\u00e3o t\u00eam autonomia; 48% dizem que a tecnologia define o ritmo de trabalho, e as tarefas mon\u00f3tonas aumentaram para 48% entre 1995 e 2024, com maior exposi\u00e7\u00e3o nos setores da agricultura, transportes e com\u00e9rcio\/hoteleria.","og_url":"https:\/\/portaltela.pt\/noticias\/2026\/05\/01\/estresse-no-trabalho-coloca-a-saude-e-a-economia-em-risco-diz-estudo\/","og_site_name":"Portal Tela Portugal","article_published_time":"2026-05-01T13:18:23+00:00","author":"Telinha","twitter_card":"summary_large_image","twitter_misc":{"Escrito por":"Telinha","Tempo estimado de leitura":"2 minutos"},"schema":{"@context":"https:\/\/schema.org","@graph":[{"@type":"Article","@id":"https:\/\/portaltela.pt\/noticias\/2026\/05\/01\/estresse-no-trabalho-coloca-a-saude-e-a-economia-em-risco-diz-estudo\/#article","isPartOf":{"@id":"https:\/\/portaltela.pt\/noticias\/2026\/05\/01\/estresse-no-trabalho-coloca-a-saude-e-a-economia-em-risco-diz-estudo\/"},"author":{"name":"Telinha","@id":"https:\/\/portaltela.pt\/#\/schema\/person\/c4278d4a6028830caff9ee44b42d32ed"},"headline":"Estresse no trabalho coloca a sa\u00fade e a economia em risco, diz estudo","datePublished":"2026-05-01T13:18:23+00:00","mainEntityOfPage":{"@id":"https:\/\/portaltela.pt\/noticias\/2026\/05\/01\/estresse-no-trabalho-coloca-a-saude-e-a-economia-em-risco-diz-estudo\/"},"wordCount":367,"image":{"@id":"https:\/\/portaltela.pt\/noticias\/2026\/05\/01\/estresse-no-trabalho-coloca-a-saude-e-a-economia-em-risco-diz-estudo\/#primaryimage"},"thumbnailUrl":"https:\/\/portaltela.pt\/s.01k8rhncp4jt1\/2026\/05\/1536x864_cmsv2_fa0cf2fc-4923-5887-83d8-1b2a2705c3fd-9740595.jpg","keywords":["_economia","_Europa","_sa\u00fade mental","_trabalho","_Uni\u00e3o Europeia","depress\u00e3o"],"articleSection":["Not\u00edcias","Sa\u00fade"],"inLanguage":"pt-PT"},{"@type":"WebPage","@id":"https:\/\/portaltela.pt\/noticias\/2026\/05\/01\/estresse-no-trabalho-coloca-a-saude-e-a-economia-em-risco-diz-estudo\/","url":"https:\/\/portaltela.pt\/noticias\/2026\/05\/01\/estresse-no-trabalho-coloca-a-saude-e-a-economia-em-risco-diz-estudo\/","name":"Estresse no trabalho coloca a sa\u00fade e a economia em risco, diz estudo - Portal Tela Portugal","isPartOf":{"@id":"https:\/\/portaltela.pt\/#website"},"primaryImageOfPage":{"@id":"https:\/\/portaltela.pt\/noticias\/2026\/05\/01\/estresse-no-trabalho-coloca-a-saude-e-a-economia-em-risco-diz-estudo\/#primaryimage"},"image":{"@id":"https:\/\/portaltela.pt\/noticias\/2026\/05\/01\/estresse-no-trabalho-coloca-a-saude-e-a-economia-em-risco-diz-estudo\/#primaryimage"},"thumbnailUrl":"https:\/\/portaltela.pt\/s.01k8rhncp4jt1\/2026\/05\/1536x864_cmsv2_fa0cf2fc-4923-5887-83d8-1b2a2705c3fd-9740595.jpg","datePublished":"2026-05-01T13:18:23+00:00","author":{"@id":"https:\/\/portaltela.pt\/#\/schema\/person\/c4278d4a6028830caff9ee44b42d32ed"},"breadcrumb":{"@id":"https:\/\/portaltela.pt\/noticias\/2026\/05\/01\/estresse-no-trabalho-coloca-a-saude-e-a-economia-em-risco-diz-estudo\/#breadcrumb"},"inLanguage":"pt-PT","potentialAction":[{"@type":"ReadAction","target":["https:\/\/portaltela.pt\/noticias\/2026\/05\/01\/estresse-no-trabalho-coloca-a-saude-e-a-economia-em-risco-diz-estudo\/"]}]},{"@type":"ImageObject","inLanguage":"pt-PT","@id":"https:\/\/portaltela.pt\/noticias\/2026\/05\/01\/estresse-no-trabalho-coloca-a-saude-e-a-economia-em-risco-diz-estudo\/#primaryimage","url":"https:\/\/portaltela.pt\/s.01k8rhncp4jt1\/2026\/05\/1536x864_cmsv2_fa0cf2fc-4923-5887-83d8-1b2a2705c3fd-9740595.jpg","contentUrl":"https:\/\/portaltela.pt\/s.01k8rhncp4jt1\/2026\/05\/1536x864_cmsv2_fa0cf2fc-4923-5887-83d8-1b2a2705c3fd-9740595.jpg","width":796,"height":448,"caption":"Mais de 840 000 pessoas morrem todos os anos devido a problemas de sa\u00fade relacionados com a tens\u00e3o no trabalho."},{"@type":"BreadcrumbList","@id":"https:\/\/portaltela.pt\/noticias\/2026\/05\/01\/estresse-no-trabalho-coloca-a-saude-e-a-economia-em-risco-diz-estudo\/#breadcrumb","itemListElement":[{"@type":"ListItem","position":1,"name":"In\u00edcio","item":"https:\/\/portaltela.pt\/"},{"@type":"ListItem","position":2,"name":"Estresse no trabalho coloca a sa\u00fade e a economia em risco, diz estudo"}]},{"@type":"WebSite","@id":"https:\/\/portaltela.pt\/#website","url":"https:\/\/portaltela.pt\/","name":"Portal Tela Portugal","description":"","potentialAction":[{"@type":"SearchAction","target":{"@type":"EntryPoint","urlTemplate":"https:\/\/portaltela.pt\/?s={search_term_string}"},"query-input":{"@type":"PropertyValueSpecification","valueRequired":true,"valueName":"search_term_string"}}],"inLanguage":"pt-PT"},{"@type":"Person","@id":"https:\/\/portaltela.pt\/#\/schema\/person\/c4278d4a6028830caff9ee44b42d32ed","name":"Telinha","image":{"@type":"ImageObject","inLanguage":"pt-PT","@id":"https:\/\/portaltela.pt\/s.01k8rhncp4jt1\/2025\/11\/talking-bot-125x125.png","url":"https:\/\/portaltela.pt\/s.01k8rhncp4jt1\/2025\/11\/talking-bot-125x125.png","contentUrl":"https:\/\/portaltela.pt\/s.01k8rhncp4jt1\/2025\/11\/talking-bot-125x125.png","caption":"Telinha"},"sameAs":["https:\/\/portaltela.pt\/"],"url":"https:\/\/portaltela.pt\/por\/367410592786\/"}]}},"_links":{"self":[{"href":"https:\/\/portaltela.pt\/api\/wp\/v2\/posts\/463853","targetHints":{"allow":["GET"]}}],"collection":[{"href":"https:\/\/portaltela.pt\/api\/wp\/v2\/posts"}],"about":[{"href":"https:\/\/portaltela.pt\/api\/wp\/v2\/types\/post"}],"author":[{"embeddable":true,"href":"https:\/\/portaltela.pt\/api\/wp\/v2\/users\/2"}],"replies":[{"embeddable":true,"href":"https:\/\/portaltela.pt\/api\/wp\/v2\/comments?post=463853"}],"version-history":[{"count":0,"href":"https:\/\/portaltela.pt\/api\/wp\/v2\/posts\/463853\/revisions"}],"wp:featuredmedia":[{"embeddable":true,"href":"https:\/\/portaltela.pt\/api\/wp\/v2\/media\/463860"}],"wp:attachment":[{"href":"https:\/\/portaltela.pt\/api\/wp\/v2\/media?parent=463853"}],"wp:term":[{"taxonomy":"category","embeddable":true,"href":"https:\/\/portaltela.pt\/api\/wp\/v2\/categories?post=463853"},{"taxonomy":"post_tag","embeddable":true,"href":"https:\/\/portaltela.pt\/api\/wp\/v2\/tags?post=463853"}],"curies":[{"name":"wp","href":"https:\/\/api.w.org\/{rel}","templated":true}]}}