{"id":463847,"date":"2026-05-01T10:03:51","date_gmt":"2026-05-01T13:03:51","guid":{"rendered":"https:\/\/portaltela.pt\/noticias\/2026\/05\/01\/chequia-regresso-do-comboio-direto-praga-copenhaga\/"},"modified":"2026-05-01T10:03:51","modified_gmt":"2026-05-01T13:03:51","slug":"chequia-regresso-do-comboio-direto-praga-copenhaga","status":"publish","type":"post","link":"https:\/\/portaltela.pt\/noticias\/internacional\/2026\/05\/01\/chequia-regresso-do-comboio-direto-praga-copenhaga\/","title":{"rendered":"Ch\u00e9quia: regresso do comboio direto Praga-Copenhaga"},"content":{"rendered":"<p>Uma nova liga\u00e7\u00e3o ferrovi\u00e1ria direta liga Praga a Hamburgo, com prolongamento at\u00e9 Copenhaga, passando por Berlim e Dresden. A opera\u00e7\u00e3o representa a primeira liga\u00e7\u00e3o direta entre estas cidades em mais de uma d\u00e9cada, sem transbordos entre v\u00e1rias regi\u00f5es da Europa.<\/p>\n<p>A iniciativa envolve a \u010cD, a maior operadora da Rep\u00fablica Checa, a Deutsche Bahn e a DSB. Dois servi\u00e7os di\u00e1rios partem de Praga Hlavn\u00ed N\u00e1dra\u017e\u00ed com destino a Hamburgo, tendo um deles continua\u00e7\u00e3o at\u00e9 Copenhaga. As paradas em Dresden e Berlim tornam a rota atractiva tanto para turismo quanto para neg\u00f3cios.<\/p>\n<p>As partidas ocorrem ao nascer do dia, \u00e0s 6h30 e 10h30, e existe um servi\u00e7o adicional \u00e0s 16h30 durante o ver\u00e3o. A linha tornou-se vi\u00e1vel ap\u00f3s a moderniza\u00e7\u00e3o da liga\u00e7\u00e3o Berlim-Hamburgo, conclu\u00edda recentemente. Os comboios viajam ao longo de uma rota integrada entre tr\u00eas pa\u00edses.<\/p>\n<h3>Viagem r\u00e1pida e conforto a bordo<\/h3>\n<p>O trajeto direto Praga-Hamburgo demora 6 horas e 41 minutos, enquanto Praga-Copenhaga ultrapassa as 13 horas, com velocidades de at\u00e9 230 km\/h. Os comboios ComfortJet podem transportar at\u00e9 555 passageiros, oferecendo restaurante, Wi-Fi, espa\u00e7o para bicicletas e cinema infantil.<\/p>\n<p>A infraestrutura m\u00f3vel inclui elevadores para cadeiras de rodas e janelas radiotransparentes que melhoram a rece\u00e7\u00e3o de rede m\u00f3vel a bordo. Esta liga\u00e7\u00e3o \u00e9 uma das primeiras a ser lan\u00e7ada no \u00e2mbito de projetos-piloto da Uni\u00e3o Europeia para refor\u00e7ar a mobilidade transfronteiri\u00e7a.<\/p>\n<h3>Repercuss\u00e3o e contexto europeu<\/h3>\n<p>A imprensa europeia destaca a liga\u00e7\u00e3o como exemplo de integra\u00e7\u00e3o ferrovi\u00e1ria crescente na regi\u00e3o. O respons\u00e1vel pela DB para transporte de longo curso sublinhou que o caminho-de-ferro aproxima a Europa e responde \u00e0 procura por viagens internacionais com dura\u00e7\u00e3o superior a quatro horas.<\/p>\n<p>A Comiss\u00e3o Europeia, atrav\u00e9s do comiss\u00e1rio Apostolos Tzitzikostas, saudou o projeto como um progresso para uma Europa mais interligada e sustent\u00e1vel. A rota Praga-Hamburgo-Copenhaga surge pouco depois da inaugura\u00e7\u00e3o Berlim-Paris e precede a rota M\u00fcnich-Mil\u00e3o-Roma prevista para dezembro.<\/p>\n<p>Os bilhetes para a nova rota j\u00e1 est\u00e3o dispon\u00edveis em bilheteiras internacionais, bem como nas lojas online e aplica\u00e7\u00f5es m\u00f3veis das tr\u00eas operadoras envolvidas.<\/p>\n","protected":false},"excerpt":{"rendered":"<ul>\n<li>Foi inaugurada uma liga\u00e7\u00e3o direta entre Praga e Hamburgo, com extens\u00e3o at\u00e9 Copenhaga, operada pela \u010cD em parceria com a Deutsche Bahn e a Danske Statsbaner.<\/li>\n<li>A \u010cD passou a operar dois servi\u00e7os di\u00e1rios de Praga (Hlavn\u00ed N\u00e1dra\u017e\u00ed) a Hamburgo, com um deles continuando at\u00e9 Copenhaga; as liga\u00e7\u00f5es passam por Dresden e Berlim.<\/li>\n<li>As partidas s\u00e3o \u00e0s 6h30 e 10h30, com um servi\u00e7o adicional \u00e0s 16h30 no ver\u00e3o. A viagem Praga-Hamburgo dura cerca de 6h41; Praga-Copenhaga leva pouco mais de 13 horas.<\/li>\n<li>Os comboios ComfortJet acomodam at\u00e9 555 passageiros e oferecem restaurante, Wi\u2011Fi, espa\u00e7o para bicicletas, cinema infantil e acessibilidade, com janelas radiotransparentes.<\/li>\n<li>O projeto \u00e9 um dos dez pilotos da Comiss\u00e3o Europeia para promover liga\u00e7\u00f5es ferrovi\u00e1rias transfronteiri\u00e7as na Europa, recebendo elogios de representantes da DB e da UE.<\/li>\n<\/ul>\n","protected":false},"author":2,"featured_media":463849,"comment_status":"closed","ping_status":"closed","sticky":false,"template":"","format":"standard","meta":{"footnotes":""},"categories":[6912,4],"tags":[8158,8609,8004,8020,8287,9806],"class_list":["post-463847","post","type-post","status-publish","format-standard","has-post-thumbnail","hentry","category-internacionais","category-internacional","tag-_circulacao-internacional","tag-_comboios","tag-_europa","tag-_mobilidade","tag-_transporte","tag-_transporte-internacional"],"yoast_head":"<!-- This site is optimized with the Yoast SEO plugin v27.2 - https:\/\/yoast.com\/product\/yoast-seo-wordpress\/ -->\n<title>Ch\u00e9quia: regresso do comboio direto Praga-Copenhaga - Portal Tela Portugal<\/title>\n<meta name=\"robots\" content=\"index, follow, max-snippet:-1, max-image-preview:large, max-video-preview:-1\" \/>\n<meta property=\"og:locale\" content=\"pt_PT\" \/>\n<meta property=\"og:type\" content=\"article\" \/>\n<meta property=\"og:title\" content=\"Ch\u00e9quia: regresso do comboio direto Praga-Copenhaga - Portal Tela Portugal\" \/>\n<meta property=\"og:description\" content=\"Foi inaugurada uma liga\u00e7\u00e3o direta entre Praga e Hamburgo, com extens\u00e3o at\u00e9 Copenhaga, operada pela \u010cD em parceria com a Deutsche Bahn e a Danske Statsbaner. A \u010cD passou a operar dois servi\u00e7os di\u00e1rios de Praga (Hlavn\u00ed N\u00e1dra\u017e\u00ed) a Hamburgo, com um deles continuando at\u00e9 Copenhaga; as liga\u00e7\u00f5es passam por Dresden e Berlim. As partidas s\u00e3o \u00e0s 6h30 e 10h30, com um servi\u00e7o adicional \u00e0s 16h30 no ver\u00e3o. A viagem Praga-Hamburgo dura cerca de 6h41; Praga-Copenhaga leva pouco mais de 13 horas. Os comboios ComfortJet acomodam at\u00e9 555 passageiros e oferecem restaurante, Wi\u2011Fi, espa\u00e7o para bicicletas, cinema infantil e acessibilidade, com janelas radiotransparentes. O projeto \u00e9 um dos dez pilotos da Comiss\u00e3o Europeia para promover liga\u00e7\u00f5es ferrovi\u00e1rias transfronteiri\u00e7as na Europa, recebendo elogios de representantes da DB e da UE.\" \/>\n<meta property=\"og:url\" content=\"https:\/\/portaltela.pt\/noticias\/2026\/05\/01\/chequia-regresso-do-comboio-direto-praga-copenhaga\/\" \/>\n<meta property=\"og:site_name\" content=\"Portal Tela Portugal\" \/>\n<meta property=\"article:published_time\" content=\"2026-05-01T13:03:51+00:00\" \/>\n<meta name=\"author\" content=\"Telinha\" \/>\n<meta name=\"twitter:card\" content=\"summary_large_image\" \/>\n<meta name=\"twitter:label1\" content=\"Escrito por\" \/>\n\t<meta name=\"twitter:data1\" content=\"Telinha\" \/>\n\t<meta name=\"twitter:label2\" content=\"Tempo estimado de leitura\" \/>\n\t<meta name=\"twitter:data2\" content=\"2 minutos\" \/>\n<script type=\"application\/ld+json\" class=\"yoast-schema-graph\">{\"@context\":\"https:\/\/schema.org\",\"@graph\":[{\"@type\":\"Article\",\"@id\":\"https:\/\/portaltela.pt\/noticias\/2026\/05\/01\/chequia-regresso-do-comboio-direto-praga-copenhaga\/#article\",\"isPartOf\":{\"@id\":\"https:\/\/portaltela.pt\/noticias\/2026\/05\/01\/chequia-regresso-do-comboio-direto-praga-copenhaga\/\"},\"author\":{\"name\":\"Telinha\",\"@id\":\"https:\/\/portaltela.pt\/#\/schema\/person\/c4278d4a6028830caff9ee44b42d32ed\"},\"headline\":\"Ch\u00e9quia: regresso do comboio direto Praga-Copenhaga\",\"datePublished\":\"2026-05-01T13:03:51+00:00\",\"mainEntityOfPage\":{\"@id\":\"https:\/\/portaltela.pt\/noticias\/2026\/05\/01\/chequia-regresso-do-comboio-direto-praga-copenhaga\/\"},\"wordCount\":384,\"image\":{\"@id\":\"https:\/\/portaltela.pt\/noticias\/2026\/05\/01\/chequia-regresso-do-comboio-direto-praga-copenhaga\/#primaryimage\"},\"thumbnailUrl\":\"https:\/\/portaltela.pt\/s.01k8rhncp4jt1\/2026\/05\/1536x864_cmsv2_4f2de795-6804-538c-9a9b-4afb02b0c40d-9743616.jpg\",\"keywords\":[\"_circula\u00e7\u00e3o internacional\",\"_comboios\",\"_Europa\",\"_mobilidade\",\"_transporte\",\"_transporte internacional\"],\"articleSection\":[\"Internacionais\",\"Internacional\"],\"inLanguage\":\"pt-PT\"},{\"@type\":\"WebPage\",\"@id\":\"https:\/\/portaltela.pt\/noticias\/2026\/05\/01\/chequia-regresso-do-comboio-direto-praga-copenhaga\/\",\"url\":\"https:\/\/portaltela.pt\/noticias\/2026\/05\/01\/chequia-regresso-do-comboio-direto-praga-copenhaga\/\",\"name\":\"Ch\u00e9quia: regresso do comboio direto Praga-Copenhaga - Portal Tela Portugal\",\"isPartOf\":{\"@id\":\"https:\/\/portaltela.pt\/#website\"},\"primaryImageOfPage\":{\"@id\":\"https:\/\/portaltela.pt\/noticias\/2026\/05\/01\/chequia-regresso-do-comboio-direto-praga-copenhaga\/#primaryimage\"},\"image\":{\"@id\":\"https:\/\/portaltela.pt\/noticias\/2026\/05\/01\/chequia-regresso-do-comboio-direto-praga-copenhaga\/#primaryimage\"},\"thumbnailUrl\":\"https:\/\/portaltela.pt\/s.01k8rhncp4jt1\/2026\/05\/1536x864_cmsv2_4f2de795-6804-538c-9a9b-4afb02b0c40d-9743616.jpg\",\"datePublished\":\"2026-05-01T13:03:51+00:00\",\"author\":{\"@id\":\"https:\/\/portaltela.pt\/#\/schema\/person\/c4278d4a6028830caff9ee44b42d32ed\"},\"breadcrumb\":{\"@id\":\"https:\/\/portaltela.pt\/noticias\/2026\/05\/01\/chequia-regresso-do-comboio-direto-praga-copenhaga\/#breadcrumb\"},\"inLanguage\":\"pt-PT\",\"potentialAction\":[{\"@type\":\"ReadAction\",\"target\":[\"https:\/\/portaltela.pt\/noticias\/2026\/05\/01\/chequia-regresso-do-comboio-direto-praga-copenhaga\/\"]}]},{\"@type\":\"ImageObject\",\"inLanguage\":\"pt-PT\",\"@id\":\"https:\/\/portaltela.pt\/noticias\/2026\/05\/01\/chequia-regresso-do-comboio-direto-praga-copenhaga\/#primaryimage\",\"url\":\"https:\/\/portaltela.pt\/s.01k8rhncp4jt1\/2026\/05\/1536x864_cmsv2_4f2de795-6804-538c-9a9b-4afb02b0c40d-9743616.jpg\",\"contentUrl\":\"https:\/\/portaltela.pt\/s.01k8rhncp4jt1\/2026\/05\/1536x864_cmsv2_4f2de795-6804-538c-9a9b-4afb02b0c40d-9743616.jpg\",\"width\":796,\"height\":448,\"caption\":\"Principal esta\u00e7\u00e3o ferrovi\u00e1ria de Praga\"},{\"@type\":\"BreadcrumbList\",\"@id\":\"https:\/\/portaltela.pt\/noticias\/2026\/05\/01\/chequia-regresso-do-comboio-direto-praga-copenhaga\/#breadcrumb\",\"itemListElement\":[{\"@type\":\"ListItem\",\"position\":1,\"name\":\"In\u00edcio\",\"item\":\"https:\/\/portaltela.pt\/\"},{\"@type\":\"ListItem\",\"position\":2,\"name\":\"Ch\u00e9quia: regresso do comboio direto Praga-Copenhaga\"}]},{\"@type\":\"WebSite\",\"@id\":\"https:\/\/portaltela.pt\/#website\",\"url\":\"https:\/\/portaltela.pt\/\",\"name\":\"Portal Tela Portugal\",\"description\":\"\",\"potentialAction\":[{\"@type\":\"SearchAction\",\"target\":{\"@type\":\"EntryPoint\",\"urlTemplate\":\"https:\/\/portaltela.pt\/?s={search_term_string}\"},\"query-input\":{\"@type\":\"PropertyValueSpecification\",\"valueRequired\":true,\"valueName\":\"search_term_string\"}}],\"inLanguage\":\"pt-PT\"},{\"@type\":\"Person\",\"@id\":\"https:\/\/portaltela.pt\/#\/schema\/person\/c4278d4a6028830caff9ee44b42d32ed\",\"name\":\"Telinha\",\"image\":{\"@type\":\"ImageObject\",\"inLanguage\":\"pt-PT\",\"@id\":\"https:\/\/portaltela.pt\/s.01k8rhncp4jt1\/2025\/11\/talking-bot-125x125.png\",\"url\":\"https:\/\/portaltela.pt\/s.01k8rhncp4jt1\/2025\/11\/talking-bot-125x125.png\",\"contentUrl\":\"https:\/\/portaltela.pt\/s.01k8rhncp4jt1\/2025\/11\/talking-bot-125x125.png\",\"caption\":\"Telinha\"},\"sameAs\":[\"https:\/\/portaltela.pt\/\"],\"url\":\"https:\/\/portaltela.pt\/por\/367410592786\/\"}]}<\/script>\n<!-- \/ Yoast SEO plugin. -->","yoast_head_json":{"title":"Ch\u00e9quia: regresso do comboio direto Praga-Copenhaga - Portal Tela Portugal","robots":{"index":"index","follow":"follow","max-snippet":"max-snippet:-1","max-image-preview":"max-image-preview:large","max-video-preview":"max-video-preview:-1"},"og_locale":"pt_PT","og_type":"article","og_title":"Ch\u00e9quia: regresso do comboio direto Praga-Copenhaga - Portal Tela Portugal","og_description":"Foi inaugurada uma liga\u00e7\u00e3o direta entre Praga e Hamburgo, com extens\u00e3o at\u00e9 Copenhaga, operada pela \u010cD em parceria com a Deutsche Bahn e a Danske Statsbaner. A \u010cD passou a operar dois servi\u00e7os di\u00e1rios de Praga (Hlavn\u00ed N\u00e1dra\u017e\u00ed) a Hamburgo, com um deles continuando at\u00e9 Copenhaga; as liga\u00e7\u00f5es passam por Dresden e Berlim. As partidas s\u00e3o \u00e0s 6h30 e 10h30, com um servi\u00e7o adicional \u00e0s 16h30 no ver\u00e3o. A viagem Praga-Hamburgo dura cerca de 6h41; Praga-Copenhaga leva pouco mais de 13 horas. Os comboios ComfortJet acomodam at\u00e9 555 passageiros e oferecem restaurante, Wi\u2011Fi, espa\u00e7o para bicicletas, cinema infantil e acessibilidade, com janelas radiotransparentes. O projeto \u00e9 um dos dez pilotos da Comiss\u00e3o Europeia para promover liga\u00e7\u00f5es ferrovi\u00e1rias transfronteiri\u00e7as na Europa, recebendo elogios de representantes da DB e da UE.","og_url":"https:\/\/portaltela.pt\/noticias\/2026\/05\/01\/chequia-regresso-do-comboio-direto-praga-copenhaga\/","og_site_name":"Portal Tela Portugal","article_published_time":"2026-05-01T13:03:51+00:00","author":"Telinha","twitter_card":"summary_large_image","twitter_misc":{"Escrito por":"Telinha","Tempo estimado de leitura":"2 minutos"},"schema":{"@context":"https:\/\/schema.org","@graph":[{"@type":"Article","@id":"https:\/\/portaltela.pt\/noticias\/2026\/05\/01\/chequia-regresso-do-comboio-direto-praga-copenhaga\/#article","isPartOf":{"@id":"https:\/\/portaltela.pt\/noticias\/2026\/05\/01\/chequia-regresso-do-comboio-direto-praga-copenhaga\/"},"author":{"name":"Telinha","@id":"https:\/\/portaltela.pt\/#\/schema\/person\/c4278d4a6028830caff9ee44b42d32ed"},"headline":"Ch\u00e9quia: regresso do comboio direto Praga-Copenhaga","datePublished":"2026-05-01T13:03:51+00:00","mainEntityOfPage":{"@id":"https:\/\/portaltela.pt\/noticias\/2026\/05\/01\/chequia-regresso-do-comboio-direto-praga-copenhaga\/"},"wordCount":384,"image":{"@id":"https:\/\/portaltela.pt\/noticias\/2026\/05\/01\/chequia-regresso-do-comboio-direto-praga-copenhaga\/#primaryimage"},"thumbnailUrl":"https:\/\/portaltela.pt\/s.01k8rhncp4jt1\/2026\/05\/1536x864_cmsv2_4f2de795-6804-538c-9a9b-4afb02b0c40d-9743616.jpg","keywords":["_circula\u00e7\u00e3o internacional","_comboios","_Europa","_mobilidade","_transporte","_transporte internacional"],"articleSection":["Internacionais","Internacional"],"inLanguage":"pt-PT"},{"@type":"WebPage","@id":"https:\/\/portaltela.pt\/noticias\/2026\/05\/01\/chequia-regresso-do-comboio-direto-praga-copenhaga\/","url":"https:\/\/portaltela.pt\/noticias\/2026\/05\/01\/chequia-regresso-do-comboio-direto-praga-copenhaga\/","name":"Ch\u00e9quia: regresso do comboio direto Praga-Copenhaga - Portal Tela Portugal","isPartOf":{"@id":"https:\/\/portaltela.pt\/#website"},"primaryImageOfPage":{"@id":"https:\/\/portaltela.pt\/noticias\/2026\/05\/01\/chequia-regresso-do-comboio-direto-praga-copenhaga\/#primaryimage"},"image":{"@id":"https:\/\/portaltela.pt\/noticias\/2026\/05\/01\/chequia-regresso-do-comboio-direto-praga-copenhaga\/#primaryimage"},"thumbnailUrl":"https:\/\/portaltela.pt\/s.01k8rhncp4jt1\/2026\/05\/1536x864_cmsv2_4f2de795-6804-538c-9a9b-4afb02b0c40d-9743616.jpg","datePublished":"2026-05-01T13:03:51+00:00","author":{"@id":"https:\/\/portaltela.pt\/#\/schema\/person\/c4278d4a6028830caff9ee44b42d32ed"},"breadcrumb":{"@id":"https:\/\/portaltela.pt\/noticias\/2026\/05\/01\/chequia-regresso-do-comboio-direto-praga-copenhaga\/#breadcrumb"},"inLanguage":"pt-PT","potentialAction":[{"@type":"ReadAction","target":["https:\/\/portaltela.pt\/noticias\/2026\/05\/01\/chequia-regresso-do-comboio-direto-praga-copenhaga\/"]}]},{"@type":"ImageObject","inLanguage":"pt-PT","@id":"https:\/\/portaltela.pt\/noticias\/2026\/05\/01\/chequia-regresso-do-comboio-direto-praga-copenhaga\/#primaryimage","url":"https:\/\/portaltela.pt\/s.01k8rhncp4jt1\/2026\/05\/1536x864_cmsv2_4f2de795-6804-538c-9a9b-4afb02b0c40d-9743616.jpg","contentUrl":"https:\/\/portaltela.pt\/s.01k8rhncp4jt1\/2026\/05\/1536x864_cmsv2_4f2de795-6804-538c-9a9b-4afb02b0c40d-9743616.jpg","width":796,"height":448,"caption":"Principal esta\u00e7\u00e3o ferrovi\u00e1ria de Praga"},{"@type":"BreadcrumbList","@id":"https:\/\/portaltela.pt\/noticias\/2026\/05\/01\/chequia-regresso-do-comboio-direto-praga-copenhaga\/#breadcrumb","itemListElement":[{"@type":"ListItem","position":1,"name":"In\u00edcio","item":"https:\/\/portaltela.pt\/"},{"@type":"ListItem","position":2,"name":"Ch\u00e9quia: regresso do comboio direto Praga-Copenhaga"}]},{"@type":"WebSite","@id":"https:\/\/portaltela.pt\/#website","url":"https:\/\/portaltela.pt\/","name":"Portal Tela Portugal","description":"","potentialAction":[{"@type":"SearchAction","target":{"@type":"EntryPoint","urlTemplate":"https:\/\/portaltela.pt\/?s={search_term_string}"},"query-input":{"@type":"PropertyValueSpecification","valueRequired":true,"valueName":"search_term_string"}}],"inLanguage":"pt-PT"},{"@type":"Person","@id":"https:\/\/portaltela.pt\/#\/schema\/person\/c4278d4a6028830caff9ee44b42d32ed","name":"Telinha","image":{"@type":"ImageObject","inLanguage":"pt-PT","@id":"https:\/\/portaltela.pt\/s.01k8rhncp4jt1\/2025\/11\/talking-bot-125x125.png","url":"https:\/\/portaltela.pt\/s.01k8rhncp4jt1\/2025\/11\/talking-bot-125x125.png","contentUrl":"https:\/\/portaltela.pt\/s.01k8rhncp4jt1\/2025\/11\/talking-bot-125x125.png","caption":"Telinha"},"sameAs":["https:\/\/portaltela.pt\/"],"url":"https:\/\/portaltela.pt\/por\/367410592786\/"}]}},"_links":{"self":[{"href":"https:\/\/portaltela.pt\/api\/wp\/v2\/posts\/463847","targetHints":{"allow":["GET"]}}],"collection":[{"href":"https:\/\/portaltela.pt\/api\/wp\/v2\/posts"}],"about":[{"href":"https:\/\/portaltela.pt\/api\/wp\/v2\/types\/post"}],"author":[{"embeddable":true,"href":"https:\/\/portaltela.pt\/api\/wp\/v2\/users\/2"}],"replies":[{"embeddable":true,"href":"https:\/\/portaltela.pt\/api\/wp\/v2\/comments?post=463847"}],"version-history":[{"count":0,"href":"https:\/\/portaltela.pt\/api\/wp\/v2\/posts\/463847\/revisions"}],"wp:featuredmedia":[{"embeddable":true,"href":"https:\/\/portaltela.pt\/api\/wp\/v2\/media\/463849"}],"wp:attachment":[{"href":"https:\/\/portaltela.pt\/api\/wp\/v2\/media?parent=463847"}],"wp:term":[{"taxonomy":"category","embeddable":true,"href":"https:\/\/portaltela.pt\/api\/wp\/v2\/categories?post=463847"},{"taxonomy":"post_tag","embeddable":true,"href":"https:\/\/portaltela.pt\/api\/wp\/v2\/tags?post=463847"}],"curies":[{"name":"wp","href":"https:\/\/api.w.org\/{rel}","templated":true}]}}