{"id":463842,"date":"2026-05-01T10:03:42","date_gmt":"2026-05-01T13:03:42","guid":{"rendered":"https:\/\/portaltela.pt\/noticias\/2026\/05\/01\/carlos-iii-encerra-visita-de-estado-dos-eua-com-homenagem-em-arlington\/"},"modified":"2026-05-01T10:03:42","modified_gmt":"2026-05-01T13:03:42","slug":"carlos-iii-encerra-visita-de-estado-dos-eua-com-homenagem-em-arlington","status":"publish","type":"post","link":"https:\/\/portaltela.pt\/noticias\/politica\/2026\/05\/01\/carlos-iii-encerra-visita-de-estado-dos-eua-com-homenagem-em-arlington\/","title":{"rendered":"Carlos III encerra visita de Estado dos EUA com homenagem em Arlington"},"content":{"rendered":"<p>O Rei Carlos III encerrou na quinta-feira a visita de Estado de quatro dias aos Estados Unidos, partindo da Joint Base Andrews, em Maryland, ap\u00f3s uma agenda marcada por apari\u00e7\u00f5es p\u00fablicas e compromissos oficiais.<\/p>\n<p>No \u00faltimo dia, Carlos III prestou homenagem no Cemit\u00e9rio Nacional de Arlington e integrou uma block party em Front Royal, Virg\u00ednia, para celebrar os 250 anos da independ\u00eancia norte\u2011americana. Multid\u00f5es acompanharam o desfile, com a participa\u00e7\u00e3o de a Rainha Camila.<\/p>\n<p>A viagem terminou com uma despedida formal ao lado do presidente Donald Trump, antes do monarca rumar \u00e0s Bermudas, onde realizou a primeira visita oficial naquele territ\u00f3rio ultramarino.<\/p>\n<h3>Despedida e desdobramentos<\/h3>\n<p>O roteiro da visita incluiu momentos de protocolo e encontros com autoridades locais nas tr\u00eas jurisdi\u00e7\u00f5es, consolidando la\u00e7os entre o Reino Unido e os EUA durante o periodo.<\/p>\n","protected":false},"excerpt":{"rendered":"<ul>\n<li>O Rei Carlos III terminou uma visita de Estado de quatro dias aos Estados Unidos, saindo da Joint Base Andrews, em Maryland.<\/li>\n<\/ul>\n<p>\u2022<\/p>\n<ul>\n<li>No \u00faltimo dia, prestou homenagem no Cemit\u00e9rio Nacional de Arlington.<\/li>\n<\/ul>\n<p>\u2022<\/p>\n<ul>\n<li>Participou numa festa de rua, a &#8220;block party&#8221;, em Front Royal, Virg\u00ednia, que celebrou os 250 anos da independ\u00eancia dos EUA.<\/li>\n<\/ul>\n<p>\u2022<\/p>\n<ul>\n<li>Multid\u00f5es saudaram o rei e a rainha Camila durante o desfile e as festividades.<\/li>\n<\/ul>\n<p>\u2022<\/p>\n<ul>\n<li>A visita terminou com uma despedida formal ao lado do presidente dos Estados Unidos, Donald Trump, antes de seguir para as Bermudas, territ\u00f3rio brit\u00e2nico ultramarino.<\/li>\n<\/ul>\n","protected":false},"author":2,"featured_media":463846,"comment_status":"closed","ping_status":"closed","sticky":false,"template":"","format":"standard","meta":{"footnotes":""},"categories":[6912,5],"tags":[7991,7944,7986,8101,7946,8250],"class_list":["post-463842","post","type-post","status-publish","format-standard","has-post-thumbnail","hentry","category-internacionais","category-politica","tag-_cooperacao-internacional","tag-_diplomacia","tag-_estados-unidos","tag-_reino-unido","tag-_relacoes-internacionais","tag-_viagens"],"yoast_head":"<!-- This site is optimized with the Yoast SEO plugin v27.2 - https:\/\/yoast.com\/product\/yoast-seo-wordpress\/ -->\n<title>Carlos III encerra visita de Estado dos EUA com homenagem em Arlington - Portal Tela Portugal<\/title>\n<meta name=\"robots\" content=\"index, follow, max-snippet:-1, max-image-preview:large, max-video-preview:-1\" \/>\n<meta property=\"og:locale\" content=\"pt_PT\" \/>\n<meta property=\"og:type\" content=\"article\" \/>\n<meta property=\"og:title\" content=\"Carlos III encerra visita de Estado dos EUA com homenagem em Arlington - Portal Tela Portugal\" \/>\n<meta property=\"og:description\" content=\"O Rei Carlos III terminou uma visita de Estado de quatro dias aos Estados Unidos, saindo da Joint Base Andrews, em Maryland. \u2022 No \u00faltimo dia, prestou homenagem no Cemit\u00e9rio Nacional de Arlington. \u2022 Participou numa festa de rua, a &quot;block party&quot;, em Front Royal, Virg\u00ednia, que celebrou os 250 anos da independ\u00eancia dos EUA. \u2022 Multid\u00f5es saudaram o rei e a rainha Camila durante o desfile e as festividades. \u2022 A visita terminou com uma despedida formal ao lado do presidente dos Estados Unidos, Donald Trump, antes de seguir para as Bermudas, territ\u00f3rio brit\u00e2nico ultramarino.\" \/>\n<meta property=\"og:url\" content=\"https:\/\/portaltela.pt\/noticias\/2026\/05\/01\/carlos-iii-encerra-visita-de-estado-dos-eua-com-homenagem-em-arlington\/\" \/>\n<meta property=\"og:site_name\" content=\"Portal Tela Portugal\" \/>\n<meta property=\"article:published_time\" content=\"2026-05-01T13:03:42+00:00\" \/>\n<meta name=\"author\" content=\"Telinha\" \/>\n<meta name=\"twitter:card\" content=\"summary_large_image\" \/>\n<meta name=\"twitter:label1\" content=\"Escrito por\" \/>\n\t<meta name=\"twitter:data1\" content=\"Telinha\" \/>\n\t<meta name=\"twitter:label2\" content=\"Tempo estimado de leitura\" \/>\n\t<meta name=\"twitter:data2\" content=\"1 minuto\" \/>\n<script type=\"application\/ld+json\" class=\"yoast-schema-graph\">{\"@context\":\"https:\/\/schema.org\",\"@graph\":[{\"@type\":\"Article\",\"@id\":\"https:\/\/portaltela.pt\/noticias\/2026\/05\/01\/carlos-iii-encerra-visita-de-estado-dos-eua-com-homenagem-em-arlington\/#article\",\"isPartOf\":{\"@id\":\"https:\/\/portaltela.pt\/noticias\/2026\/05\/01\/carlos-iii-encerra-visita-de-estado-dos-eua-com-homenagem-em-arlington\/\"},\"author\":{\"name\":\"Telinha\",\"@id\":\"https:\/\/portaltela.pt\/#\/schema\/person\/c4278d4a6028830caff9ee44b42d32ed\"},\"headline\":\"Carlos III encerra visita de Estado dos EUA com homenagem em Arlington\",\"datePublished\":\"2026-05-01T13:03:42+00:00\",\"mainEntityOfPage\":{\"@id\":\"https:\/\/portaltela.pt\/noticias\/2026\/05\/01\/carlos-iii-encerra-visita-de-estado-dos-eua-com-homenagem-em-arlington\/\"},\"wordCount\":157,\"image\":{\"@id\":\"https:\/\/portaltela.pt\/noticias\/2026\/05\/01\/carlos-iii-encerra-visita-de-estado-dos-eua-com-homenagem-em-arlington\/#primaryimage\"},\"thumbnailUrl\":\"https:\/\/portaltela.pt\/s.01k8rhncp4jt1\/2026\/05\/1536x864_cmsv2_3d73bb5d-f584-5fa0-a196-6705d288a0d8-9743040.jpg\",\"keywords\":[\"_coopera\u00e7\u00e3o internacional\",\"_diplomacia\",\"_Estados Unidos\",\"_Reino Unido\",\"_rela\u00e7\u00f5es internacionais\",\"_viagens\"],\"articleSection\":[\"Internacionais\",\"Pol\u00edtica\"],\"inLanguage\":\"pt-PT\"},{\"@type\":\"WebPage\",\"@id\":\"https:\/\/portaltela.pt\/noticias\/2026\/05\/01\/carlos-iii-encerra-visita-de-estado-dos-eua-com-homenagem-em-arlington\/\",\"url\":\"https:\/\/portaltela.pt\/noticias\/2026\/05\/01\/carlos-iii-encerra-visita-de-estado-dos-eua-com-homenagem-em-arlington\/\",\"name\":\"Carlos III encerra visita de Estado dos EUA com homenagem em Arlington - Portal Tela Portugal\",\"isPartOf\":{\"@id\":\"https:\/\/portaltela.pt\/#website\"},\"primaryImageOfPage\":{\"@id\":\"https:\/\/portaltela.pt\/noticias\/2026\/05\/01\/carlos-iii-encerra-visita-de-estado-dos-eua-com-homenagem-em-arlington\/#primaryimage\"},\"image\":{\"@id\":\"https:\/\/portaltela.pt\/noticias\/2026\/05\/01\/carlos-iii-encerra-visita-de-estado-dos-eua-com-homenagem-em-arlington\/#primaryimage\"},\"thumbnailUrl\":\"https:\/\/portaltela.pt\/s.01k8rhncp4jt1\/2026\/05\/1536x864_cmsv2_3d73bb5d-f584-5fa0-a196-6705d288a0d8-9743040.jpg\",\"datePublished\":\"2026-05-01T13:03:42+00:00\",\"author\":{\"@id\":\"https:\/\/portaltela.pt\/#\/schema\/person\/c4278d4a6028830caff9ee44b42d32ed\"},\"breadcrumb\":{\"@id\":\"https:\/\/portaltela.pt\/noticias\/2026\/05\/01\/carlos-iii-encerra-visita-de-estado-dos-eua-com-homenagem-em-arlington\/#breadcrumb\"},\"inLanguage\":\"pt-PT\",\"potentialAction\":[{\"@type\":\"ReadAction\",\"target\":[\"https:\/\/portaltela.pt\/noticias\/2026\/05\/01\/carlos-iii-encerra-visita-de-estado-dos-eua-com-homenagem-em-arlington\/\"]}]},{\"@type\":\"ImageObject\",\"inLanguage\":\"pt-PT\",\"@id\":\"https:\/\/portaltela.pt\/noticias\/2026\/05\/01\/carlos-iii-encerra-visita-de-estado-dos-eua-com-homenagem-em-arlington\/#primaryimage\",\"url\":\"https:\/\/portaltela.pt\/s.01k8rhncp4jt1\/2026\/05\/1536x864_cmsv2_3d73bb5d-f584-5fa0-a196-6705d288a0d8-9743040.jpg\",\"contentUrl\":\"https:\/\/portaltela.pt\/s.01k8rhncp4jt1\/2026\/05\/1536x864_cmsv2_3d73bb5d-f584-5fa0-a196-6705d288a0d8-9743040.jpg\",\"width\":796,\"height\":448,\"caption\":\"Rei Carlos III do Reino Unido e rainha Camila participam num desfile e numa festa de rua, na quinta-feira, 30 de abril de 2026, em Front Royal, Virg\u00ednia\"},{\"@type\":\"BreadcrumbList\",\"@id\":\"https:\/\/portaltela.pt\/noticias\/2026\/05\/01\/carlos-iii-encerra-visita-de-estado-dos-eua-com-homenagem-em-arlington\/#breadcrumb\",\"itemListElement\":[{\"@type\":\"ListItem\",\"position\":1,\"name\":\"In\u00edcio\",\"item\":\"https:\/\/portaltela.pt\/\"},{\"@type\":\"ListItem\",\"position\":2,\"name\":\"Carlos III encerra visita de Estado dos EUA com homenagem em Arlington\"}]},{\"@type\":\"WebSite\",\"@id\":\"https:\/\/portaltela.pt\/#website\",\"url\":\"https:\/\/portaltela.pt\/\",\"name\":\"Portal Tela Portugal\",\"description\":\"\",\"potentialAction\":[{\"@type\":\"SearchAction\",\"target\":{\"@type\":\"EntryPoint\",\"urlTemplate\":\"https:\/\/portaltela.pt\/?s={search_term_string}\"},\"query-input\":{\"@type\":\"PropertyValueSpecification\",\"valueRequired\":true,\"valueName\":\"search_term_string\"}}],\"inLanguage\":\"pt-PT\"},{\"@type\":\"Person\",\"@id\":\"https:\/\/portaltela.pt\/#\/schema\/person\/c4278d4a6028830caff9ee44b42d32ed\",\"name\":\"Telinha\",\"image\":{\"@type\":\"ImageObject\",\"inLanguage\":\"pt-PT\",\"@id\":\"https:\/\/portaltela.pt\/s.01k8rhncp4jt1\/2025\/11\/talking-bot-125x125.png\",\"url\":\"https:\/\/portaltela.pt\/s.01k8rhncp4jt1\/2025\/11\/talking-bot-125x125.png\",\"contentUrl\":\"https:\/\/portaltela.pt\/s.01k8rhncp4jt1\/2025\/11\/talking-bot-125x125.png\",\"caption\":\"Telinha\"},\"sameAs\":[\"https:\/\/portaltela.pt\/\"],\"url\":\"https:\/\/portaltela.pt\/por\/367410592786\/\"}]}<\/script>\n<!-- \/ Yoast SEO plugin. -->","yoast_head_json":{"title":"Carlos III encerra visita de Estado dos EUA com homenagem em Arlington - Portal Tela Portugal","robots":{"index":"index","follow":"follow","max-snippet":"max-snippet:-1","max-image-preview":"max-image-preview:large","max-video-preview":"max-video-preview:-1"},"og_locale":"pt_PT","og_type":"article","og_title":"Carlos III encerra visita de Estado dos EUA com homenagem em Arlington - Portal Tela Portugal","og_description":"O Rei Carlos III terminou uma visita de Estado de quatro dias aos Estados Unidos, saindo da Joint Base Andrews, em Maryland. \u2022 No \u00faltimo dia, prestou homenagem no Cemit\u00e9rio Nacional de Arlington. \u2022 Participou numa festa de rua, a \"block party\", em Front Royal, Virg\u00ednia, que celebrou os 250 anos da independ\u00eancia dos EUA. \u2022 Multid\u00f5es saudaram o rei e a rainha Camila durante o desfile e as festividades. \u2022 A visita terminou com uma despedida formal ao lado do presidente dos Estados Unidos, Donald Trump, antes de seguir para as Bermudas, territ\u00f3rio brit\u00e2nico ultramarino.","og_url":"https:\/\/portaltela.pt\/noticias\/2026\/05\/01\/carlos-iii-encerra-visita-de-estado-dos-eua-com-homenagem-em-arlington\/","og_site_name":"Portal Tela Portugal","article_published_time":"2026-05-01T13:03:42+00:00","author":"Telinha","twitter_card":"summary_large_image","twitter_misc":{"Escrito por":"Telinha","Tempo estimado de leitura":"1 minuto"},"schema":{"@context":"https:\/\/schema.org","@graph":[{"@type":"Article","@id":"https:\/\/portaltela.pt\/noticias\/2026\/05\/01\/carlos-iii-encerra-visita-de-estado-dos-eua-com-homenagem-em-arlington\/#article","isPartOf":{"@id":"https:\/\/portaltela.pt\/noticias\/2026\/05\/01\/carlos-iii-encerra-visita-de-estado-dos-eua-com-homenagem-em-arlington\/"},"author":{"name":"Telinha","@id":"https:\/\/portaltela.pt\/#\/schema\/person\/c4278d4a6028830caff9ee44b42d32ed"},"headline":"Carlos III encerra visita de Estado dos EUA com homenagem em Arlington","datePublished":"2026-05-01T13:03:42+00:00","mainEntityOfPage":{"@id":"https:\/\/portaltela.pt\/noticias\/2026\/05\/01\/carlos-iii-encerra-visita-de-estado-dos-eua-com-homenagem-em-arlington\/"},"wordCount":157,"image":{"@id":"https:\/\/portaltela.pt\/noticias\/2026\/05\/01\/carlos-iii-encerra-visita-de-estado-dos-eua-com-homenagem-em-arlington\/#primaryimage"},"thumbnailUrl":"https:\/\/portaltela.pt\/s.01k8rhncp4jt1\/2026\/05\/1536x864_cmsv2_3d73bb5d-f584-5fa0-a196-6705d288a0d8-9743040.jpg","keywords":["_coopera\u00e7\u00e3o internacional","_diplomacia","_Estados Unidos","_Reino Unido","_rela\u00e7\u00f5es internacionais","_viagens"],"articleSection":["Internacionais","Pol\u00edtica"],"inLanguage":"pt-PT"},{"@type":"WebPage","@id":"https:\/\/portaltela.pt\/noticias\/2026\/05\/01\/carlos-iii-encerra-visita-de-estado-dos-eua-com-homenagem-em-arlington\/","url":"https:\/\/portaltela.pt\/noticias\/2026\/05\/01\/carlos-iii-encerra-visita-de-estado-dos-eua-com-homenagem-em-arlington\/","name":"Carlos III encerra visita de Estado dos EUA com homenagem em Arlington - Portal Tela Portugal","isPartOf":{"@id":"https:\/\/portaltela.pt\/#website"},"primaryImageOfPage":{"@id":"https:\/\/portaltela.pt\/noticias\/2026\/05\/01\/carlos-iii-encerra-visita-de-estado-dos-eua-com-homenagem-em-arlington\/#primaryimage"},"image":{"@id":"https:\/\/portaltela.pt\/noticias\/2026\/05\/01\/carlos-iii-encerra-visita-de-estado-dos-eua-com-homenagem-em-arlington\/#primaryimage"},"thumbnailUrl":"https:\/\/portaltela.pt\/s.01k8rhncp4jt1\/2026\/05\/1536x864_cmsv2_3d73bb5d-f584-5fa0-a196-6705d288a0d8-9743040.jpg","datePublished":"2026-05-01T13:03:42+00:00","author":{"@id":"https:\/\/portaltela.pt\/#\/schema\/person\/c4278d4a6028830caff9ee44b42d32ed"},"breadcrumb":{"@id":"https:\/\/portaltela.pt\/noticias\/2026\/05\/01\/carlos-iii-encerra-visita-de-estado-dos-eua-com-homenagem-em-arlington\/#breadcrumb"},"inLanguage":"pt-PT","potentialAction":[{"@type":"ReadAction","target":["https:\/\/portaltela.pt\/noticias\/2026\/05\/01\/carlos-iii-encerra-visita-de-estado-dos-eua-com-homenagem-em-arlington\/"]}]},{"@type":"ImageObject","inLanguage":"pt-PT","@id":"https:\/\/portaltela.pt\/noticias\/2026\/05\/01\/carlos-iii-encerra-visita-de-estado-dos-eua-com-homenagem-em-arlington\/#primaryimage","url":"https:\/\/portaltela.pt\/s.01k8rhncp4jt1\/2026\/05\/1536x864_cmsv2_3d73bb5d-f584-5fa0-a196-6705d288a0d8-9743040.jpg","contentUrl":"https:\/\/portaltela.pt\/s.01k8rhncp4jt1\/2026\/05\/1536x864_cmsv2_3d73bb5d-f584-5fa0-a196-6705d288a0d8-9743040.jpg","width":796,"height":448,"caption":"Rei Carlos III do Reino Unido e rainha Camila participam num desfile e numa festa de rua, na quinta-feira, 30 de abril de 2026, em Front Royal, Virg\u00ednia"},{"@type":"BreadcrumbList","@id":"https:\/\/portaltela.pt\/noticias\/2026\/05\/01\/carlos-iii-encerra-visita-de-estado-dos-eua-com-homenagem-em-arlington\/#breadcrumb","itemListElement":[{"@type":"ListItem","position":1,"name":"In\u00edcio","item":"https:\/\/portaltela.pt\/"},{"@type":"ListItem","position":2,"name":"Carlos III encerra visita de Estado dos EUA com homenagem em Arlington"}]},{"@type":"WebSite","@id":"https:\/\/portaltela.pt\/#website","url":"https:\/\/portaltela.pt\/","name":"Portal Tela Portugal","description":"","potentialAction":[{"@type":"SearchAction","target":{"@type":"EntryPoint","urlTemplate":"https:\/\/portaltela.pt\/?s={search_term_string}"},"query-input":{"@type":"PropertyValueSpecification","valueRequired":true,"valueName":"search_term_string"}}],"inLanguage":"pt-PT"},{"@type":"Person","@id":"https:\/\/portaltela.pt\/#\/schema\/person\/c4278d4a6028830caff9ee44b42d32ed","name":"Telinha","image":{"@type":"ImageObject","inLanguage":"pt-PT","@id":"https:\/\/portaltela.pt\/s.01k8rhncp4jt1\/2025\/11\/talking-bot-125x125.png","url":"https:\/\/portaltela.pt\/s.01k8rhncp4jt1\/2025\/11\/talking-bot-125x125.png","contentUrl":"https:\/\/portaltela.pt\/s.01k8rhncp4jt1\/2025\/11\/talking-bot-125x125.png","caption":"Telinha"},"sameAs":["https:\/\/portaltela.pt\/"],"url":"https:\/\/portaltela.pt\/por\/367410592786\/"}]}},"_links":{"self":[{"href":"https:\/\/portaltela.pt\/api\/wp\/v2\/posts\/463842","targetHints":{"allow":["GET"]}}],"collection":[{"href":"https:\/\/portaltela.pt\/api\/wp\/v2\/posts"}],"about":[{"href":"https:\/\/portaltela.pt\/api\/wp\/v2\/types\/post"}],"author":[{"embeddable":true,"href":"https:\/\/portaltela.pt\/api\/wp\/v2\/users\/2"}],"replies":[{"embeddable":true,"href":"https:\/\/portaltela.pt\/api\/wp\/v2\/comments?post=463842"}],"version-history":[{"count":0,"href":"https:\/\/portaltela.pt\/api\/wp\/v2\/posts\/463842\/revisions"}],"wp:featuredmedia":[{"embeddable":true,"href":"https:\/\/portaltela.pt\/api\/wp\/v2\/media\/463846"}],"wp:attachment":[{"href":"https:\/\/portaltela.pt\/api\/wp\/v2\/media?parent=463842"}],"wp:term":[{"taxonomy":"category","embeddable":true,"href":"https:\/\/portaltela.pt\/api\/wp\/v2\/categories?post=463842"},{"taxonomy":"post_tag","embeddable":true,"href":"https:\/\/portaltela.pt\/api\/wp\/v2\/tags?post=463842"}],"curies":[{"name":"wp","href":"https:\/\/api.w.org\/{rel}","templated":true}]}}