{"id":463825,"date":"2026-05-01T09:48:07","date_gmt":"2026-05-01T12:48:07","guid":{"rendered":"https:\/\/portaltela.pt\/noticias\/2026\/05\/01\/acordo-comercial-ue-mercosul-entra-em-vigor-provisoriamente\/"},"modified":"2026-05-01T09:48:07","modified_gmt":"2026-05-01T12:48:07","slug":"acordo-comercial-ue-mercosul-entra-em-vigor-provisoriamente","status":"publish","type":"post","link":"https:\/\/portaltela.pt\/noticias\/economia\/2026\/05\/01\/acordo-comercial-ue-mercosul-entra-em-vigor-provisoriamente\/","title":{"rendered":"Acordo comercial UE-Mercosul entra em vigor provisoriamente"},"content":{"rendered":"<p>Ap\u00f3s mais de 25 anos de negocia\u00e7\u00f5es, o acordo comercial entre a Uni\u00e3o Europeia e o Mercosul entrou em vigor provis\u00f3rio nesta sexta-feira. A medida foi anunciada pela presidente da Comiss\u00e3o Europeia, Ursula von der Leyen, apesar de uma impugna\u00e7\u00e3o judicial no Tribunal de Justi\u00e7a da UE. O objetivo \u00e9 mostrar benef\u00edcios concretos do acordo.<\/p>\n<p>O texto elimina a maioria dos direitos aduaneiros entre as partes, criando uma zona de com\u00e9rcio livre que abrange mais de 700 milh\u00f5es de pessoas. A titular da UE disse que foram tidos em conta sensibilidades leg\u00edtimas ao avan\u00e7ar com a aplica\u00e7\u00e3o provis\u00f3ria. A expectativa \u00e9 que a videoconfer\u00eancia desta sexta-feira re\u00fana von der Leyen com l\u00edderes do Mercosul.<\/p>\n<h3>Contexto e pr\u00f3ximos passos<\/h3>\n<p>Brasil, Argentina e Uruguai j\u00e1 notificaram a sua ratifica\u00e7\u00e3o, permitindo a aplica\u00e7\u00e3o provis\u00f3ria. O Paraguai tamb\u00e9m \u00e9 visto como pr\u00f3ximo a alinhar-se com o processo. A Bol\u00edvia, membro mais recente do Mercosul, n\u00e3o participou nas negocia\u00e7\u00f5es iniciais, mas pode aderir no futuro.<\/p>\n<p>A decis\u00e3o ocorre num momento de tens\u00f5es geopol\u00edticas e de press\u00e3o por parte de produtores europeus. Grupos agr\u00edcolas manifestaram-se contra o acordo, defendendo que pode afetar normas ambientais e o setor rural da UE. Em Bruxelas, agricultores bloquearam estradas em protestos anteriores.<\/p>\n<h3>Rea\u00e7\u00f5es pol\u00edticas e legais<\/h3>\n<p>Na UE, Fran\u00e7a emergiu entre os pa\u00edses cr\u00edticos, defendendo cautelas adicionais. No Parlamento Europeu, opositores apresentaram um parecer para levar a mat\u00e9ria ao Tribunal de Justi\u00e7a da Uni\u00e3o Europeia, suspendendo o acordo caso o tribunal assim decida. A comiss\u00e3o justifica que a aplica\u00e7\u00e3o provis\u00f3ria est\u00e1 em conformidade com o direito.<\/p>\n","protected":false},"excerpt":{"rendered":"<ul>\n<li>A Uni\u00e3o Europeia e o Mercosul (Argentina, Brasil, Paraguai e Uruguai) entraram em vigor a t\u00edtulo provis\u00f3rio, ap\u00f3s mais de 25 anos de negocia\u00e7\u00f5es.<\/li>\n<li>A presidente da Comiss\u00e3o Europeia, Ursula von der Leyen, avan\u00e7ou com a aplica\u00e7\u00e3o provis\u00f3ria, apesar de impugna\u00e7\u00e3o no Tribunal de Justi\u00e7a da Uni\u00e3o Europeia.<\/li>\n<li>O acordo elimina direitos aduaneiros na maioria das trocas, criando uma zona de com\u00e9rcio livre entre a UE e os pa\u00edses do Mercosul, com mais de 700 milh\u00f5es de pessoas. Brasil, Argentina e Uruguai j\u00e1 ratificaram; o Paraguai ainda n\u00e3o.<\/li>\n<li>O texto enfrenta oposi\u00e7\u00e3o de cr\u00edticos que receiam impactos ambientais e agr\u00edcolas; no Parlamento Europeu houve tentativa de remeter o acordo ao TJUE.<\/li>\n<li>O presidente brasileiro Luiz In\u00e1cio Lula da Silva celebrou o desenvolvimento; a Bol\u00edvia, membro ainda n\u00e3o participante, pode aderir no futuro.<\/li>\n<\/ul>\n","protected":false},"author":2,"featured_media":463830,"comment_status":"closed","ping_status":"closed","sticky":false,"template":"","format":"standard","meta":{"footnotes":""},"categories":[2,4],"tags":[8874,272,637,3368,2487,2055],"class_list":["post-463825","post","type-post","status-publish","format-standard","has-post-thumbnail","hentry","category-economia","category-internacional","tag-acordo","tag-acordos-internacionais","tag-assuntos-internacionais","tag-comercio-internacional","tag-europa","tag-uniao-europeia"],"yoast_head":"<!-- This site is optimized with the Yoast SEO plugin v27.2 - https:\/\/yoast.com\/product\/yoast-seo-wordpress\/ -->\n<title>Acordo comercial UE-Mercosul entra em vigor provisoriamente - Portal Tela Portugal<\/title>\n<meta name=\"robots\" content=\"index, follow, max-snippet:-1, max-image-preview:large, max-video-preview:-1\" \/>\n<meta property=\"og:locale\" content=\"pt_PT\" \/>\n<meta property=\"og:type\" content=\"article\" \/>\n<meta property=\"og:title\" content=\"Acordo comercial UE-Mercosul entra em vigor provisoriamente - Portal Tela Portugal\" \/>\n<meta property=\"og:description\" content=\"A Uni\u00e3o Europeia e o Mercosul (Argentina, Brasil, Paraguai e Uruguai) entraram em vigor a t\u00edtulo provis\u00f3rio, ap\u00f3s mais de 25 anos de negocia\u00e7\u00f5es. A presidente da Comiss\u00e3o Europeia, Ursula von der Leyen, avan\u00e7ou com a aplica\u00e7\u00e3o provis\u00f3ria, apesar de impugna\u00e7\u00e3o no Tribunal de Justi\u00e7a da Uni\u00e3o Europeia. O acordo elimina direitos aduaneiros na maioria das trocas, criando uma zona de com\u00e9rcio livre entre a UE e os pa\u00edses do Mercosul, com mais de 700 milh\u00f5es de pessoas. Brasil, Argentina e Uruguai j\u00e1 ratificaram; o Paraguai ainda n\u00e3o. O texto enfrenta oposi\u00e7\u00e3o de cr\u00edticos que receiam impactos ambientais e agr\u00edcolas; no Parlamento Europeu houve tentativa de remeter o acordo ao TJUE. O presidente brasileiro Luiz In\u00e1cio Lula da Silva celebrou o desenvolvimento; a Bol\u00edvia, membro ainda n\u00e3o participante, pode aderir no futuro.\" \/>\n<meta property=\"og:url\" content=\"https:\/\/portaltela.pt\/noticias\/2026\/05\/01\/acordo-comercial-ue-mercosul-entra-em-vigor-provisoriamente\/\" \/>\n<meta property=\"og:site_name\" content=\"Portal Tela Portugal\" \/>\n<meta property=\"article:published_time\" content=\"2026-05-01T12:48:07+00:00\" \/>\n<meta name=\"author\" content=\"Telinha\" \/>\n<meta name=\"twitter:card\" content=\"summary_large_image\" \/>\n<meta name=\"twitter:label1\" content=\"Escrito por\" \/>\n\t<meta name=\"twitter:data1\" content=\"Telinha\" \/>\n\t<meta name=\"twitter:label2\" content=\"Tempo estimado de leitura\" \/>\n\t<meta name=\"twitter:data2\" content=\"1 minuto\" \/>\n<script type=\"application\/ld+json\" class=\"yoast-schema-graph\">{\"@context\":\"https:\/\/schema.org\",\"@graph\":[{\"@type\":\"Article\",\"@id\":\"https:\/\/portaltela.pt\/noticias\/2026\/05\/01\/acordo-comercial-ue-mercosul-entra-em-vigor-provisoriamente\/#article\",\"isPartOf\":{\"@id\":\"https:\/\/portaltela.pt\/noticias\/2026\/05\/01\/acordo-comercial-ue-mercosul-entra-em-vigor-provisoriamente\/\"},\"author\":{\"name\":\"Telinha\",\"@id\":\"https:\/\/portaltela.pt\/#\/schema\/person\/c4278d4a6028830caff9ee44b42d32ed\"},\"headline\":\"Acordo comercial UE-Mercosul entra em vigor provisoriamente\",\"datePublished\":\"2026-05-01T12:48:07+00:00\",\"mainEntityOfPage\":{\"@id\":\"https:\/\/portaltela.pt\/noticias\/2026\/05\/01\/acordo-comercial-ue-mercosul-entra-em-vigor-provisoriamente\/\"},\"wordCount\":300,\"image\":{\"@id\":\"https:\/\/portaltela.pt\/noticias\/2026\/05\/01\/acordo-comercial-ue-mercosul-entra-em-vigor-provisoriamente\/#primaryimage\"},\"thumbnailUrl\":\"https:\/\/portaltela.pt\/s.01k8rhncp4jt1\/2026\/05\/1536x864_cmsv2_ebaa4cb8-3bc7-5de7-96b7-2ab9e118f474-9743365.jpg\",\"keywords\":[\"acordo\",\"acordos internacionais\",\"assuntos internacionais\",\"com\u00e9rcio internacional\",\"Europa\",\"Uni\u00e3o Europeia\"],\"articleSection\":[\"Economia\",\"Internacional\"],\"inLanguage\":\"pt-PT\"},{\"@type\":\"WebPage\",\"@id\":\"https:\/\/portaltela.pt\/noticias\/2026\/05\/01\/acordo-comercial-ue-mercosul-entra-em-vigor-provisoriamente\/\",\"url\":\"https:\/\/portaltela.pt\/noticias\/2026\/05\/01\/acordo-comercial-ue-mercosul-entra-em-vigor-provisoriamente\/\",\"name\":\"Acordo comercial UE-Mercosul entra em vigor provisoriamente - Portal Tela Portugal\",\"isPartOf\":{\"@id\":\"https:\/\/portaltela.pt\/#website\"},\"primaryImageOfPage\":{\"@id\":\"https:\/\/portaltela.pt\/noticias\/2026\/05\/01\/acordo-comercial-ue-mercosul-entra-em-vigor-provisoriamente\/#primaryimage\"},\"image\":{\"@id\":\"https:\/\/portaltela.pt\/noticias\/2026\/05\/01\/acordo-comercial-ue-mercosul-entra-em-vigor-provisoriamente\/#primaryimage\"},\"thumbnailUrl\":\"https:\/\/portaltela.pt\/s.01k8rhncp4jt1\/2026\/05\/1536x864_cmsv2_ebaa4cb8-3bc7-5de7-96b7-2ab9e118f474-9743365.jpg\",\"datePublished\":\"2026-05-01T12:48:07+00:00\",\"author\":{\"@id\":\"https:\/\/portaltela.pt\/#\/schema\/person\/c4278d4a6028830caff9ee44b42d32ed\"},\"breadcrumb\":{\"@id\":\"https:\/\/portaltela.pt\/noticias\/2026\/05\/01\/acordo-comercial-ue-mercosul-entra-em-vigor-provisoriamente\/#breadcrumb\"},\"inLanguage\":\"pt-PT\",\"potentialAction\":[{\"@type\":\"ReadAction\",\"target\":[\"https:\/\/portaltela.pt\/noticias\/2026\/05\/01\/acordo-comercial-ue-mercosul-entra-em-vigor-provisoriamente\/\"]}]},{\"@type\":\"ImageObject\",\"inLanguage\":\"pt-PT\",\"@id\":\"https:\/\/portaltela.pt\/noticias\/2026\/05\/01\/acordo-comercial-ue-mercosul-entra-em-vigor-provisoriamente\/#primaryimage\",\"url\":\"https:\/\/portaltela.pt\/s.01k8rhncp4jt1\/2026\/05\/1536x864_cmsv2_ebaa4cb8-3bc7-5de7-96b7-2ab9e118f474-9743365.jpg\",\"contentUrl\":\"https:\/\/portaltela.pt\/s.01k8rhncp4jt1\/2026\/05\/1536x864_cmsv2_ebaa4cb8-3bc7-5de7-96b7-2ab9e118f474-9743365.jpg\",\"width\":796,\"height\":448,\"caption\":\"Agricultores manifestam-se em Madrid, Espanha, contra o acordo de livre com\u00e9rcio UE-Mercosul. 11 de fevereiro de 2026\"},{\"@type\":\"BreadcrumbList\",\"@id\":\"https:\/\/portaltela.pt\/noticias\/2026\/05\/01\/acordo-comercial-ue-mercosul-entra-em-vigor-provisoriamente\/#breadcrumb\",\"itemListElement\":[{\"@type\":\"ListItem\",\"position\":1,\"name\":\"In\u00edcio\",\"item\":\"https:\/\/portaltela.pt\/\"},{\"@type\":\"ListItem\",\"position\":2,\"name\":\"Acordo comercial UE-Mercosul entra em vigor provisoriamente\"}]},{\"@type\":\"WebSite\",\"@id\":\"https:\/\/portaltela.pt\/#website\",\"url\":\"https:\/\/portaltela.pt\/\",\"name\":\"Portal Tela Portugal\",\"description\":\"\",\"potentialAction\":[{\"@type\":\"SearchAction\",\"target\":{\"@type\":\"EntryPoint\",\"urlTemplate\":\"https:\/\/portaltela.pt\/?s={search_term_string}\"},\"query-input\":{\"@type\":\"PropertyValueSpecification\",\"valueRequired\":true,\"valueName\":\"search_term_string\"}}],\"inLanguage\":\"pt-PT\"},{\"@type\":\"Person\",\"@id\":\"https:\/\/portaltela.pt\/#\/schema\/person\/c4278d4a6028830caff9ee44b42d32ed\",\"name\":\"Telinha\",\"image\":{\"@type\":\"ImageObject\",\"inLanguage\":\"pt-PT\",\"@id\":\"https:\/\/portaltela.pt\/s.01k8rhncp4jt1\/2025\/11\/talking-bot-125x125.png\",\"url\":\"https:\/\/portaltela.pt\/s.01k8rhncp4jt1\/2025\/11\/talking-bot-125x125.png\",\"contentUrl\":\"https:\/\/portaltela.pt\/s.01k8rhncp4jt1\/2025\/11\/talking-bot-125x125.png\",\"caption\":\"Telinha\"},\"sameAs\":[\"https:\/\/portaltela.pt\/\"],\"url\":\"https:\/\/portaltela.pt\/por\/367410592786\/\"}]}<\/script>\n<!-- \/ Yoast SEO plugin. -->","yoast_head_json":{"title":"Acordo comercial UE-Mercosul entra em vigor provisoriamente - Portal Tela Portugal","robots":{"index":"index","follow":"follow","max-snippet":"max-snippet:-1","max-image-preview":"max-image-preview:large","max-video-preview":"max-video-preview:-1"},"og_locale":"pt_PT","og_type":"article","og_title":"Acordo comercial UE-Mercosul entra em vigor provisoriamente - Portal Tela Portugal","og_description":"A Uni\u00e3o Europeia e o Mercosul (Argentina, Brasil, Paraguai e Uruguai) entraram em vigor a t\u00edtulo provis\u00f3rio, ap\u00f3s mais de 25 anos de negocia\u00e7\u00f5es. A presidente da Comiss\u00e3o Europeia, Ursula von der Leyen, avan\u00e7ou com a aplica\u00e7\u00e3o provis\u00f3ria, apesar de impugna\u00e7\u00e3o no Tribunal de Justi\u00e7a da Uni\u00e3o Europeia. O acordo elimina direitos aduaneiros na maioria das trocas, criando uma zona de com\u00e9rcio livre entre a UE e os pa\u00edses do Mercosul, com mais de 700 milh\u00f5es de pessoas. Brasil, Argentina e Uruguai j\u00e1 ratificaram; o Paraguai ainda n\u00e3o. O texto enfrenta oposi\u00e7\u00e3o de cr\u00edticos que receiam impactos ambientais e agr\u00edcolas; no Parlamento Europeu houve tentativa de remeter o acordo ao TJUE. O presidente brasileiro Luiz In\u00e1cio Lula da Silva celebrou o desenvolvimento; a Bol\u00edvia, membro ainda n\u00e3o participante, pode aderir no futuro.","og_url":"https:\/\/portaltela.pt\/noticias\/2026\/05\/01\/acordo-comercial-ue-mercosul-entra-em-vigor-provisoriamente\/","og_site_name":"Portal Tela Portugal","article_published_time":"2026-05-01T12:48:07+00:00","author":"Telinha","twitter_card":"summary_large_image","twitter_misc":{"Escrito por":"Telinha","Tempo estimado de leitura":"1 minuto"},"schema":{"@context":"https:\/\/schema.org","@graph":[{"@type":"Article","@id":"https:\/\/portaltela.pt\/noticias\/2026\/05\/01\/acordo-comercial-ue-mercosul-entra-em-vigor-provisoriamente\/#article","isPartOf":{"@id":"https:\/\/portaltela.pt\/noticias\/2026\/05\/01\/acordo-comercial-ue-mercosul-entra-em-vigor-provisoriamente\/"},"author":{"name":"Telinha","@id":"https:\/\/portaltela.pt\/#\/schema\/person\/c4278d4a6028830caff9ee44b42d32ed"},"headline":"Acordo comercial UE-Mercosul entra em vigor provisoriamente","datePublished":"2026-05-01T12:48:07+00:00","mainEntityOfPage":{"@id":"https:\/\/portaltela.pt\/noticias\/2026\/05\/01\/acordo-comercial-ue-mercosul-entra-em-vigor-provisoriamente\/"},"wordCount":300,"image":{"@id":"https:\/\/portaltela.pt\/noticias\/2026\/05\/01\/acordo-comercial-ue-mercosul-entra-em-vigor-provisoriamente\/#primaryimage"},"thumbnailUrl":"https:\/\/portaltela.pt\/s.01k8rhncp4jt1\/2026\/05\/1536x864_cmsv2_ebaa4cb8-3bc7-5de7-96b7-2ab9e118f474-9743365.jpg","keywords":["acordo","acordos internacionais","assuntos internacionais","com\u00e9rcio internacional","Europa","Uni\u00e3o Europeia"],"articleSection":["Economia","Internacional"],"inLanguage":"pt-PT"},{"@type":"WebPage","@id":"https:\/\/portaltela.pt\/noticias\/2026\/05\/01\/acordo-comercial-ue-mercosul-entra-em-vigor-provisoriamente\/","url":"https:\/\/portaltela.pt\/noticias\/2026\/05\/01\/acordo-comercial-ue-mercosul-entra-em-vigor-provisoriamente\/","name":"Acordo comercial UE-Mercosul entra em vigor provisoriamente - Portal Tela Portugal","isPartOf":{"@id":"https:\/\/portaltela.pt\/#website"},"primaryImageOfPage":{"@id":"https:\/\/portaltela.pt\/noticias\/2026\/05\/01\/acordo-comercial-ue-mercosul-entra-em-vigor-provisoriamente\/#primaryimage"},"image":{"@id":"https:\/\/portaltela.pt\/noticias\/2026\/05\/01\/acordo-comercial-ue-mercosul-entra-em-vigor-provisoriamente\/#primaryimage"},"thumbnailUrl":"https:\/\/portaltela.pt\/s.01k8rhncp4jt1\/2026\/05\/1536x864_cmsv2_ebaa4cb8-3bc7-5de7-96b7-2ab9e118f474-9743365.jpg","datePublished":"2026-05-01T12:48:07+00:00","author":{"@id":"https:\/\/portaltela.pt\/#\/schema\/person\/c4278d4a6028830caff9ee44b42d32ed"},"breadcrumb":{"@id":"https:\/\/portaltela.pt\/noticias\/2026\/05\/01\/acordo-comercial-ue-mercosul-entra-em-vigor-provisoriamente\/#breadcrumb"},"inLanguage":"pt-PT","potentialAction":[{"@type":"ReadAction","target":["https:\/\/portaltela.pt\/noticias\/2026\/05\/01\/acordo-comercial-ue-mercosul-entra-em-vigor-provisoriamente\/"]}]},{"@type":"ImageObject","inLanguage":"pt-PT","@id":"https:\/\/portaltela.pt\/noticias\/2026\/05\/01\/acordo-comercial-ue-mercosul-entra-em-vigor-provisoriamente\/#primaryimage","url":"https:\/\/portaltela.pt\/s.01k8rhncp4jt1\/2026\/05\/1536x864_cmsv2_ebaa4cb8-3bc7-5de7-96b7-2ab9e118f474-9743365.jpg","contentUrl":"https:\/\/portaltela.pt\/s.01k8rhncp4jt1\/2026\/05\/1536x864_cmsv2_ebaa4cb8-3bc7-5de7-96b7-2ab9e118f474-9743365.jpg","width":796,"height":448,"caption":"Agricultores manifestam-se em Madrid, Espanha, contra o acordo de livre com\u00e9rcio UE-Mercosul. 11 de fevereiro de 2026"},{"@type":"BreadcrumbList","@id":"https:\/\/portaltela.pt\/noticias\/2026\/05\/01\/acordo-comercial-ue-mercosul-entra-em-vigor-provisoriamente\/#breadcrumb","itemListElement":[{"@type":"ListItem","position":1,"name":"In\u00edcio","item":"https:\/\/portaltela.pt\/"},{"@type":"ListItem","position":2,"name":"Acordo comercial UE-Mercosul entra em vigor provisoriamente"}]},{"@type":"WebSite","@id":"https:\/\/portaltela.pt\/#website","url":"https:\/\/portaltela.pt\/","name":"Portal Tela Portugal","description":"","potentialAction":[{"@type":"SearchAction","target":{"@type":"EntryPoint","urlTemplate":"https:\/\/portaltela.pt\/?s={search_term_string}"},"query-input":{"@type":"PropertyValueSpecification","valueRequired":true,"valueName":"search_term_string"}}],"inLanguage":"pt-PT"},{"@type":"Person","@id":"https:\/\/portaltela.pt\/#\/schema\/person\/c4278d4a6028830caff9ee44b42d32ed","name":"Telinha","image":{"@type":"ImageObject","inLanguage":"pt-PT","@id":"https:\/\/portaltela.pt\/s.01k8rhncp4jt1\/2025\/11\/talking-bot-125x125.png","url":"https:\/\/portaltela.pt\/s.01k8rhncp4jt1\/2025\/11\/talking-bot-125x125.png","contentUrl":"https:\/\/portaltela.pt\/s.01k8rhncp4jt1\/2025\/11\/talking-bot-125x125.png","caption":"Telinha"},"sameAs":["https:\/\/portaltela.pt\/"],"url":"https:\/\/portaltela.pt\/por\/367410592786\/"}]}},"_links":{"self":[{"href":"https:\/\/portaltela.pt\/api\/wp\/v2\/posts\/463825","targetHints":{"allow":["GET"]}}],"collection":[{"href":"https:\/\/portaltela.pt\/api\/wp\/v2\/posts"}],"about":[{"href":"https:\/\/portaltela.pt\/api\/wp\/v2\/types\/post"}],"author":[{"embeddable":true,"href":"https:\/\/portaltela.pt\/api\/wp\/v2\/users\/2"}],"replies":[{"embeddable":true,"href":"https:\/\/portaltela.pt\/api\/wp\/v2\/comments?post=463825"}],"version-history":[{"count":0,"href":"https:\/\/portaltela.pt\/api\/wp\/v2\/posts\/463825\/revisions"}],"wp:featuredmedia":[{"embeddable":true,"href":"https:\/\/portaltela.pt\/api\/wp\/v2\/media\/463830"}],"wp:attachment":[{"href":"https:\/\/portaltela.pt\/api\/wp\/v2\/media?parent=463825"}],"wp:term":[{"taxonomy":"category","embeddable":true,"href":"https:\/\/portaltela.pt\/api\/wp\/v2\/categories?post=463825"},{"taxonomy":"post_tag","embeddable":true,"href":"https:\/\/portaltela.pt\/api\/wp\/v2\/tags?post=463825"}],"curies":[{"name":"wp","href":"https:\/\/api.w.org\/{rel}","templated":true}]}}