{"id":463819,"date":"2026-05-01T09:48:02","date_gmt":"2026-05-01T12:48:02","guid":{"rendered":"https:\/\/portaltela.pt\/noticias\/2026\/05\/01\/rui-borges-afirma-que-continuara-muito-feliz-no-sporting\/"},"modified":"2026-05-01T09:48:02","modified_gmt":"2026-05-01T12:48:02","slug":"rui-borges-afirma-que-continuara-muito-feliz-no-sporting","status":"publish","type":"post","link":"https:\/\/portaltela.pt\/desporto\/futebol\/2026\/05\/01\/rui-borges-afirma-que-continuara-muito-feliz-no-sporting\/","title":{"rendered":"Rui Borges afirma que continuar\u00e1 muito feliz no Sporting"},"content":{"rendered":"<p>Rui Borges renovou o contrato com o Sporting at\u00e9 2028, com uma op\u00e7\u00e3o de prorroga\u00e7\u00e3o que poder\u00e1 estender o v\u00ednculo. A formaliza\u00e7\u00e3o ocorreu numa cerim\u00f3nia dedicada \u00e0 assinatura do novo acordo.<\/p>\n<p>O treinador mant\u00e9m-se \u00e0 frente do futebol verde e branco, num compromisso que refor\u00e7a a continuidade do projeto t\u00e1tico em curso no clube. O neg\u00f3cio foi confirmado pela dire\u00e7\u00e3o e pelo pr\u00f3prio t\u00e9cnico durante a cerim\u00f3nia nas instala\u00e7\u00f5es do Sporting.<\/p>\n<p>Borges expressou satisfa\u00e7\u00e3o com a continuidade no clube, apontando para a import\u00e2ncia do projeto desportivo e a ambi\u00e7\u00e3o de alcan\u00e7ar metas de m\u00e9dio e longo prazo. O acordo contempla a possibilidade de uma extens\u00e3o adicional mediante condi\u00e7\u00f5es acordadas entre as partes.<\/p>\n<h3>Detalhes do contrato e pr\u00f3ximos passos<\/h3>\n<p>O v\u00ednculo vai at\u00e9 2028, com uma op\u00e7\u00e3o de prorroga\u00e7\u00e3o para mais um per\u00edodo. A cerim\u00f3nia de oficializa\u00e7\u00e3o contou com representantes da administra\u00e7\u00e3o e do staff t\u00e9cnico, que destacaram a estabilidade competitiva e a continuidade estrat\u00e9gica para a equipa principal.<\/p>\n<p>Ainda n\u00e3o foi comunicada a data de in\u00edcio plena das fun\u00e7\u00f5es sob o novo contrato, mas a renova\u00e7\u00e3o refor\u00e7a a proje\u00e7\u00e3o do clube para as temporadas seguintes, mantendo Borges como figura central do projeto desportivo.<\/p>\n","protected":false},"excerpt":{"rendered":"<ul>\n<li>Rui Borges renovou o contrato com o Sporting at\u00e9 2028, com mais uma op\u00e7\u00e3o de renova\u00e7\u00e3o.<\/li>\n<li>A renova\u00e7\u00e3o foi oficializada numa cerim\u00f3nia do clube.<\/li>\n<li>O treinador afirmou que continuar\u00e1 &#8220;muito feliz&#8221; a treinar o Sporting.<\/li>\n<li>O acordo prolonga a rela\u00e7\u00e3o entre o t\u00e9cnico e o clube por v\u00e1rios anos.<\/li>\n<\/ul>\n","protected":false},"author":2,"featured_media":463826,"comment_status":"closed","ping_status":"closed","sticky":false,"template":"","format":"standard","meta":{"footnotes":""},"categories":[21,24],"tags":[1367,152,32,2415,6802,1652],"class_list":["post-463819","post","type-post","status-publish","format-standard","has-post-thumbnail","hentry","category-desporto","category-futebol","tag-clubes","tag-desporto","tag-futebol","tag-gestao","tag-lideranca","tag-sporting"],"yoast_head":"<!-- This site is optimized with the Yoast SEO plugin v27.2 - https:\/\/yoast.com\/product\/yoast-seo-wordpress\/ -->\n<title>Rui Borges afirma que continuar\u00e1 muito feliz no Sporting - Portal Tela Portugal<\/title>\n<meta name=\"robots\" content=\"index, follow, max-snippet:-1, max-image-preview:large, max-video-preview:-1\" \/>\n<meta property=\"og:locale\" content=\"pt_PT\" \/>\n<meta property=\"og:type\" content=\"article\" \/>\n<meta property=\"og:title\" content=\"Rui Borges afirma que continuar\u00e1 muito feliz no Sporting - Portal Tela Portugal\" \/>\n<meta property=\"og:description\" content=\"Rui Borges renovou o contrato com o Sporting at\u00e9 2028, com mais uma op\u00e7\u00e3o de renova\u00e7\u00e3o. A renova\u00e7\u00e3o foi oficializada numa cerim\u00f3nia do clube. O treinador afirmou que continuar\u00e1 &quot;muito feliz&quot; a treinar o Sporting. O acordo prolonga a rela\u00e7\u00e3o entre o t\u00e9cnico e o clube por v\u00e1rios anos.\" \/>\n<meta property=\"og:url\" content=\"https:\/\/portaltela.pt\/noticias\/2026\/05\/01\/rui-borges-afirma-que-continuara-muito-feliz-no-sporting\/\" \/>\n<meta property=\"og:site_name\" content=\"Portal Tela Portugal\" \/>\n<meta property=\"article:published_time\" content=\"2026-05-01T12:48:02+00:00\" \/>\n<meta name=\"author\" content=\"Telinha\" \/>\n<meta name=\"twitter:card\" content=\"summary_large_image\" \/>\n<meta name=\"twitter:label1\" content=\"Escrito por\" \/>\n\t<meta name=\"twitter:data1\" content=\"Telinha\" \/>\n\t<meta name=\"twitter:label2\" content=\"Tempo estimado de leitura\" \/>\n\t<meta name=\"twitter:data2\" content=\"1 minuto\" \/>\n<script type=\"application\/ld+json\" class=\"yoast-schema-graph\">{\"@context\":\"https:\/\/schema.org\",\"@graph\":[{\"@type\":\"Article\",\"@id\":\"https:\/\/portaltela.pt\/noticias\/2026\/05\/01\/rui-borges-afirma-que-continuara-muito-feliz-no-sporting\/#article\",\"isPartOf\":{\"@id\":\"https:\/\/portaltela.pt\/noticias\/2026\/05\/01\/rui-borges-afirma-que-continuara-muito-feliz-no-sporting\/\"},\"author\":{\"name\":\"Telinha\",\"@id\":\"https:\/\/portaltela.pt\/#\/schema\/person\/c4278d4a6028830caff9ee44b42d32ed\"},\"headline\":\"Rui Borges afirma que continuar\u00e1 muito feliz no Sporting\",\"datePublished\":\"2026-05-01T12:48:02+00:00\",\"mainEntityOfPage\":{\"@id\":\"https:\/\/portaltela.pt\/noticias\/2026\/05\/01\/rui-borges-afirma-que-continuara-muito-feliz-no-sporting\/\"},\"wordCount\":235,\"image\":{\"@id\":\"https:\/\/portaltela.pt\/noticias\/2026\/05\/01\/rui-borges-afirma-que-continuara-muito-feliz-no-sporting\/#primaryimage\"},\"thumbnailUrl\":\"https:\/\/portaltela.pt\/s.01k8rhncp4jt1\/2026\/05\/img_1200x721uu2026-05-01-13-41-29-2436252.jpg\",\"keywords\":[\"clubes\",\"desporto\",\"futebol\",\"gest\u00e3o\",\"lideran\u00e7a\",\"Sporting\"],\"articleSection\":[\"Desporto\",\"Futebol\"],\"inLanguage\":\"pt-PT\"},{\"@type\":\"WebPage\",\"@id\":\"https:\/\/portaltela.pt\/noticias\/2026\/05\/01\/rui-borges-afirma-que-continuara-muito-feliz-no-sporting\/\",\"url\":\"https:\/\/portaltela.pt\/noticias\/2026\/05\/01\/rui-borges-afirma-que-continuara-muito-feliz-no-sporting\/\",\"name\":\"Rui Borges afirma que continuar\u00e1 muito feliz no Sporting - Portal Tela Portugal\",\"isPartOf\":{\"@id\":\"https:\/\/portaltela.pt\/#website\"},\"primaryImageOfPage\":{\"@id\":\"https:\/\/portaltela.pt\/noticias\/2026\/05\/01\/rui-borges-afirma-que-continuara-muito-feliz-no-sporting\/#primaryimage\"},\"image\":{\"@id\":\"https:\/\/portaltela.pt\/noticias\/2026\/05\/01\/rui-borges-afirma-que-continuara-muito-feliz-no-sporting\/#primaryimage\"},\"thumbnailUrl\":\"https:\/\/portaltela.pt\/s.01k8rhncp4jt1\/2026\/05\/img_1200x721uu2026-05-01-13-41-29-2436252.jpg\",\"datePublished\":\"2026-05-01T12:48:02+00:00\",\"author\":{\"@id\":\"https:\/\/portaltela.pt\/#\/schema\/person\/c4278d4a6028830caff9ee44b42d32ed\"},\"breadcrumb\":{\"@id\":\"https:\/\/portaltela.pt\/noticias\/2026\/05\/01\/rui-borges-afirma-que-continuara-muito-feliz-no-sporting\/#breadcrumb\"},\"inLanguage\":\"pt-PT\",\"potentialAction\":[{\"@type\":\"ReadAction\",\"target\":[\"https:\/\/portaltela.pt\/noticias\/2026\/05\/01\/rui-borges-afirma-que-continuara-muito-feliz-no-sporting\/\"]}]},{\"@type\":\"ImageObject\",\"inLanguage\":\"pt-PT\",\"@id\":\"https:\/\/portaltela.pt\/noticias\/2026\/05\/01\/rui-borges-afirma-que-continuara-muito-feliz-no-sporting\/#primaryimage\",\"url\":\"https:\/\/portaltela.pt\/s.01k8rhncp4jt1\/2026\/05\/img_1200x721uu2026-05-01-13-41-29-2436252.jpg\",\"contentUrl\":\"https:\/\/portaltela.pt\/s.01k8rhncp4jt1\/2026\/05\/img_1200x721uu2026-05-01-13-41-29-2436252.jpg\",\"width\":796,\"height\":448,\"caption\":\"Treinador renovou com os le\u00f5es at\u00e9 2028\"},{\"@type\":\"BreadcrumbList\",\"@id\":\"https:\/\/portaltela.pt\/noticias\/2026\/05\/01\/rui-borges-afirma-que-continuara-muito-feliz-no-sporting\/#breadcrumb\",\"itemListElement\":[{\"@type\":\"ListItem\",\"position\":1,\"name\":\"In\u00edcio\",\"item\":\"https:\/\/portaltela.pt\/\"},{\"@type\":\"ListItem\",\"position\":2,\"name\":\"Rui Borges afirma que continuar\u00e1 muito feliz no Sporting\"}]},{\"@type\":\"WebSite\",\"@id\":\"https:\/\/portaltela.pt\/#website\",\"url\":\"https:\/\/portaltela.pt\/\",\"name\":\"Portal Tela Portugal\",\"description\":\"\",\"potentialAction\":[{\"@type\":\"SearchAction\",\"target\":{\"@type\":\"EntryPoint\",\"urlTemplate\":\"https:\/\/portaltela.pt\/?s={search_term_string}\"},\"query-input\":{\"@type\":\"PropertyValueSpecification\",\"valueRequired\":true,\"valueName\":\"search_term_string\"}}],\"inLanguage\":\"pt-PT\"},{\"@type\":\"Person\",\"@id\":\"https:\/\/portaltela.pt\/#\/schema\/person\/c4278d4a6028830caff9ee44b42d32ed\",\"name\":\"Telinha\",\"image\":{\"@type\":\"ImageObject\",\"inLanguage\":\"pt-PT\",\"@id\":\"https:\/\/portaltela.pt\/s.01k8rhncp4jt1\/2025\/11\/talking-bot-125x125.png\",\"url\":\"https:\/\/portaltela.pt\/s.01k8rhncp4jt1\/2025\/11\/talking-bot-125x125.png\",\"contentUrl\":\"https:\/\/portaltela.pt\/s.01k8rhncp4jt1\/2025\/11\/talking-bot-125x125.png\",\"caption\":\"Telinha\"},\"sameAs\":[\"https:\/\/portaltela.pt\/\"],\"url\":\"https:\/\/portaltela.pt\/por\/367410592786\/\"}]}<\/script>\n<!-- \/ Yoast SEO plugin. -->","yoast_head_json":{"title":"Rui Borges afirma que continuar\u00e1 muito feliz no Sporting - Portal Tela Portugal","robots":{"index":"index","follow":"follow","max-snippet":"max-snippet:-1","max-image-preview":"max-image-preview:large","max-video-preview":"max-video-preview:-1"},"og_locale":"pt_PT","og_type":"article","og_title":"Rui Borges afirma que continuar\u00e1 muito feliz no Sporting - Portal Tela Portugal","og_description":"Rui Borges renovou o contrato com o Sporting at\u00e9 2028, com mais uma op\u00e7\u00e3o de renova\u00e7\u00e3o. A renova\u00e7\u00e3o foi oficializada numa cerim\u00f3nia do clube. O treinador afirmou que continuar\u00e1 \"muito feliz\" a treinar o Sporting. O acordo prolonga a rela\u00e7\u00e3o entre o t\u00e9cnico e o clube por v\u00e1rios anos.","og_url":"https:\/\/portaltela.pt\/noticias\/2026\/05\/01\/rui-borges-afirma-que-continuara-muito-feliz-no-sporting\/","og_site_name":"Portal Tela Portugal","article_published_time":"2026-05-01T12:48:02+00:00","author":"Telinha","twitter_card":"summary_large_image","twitter_misc":{"Escrito por":"Telinha","Tempo estimado de leitura":"1 minuto"},"schema":{"@context":"https:\/\/schema.org","@graph":[{"@type":"Article","@id":"https:\/\/portaltela.pt\/noticias\/2026\/05\/01\/rui-borges-afirma-que-continuara-muito-feliz-no-sporting\/#article","isPartOf":{"@id":"https:\/\/portaltela.pt\/noticias\/2026\/05\/01\/rui-borges-afirma-que-continuara-muito-feliz-no-sporting\/"},"author":{"name":"Telinha","@id":"https:\/\/portaltela.pt\/#\/schema\/person\/c4278d4a6028830caff9ee44b42d32ed"},"headline":"Rui Borges afirma que continuar\u00e1 muito feliz no Sporting","datePublished":"2026-05-01T12:48:02+00:00","mainEntityOfPage":{"@id":"https:\/\/portaltela.pt\/noticias\/2026\/05\/01\/rui-borges-afirma-que-continuara-muito-feliz-no-sporting\/"},"wordCount":235,"image":{"@id":"https:\/\/portaltela.pt\/noticias\/2026\/05\/01\/rui-borges-afirma-que-continuara-muito-feliz-no-sporting\/#primaryimage"},"thumbnailUrl":"https:\/\/portaltela.pt\/s.01k8rhncp4jt1\/2026\/05\/img_1200x721uu2026-05-01-13-41-29-2436252.jpg","keywords":["clubes","desporto","futebol","gest\u00e3o","lideran\u00e7a","Sporting"],"articleSection":["Desporto","Futebol"],"inLanguage":"pt-PT"},{"@type":"WebPage","@id":"https:\/\/portaltela.pt\/noticias\/2026\/05\/01\/rui-borges-afirma-que-continuara-muito-feliz-no-sporting\/","url":"https:\/\/portaltela.pt\/noticias\/2026\/05\/01\/rui-borges-afirma-que-continuara-muito-feliz-no-sporting\/","name":"Rui Borges afirma que continuar\u00e1 muito feliz no Sporting - Portal Tela Portugal","isPartOf":{"@id":"https:\/\/portaltela.pt\/#website"},"primaryImageOfPage":{"@id":"https:\/\/portaltela.pt\/noticias\/2026\/05\/01\/rui-borges-afirma-que-continuara-muito-feliz-no-sporting\/#primaryimage"},"image":{"@id":"https:\/\/portaltela.pt\/noticias\/2026\/05\/01\/rui-borges-afirma-que-continuara-muito-feliz-no-sporting\/#primaryimage"},"thumbnailUrl":"https:\/\/portaltela.pt\/s.01k8rhncp4jt1\/2026\/05\/img_1200x721uu2026-05-01-13-41-29-2436252.jpg","datePublished":"2026-05-01T12:48:02+00:00","author":{"@id":"https:\/\/portaltela.pt\/#\/schema\/person\/c4278d4a6028830caff9ee44b42d32ed"},"breadcrumb":{"@id":"https:\/\/portaltela.pt\/noticias\/2026\/05\/01\/rui-borges-afirma-que-continuara-muito-feliz-no-sporting\/#breadcrumb"},"inLanguage":"pt-PT","potentialAction":[{"@type":"ReadAction","target":["https:\/\/portaltela.pt\/noticias\/2026\/05\/01\/rui-borges-afirma-que-continuara-muito-feliz-no-sporting\/"]}]},{"@type":"ImageObject","inLanguage":"pt-PT","@id":"https:\/\/portaltela.pt\/noticias\/2026\/05\/01\/rui-borges-afirma-que-continuara-muito-feliz-no-sporting\/#primaryimage","url":"https:\/\/portaltela.pt\/s.01k8rhncp4jt1\/2026\/05\/img_1200x721uu2026-05-01-13-41-29-2436252.jpg","contentUrl":"https:\/\/portaltela.pt\/s.01k8rhncp4jt1\/2026\/05\/img_1200x721uu2026-05-01-13-41-29-2436252.jpg","width":796,"height":448,"caption":"Treinador renovou com os le\u00f5es at\u00e9 2028"},{"@type":"BreadcrumbList","@id":"https:\/\/portaltela.pt\/noticias\/2026\/05\/01\/rui-borges-afirma-que-continuara-muito-feliz-no-sporting\/#breadcrumb","itemListElement":[{"@type":"ListItem","position":1,"name":"In\u00edcio","item":"https:\/\/portaltela.pt\/"},{"@type":"ListItem","position":2,"name":"Rui Borges afirma que continuar\u00e1 muito feliz no Sporting"}]},{"@type":"WebSite","@id":"https:\/\/portaltela.pt\/#website","url":"https:\/\/portaltela.pt\/","name":"Portal Tela Portugal","description":"","potentialAction":[{"@type":"SearchAction","target":{"@type":"EntryPoint","urlTemplate":"https:\/\/portaltela.pt\/?s={search_term_string}"},"query-input":{"@type":"PropertyValueSpecification","valueRequired":true,"valueName":"search_term_string"}}],"inLanguage":"pt-PT"},{"@type":"Person","@id":"https:\/\/portaltela.pt\/#\/schema\/person\/c4278d4a6028830caff9ee44b42d32ed","name":"Telinha","image":{"@type":"ImageObject","inLanguage":"pt-PT","@id":"https:\/\/portaltela.pt\/s.01k8rhncp4jt1\/2025\/11\/talking-bot-125x125.png","url":"https:\/\/portaltela.pt\/s.01k8rhncp4jt1\/2025\/11\/talking-bot-125x125.png","contentUrl":"https:\/\/portaltela.pt\/s.01k8rhncp4jt1\/2025\/11\/talking-bot-125x125.png","caption":"Telinha"},"sameAs":["https:\/\/portaltela.pt\/"],"url":"https:\/\/portaltela.pt\/por\/367410592786\/"}]}},"_links":{"self":[{"href":"https:\/\/portaltela.pt\/api\/wp\/v2\/posts\/463819","targetHints":{"allow":["GET"]}}],"collection":[{"href":"https:\/\/portaltela.pt\/api\/wp\/v2\/posts"}],"about":[{"href":"https:\/\/portaltela.pt\/api\/wp\/v2\/types\/post"}],"author":[{"embeddable":true,"href":"https:\/\/portaltela.pt\/api\/wp\/v2\/users\/2"}],"replies":[{"embeddable":true,"href":"https:\/\/portaltela.pt\/api\/wp\/v2\/comments?post=463819"}],"version-history":[{"count":0,"href":"https:\/\/portaltela.pt\/api\/wp\/v2\/posts\/463819\/revisions"}],"wp:featuredmedia":[{"embeddable":true,"href":"https:\/\/portaltela.pt\/api\/wp\/v2\/media\/463826"}],"wp:attachment":[{"href":"https:\/\/portaltela.pt\/api\/wp\/v2\/media?parent=463819"}],"wp:term":[{"taxonomy":"category","embeddable":true,"href":"https:\/\/portaltela.pt\/api\/wp\/v2\/categories?post=463819"},{"taxonomy":"post_tag","embeddable":true,"href":"https:\/\/portaltela.pt\/api\/wp\/v2\/tags?post=463819"}],"curies":[{"name":"wp","href":"https:\/\/api.w.org\/{rel}","templated":true}]}}