{"id":463801,"date":"2026-05-01T09:33:12","date_gmt":"2026-05-01T12:33:12","guid":{"rendered":"https:\/\/portaltela.pt\/noticias\/2026\/05\/01\/policia-maritima-atua-apos-avistamento-de-corpo-na-ria-formosa-algarve\/"},"modified":"2026-05-01T09:33:12","modified_gmt":"2026-05-01T12:33:12","slug":"policia-maritima-atua-apos-avistamento-de-corpo-na-ria-formosa-algarve","status":"publish","type":"post","link":"https:\/\/portaltela.pt\/policia\/2026\/05\/01\/policia-maritima-atua-apos-avistamento-de-corpo-na-ria-formosa-algarve\/","title":{"rendered":"Pol\u00edcia Mar\u00edtima atua ap\u00f3s avistamento de corpo na Ria Formosa, Algarve"},"content":{"rendered":"<p>A Pol\u00edcia Mar\u00edtima foi acionada ap\u00f3s uma den\u00fancia de avistamento de um corpo na Ria Formosa, no Algarve. O aviso foi feito por mariscadores que estavam a trabalhar na manh\u00e3 desta sexta-feira.<\/p>\n<p>No local encontram-se tamb\u00e9m bombeiros, com as devidas per\u00edcias a decorrer para confirmar a descri\u00e7\u00e3o da ocorr\u00eancia e identificar poss\u00edveis circunst\u00e2ncias.<\/p>\n<p><strong>Investiga\u00e7\u00e3o em curso<\/strong><\/p>\n<p>As autoridades est\u00e3o a recolher informa\u00e7\u00f5es no terreno e a realizar opera\u00e7\u00f5es de identifica\u00e7\u00e3o e per\u00edcias. N\u00e3o houve confirma\u00e7\u00e3o de autoria ou causas, e as autoridades prosseguem com o procedimento normal.<\/p>\n","protected":false},"excerpt":{"rendered":"<ul>\n<li>A Pol\u00edcia Mar\u00edtima foi acionada ap\u00f3s a den\u00fancia de avistamento de corpo na Ria Formosa, no Algarve.<\/li>\n<li>A den\u00fancia foi feita por mariscadores que estavam na \u00e1rea durante a manh\u00e3 desta sexta-feira.<\/li>\n<li>No local est\u00e3o presentes elementos dos bombeiros, com as per\u00edcias a decorrer.<\/li>\n<li>Em atualiza\u00e7\u00e3o.<\/li>\n<\/ul>\n","protected":false},"author":2,"featured_media":463806,"comment_status":"closed","ping_status":"closed","sticky":false,"template":"","format":"standard","meta":{"footnotes":""},"categories":[6781],"tags":[8099,8054,8413,8418,9065,8044],"class_list":["post-463801","post","type-post","status-publish","format-standard","has-post-thumbnail","hentry","category-policia","tag-_algarve","tag-_bombeiros","tag-_mortes","tag-_obitos","tag-_policia-de-seguranca-publica","tag-_protecao-civil"],"yoast_head":"<!-- This site is optimized with the Yoast SEO plugin v27.2 - https:\/\/yoast.com\/product\/yoast-seo-wordpress\/ -->\n<title>Pol\u00edcia Mar\u00edtima atua ap\u00f3s avistamento de corpo na Ria Formosa, Algarve - Portal Tela Portugal<\/title>\n<meta name=\"robots\" content=\"index, follow, max-snippet:-1, max-image-preview:large, max-video-preview:-1\" \/>\n<meta property=\"og:locale\" content=\"pt_PT\" \/>\n<meta property=\"og:type\" content=\"article\" \/>\n<meta property=\"og:title\" content=\"Pol\u00edcia Mar\u00edtima atua ap\u00f3s avistamento de corpo na Ria Formosa, Algarve - Portal Tela Portugal\" \/>\n<meta property=\"og:description\" content=\"A Pol\u00edcia Mar\u00edtima foi acionada ap\u00f3s a den\u00fancia de avistamento de corpo na Ria Formosa, no Algarve. A den\u00fancia foi feita por mariscadores que estavam na \u00e1rea durante a manh\u00e3 desta sexta-feira. No local est\u00e3o presentes elementos dos bombeiros, com as per\u00edcias a decorrer. Em atualiza\u00e7\u00e3o.\" \/>\n<meta property=\"og:url\" content=\"https:\/\/portaltela.pt\/noticias\/2026\/05\/01\/policia-maritima-atua-apos-avistamento-de-corpo-na-ria-formosa-algarve\/\" \/>\n<meta property=\"og:site_name\" content=\"Portal Tela Portugal\" \/>\n<meta property=\"article:published_time\" content=\"2026-05-01T12:33:12+00:00\" \/>\n<meta name=\"author\" content=\"Telinha\" \/>\n<meta name=\"twitter:card\" content=\"summary_large_image\" \/>\n<meta name=\"twitter:label1\" content=\"Escrito por\" \/>\n\t<meta name=\"twitter:data1\" content=\"Telinha\" \/>\n\t<meta name=\"twitter:label2\" content=\"Tempo estimado de leitura\" \/>\n\t<meta name=\"twitter:data2\" content=\"1 minuto\" \/>\n<script type=\"application\/ld+json\" class=\"yoast-schema-graph\">{\"@context\":\"https:\/\/schema.org\",\"@graph\":[{\"@type\":\"Article\",\"@id\":\"https:\/\/portaltela.pt\/noticias\/2026\/05\/01\/policia-maritima-atua-apos-avistamento-de-corpo-na-ria-formosa-algarve\/#article\",\"isPartOf\":{\"@id\":\"https:\/\/portaltela.pt\/noticias\/2026\/05\/01\/policia-maritima-atua-apos-avistamento-de-corpo-na-ria-formosa-algarve\/\"},\"author\":{\"name\":\"Telinha\",\"@id\":\"https:\/\/portaltela.pt\/#\/schema\/person\/c4278d4a6028830caff9ee44b42d32ed\"},\"headline\":\"Pol\u00edcia Mar\u00edtima atua ap\u00f3s avistamento de corpo na Ria Formosa, Algarve\",\"datePublished\":\"2026-05-01T12:33:12+00:00\",\"mainEntityOfPage\":{\"@id\":\"https:\/\/portaltela.pt\/noticias\/2026\/05\/01\/policia-maritima-atua-apos-avistamento-de-corpo-na-ria-formosa-algarve\/\"},\"wordCount\":119,\"image\":{\"@id\":\"https:\/\/portaltela.pt\/noticias\/2026\/05\/01\/policia-maritima-atua-apos-avistamento-de-corpo-na-ria-formosa-algarve\/#primaryimage\"},\"thumbnailUrl\":\"https:\/\/portaltela.pt\/s.01k8rhncp4jt1\/2026\/05\/img_1280x721uu2026-05-01-13-16-04-2282211.jpg\",\"keywords\":[\"_Algarve\",\"_Bombeiros\",\"_mortes\",\"_\u00f3bitos\",\"_Pol\u00edcia de Seguran\u00e7a P\u00fablica\",\"_prote\u00e7\u00e3o civil\"],\"articleSection\":[\"Pol\u00edcia\"],\"inLanguage\":\"pt-PT\"},{\"@type\":\"WebPage\",\"@id\":\"https:\/\/portaltela.pt\/noticias\/2026\/05\/01\/policia-maritima-atua-apos-avistamento-de-corpo-na-ria-formosa-algarve\/\",\"url\":\"https:\/\/portaltela.pt\/noticias\/2026\/05\/01\/policia-maritima-atua-apos-avistamento-de-corpo-na-ria-formosa-algarve\/\",\"name\":\"Pol\u00edcia Mar\u00edtima atua ap\u00f3s avistamento de corpo na Ria Formosa, Algarve - Portal Tela Portugal\",\"isPartOf\":{\"@id\":\"https:\/\/portaltela.pt\/#website\"},\"primaryImageOfPage\":{\"@id\":\"https:\/\/portaltela.pt\/noticias\/2026\/05\/01\/policia-maritima-atua-apos-avistamento-de-corpo-na-ria-formosa-algarve\/#primaryimage\"},\"image\":{\"@id\":\"https:\/\/portaltela.pt\/noticias\/2026\/05\/01\/policia-maritima-atua-apos-avistamento-de-corpo-na-ria-formosa-algarve\/#primaryimage\"},\"thumbnailUrl\":\"https:\/\/portaltela.pt\/s.01k8rhncp4jt1\/2026\/05\/img_1280x721uu2026-05-01-13-16-04-2282211.jpg\",\"datePublished\":\"2026-05-01T12:33:12+00:00\",\"author\":{\"@id\":\"https:\/\/portaltela.pt\/#\/schema\/person\/c4278d4a6028830caff9ee44b42d32ed\"},\"breadcrumb\":{\"@id\":\"https:\/\/portaltela.pt\/noticias\/2026\/05\/01\/policia-maritima-atua-apos-avistamento-de-corpo-na-ria-formosa-algarve\/#breadcrumb\"},\"inLanguage\":\"pt-PT\",\"potentialAction\":[{\"@type\":\"ReadAction\",\"target\":[\"https:\/\/portaltela.pt\/noticias\/2026\/05\/01\/policia-maritima-atua-apos-avistamento-de-corpo-na-ria-formosa-algarve\/\"]}]},{\"@type\":\"ImageObject\",\"inLanguage\":\"pt-PT\",\"@id\":\"https:\/\/portaltela.pt\/noticias\/2026\/05\/01\/policia-maritima-atua-apos-avistamento-de-corpo-na-ria-formosa-algarve\/#primaryimage\",\"url\":\"https:\/\/portaltela.pt\/s.01k8rhncp4jt1\/2026\/05\/img_1280x721uu2026-05-01-13-16-04-2282211.jpg\",\"contentUrl\":\"https:\/\/portaltela.pt\/s.01k8rhncp4jt1\/2026\/05\/img_1280x721uu2026-05-01-13-16-04-2282211.jpg\",\"width\":796,\"height\":448,\"caption\":\"Pol\u00edcia Mar\u00edtima acionada ap\u00f3s ter sido avistado corpo na Ria Formosa no Algarve\"},{\"@type\":\"BreadcrumbList\",\"@id\":\"https:\/\/portaltela.pt\/noticias\/2026\/05\/01\/policia-maritima-atua-apos-avistamento-de-corpo-na-ria-formosa-algarve\/#breadcrumb\",\"itemListElement\":[{\"@type\":\"ListItem\",\"position\":1,\"name\":\"In\u00edcio\",\"item\":\"https:\/\/portaltela.pt\/\"},{\"@type\":\"ListItem\",\"position\":2,\"name\":\"Pol\u00edcia Mar\u00edtima atua ap\u00f3s avistamento de corpo na Ria Formosa, Algarve\"}]},{\"@type\":\"WebSite\",\"@id\":\"https:\/\/portaltela.pt\/#website\",\"url\":\"https:\/\/portaltela.pt\/\",\"name\":\"Portal Tela Portugal\",\"description\":\"\",\"potentialAction\":[{\"@type\":\"SearchAction\",\"target\":{\"@type\":\"EntryPoint\",\"urlTemplate\":\"https:\/\/portaltela.pt\/?s={search_term_string}\"},\"query-input\":{\"@type\":\"PropertyValueSpecification\",\"valueRequired\":true,\"valueName\":\"search_term_string\"}}],\"inLanguage\":\"pt-PT\"},{\"@type\":\"Person\",\"@id\":\"https:\/\/portaltela.pt\/#\/schema\/person\/c4278d4a6028830caff9ee44b42d32ed\",\"name\":\"Telinha\",\"image\":{\"@type\":\"ImageObject\",\"inLanguage\":\"pt-PT\",\"@id\":\"https:\/\/portaltela.pt\/s.01k8rhncp4jt1\/2025\/11\/talking-bot-125x125.png\",\"url\":\"https:\/\/portaltela.pt\/s.01k8rhncp4jt1\/2025\/11\/talking-bot-125x125.png\",\"contentUrl\":\"https:\/\/portaltela.pt\/s.01k8rhncp4jt1\/2025\/11\/talking-bot-125x125.png\",\"caption\":\"Telinha\"},\"sameAs\":[\"https:\/\/portaltela.pt\/\"],\"url\":\"https:\/\/portaltela.pt\/por\/367410592786\/\"}]}<\/script>\n<!-- \/ Yoast SEO plugin. -->","yoast_head_json":{"title":"Pol\u00edcia Mar\u00edtima atua ap\u00f3s avistamento de corpo na Ria Formosa, Algarve - Portal Tela Portugal","robots":{"index":"index","follow":"follow","max-snippet":"max-snippet:-1","max-image-preview":"max-image-preview:large","max-video-preview":"max-video-preview:-1"},"og_locale":"pt_PT","og_type":"article","og_title":"Pol\u00edcia Mar\u00edtima atua ap\u00f3s avistamento de corpo na Ria Formosa, Algarve - Portal Tela Portugal","og_description":"A Pol\u00edcia Mar\u00edtima foi acionada ap\u00f3s a den\u00fancia de avistamento de corpo na Ria Formosa, no Algarve. A den\u00fancia foi feita por mariscadores que estavam na \u00e1rea durante a manh\u00e3 desta sexta-feira. No local est\u00e3o presentes elementos dos bombeiros, com as per\u00edcias a decorrer. Em atualiza\u00e7\u00e3o.","og_url":"https:\/\/portaltela.pt\/noticias\/2026\/05\/01\/policia-maritima-atua-apos-avistamento-de-corpo-na-ria-formosa-algarve\/","og_site_name":"Portal Tela Portugal","article_published_time":"2026-05-01T12:33:12+00:00","author":"Telinha","twitter_card":"summary_large_image","twitter_misc":{"Escrito por":"Telinha","Tempo estimado de leitura":"1 minuto"},"schema":{"@context":"https:\/\/schema.org","@graph":[{"@type":"Article","@id":"https:\/\/portaltela.pt\/noticias\/2026\/05\/01\/policia-maritima-atua-apos-avistamento-de-corpo-na-ria-formosa-algarve\/#article","isPartOf":{"@id":"https:\/\/portaltela.pt\/noticias\/2026\/05\/01\/policia-maritima-atua-apos-avistamento-de-corpo-na-ria-formosa-algarve\/"},"author":{"name":"Telinha","@id":"https:\/\/portaltela.pt\/#\/schema\/person\/c4278d4a6028830caff9ee44b42d32ed"},"headline":"Pol\u00edcia Mar\u00edtima atua ap\u00f3s avistamento de corpo na Ria Formosa, Algarve","datePublished":"2026-05-01T12:33:12+00:00","mainEntityOfPage":{"@id":"https:\/\/portaltela.pt\/noticias\/2026\/05\/01\/policia-maritima-atua-apos-avistamento-de-corpo-na-ria-formosa-algarve\/"},"wordCount":119,"image":{"@id":"https:\/\/portaltela.pt\/noticias\/2026\/05\/01\/policia-maritima-atua-apos-avistamento-de-corpo-na-ria-formosa-algarve\/#primaryimage"},"thumbnailUrl":"https:\/\/portaltela.pt\/s.01k8rhncp4jt1\/2026\/05\/img_1280x721uu2026-05-01-13-16-04-2282211.jpg","keywords":["_Algarve","_Bombeiros","_mortes","_\u00f3bitos","_Pol\u00edcia de Seguran\u00e7a P\u00fablica","_prote\u00e7\u00e3o civil"],"articleSection":["Pol\u00edcia"],"inLanguage":"pt-PT"},{"@type":"WebPage","@id":"https:\/\/portaltela.pt\/noticias\/2026\/05\/01\/policia-maritima-atua-apos-avistamento-de-corpo-na-ria-formosa-algarve\/","url":"https:\/\/portaltela.pt\/noticias\/2026\/05\/01\/policia-maritima-atua-apos-avistamento-de-corpo-na-ria-formosa-algarve\/","name":"Pol\u00edcia Mar\u00edtima atua ap\u00f3s avistamento de corpo na Ria Formosa, Algarve - Portal Tela Portugal","isPartOf":{"@id":"https:\/\/portaltela.pt\/#website"},"primaryImageOfPage":{"@id":"https:\/\/portaltela.pt\/noticias\/2026\/05\/01\/policia-maritima-atua-apos-avistamento-de-corpo-na-ria-formosa-algarve\/#primaryimage"},"image":{"@id":"https:\/\/portaltela.pt\/noticias\/2026\/05\/01\/policia-maritima-atua-apos-avistamento-de-corpo-na-ria-formosa-algarve\/#primaryimage"},"thumbnailUrl":"https:\/\/portaltela.pt\/s.01k8rhncp4jt1\/2026\/05\/img_1280x721uu2026-05-01-13-16-04-2282211.jpg","datePublished":"2026-05-01T12:33:12+00:00","author":{"@id":"https:\/\/portaltela.pt\/#\/schema\/person\/c4278d4a6028830caff9ee44b42d32ed"},"breadcrumb":{"@id":"https:\/\/portaltela.pt\/noticias\/2026\/05\/01\/policia-maritima-atua-apos-avistamento-de-corpo-na-ria-formosa-algarve\/#breadcrumb"},"inLanguage":"pt-PT","potentialAction":[{"@type":"ReadAction","target":["https:\/\/portaltela.pt\/noticias\/2026\/05\/01\/policia-maritima-atua-apos-avistamento-de-corpo-na-ria-formosa-algarve\/"]}]},{"@type":"ImageObject","inLanguage":"pt-PT","@id":"https:\/\/portaltela.pt\/noticias\/2026\/05\/01\/policia-maritima-atua-apos-avistamento-de-corpo-na-ria-formosa-algarve\/#primaryimage","url":"https:\/\/portaltela.pt\/s.01k8rhncp4jt1\/2026\/05\/img_1280x721uu2026-05-01-13-16-04-2282211.jpg","contentUrl":"https:\/\/portaltela.pt\/s.01k8rhncp4jt1\/2026\/05\/img_1280x721uu2026-05-01-13-16-04-2282211.jpg","width":796,"height":448,"caption":"Pol\u00edcia Mar\u00edtima acionada ap\u00f3s ter sido avistado corpo na Ria Formosa no Algarve"},{"@type":"BreadcrumbList","@id":"https:\/\/portaltela.pt\/noticias\/2026\/05\/01\/policia-maritima-atua-apos-avistamento-de-corpo-na-ria-formosa-algarve\/#breadcrumb","itemListElement":[{"@type":"ListItem","position":1,"name":"In\u00edcio","item":"https:\/\/portaltela.pt\/"},{"@type":"ListItem","position":2,"name":"Pol\u00edcia Mar\u00edtima atua ap\u00f3s avistamento de corpo na Ria Formosa, Algarve"}]},{"@type":"WebSite","@id":"https:\/\/portaltela.pt\/#website","url":"https:\/\/portaltela.pt\/","name":"Portal Tela Portugal","description":"","potentialAction":[{"@type":"SearchAction","target":{"@type":"EntryPoint","urlTemplate":"https:\/\/portaltela.pt\/?s={search_term_string}"},"query-input":{"@type":"PropertyValueSpecification","valueRequired":true,"valueName":"search_term_string"}}],"inLanguage":"pt-PT"},{"@type":"Person","@id":"https:\/\/portaltela.pt\/#\/schema\/person\/c4278d4a6028830caff9ee44b42d32ed","name":"Telinha","image":{"@type":"ImageObject","inLanguage":"pt-PT","@id":"https:\/\/portaltela.pt\/s.01k8rhncp4jt1\/2025\/11\/talking-bot-125x125.png","url":"https:\/\/portaltela.pt\/s.01k8rhncp4jt1\/2025\/11\/talking-bot-125x125.png","contentUrl":"https:\/\/portaltela.pt\/s.01k8rhncp4jt1\/2025\/11\/talking-bot-125x125.png","caption":"Telinha"},"sameAs":["https:\/\/portaltela.pt\/"],"url":"https:\/\/portaltela.pt\/por\/367410592786\/"}]}},"_links":{"self":[{"href":"https:\/\/portaltela.pt\/api\/wp\/v2\/posts\/463801","targetHints":{"allow":["GET"]}}],"collection":[{"href":"https:\/\/portaltela.pt\/api\/wp\/v2\/posts"}],"about":[{"href":"https:\/\/portaltela.pt\/api\/wp\/v2\/types\/post"}],"author":[{"embeddable":true,"href":"https:\/\/portaltela.pt\/api\/wp\/v2\/users\/2"}],"replies":[{"embeddable":true,"href":"https:\/\/portaltela.pt\/api\/wp\/v2\/comments?post=463801"}],"version-history":[{"count":0,"href":"https:\/\/portaltela.pt\/api\/wp\/v2\/posts\/463801\/revisions"}],"wp:featuredmedia":[{"embeddable":true,"href":"https:\/\/portaltela.pt\/api\/wp\/v2\/media\/463806"}],"wp:attachment":[{"href":"https:\/\/portaltela.pt\/api\/wp\/v2\/media?parent=463801"}],"wp:term":[{"taxonomy":"category","embeddable":true,"href":"https:\/\/portaltela.pt\/api\/wp\/v2\/categories?post=463801"},{"taxonomy":"post_tag","embeddable":true,"href":"https:\/\/portaltela.pt\/api\/wp\/v2\/tags?post=463801"}],"curies":[{"name":"wp","href":"https:\/\/api.w.org\/{rel}","templated":true}]}}