{"id":463790,"date":"2026-05-01T09:17:58","date_gmt":"2026-05-01T12:17:58","guid":{"rendered":"https:\/\/portaltela.pt\/noticias\/2026\/05\/01\/emirados-arabes-unidos-saem-da-opep-e-abalam-a-unidade-do-golfo\/"},"modified":"2026-05-01T09:17:58","modified_gmt":"2026-05-01T12:17:58","slug":"emirados-arabes-unidos-saem-da-opep-e-abalam-a-unidade-do-golfo","status":"publish","type":"post","link":"https:\/\/portaltela.pt\/geopolitica\/2026\/05\/01\/emirados-arabes-unidos-saem-da-opep-e-abalam-a-unidade-do-golfo\/","title":{"rendered":"Emirados \u00c1rabes Unidos saem da OPEP e abalam a unidade do Golfo"},"content":{"rendered":"<p>A sa\u00edda dos Emirados \u00c1rabes Unidos (EAU) da Organiza\u00e7\u00e3o dos Pa\u00edses Exportadores de Petr\u00f3leo (OPEP) marca uma viragem estrat\u00e9gica para Abu Dhabi. A decis\u00e3o, que entra em vigor a 1 de maio, surge ap\u00f3s anos de frustra\u00e7\u00e3o com quotas de produ\u00e7\u00e3o e com investimentos para aumentar a capacidade. A mudan\u00e7a pode afetar a coordena\u00e7\u00e3o no Golfo e a arquitetura da OPEP+.<\/p>\n<p>A l\u00f3gica por tr\u00e1s da medida \u00e9 simples para os analistas: os EAU querem exportar mais petr\u00f3leo e t\u00eam capacidade para cumprir quotas maiores. A decis\u00e3o reflete um desejo de maior autonomia estrat\u00e9gica na gest\u00e3o da oferta de petr\u00f3leo e g\u00e1s. A OPEP e o bloco OPEP+ j\u00e1 vinham a enfrentar tens\u00f5es entre disciplina de produ\u00e7\u00e3o e ambi\u00e7\u00f5es de mercado.<\/p>\n<p>Segundo especialistas, o movimento n\u00e3o encerra a OPEP, mas pressiona o sistema de quotas que tem sustentado a organiza\u00e7\u00e3o. A an\u00e1lise aponta que produtores com excedente de capacidade podem procurar maior flexibilidade para aumentar a oferta, especialmente em ambientes de demanda alta e pre\u00e7os elevados.<\/p>\n<p>Para al\u00e9m da produ\u00e7\u00e3o, a reorienta\u00e7\u00e3o sinaliza uma mudan\u00e7a de abordagem dos EAU face a blocos regionais. A afirma\u00e7\u00e3o de que Abu Dhabi est\u00e1 preparado para tra\u00e7ar um caminho aut\u00f3nomo ganha for\u00e7a, com menor depend\u00eancia de estruturas como a OPEP e o Conselho de Coopera\u00e7\u00e3o do Golfo (CCG).<\/p>\n<h3>Repercuss\u00f5es regionais e globais<\/h3>\n<p>No Golfo, a sa\u00edda aumenta a leitura de diverg\u00eancias entre os membros. Analistas destacam que o Catar j\u00e1 abandonou a OPEP em 2019, encerrando um poss\u00edvel padr\u00e3o de alinhamentos coletivos. A prioridade regional tende a ser, assim, a estrat\u00e9gia nacional de cada pa\u00eds.<\/p>\n<p>A Ar\u00e1bia Saudita e a R\u00fassia mant\u00eam-se como principais atores da OPEP+, mesmo com o peso coletivo do grupo a reduzir-se. O impacto imediato no pre\u00e7o do petr\u00f3leo pode ser limitado, mas as consequ\u00eancias a m\u00e9dio e longo prazo s\u00e3o mais incertas.<\/p>\n<p>A coordena\u00e7\u00e3o entre os produtores do Golfo dever\u00e1 passar por uma resposta cautelosa, com foco na estabilidade regional. Estudos apontam para a possibilidade de consolidar alian\u00e7as j\u00e1 existentes e de evitar confrontos diretos dentro do bloco.<\/p>\n","protected":false},"excerpt":{"rendered":"<ul>\n<li>Os Emirados \u00c1rabes Unidos saem da Organiza\u00e7\u00e3o dos Pa\u00edses Exportadores de Petr\u00f3leo (OPEP), com entrada em vigor a 1 de maio, marcando uma mudan\u00e7a estrat\u00e9gica.<\/li>\n<li>A medida sinaliza uma maior independ\u00eancia energ\u00e9tica dos EAU e o desejo de ampliar a produ\u00e7\u00e3o de petr\u00f3leo e g\u00e1s, segundo analistas.<\/li>\n<li>A sa\u00edda aumenta a press\u00e3o sobre a OPEP e o regime de quotas, levantando d\u00favidas sobre a viabilidade de um sistema de quotas r\u00edgido no longo prazo.<\/li>\n<li>No Golfo, o movimento exp\u00f5e divis\u00e3o entre os estados e refor\u00e7a a tend\u00eancia de pol\u00edticas nacionais mais aut\u00f3nomas, em vez de alinhamentos coletivos.<\/li>\n<li>Mesmo com a mudan\u00e7a, a Ar\u00e1bia Saudita e a R\u00fassia permanecem como principais atores na OPEP+, enquanto a coordena\u00e7\u00e3o regional pode ficar mais restrita.<\/li>\n<\/ul>\n","protected":false},"author":2,"featured_media":463792,"comment_status":"closed","ping_status":"closed","sticky":false,"template":"","format":"standard","meta":{"footnotes":""},"categories":[6814],"tags":[7934,7991,6115,7775,8259,7988],"class_list":["post-463790","post","type-post","status-publish","format-standard","has-post-thumbnail","hentry","category-geopolitica","tag-_conflitos-internacionais","tag-_cooperacao-internacional","tag-_economia","tag-_energia","tag-_exportacoes-internacionais","tag-_organizacao-internacional"],"yoast_head":"<!-- This site is optimized with the Yoast SEO plugin v27.2 - https:\/\/yoast.com\/product\/yoast-seo-wordpress\/ -->\n<title>Emirados \u00c1rabes Unidos saem da OPEP e abalam a unidade do Golfo - Portal Tela Portugal<\/title>\n<meta name=\"robots\" content=\"index, follow, max-snippet:-1, max-image-preview:large, max-video-preview:-1\" \/>\n<meta property=\"og:locale\" content=\"pt_PT\" \/>\n<meta property=\"og:type\" content=\"article\" \/>\n<meta property=\"og:title\" content=\"Emirados \u00c1rabes Unidos saem da OPEP e abalam a unidade do Golfo - Portal Tela Portugal\" \/>\n<meta property=\"og:description\" content=\"Os Emirados \u00c1rabes Unidos saem da Organiza\u00e7\u00e3o dos Pa\u00edses Exportadores de Petr\u00f3leo (OPEP), com entrada em vigor a 1 de maio, marcando uma mudan\u00e7a estrat\u00e9gica. A medida sinaliza uma maior independ\u00eancia energ\u00e9tica dos EAU e o desejo de ampliar a produ\u00e7\u00e3o de petr\u00f3leo e g\u00e1s, segundo analistas. A sa\u00edda aumenta a press\u00e3o sobre a OPEP e o regime de quotas, levantando d\u00favidas sobre a viabilidade de um sistema de quotas r\u00edgido no longo prazo. No Golfo, o movimento exp\u00f5e divis\u00e3o entre os estados e refor\u00e7a a tend\u00eancia de pol\u00edticas nacionais mais aut\u00f3nomas, em vez de alinhamentos coletivos. Mesmo com a mudan\u00e7a, a Ar\u00e1bia Saudita e a R\u00fassia permanecem como principais atores na OPEP+, enquanto a coordena\u00e7\u00e3o regional pode ficar mais restrita.\" \/>\n<meta property=\"og:url\" content=\"https:\/\/portaltela.pt\/noticias\/2026\/05\/01\/emirados-arabes-unidos-saem-da-opep-e-abalam-a-unidade-do-golfo\/\" \/>\n<meta property=\"og:site_name\" content=\"Portal Tela Portugal\" \/>\n<meta property=\"article:published_time\" content=\"2026-05-01T12:17:58+00:00\" \/>\n<meta name=\"author\" content=\"Telinha\" \/>\n<meta name=\"twitter:card\" content=\"summary_large_image\" \/>\n<meta name=\"twitter:label1\" content=\"Escrito por\" \/>\n\t<meta name=\"twitter:data1\" content=\"Telinha\" \/>\n\t<meta name=\"twitter:label2\" content=\"Tempo estimado de leitura\" \/>\n\t<meta name=\"twitter:data2\" content=\"2 minutos\" \/>\n<script type=\"application\/ld+json\" class=\"yoast-schema-graph\">{\"@context\":\"https:\/\/schema.org\",\"@graph\":[{\"@type\":\"Article\",\"@id\":\"https:\/\/portaltela.pt\/noticias\/2026\/05\/01\/emirados-arabes-unidos-saem-da-opep-e-abalam-a-unidade-do-golfo\/#article\",\"isPartOf\":{\"@id\":\"https:\/\/portaltela.pt\/noticias\/2026\/05\/01\/emirados-arabes-unidos-saem-da-opep-e-abalam-a-unidade-do-golfo\/\"},\"author\":{\"name\":\"Telinha\",\"@id\":\"https:\/\/portaltela.pt\/#\/schema\/person\/c4278d4a6028830caff9ee44b42d32ed\"},\"headline\":\"Emirados \u00c1rabes Unidos saem da OPEP e abalam a unidade do Golfo\",\"datePublished\":\"2026-05-01T12:17:58+00:00\",\"mainEntityOfPage\":{\"@id\":\"https:\/\/portaltela.pt\/noticias\/2026\/05\/01\/emirados-arabes-unidos-saem-da-opep-e-abalam-a-unidade-do-golfo\/\"},\"wordCount\":402,\"image\":{\"@id\":\"https:\/\/portaltela.pt\/noticias\/2026\/05\/01\/emirados-arabes-unidos-saem-da-opep-e-abalam-a-unidade-do-golfo\/#primaryimage\"},\"thumbnailUrl\":\"https:\/\/portaltela.pt\/s.01k8rhncp4jt1\/2026\/05\/1536x864_cmsv2_8acade82-2e1e-544f-a10e-2fedf12bfc81-9740666.jpg\",\"keywords\":[\"_conflitos internacionais\",\"_coopera\u00e7\u00e3o internacional\",\"_economia\",\"_energia\",\"_exporta\u00e7\u00f5es internacionais\",\"_organiza\u00e7\u00e3o internacional\"],\"articleSection\":[\"Geopol\u00edtica\"],\"inLanguage\":\"pt-PT\"},{\"@type\":\"WebPage\",\"@id\":\"https:\/\/portaltela.pt\/noticias\/2026\/05\/01\/emirados-arabes-unidos-saem-da-opep-e-abalam-a-unidade-do-golfo\/\",\"url\":\"https:\/\/portaltela.pt\/noticias\/2026\/05\/01\/emirados-arabes-unidos-saem-da-opep-e-abalam-a-unidade-do-golfo\/\",\"name\":\"Emirados \u00c1rabes Unidos saem da OPEP e abalam a unidade do Golfo - Portal Tela Portugal\",\"isPartOf\":{\"@id\":\"https:\/\/portaltela.pt\/#website\"},\"primaryImageOfPage\":{\"@id\":\"https:\/\/portaltela.pt\/noticias\/2026\/05\/01\/emirados-arabes-unidos-saem-da-opep-e-abalam-a-unidade-do-golfo\/#primaryimage\"},\"image\":{\"@id\":\"https:\/\/portaltela.pt\/noticias\/2026\/05\/01\/emirados-arabes-unidos-saem-da-opep-e-abalam-a-unidade-do-golfo\/#primaryimage\"},\"thumbnailUrl\":\"https:\/\/portaltela.pt\/s.01k8rhncp4jt1\/2026\/05\/1536x864_cmsv2_8acade82-2e1e-544f-a10e-2fedf12bfc81-9740666.jpg\",\"datePublished\":\"2026-05-01T12:17:58+00:00\",\"author\":{\"@id\":\"https:\/\/portaltela.pt\/#\/schema\/person\/c4278d4a6028830caff9ee44b42d32ed\"},\"breadcrumb\":{\"@id\":\"https:\/\/portaltela.pt\/noticias\/2026\/05\/01\/emirados-arabes-unidos-saem-da-opep-e-abalam-a-unidade-do-golfo\/#breadcrumb\"},\"inLanguage\":\"pt-PT\",\"potentialAction\":[{\"@type\":\"ReadAction\",\"target\":[\"https:\/\/portaltela.pt\/noticias\/2026\/05\/01\/emirados-arabes-unidos-saem-da-opep-e-abalam-a-unidade-do-golfo\/\"]}]},{\"@type\":\"ImageObject\",\"inLanguage\":\"pt-PT\",\"@id\":\"https:\/\/portaltela.pt\/noticias\/2026\/05\/01\/emirados-arabes-unidos-saem-da-opep-e-abalam-a-unidade-do-golfo\/#primaryimage\",\"url\":\"https:\/\/portaltela.pt\/s.01k8rhncp4jt1\/2026\/05\/1536x864_cmsv2_8acade82-2e1e-544f-a10e-2fedf12bfc81-9740666.jpg\",\"contentUrl\":\"https:\/\/portaltela.pt\/s.01k8rhncp4jt1\/2026\/05\/1536x864_cmsv2_8acade82-2e1e-544f-a10e-2fedf12bfc81-9740666.jpg\",\"width\":796,\"height\":448,\"caption\":\"Log\u00f3tipo da Organiza\u00e7\u00e3o dos Pa\u00edses Exportadores de Petr\u00f3leo (OPEP) exposto no exterior da sede da OPEP em Viena, \u00c1ustria\"},{\"@type\":\"BreadcrumbList\",\"@id\":\"https:\/\/portaltela.pt\/noticias\/2026\/05\/01\/emirados-arabes-unidos-saem-da-opep-e-abalam-a-unidade-do-golfo\/#breadcrumb\",\"itemListElement\":[{\"@type\":\"ListItem\",\"position\":1,\"name\":\"In\u00edcio\",\"item\":\"https:\/\/portaltela.pt\/\"},{\"@type\":\"ListItem\",\"position\":2,\"name\":\"Emirados \u00c1rabes Unidos saem da OPEP e abalam a unidade do Golfo\"}]},{\"@type\":\"WebSite\",\"@id\":\"https:\/\/portaltela.pt\/#website\",\"url\":\"https:\/\/portaltela.pt\/\",\"name\":\"Portal Tela Portugal\",\"description\":\"\",\"potentialAction\":[{\"@type\":\"SearchAction\",\"target\":{\"@type\":\"EntryPoint\",\"urlTemplate\":\"https:\/\/portaltela.pt\/?s={search_term_string}\"},\"query-input\":{\"@type\":\"PropertyValueSpecification\",\"valueRequired\":true,\"valueName\":\"search_term_string\"}}],\"inLanguage\":\"pt-PT\"},{\"@type\":\"Person\",\"@id\":\"https:\/\/portaltela.pt\/#\/schema\/person\/c4278d4a6028830caff9ee44b42d32ed\",\"name\":\"Telinha\",\"image\":{\"@type\":\"ImageObject\",\"inLanguage\":\"pt-PT\",\"@id\":\"https:\/\/portaltela.pt\/s.01k8rhncp4jt1\/2025\/11\/talking-bot-125x125.png\",\"url\":\"https:\/\/portaltela.pt\/s.01k8rhncp4jt1\/2025\/11\/talking-bot-125x125.png\",\"contentUrl\":\"https:\/\/portaltela.pt\/s.01k8rhncp4jt1\/2025\/11\/talking-bot-125x125.png\",\"caption\":\"Telinha\"},\"sameAs\":[\"https:\/\/portaltela.pt\/\"],\"url\":\"https:\/\/portaltela.pt\/por\/367410592786\/\"}]}<\/script>\n<!-- \/ Yoast SEO plugin. -->","yoast_head_json":{"title":"Emirados \u00c1rabes Unidos saem da OPEP e abalam a unidade do Golfo - Portal Tela Portugal","robots":{"index":"index","follow":"follow","max-snippet":"max-snippet:-1","max-image-preview":"max-image-preview:large","max-video-preview":"max-video-preview:-1"},"og_locale":"pt_PT","og_type":"article","og_title":"Emirados \u00c1rabes Unidos saem da OPEP e abalam a unidade do Golfo - Portal Tela Portugal","og_description":"Os Emirados \u00c1rabes Unidos saem da Organiza\u00e7\u00e3o dos Pa\u00edses Exportadores de Petr\u00f3leo (OPEP), com entrada em vigor a 1 de maio, marcando uma mudan\u00e7a estrat\u00e9gica. A medida sinaliza uma maior independ\u00eancia energ\u00e9tica dos EAU e o desejo de ampliar a produ\u00e7\u00e3o de petr\u00f3leo e g\u00e1s, segundo analistas. A sa\u00edda aumenta a press\u00e3o sobre a OPEP e o regime de quotas, levantando d\u00favidas sobre a viabilidade de um sistema de quotas r\u00edgido no longo prazo. No Golfo, o movimento exp\u00f5e divis\u00e3o entre os estados e refor\u00e7a a tend\u00eancia de pol\u00edticas nacionais mais aut\u00f3nomas, em vez de alinhamentos coletivos. Mesmo com a mudan\u00e7a, a Ar\u00e1bia Saudita e a R\u00fassia permanecem como principais atores na OPEP+, enquanto a coordena\u00e7\u00e3o regional pode ficar mais restrita.","og_url":"https:\/\/portaltela.pt\/noticias\/2026\/05\/01\/emirados-arabes-unidos-saem-da-opep-e-abalam-a-unidade-do-golfo\/","og_site_name":"Portal Tela Portugal","article_published_time":"2026-05-01T12:17:58+00:00","author":"Telinha","twitter_card":"summary_large_image","twitter_misc":{"Escrito por":"Telinha","Tempo estimado de leitura":"2 minutos"},"schema":{"@context":"https:\/\/schema.org","@graph":[{"@type":"Article","@id":"https:\/\/portaltela.pt\/noticias\/2026\/05\/01\/emirados-arabes-unidos-saem-da-opep-e-abalam-a-unidade-do-golfo\/#article","isPartOf":{"@id":"https:\/\/portaltela.pt\/noticias\/2026\/05\/01\/emirados-arabes-unidos-saem-da-opep-e-abalam-a-unidade-do-golfo\/"},"author":{"name":"Telinha","@id":"https:\/\/portaltela.pt\/#\/schema\/person\/c4278d4a6028830caff9ee44b42d32ed"},"headline":"Emirados \u00c1rabes Unidos saem da OPEP e abalam a unidade do Golfo","datePublished":"2026-05-01T12:17:58+00:00","mainEntityOfPage":{"@id":"https:\/\/portaltela.pt\/noticias\/2026\/05\/01\/emirados-arabes-unidos-saem-da-opep-e-abalam-a-unidade-do-golfo\/"},"wordCount":402,"image":{"@id":"https:\/\/portaltela.pt\/noticias\/2026\/05\/01\/emirados-arabes-unidos-saem-da-opep-e-abalam-a-unidade-do-golfo\/#primaryimage"},"thumbnailUrl":"https:\/\/portaltela.pt\/s.01k8rhncp4jt1\/2026\/05\/1536x864_cmsv2_8acade82-2e1e-544f-a10e-2fedf12bfc81-9740666.jpg","keywords":["_conflitos internacionais","_coopera\u00e7\u00e3o internacional","_economia","_energia","_exporta\u00e7\u00f5es internacionais","_organiza\u00e7\u00e3o internacional"],"articleSection":["Geopol\u00edtica"],"inLanguage":"pt-PT"},{"@type":"WebPage","@id":"https:\/\/portaltela.pt\/noticias\/2026\/05\/01\/emirados-arabes-unidos-saem-da-opep-e-abalam-a-unidade-do-golfo\/","url":"https:\/\/portaltela.pt\/noticias\/2026\/05\/01\/emirados-arabes-unidos-saem-da-opep-e-abalam-a-unidade-do-golfo\/","name":"Emirados \u00c1rabes Unidos saem da OPEP e abalam a unidade do Golfo - Portal Tela Portugal","isPartOf":{"@id":"https:\/\/portaltela.pt\/#website"},"primaryImageOfPage":{"@id":"https:\/\/portaltela.pt\/noticias\/2026\/05\/01\/emirados-arabes-unidos-saem-da-opep-e-abalam-a-unidade-do-golfo\/#primaryimage"},"image":{"@id":"https:\/\/portaltela.pt\/noticias\/2026\/05\/01\/emirados-arabes-unidos-saem-da-opep-e-abalam-a-unidade-do-golfo\/#primaryimage"},"thumbnailUrl":"https:\/\/portaltela.pt\/s.01k8rhncp4jt1\/2026\/05\/1536x864_cmsv2_8acade82-2e1e-544f-a10e-2fedf12bfc81-9740666.jpg","datePublished":"2026-05-01T12:17:58+00:00","author":{"@id":"https:\/\/portaltela.pt\/#\/schema\/person\/c4278d4a6028830caff9ee44b42d32ed"},"breadcrumb":{"@id":"https:\/\/portaltela.pt\/noticias\/2026\/05\/01\/emirados-arabes-unidos-saem-da-opep-e-abalam-a-unidade-do-golfo\/#breadcrumb"},"inLanguage":"pt-PT","potentialAction":[{"@type":"ReadAction","target":["https:\/\/portaltela.pt\/noticias\/2026\/05\/01\/emirados-arabes-unidos-saem-da-opep-e-abalam-a-unidade-do-golfo\/"]}]},{"@type":"ImageObject","inLanguage":"pt-PT","@id":"https:\/\/portaltela.pt\/noticias\/2026\/05\/01\/emirados-arabes-unidos-saem-da-opep-e-abalam-a-unidade-do-golfo\/#primaryimage","url":"https:\/\/portaltela.pt\/s.01k8rhncp4jt1\/2026\/05\/1536x864_cmsv2_8acade82-2e1e-544f-a10e-2fedf12bfc81-9740666.jpg","contentUrl":"https:\/\/portaltela.pt\/s.01k8rhncp4jt1\/2026\/05\/1536x864_cmsv2_8acade82-2e1e-544f-a10e-2fedf12bfc81-9740666.jpg","width":796,"height":448,"caption":"Log\u00f3tipo da Organiza\u00e7\u00e3o dos Pa\u00edses Exportadores de Petr\u00f3leo (OPEP) exposto no exterior da sede da OPEP em Viena, \u00c1ustria"},{"@type":"BreadcrumbList","@id":"https:\/\/portaltela.pt\/noticias\/2026\/05\/01\/emirados-arabes-unidos-saem-da-opep-e-abalam-a-unidade-do-golfo\/#breadcrumb","itemListElement":[{"@type":"ListItem","position":1,"name":"In\u00edcio","item":"https:\/\/portaltela.pt\/"},{"@type":"ListItem","position":2,"name":"Emirados \u00c1rabes Unidos saem da OPEP e abalam a unidade do Golfo"}]},{"@type":"WebSite","@id":"https:\/\/portaltela.pt\/#website","url":"https:\/\/portaltela.pt\/","name":"Portal Tela Portugal","description":"","potentialAction":[{"@type":"SearchAction","target":{"@type":"EntryPoint","urlTemplate":"https:\/\/portaltela.pt\/?s={search_term_string}"},"query-input":{"@type":"PropertyValueSpecification","valueRequired":true,"valueName":"search_term_string"}}],"inLanguage":"pt-PT"},{"@type":"Person","@id":"https:\/\/portaltela.pt\/#\/schema\/person\/c4278d4a6028830caff9ee44b42d32ed","name":"Telinha","image":{"@type":"ImageObject","inLanguage":"pt-PT","@id":"https:\/\/portaltela.pt\/s.01k8rhncp4jt1\/2025\/11\/talking-bot-125x125.png","url":"https:\/\/portaltela.pt\/s.01k8rhncp4jt1\/2025\/11\/talking-bot-125x125.png","contentUrl":"https:\/\/portaltela.pt\/s.01k8rhncp4jt1\/2025\/11\/talking-bot-125x125.png","caption":"Telinha"},"sameAs":["https:\/\/portaltela.pt\/"],"url":"https:\/\/portaltela.pt\/por\/367410592786\/"}]}},"_links":{"self":[{"href":"https:\/\/portaltela.pt\/api\/wp\/v2\/posts\/463790","targetHints":{"allow":["GET"]}}],"collection":[{"href":"https:\/\/portaltela.pt\/api\/wp\/v2\/posts"}],"about":[{"href":"https:\/\/portaltela.pt\/api\/wp\/v2\/types\/post"}],"author":[{"embeddable":true,"href":"https:\/\/portaltela.pt\/api\/wp\/v2\/users\/2"}],"replies":[{"embeddable":true,"href":"https:\/\/portaltela.pt\/api\/wp\/v2\/comments?post=463790"}],"version-history":[{"count":0,"href":"https:\/\/portaltela.pt\/api\/wp\/v2\/posts\/463790\/revisions"}],"wp:featuredmedia":[{"embeddable":true,"href":"https:\/\/portaltela.pt\/api\/wp\/v2\/media\/463792"}],"wp:attachment":[{"href":"https:\/\/portaltela.pt\/api\/wp\/v2\/media?parent=463790"}],"wp:term":[{"taxonomy":"category","embeddable":true,"href":"https:\/\/portaltela.pt\/api\/wp\/v2\/categories?post=463790"},{"taxonomy":"post_tag","embeddable":true,"href":"https:\/\/portaltela.pt\/api\/wp\/v2\/tags?post=463790"}],"curies":[{"name":"wp","href":"https:\/\/api.w.org\/{rel}","templated":true}]}}