{"id":463776,"date":"2026-05-01T09:03:16","date_gmt":"2026-05-01T12:03:16","guid":{"rendered":"https:\/\/portaltela.pt\/noticias\/2026\/05\/01\/relacao-mantem-condenacao-de-ex-conselheiro-nacional-do-chega\/"},"modified":"2026-05-01T09:03:16","modified_gmt":"2026-05-01T12:03:16","slug":"relacao-mantem-condenacao-de-ex-conselheiro-nacional-do-chega","status":"publish","type":"post","link":"https:\/\/portaltela.pt\/noticias\/2026\/05\/01\/relacao-mantem-condenacao-de-ex-conselheiro-nacional-do-chega\/","title":{"rendered":"Rela\u00e7\u00e3o mant\u00e9m condena\u00e7\u00e3o de ex-conselheiro nacional do Chega"},"content":{"rendered":"<p>A Rela\u00e7\u00e3o de Coimbra manteve a condena\u00e7\u00e3o do ex-conselheiro nacional do Chega Jo\u00e3o Rog\u00e9rio Silva pelo crime de dano com viol\u00eancia. A decis\u00e3o acompanha a senten\u00e7a proferida pelo Tribunal de Oliveira do Hospital em setembro do ano passado. O processo ficou conclu\u00eddo ap\u00f3s o recurso do arguido ser negado.<\/p>\n<p>Segundo a fundamenta\u00e7\u00e3o, em mar\u00e7o de 2023 Jo\u00e3o Rog\u00e9rio Silva ter\u00e1 atingido a traseira do ve\u00edculo pertencente a Ant\u00f3nio Jos\u00e9 Cardoso, antigo dirigente do Chega, e, empunhando uma faca e uma mangueira, desferiu v\u00e1rias pancadas na viatura. O tribunal considerou a a\u00e7\u00e3o demonstrada e comprovada pelos elementos de prova existentes.<\/p>\n<p>A pena foi de dois anos de pris\u00e3o, suspensa na execu\u00e7\u00e3o. O arguido recorreu, contestando a factualidade e pedindo a absolvi\u00e7\u00e3o, alegando erro na avalia\u00e7\u00e3o da prova. A Rela\u00e7\u00e3o de Coimbra manteve a decis\u00e3o, apenas corrigindo um lapso de escrita entre demandado e demandada.<\/p>\n<p>A rela\u00e7\u00e3o manteve tamb\u00e9m as medidas de substitui\u00e7\u00e3o da san\u00e7\u00e3o. Ficou definida a suspens\u00e3o da execu\u00e7\u00e3o da pena condicionada a um plano individual de reinser\u00e7\u00e3o social, elaborado pela Dire\u00e7\u00e3o Geral de Reinser\u00e7\u00e3o e Servi\u00e7os Prisionais. O plano prev\u00ea, entre outros pontos, a obriga\u00e7\u00e3o de devolver \u00e0 v\u00edtima parte do montante indemnizat\u00f3rio.<\/p>\n<p>Quanto \u00e0s indemniza\u00e7\u00f5es, Jo\u00e3o Rog\u00e9rio Silva fica ainda obrigado a entregar ao lesado Ant\u00f3nio Jos\u00e9 Cardoso pelo menos um quarto do valor existente, correspondente a 1 305 euros, durante o per\u00edodo de suspens\u00e3o. O valor a pagar \u00e0 ofendida Valerius T\u00eaxteis tamb\u00e9m fica sujeito a quita\u00e7\u00e3o parcial ao longo da suspens\u00e3o, num montante m\u00ednimo de 1 508,71 euros.<\/p>\n<p>Al\u00e9m das indemniza\u00e7\u00f5es, o tribunal fixou que o arguido procure ativamente emprego e demonstre esfor\u00e7o para obter meios de subsist\u00eancia. Tamb\u00e9m ter\u00e1 de responder a convoca\u00e7\u00f5es do magistrado respons\u00e1vel pela execu\u00e7\u00e3o e do t\u00e9cnico de reinser\u00e7\u00e3o social, bem como receber visitas desse t\u00e9cnico e apresentar documenta\u00e7\u00e3o relevante sobre os seus meios econ\u00f3micos.<\/p>\n","protected":false},"excerpt":{"rendered":"<ul>\n<li>A Rela\u00e7\u00e3o de Coimbra manteve a condena\u00e7\u00e3o do ex-conselheiro nacional do Chega Jo\u00e3o Rog\u00e9rio Silva pelo crime de dano com viol\u00eancia, decidida pelo Tribunal de Oliveira do Hospital, em setembro do ano passado.<\/li>\n<li>Em mar\u00e7o de 2023, Silva ter\u00e1 batido na traseira do ve\u00edculo de Ant\u00f3nio Jos\u00e9 Cardoso e, munido de faca e mangueira, desferiu v\u00e1rias pancadas na viatura.<\/li>\n<li>Foi condenado a dois anos de pris\u00e3o, com suspens\u00e3o da execu\u00e7\u00e3o, mantendo a defesa a contesta\u00e7\u00e3o e o recurso para absolvi\u00e7\u00e3o por alegado erro na aprecia\u00e7\u00e3o da prova.<\/li>\n<li>A Rela\u00e7\u00e3o rejeitou os pilares da defesa, mantendo a decis\u00e3o, com exce\u00e7\u00e3o de uma corre\u00e7\u00e3o formal sobre um lapso de escrita entre demandado e demandada.<\/li>\n<li>A suspens\u00e3o da pena inclui um plano de reinser\u00e7\u00e3o social e indemniza\u00e7\u00f5es: ao ofendido Valerius T\u00eaxteis, pelo menos um quarto do valor de 1 508,71 euros; ao outro ofendido, Ant\u00f3nio Jos\u00e9 Cardoso, pelo menos um quarto do valor de 1 305 euros, com obriga\u00e7\u00f5es de emprego e de coopera\u00e7\u00e3o com a reinser\u00e7\u00e3o.<\/li>\n<\/ul>\n","protected":false},"author":2,"featured_media":463778,"comment_status":"closed","ping_status":"closed","sticky":false,"template":"","format":"standard","meta":{"footnotes":""},"categories":[6815,1],"tags":[8736,8668,7921,8139,8276,8889],"class_list":["post-463776","post","type-post","status-publish","format-standard","has-post-thumbnail","hentry","category-justica","category-noticias","tag-_chega","tag-_condenacao","tag-_crime","tag-_indenizacoes","tag-_pessoas","tag-_reintegracao-social"],"yoast_head":"<!-- This site is optimized with the Yoast SEO plugin v27.2 - https:\/\/yoast.com\/product\/yoast-seo-wordpress\/ -->\n<title>Rela\u00e7\u00e3o mant\u00e9m condena\u00e7\u00e3o de ex-conselheiro nacional do Chega - Portal Tela Portugal<\/title>\n<meta name=\"robots\" content=\"index, follow, max-snippet:-1, max-image-preview:large, max-video-preview:-1\" \/>\n<meta property=\"og:locale\" content=\"pt_PT\" \/>\n<meta property=\"og:type\" content=\"article\" \/>\n<meta property=\"og:title\" content=\"Rela\u00e7\u00e3o mant\u00e9m condena\u00e7\u00e3o de ex-conselheiro nacional do Chega - Portal Tela Portugal\" \/>\n<meta property=\"og:description\" content=\"A Rela\u00e7\u00e3o de Coimbra manteve a condena\u00e7\u00e3o do ex-conselheiro nacional do Chega Jo\u00e3o Rog\u00e9rio Silva pelo crime de dano com viol\u00eancia, decidida pelo Tribunal de Oliveira do Hospital, em setembro do ano passado. Em mar\u00e7o de 2023, Silva ter\u00e1 batido na traseira do ve\u00edculo de Ant\u00f3nio Jos\u00e9 Cardoso e, munido de faca e mangueira, desferiu v\u00e1rias pancadas na viatura. Foi condenado a dois anos de pris\u00e3o, com suspens\u00e3o da execu\u00e7\u00e3o, mantendo a defesa a contesta\u00e7\u00e3o e o recurso para absolvi\u00e7\u00e3o por alegado erro na aprecia\u00e7\u00e3o da prova. A Rela\u00e7\u00e3o rejeitou os pilares da defesa, mantendo a decis\u00e3o, com exce\u00e7\u00e3o de uma corre\u00e7\u00e3o formal sobre um lapso de escrita entre demandado e demandada. A suspens\u00e3o da pena inclui um plano de reinser\u00e7\u00e3o social e indemniza\u00e7\u00f5es: ao ofendido Valerius T\u00eaxteis, pelo menos um quarto do valor de 1 508,71 euros; ao outro ofendido, Ant\u00f3nio Jos\u00e9 Cardoso, pelo menos um quarto do valor de 1 305 euros, com obriga\u00e7\u00f5es de emprego e de coopera\u00e7\u00e3o com a reinser\u00e7\u00e3o.\" \/>\n<meta property=\"og:url\" content=\"https:\/\/portaltela.pt\/noticias\/2026\/05\/01\/relacao-mantem-condenacao-de-ex-conselheiro-nacional-do-chega\/\" \/>\n<meta property=\"og:site_name\" content=\"Portal Tela Portugal\" \/>\n<meta property=\"article:published_time\" content=\"2026-05-01T12:03:16+00:00\" \/>\n<meta name=\"author\" content=\"Telinha\" \/>\n<meta name=\"twitter:card\" content=\"summary_large_image\" \/>\n<meta name=\"twitter:label1\" content=\"Escrito por\" \/>\n\t<meta name=\"twitter:data1\" content=\"Telinha\" \/>\n\t<meta name=\"twitter:label2\" content=\"Tempo estimado de leitura\" \/>\n\t<meta name=\"twitter:data2\" content=\"2 minutos\" \/>\n<script type=\"application\/ld+json\" class=\"yoast-schema-graph\">{\"@context\":\"https:\/\/schema.org\",\"@graph\":[{\"@type\":\"Article\",\"@id\":\"https:\/\/portaltela.pt\/noticias\/2026\/05\/01\/relacao-mantem-condenacao-de-ex-conselheiro-nacional-do-chega\/#article\",\"isPartOf\":{\"@id\":\"https:\/\/portaltela.pt\/noticias\/2026\/05\/01\/relacao-mantem-condenacao-de-ex-conselheiro-nacional-do-chega\/\"},\"author\":{\"name\":\"Telinha\",\"@id\":\"https:\/\/portaltela.pt\/#\/schema\/person\/c4278d4a6028830caff9ee44b42d32ed\"},\"headline\":\"Rela\u00e7\u00e3o mant\u00e9m condena\u00e7\u00e3o de ex-conselheiro nacional do Chega\",\"datePublished\":\"2026-05-01T12:03:16+00:00\",\"mainEntityOfPage\":{\"@id\":\"https:\/\/portaltela.pt\/noticias\/2026\/05\/01\/relacao-mantem-condenacao-de-ex-conselheiro-nacional-do-chega\/\"},\"wordCount\":368,\"image\":{\"@id\":\"https:\/\/portaltela.pt\/noticias\/2026\/05\/01\/relacao-mantem-condenacao-de-ex-conselheiro-nacional-do-chega\/#primaryimage\"},\"thumbnailUrl\":\"https:\/\/portaltela.pt\/s.01k8rhncp4jt1\/2026\/05\/image-19.jpg\",\"keywords\":[\"_Chega\",\"_condena\u00e7\u00e3o\",\"_crime\",\"_indeniza\u00e7\u00f5es\",\"_pessoas\",\"_reintegra\u00e7\u00e3o social\"],\"articleSection\":[\"Justi\u00e7a\",\"Not\u00edcias\"],\"inLanguage\":\"pt-PT\"},{\"@type\":\"WebPage\",\"@id\":\"https:\/\/portaltela.pt\/noticias\/2026\/05\/01\/relacao-mantem-condenacao-de-ex-conselheiro-nacional-do-chega\/\",\"url\":\"https:\/\/portaltela.pt\/noticias\/2026\/05\/01\/relacao-mantem-condenacao-de-ex-conselheiro-nacional-do-chega\/\",\"name\":\"Rela\u00e7\u00e3o mant\u00e9m condena\u00e7\u00e3o de ex-conselheiro nacional do Chega - Portal Tela Portugal\",\"isPartOf\":{\"@id\":\"https:\/\/portaltela.pt\/#website\"},\"primaryImageOfPage\":{\"@id\":\"https:\/\/portaltela.pt\/noticias\/2026\/05\/01\/relacao-mantem-condenacao-de-ex-conselheiro-nacional-do-chega\/#primaryimage\"},\"image\":{\"@id\":\"https:\/\/portaltela.pt\/noticias\/2026\/05\/01\/relacao-mantem-condenacao-de-ex-conselheiro-nacional-do-chega\/#primaryimage\"},\"thumbnailUrl\":\"https:\/\/portaltela.pt\/s.01k8rhncp4jt1\/2026\/05\/image-19.jpg\",\"datePublished\":\"2026-05-01T12:03:16+00:00\",\"author\":{\"@id\":\"https:\/\/portaltela.pt\/#\/schema\/person\/c4278d4a6028830caff9ee44b42d32ed\"},\"breadcrumb\":{\"@id\":\"https:\/\/portaltela.pt\/noticias\/2026\/05\/01\/relacao-mantem-condenacao-de-ex-conselheiro-nacional-do-chega\/#breadcrumb\"},\"inLanguage\":\"pt-PT\",\"potentialAction\":[{\"@type\":\"ReadAction\",\"target\":[\"https:\/\/portaltela.pt\/noticias\/2026\/05\/01\/relacao-mantem-condenacao-de-ex-conselheiro-nacional-do-chega\/\"]}]},{\"@type\":\"ImageObject\",\"inLanguage\":\"pt-PT\",\"@id\":\"https:\/\/portaltela.pt\/noticias\/2026\/05\/01\/relacao-mantem-condenacao-de-ex-conselheiro-nacional-do-chega\/#primaryimage\",\"url\":\"https:\/\/portaltela.pt\/s.01k8rhncp4jt1\/2026\/05\/image-19.jpg\",\"contentUrl\":\"https:\/\/portaltela.pt\/s.01k8rhncp4jt1\/2026\/05\/image-19.jpg\",\"width\":796,\"height\":448,\"caption\":\"Jo\u00e3o Rog\u00e9rio Silva, conselheiro nacional do Chega\"},{\"@type\":\"BreadcrumbList\",\"@id\":\"https:\/\/portaltela.pt\/noticias\/2026\/05\/01\/relacao-mantem-condenacao-de-ex-conselheiro-nacional-do-chega\/#breadcrumb\",\"itemListElement\":[{\"@type\":\"ListItem\",\"position\":1,\"name\":\"In\u00edcio\",\"item\":\"https:\/\/portaltela.pt\/\"},{\"@type\":\"ListItem\",\"position\":2,\"name\":\"Rela\u00e7\u00e3o mant\u00e9m condena\u00e7\u00e3o de ex-conselheiro nacional do Chega\"}]},{\"@type\":\"WebSite\",\"@id\":\"https:\/\/portaltela.pt\/#website\",\"url\":\"https:\/\/portaltela.pt\/\",\"name\":\"Portal Tela Portugal\",\"description\":\"\",\"potentialAction\":[{\"@type\":\"SearchAction\",\"target\":{\"@type\":\"EntryPoint\",\"urlTemplate\":\"https:\/\/portaltela.pt\/?s={search_term_string}\"},\"query-input\":{\"@type\":\"PropertyValueSpecification\",\"valueRequired\":true,\"valueName\":\"search_term_string\"}}],\"inLanguage\":\"pt-PT\"},{\"@type\":\"Person\",\"@id\":\"https:\/\/portaltela.pt\/#\/schema\/person\/c4278d4a6028830caff9ee44b42d32ed\",\"name\":\"Telinha\",\"image\":{\"@type\":\"ImageObject\",\"inLanguage\":\"pt-PT\",\"@id\":\"https:\/\/portaltela.pt\/s.01k8rhncp4jt1\/2025\/11\/talking-bot-125x125.png\",\"url\":\"https:\/\/portaltela.pt\/s.01k8rhncp4jt1\/2025\/11\/talking-bot-125x125.png\",\"contentUrl\":\"https:\/\/portaltela.pt\/s.01k8rhncp4jt1\/2025\/11\/talking-bot-125x125.png\",\"caption\":\"Telinha\"},\"sameAs\":[\"https:\/\/portaltela.pt\/\"],\"url\":\"https:\/\/portaltela.pt\/por\/367410592786\/\"}]}<\/script>\n<!-- \/ Yoast SEO plugin. -->","yoast_head_json":{"title":"Rela\u00e7\u00e3o mant\u00e9m condena\u00e7\u00e3o de ex-conselheiro nacional do Chega - Portal Tela Portugal","robots":{"index":"index","follow":"follow","max-snippet":"max-snippet:-1","max-image-preview":"max-image-preview:large","max-video-preview":"max-video-preview:-1"},"og_locale":"pt_PT","og_type":"article","og_title":"Rela\u00e7\u00e3o mant\u00e9m condena\u00e7\u00e3o de ex-conselheiro nacional do Chega - Portal Tela Portugal","og_description":"A Rela\u00e7\u00e3o de Coimbra manteve a condena\u00e7\u00e3o do ex-conselheiro nacional do Chega Jo\u00e3o Rog\u00e9rio Silva pelo crime de dano com viol\u00eancia, decidida pelo Tribunal de Oliveira do Hospital, em setembro do ano passado. Em mar\u00e7o de 2023, Silva ter\u00e1 batido na traseira do ve\u00edculo de Ant\u00f3nio Jos\u00e9 Cardoso e, munido de faca e mangueira, desferiu v\u00e1rias pancadas na viatura. Foi condenado a dois anos de pris\u00e3o, com suspens\u00e3o da execu\u00e7\u00e3o, mantendo a defesa a contesta\u00e7\u00e3o e o recurso para absolvi\u00e7\u00e3o por alegado erro na aprecia\u00e7\u00e3o da prova. A Rela\u00e7\u00e3o rejeitou os pilares da defesa, mantendo a decis\u00e3o, com exce\u00e7\u00e3o de uma corre\u00e7\u00e3o formal sobre um lapso de escrita entre demandado e demandada. A suspens\u00e3o da pena inclui um plano de reinser\u00e7\u00e3o social e indemniza\u00e7\u00f5es: ao ofendido Valerius T\u00eaxteis, pelo menos um quarto do valor de 1 508,71 euros; ao outro ofendido, Ant\u00f3nio Jos\u00e9 Cardoso, pelo menos um quarto do valor de 1 305 euros, com obriga\u00e7\u00f5es de emprego e de coopera\u00e7\u00e3o com a reinser\u00e7\u00e3o.","og_url":"https:\/\/portaltela.pt\/noticias\/2026\/05\/01\/relacao-mantem-condenacao-de-ex-conselheiro-nacional-do-chega\/","og_site_name":"Portal Tela Portugal","article_published_time":"2026-05-01T12:03:16+00:00","author":"Telinha","twitter_card":"summary_large_image","twitter_misc":{"Escrito por":"Telinha","Tempo estimado de leitura":"2 minutos"},"schema":{"@context":"https:\/\/schema.org","@graph":[{"@type":"Article","@id":"https:\/\/portaltela.pt\/noticias\/2026\/05\/01\/relacao-mantem-condenacao-de-ex-conselheiro-nacional-do-chega\/#article","isPartOf":{"@id":"https:\/\/portaltela.pt\/noticias\/2026\/05\/01\/relacao-mantem-condenacao-de-ex-conselheiro-nacional-do-chega\/"},"author":{"name":"Telinha","@id":"https:\/\/portaltela.pt\/#\/schema\/person\/c4278d4a6028830caff9ee44b42d32ed"},"headline":"Rela\u00e7\u00e3o mant\u00e9m condena\u00e7\u00e3o de ex-conselheiro nacional do Chega","datePublished":"2026-05-01T12:03:16+00:00","mainEntityOfPage":{"@id":"https:\/\/portaltela.pt\/noticias\/2026\/05\/01\/relacao-mantem-condenacao-de-ex-conselheiro-nacional-do-chega\/"},"wordCount":368,"image":{"@id":"https:\/\/portaltela.pt\/noticias\/2026\/05\/01\/relacao-mantem-condenacao-de-ex-conselheiro-nacional-do-chega\/#primaryimage"},"thumbnailUrl":"https:\/\/portaltela.pt\/s.01k8rhncp4jt1\/2026\/05\/image-19.jpg","keywords":["_Chega","_condena\u00e7\u00e3o","_crime","_indeniza\u00e7\u00f5es","_pessoas","_reintegra\u00e7\u00e3o social"],"articleSection":["Justi\u00e7a","Not\u00edcias"],"inLanguage":"pt-PT"},{"@type":"WebPage","@id":"https:\/\/portaltela.pt\/noticias\/2026\/05\/01\/relacao-mantem-condenacao-de-ex-conselheiro-nacional-do-chega\/","url":"https:\/\/portaltela.pt\/noticias\/2026\/05\/01\/relacao-mantem-condenacao-de-ex-conselheiro-nacional-do-chega\/","name":"Rela\u00e7\u00e3o mant\u00e9m condena\u00e7\u00e3o de ex-conselheiro nacional do Chega - Portal Tela Portugal","isPartOf":{"@id":"https:\/\/portaltela.pt\/#website"},"primaryImageOfPage":{"@id":"https:\/\/portaltela.pt\/noticias\/2026\/05\/01\/relacao-mantem-condenacao-de-ex-conselheiro-nacional-do-chega\/#primaryimage"},"image":{"@id":"https:\/\/portaltela.pt\/noticias\/2026\/05\/01\/relacao-mantem-condenacao-de-ex-conselheiro-nacional-do-chega\/#primaryimage"},"thumbnailUrl":"https:\/\/portaltela.pt\/s.01k8rhncp4jt1\/2026\/05\/image-19.jpg","datePublished":"2026-05-01T12:03:16+00:00","author":{"@id":"https:\/\/portaltela.pt\/#\/schema\/person\/c4278d4a6028830caff9ee44b42d32ed"},"breadcrumb":{"@id":"https:\/\/portaltela.pt\/noticias\/2026\/05\/01\/relacao-mantem-condenacao-de-ex-conselheiro-nacional-do-chega\/#breadcrumb"},"inLanguage":"pt-PT","potentialAction":[{"@type":"ReadAction","target":["https:\/\/portaltela.pt\/noticias\/2026\/05\/01\/relacao-mantem-condenacao-de-ex-conselheiro-nacional-do-chega\/"]}]},{"@type":"ImageObject","inLanguage":"pt-PT","@id":"https:\/\/portaltela.pt\/noticias\/2026\/05\/01\/relacao-mantem-condenacao-de-ex-conselheiro-nacional-do-chega\/#primaryimage","url":"https:\/\/portaltela.pt\/s.01k8rhncp4jt1\/2026\/05\/image-19.jpg","contentUrl":"https:\/\/portaltela.pt\/s.01k8rhncp4jt1\/2026\/05\/image-19.jpg","width":796,"height":448,"caption":"Jo\u00e3o Rog\u00e9rio Silva, conselheiro nacional do Chega"},{"@type":"BreadcrumbList","@id":"https:\/\/portaltela.pt\/noticias\/2026\/05\/01\/relacao-mantem-condenacao-de-ex-conselheiro-nacional-do-chega\/#breadcrumb","itemListElement":[{"@type":"ListItem","position":1,"name":"In\u00edcio","item":"https:\/\/portaltela.pt\/"},{"@type":"ListItem","position":2,"name":"Rela\u00e7\u00e3o mant\u00e9m condena\u00e7\u00e3o de ex-conselheiro nacional do Chega"}]},{"@type":"WebSite","@id":"https:\/\/portaltela.pt\/#website","url":"https:\/\/portaltela.pt\/","name":"Portal Tela Portugal","description":"","potentialAction":[{"@type":"SearchAction","target":{"@type":"EntryPoint","urlTemplate":"https:\/\/portaltela.pt\/?s={search_term_string}"},"query-input":{"@type":"PropertyValueSpecification","valueRequired":true,"valueName":"search_term_string"}}],"inLanguage":"pt-PT"},{"@type":"Person","@id":"https:\/\/portaltela.pt\/#\/schema\/person\/c4278d4a6028830caff9ee44b42d32ed","name":"Telinha","image":{"@type":"ImageObject","inLanguage":"pt-PT","@id":"https:\/\/portaltela.pt\/s.01k8rhncp4jt1\/2025\/11\/talking-bot-125x125.png","url":"https:\/\/portaltela.pt\/s.01k8rhncp4jt1\/2025\/11\/talking-bot-125x125.png","contentUrl":"https:\/\/portaltela.pt\/s.01k8rhncp4jt1\/2025\/11\/talking-bot-125x125.png","caption":"Telinha"},"sameAs":["https:\/\/portaltela.pt\/"],"url":"https:\/\/portaltela.pt\/por\/367410592786\/"}]}},"_links":{"self":[{"href":"https:\/\/portaltela.pt\/api\/wp\/v2\/posts\/463776","targetHints":{"allow":["GET"]}}],"collection":[{"href":"https:\/\/portaltela.pt\/api\/wp\/v2\/posts"}],"about":[{"href":"https:\/\/portaltela.pt\/api\/wp\/v2\/types\/post"}],"author":[{"embeddable":true,"href":"https:\/\/portaltela.pt\/api\/wp\/v2\/users\/2"}],"replies":[{"embeddable":true,"href":"https:\/\/portaltela.pt\/api\/wp\/v2\/comments?post=463776"}],"version-history":[{"count":0,"href":"https:\/\/portaltela.pt\/api\/wp\/v2\/posts\/463776\/revisions"}],"wp:featuredmedia":[{"embeddable":true,"href":"https:\/\/portaltela.pt\/api\/wp\/v2\/media\/463778"}],"wp:attachment":[{"href":"https:\/\/portaltela.pt\/api\/wp\/v2\/media?parent=463776"}],"wp:term":[{"taxonomy":"category","embeddable":true,"href":"https:\/\/portaltela.pt\/api\/wp\/v2\/categories?post=463776"},{"taxonomy":"post_tag","embeddable":true,"href":"https:\/\/portaltela.pt\/api\/wp\/v2\/tags?post=463776"}],"curies":[{"name":"wp","href":"https:\/\/api.w.org\/{rel}","templated":true}]}}