{"id":463766,"date":"2026-05-01T09:02:58","date_gmt":"2026-05-01T12:02:58","guid":{"rendered":"https:\/\/portaltela.pt\/noticias\/2026\/05\/01\/incendio-atinge-armazem-junto-a-a1-em-vila-franca-de-xira\/"},"modified":"2026-05-01T09:02:58","modified_gmt":"2026-05-01T12:02:58","slug":"incendio-atinge-armazem-junto-a-a1-em-vila-franca-de-xira","status":"publish","type":"post","link":"https:\/\/portaltela.pt\/noticias\/2026\/05\/01\/incendio-atinge-armazem-junto-a-a1-em-vila-franca-de-xira\/","title":{"rendered":"Inc\u00eandio atinge armaz\u00e9m junto \u00e0 A1 em Vila Franca de Xira"},"content":{"rendered":"<p>Na manh\u00e3 desta segunda-feira, um inc\u00eandio deflagrou-se num armaz\u00e9m situado na zona industrial de Vila Franca de Xira, junto \u00e0 A1. O fogo est\u00e1 sob controlo, segundo informa\u00e7\u00f5es preliminares, com dezenas de Bombeiros no local para evitar a sua propaga\u00e7\u00e3o.<\/p>\n<p>O armaz\u00e9m foi rapidamente evacuado. As autoridades est\u00e3o a investigar as causas do inc\u00eandio e ainda n\u00e3o h\u00e1 dados oficiais sobre v\u00edtimas ou danos materiais.<\/p>\n<p>As autoridades locais mant\u00eam-se no terreno para monitorizar a situa\u00e7\u00e3o e assegurar a seguran\u00e7a de trabalhadores e popula\u00e7\u00e3o da \u00e1rea, sem relatos de incidentes adicionais neste momento.<\/p>\n","protected":false},"excerpt":{"rendered":"<ul>\n<li>Um inc\u00eandio deflagrou num armaz\u00e9m na zona industrial de Vila Franca de Xira, junto \u00e0 A1, na manh\u00e3 desta segunda-feira.<\/li>\n<li>O fogo est\u00e1 sob controlo e dezenas de bombeiros permanecem no local para evitar que as chamas se espalhem.<\/li>\n<li>O armaz\u00e9m foi rapidamente evacuado e as autoridades investigam as causas do inc\u00eandio.<\/li>\n<li>Ainda n\u00e3o h\u00e1 informa\u00e7\u00f5es sobre v\u00edtimas ou sobre danos materiais.<\/li>\n<li>As autoridades locais continuam no terreno a monitorizar a situa\u00e7\u00e3o e a tomar medidas de seguran\u00e7a para a popula\u00e7\u00e3o e trabalhadores da \u00e1rea.<\/li>\n<\/ul>\n","protected":false},"author":2,"featured_media":463767,"comment_status":"closed","ping_status":"closed","sticky":false,"template":"","format":"standard","meta":{"footnotes":""},"categories":[6849,1],"tags":[9051,10108,8054,8260,7974,7878],"class_list":["post-463766","post","type-post","status-publish","format-standard","has-post-thumbnail","hentry","category-acidentes","category-noticias","tag-_area-metropolitana-de-lisboa","tag-_armazens","tag-_bombeiros","tag-_incendio","tag-_lisboa","tag-_seguranca-publica"],"yoast_head":"<!-- This site is optimized with the Yoast SEO plugin v27.2 - https:\/\/yoast.com\/product\/yoast-seo-wordpress\/ -->\n<title>Inc\u00eandio atinge armaz\u00e9m junto \u00e0 A1 em Vila Franca de Xira - Portal Tela Portugal<\/title>\n<meta name=\"robots\" content=\"index, follow, max-snippet:-1, max-image-preview:large, max-video-preview:-1\" \/>\n<meta property=\"og:locale\" content=\"pt_PT\" \/>\n<meta property=\"og:type\" content=\"article\" \/>\n<meta property=\"og:title\" content=\"Inc\u00eandio atinge armaz\u00e9m junto \u00e0 A1 em Vila Franca de Xira - Portal Tela Portugal\" \/>\n<meta property=\"og:description\" content=\"Um inc\u00eandio deflagrou num armaz\u00e9m na zona industrial de Vila Franca de Xira, junto \u00e0 A1, na manh\u00e3 desta segunda-feira. O fogo est\u00e1 sob controlo e dezenas de bombeiros permanecem no local para evitar que as chamas se espalhem. O armaz\u00e9m foi rapidamente evacuado e as autoridades investigam as causas do inc\u00eandio. Ainda n\u00e3o h\u00e1 informa\u00e7\u00f5es sobre v\u00edtimas ou sobre danos materiais. As autoridades locais continuam no terreno a monitorizar a situa\u00e7\u00e3o e a tomar medidas de seguran\u00e7a para a popula\u00e7\u00e3o e trabalhadores da \u00e1rea.\" \/>\n<meta property=\"og:url\" content=\"https:\/\/portaltela.pt\/noticias\/2026\/05\/01\/incendio-atinge-armazem-junto-a-a1-em-vila-franca-de-xira\/\" \/>\n<meta property=\"og:site_name\" content=\"Portal Tela Portugal\" \/>\n<meta property=\"article:published_time\" content=\"2026-05-01T12:02:58+00:00\" \/>\n<meta name=\"author\" content=\"Telinha\" \/>\n<meta name=\"twitter:card\" content=\"summary_large_image\" \/>\n<meta name=\"twitter:label1\" content=\"Escrito por\" \/>\n\t<meta name=\"twitter:data1\" content=\"Telinha\" \/>\n\t<meta name=\"twitter:label2\" content=\"Tempo estimado de leitura\" \/>\n\t<meta name=\"twitter:data2\" content=\"1 minuto\" \/>\n<script type=\"application\/ld+json\" class=\"yoast-schema-graph\">{\"@context\":\"https:\/\/schema.org\",\"@graph\":[{\"@type\":\"Article\",\"@id\":\"https:\/\/portaltela.pt\/noticias\/2026\/05\/01\/incendio-atinge-armazem-junto-a-a1-em-vila-franca-de-xira\/#article\",\"isPartOf\":{\"@id\":\"https:\/\/portaltela.pt\/noticias\/2026\/05\/01\/incendio-atinge-armazem-junto-a-a1-em-vila-franca-de-xira\/\"},\"author\":{\"name\":\"Telinha\",\"@id\":\"https:\/\/portaltela.pt\/#\/schema\/person\/c4278d4a6028830caff9ee44b42d32ed\"},\"headline\":\"Inc\u00eandio atinge armaz\u00e9m junto \u00e0 A1 em Vila Franca de Xira\",\"datePublished\":\"2026-05-01T12:02:58+00:00\",\"mainEntityOfPage\":{\"@id\":\"https:\/\/portaltela.pt\/noticias\/2026\/05\/01\/incendio-atinge-armazem-junto-a-a1-em-vila-franca-de-xira\/\"},\"wordCount\":116,\"image\":{\"@id\":\"https:\/\/portaltela.pt\/noticias\/2026\/05\/01\/incendio-atinge-armazem-junto-a-a1-em-vila-franca-de-xira\/#primaryimage\"},\"thumbnailUrl\":\"https:\/\/portaltela.pt\/s.01k8rhncp4jt1\/2026\/05\/img_1280x722uu2026-05-01-12-40-38-2282208.jpg\",\"keywords\":[\"_\u00c1rea Metropolitana de Lisboa\",\"_armaz\u00e9ns\",\"_Bombeiros\",\"_inc\u00eandio\",\"_Lisboa\",\"_seguran\u00e7a p\u00fablica\"],\"articleSection\":[\"Acidentes\",\"Not\u00edcias\"],\"inLanguage\":\"pt-PT\"},{\"@type\":\"WebPage\",\"@id\":\"https:\/\/portaltela.pt\/noticias\/2026\/05\/01\/incendio-atinge-armazem-junto-a-a1-em-vila-franca-de-xira\/\",\"url\":\"https:\/\/portaltela.pt\/noticias\/2026\/05\/01\/incendio-atinge-armazem-junto-a-a1-em-vila-franca-de-xira\/\",\"name\":\"Inc\u00eandio atinge armaz\u00e9m junto \u00e0 A1 em Vila Franca de Xira - Portal Tela Portugal\",\"isPartOf\":{\"@id\":\"https:\/\/portaltela.pt\/#website\"},\"primaryImageOfPage\":{\"@id\":\"https:\/\/portaltela.pt\/noticias\/2026\/05\/01\/incendio-atinge-armazem-junto-a-a1-em-vila-franca-de-xira\/#primaryimage\"},\"image\":{\"@id\":\"https:\/\/portaltela.pt\/noticias\/2026\/05\/01\/incendio-atinge-armazem-junto-a-a1-em-vila-franca-de-xira\/#primaryimage\"},\"thumbnailUrl\":\"https:\/\/portaltela.pt\/s.01k8rhncp4jt1\/2026\/05\/img_1280x722uu2026-05-01-12-40-38-2282208.jpg\",\"datePublished\":\"2026-05-01T12:02:58+00:00\",\"author\":{\"@id\":\"https:\/\/portaltela.pt\/#\/schema\/person\/c4278d4a6028830caff9ee44b42d32ed\"},\"breadcrumb\":{\"@id\":\"https:\/\/portaltela.pt\/noticias\/2026\/05\/01\/incendio-atinge-armazem-junto-a-a1-em-vila-franca-de-xira\/#breadcrumb\"},\"inLanguage\":\"pt-PT\",\"potentialAction\":[{\"@type\":\"ReadAction\",\"target\":[\"https:\/\/portaltela.pt\/noticias\/2026\/05\/01\/incendio-atinge-armazem-junto-a-a1-em-vila-franca-de-xira\/\"]}]},{\"@type\":\"ImageObject\",\"inLanguage\":\"pt-PT\",\"@id\":\"https:\/\/portaltela.pt\/noticias\/2026\/05\/01\/incendio-atinge-armazem-junto-a-a1-em-vila-franca-de-xira\/#primaryimage\",\"url\":\"https:\/\/portaltela.pt\/s.01k8rhncp4jt1\/2026\/05\/img_1280x722uu2026-05-01-12-40-38-2282208.jpg\",\"contentUrl\":\"https:\/\/portaltela.pt\/s.01k8rhncp4jt1\/2026\/05\/img_1280x722uu2026-05-01-12-40-38-2282208.jpg\",\"width\":796,\"height\":448,\"caption\":\"Photo\"},{\"@type\":\"BreadcrumbList\",\"@id\":\"https:\/\/portaltela.pt\/noticias\/2026\/05\/01\/incendio-atinge-armazem-junto-a-a1-em-vila-franca-de-xira\/#breadcrumb\",\"itemListElement\":[{\"@type\":\"ListItem\",\"position\":1,\"name\":\"In\u00edcio\",\"item\":\"https:\/\/portaltela.pt\/\"},{\"@type\":\"ListItem\",\"position\":2,\"name\":\"Inc\u00eandio atinge armaz\u00e9m junto \u00e0 A1 em Vila Franca de Xira\"}]},{\"@type\":\"WebSite\",\"@id\":\"https:\/\/portaltela.pt\/#website\",\"url\":\"https:\/\/portaltela.pt\/\",\"name\":\"Portal Tela Portugal\",\"description\":\"\",\"potentialAction\":[{\"@type\":\"SearchAction\",\"target\":{\"@type\":\"EntryPoint\",\"urlTemplate\":\"https:\/\/portaltela.pt\/?s={search_term_string}\"},\"query-input\":{\"@type\":\"PropertyValueSpecification\",\"valueRequired\":true,\"valueName\":\"search_term_string\"}}],\"inLanguage\":\"pt-PT\"},{\"@type\":\"Person\",\"@id\":\"https:\/\/portaltela.pt\/#\/schema\/person\/c4278d4a6028830caff9ee44b42d32ed\",\"name\":\"Telinha\",\"image\":{\"@type\":\"ImageObject\",\"inLanguage\":\"pt-PT\",\"@id\":\"https:\/\/portaltela.pt\/s.01k8rhncp4jt1\/2025\/11\/talking-bot-125x125.png\",\"url\":\"https:\/\/portaltela.pt\/s.01k8rhncp4jt1\/2025\/11\/talking-bot-125x125.png\",\"contentUrl\":\"https:\/\/portaltela.pt\/s.01k8rhncp4jt1\/2025\/11\/talking-bot-125x125.png\",\"caption\":\"Telinha\"},\"sameAs\":[\"https:\/\/portaltela.pt\/\"],\"url\":\"https:\/\/portaltela.pt\/por\/367410592786\/\"}]}<\/script>\n<!-- \/ Yoast SEO plugin. -->","yoast_head_json":{"title":"Inc\u00eandio atinge armaz\u00e9m junto \u00e0 A1 em Vila Franca de Xira - Portal Tela Portugal","robots":{"index":"index","follow":"follow","max-snippet":"max-snippet:-1","max-image-preview":"max-image-preview:large","max-video-preview":"max-video-preview:-1"},"og_locale":"pt_PT","og_type":"article","og_title":"Inc\u00eandio atinge armaz\u00e9m junto \u00e0 A1 em Vila Franca de Xira - Portal Tela Portugal","og_description":"Um inc\u00eandio deflagrou num armaz\u00e9m na zona industrial de Vila Franca de Xira, junto \u00e0 A1, na manh\u00e3 desta segunda-feira. O fogo est\u00e1 sob controlo e dezenas de bombeiros permanecem no local para evitar que as chamas se espalhem. O armaz\u00e9m foi rapidamente evacuado e as autoridades investigam as causas do inc\u00eandio. Ainda n\u00e3o h\u00e1 informa\u00e7\u00f5es sobre v\u00edtimas ou sobre danos materiais. As autoridades locais continuam no terreno a monitorizar a situa\u00e7\u00e3o e a tomar medidas de seguran\u00e7a para a popula\u00e7\u00e3o e trabalhadores da \u00e1rea.","og_url":"https:\/\/portaltela.pt\/noticias\/2026\/05\/01\/incendio-atinge-armazem-junto-a-a1-em-vila-franca-de-xira\/","og_site_name":"Portal Tela Portugal","article_published_time":"2026-05-01T12:02:58+00:00","author":"Telinha","twitter_card":"summary_large_image","twitter_misc":{"Escrito por":"Telinha","Tempo estimado de leitura":"1 minuto"},"schema":{"@context":"https:\/\/schema.org","@graph":[{"@type":"Article","@id":"https:\/\/portaltela.pt\/noticias\/2026\/05\/01\/incendio-atinge-armazem-junto-a-a1-em-vila-franca-de-xira\/#article","isPartOf":{"@id":"https:\/\/portaltela.pt\/noticias\/2026\/05\/01\/incendio-atinge-armazem-junto-a-a1-em-vila-franca-de-xira\/"},"author":{"name":"Telinha","@id":"https:\/\/portaltela.pt\/#\/schema\/person\/c4278d4a6028830caff9ee44b42d32ed"},"headline":"Inc\u00eandio atinge armaz\u00e9m junto \u00e0 A1 em Vila Franca de Xira","datePublished":"2026-05-01T12:02:58+00:00","mainEntityOfPage":{"@id":"https:\/\/portaltela.pt\/noticias\/2026\/05\/01\/incendio-atinge-armazem-junto-a-a1-em-vila-franca-de-xira\/"},"wordCount":116,"image":{"@id":"https:\/\/portaltela.pt\/noticias\/2026\/05\/01\/incendio-atinge-armazem-junto-a-a1-em-vila-franca-de-xira\/#primaryimage"},"thumbnailUrl":"https:\/\/portaltela.pt\/s.01k8rhncp4jt1\/2026\/05\/img_1280x722uu2026-05-01-12-40-38-2282208.jpg","keywords":["_\u00c1rea Metropolitana de Lisboa","_armaz\u00e9ns","_Bombeiros","_inc\u00eandio","_Lisboa","_seguran\u00e7a p\u00fablica"],"articleSection":["Acidentes","Not\u00edcias"],"inLanguage":"pt-PT"},{"@type":"WebPage","@id":"https:\/\/portaltela.pt\/noticias\/2026\/05\/01\/incendio-atinge-armazem-junto-a-a1-em-vila-franca-de-xira\/","url":"https:\/\/portaltela.pt\/noticias\/2026\/05\/01\/incendio-atinge-armazem-junto-a-a1-em-vila-franca-de-xira\/","name":"Inc\u00eandio atinge armaz\u00e9m junto \u00e0 A1 em Vila Franca de Xira - Portal Tela Portugal","isPartOf":{"@id":"https:\/\/portaltela.pt\/#website"},"primaryImageOfPage":{"@id":"https:\/\/portaltela.pt\/noticias\/2026\/05\/01\/incendio-atinge-armazem-junto-a-a1-em-vila-franca-de-xira\/#primaryimage"},"image":{"@id":"https:\/\/portaltela.pt\/noticias\/2026\/05\/01\/incendio-atinge-armazem-junto-a-a1-em-vila-franca-de-xira\/#primaryimage"},"thumbnailUrl":"https:\/\/portaltela.pt\/s.01k8rhncp4jt1\/2026\/05\/img_1280x722uu2026-05-01-12-40-38-2282208.jpg","datePublished":"2026-05-01T12:02:58+00:00","author":{"@id":"https:\/\/portaltela.pt\/#\/schema\/person\/c4278d4a6028830caff9ee44b42d32ed"},"breadcrumb":{"@id":"https:\/\/portaltela.pt\/noticias\/2026\/05\/01\/incendio-atinge-armazem-junto-a-a1-em-vila-franca-de-xira\/#breadcrumb"},"inLanguage":"pt-PT","potentialAction":[{"@type":"ReadAction","target":["https:\/\/portaltela.pt\/noticias\/2026\/05\/01\/incendio-atinge-armazem-junto-a-a1-em-vila-franca-de-xira\/"]}]},{"@type":"ImageObject","inLanguage":"pt-PT","@id":"https:\/\/portaltela.pt\/noticias\/2026\/05\/01\/incendio-atinge-armazem-junto-a-a1-em-vila-franca-de-xira\/#primaryimage","url":"https:\/\/portaltela.pt\/s.01k8rhncp4jt1\/2026\/05\/img_1280x722uu2026-05-01-12-40-38-2282208.jpg","contentUrl":"https:\/\/portaltela.pt\/s.01k8rhncp4jt1\/2026\/05\/img_1280x722uu2026-05-01-12-40-38-2282208.jpg","width":796,"height":448,"caption":"Photo"},{"@type":"BreadcrumbList","@id":"https:\/\/portaltela.pt\/noticias\/2026\/05\/01\/incendio-atinge-armazem-junto-a-a1-em-vila-franca-de-xira\/#breadcrumb","itemListElement":[{"@type":"ListItem","position":1,"name":"In\u00edcio","item":"https:\/\/portaltela.pt\/"},{"@type":"ListItem","position":2,"name":"Inc\u00eandio atinge armaz\u00e9m junto \u00e0 A1 em Vila Franca de Xira"}]},{"@type":"WebSite","@id":"https:\/\/portaltela.pt\/#website","url":"https:\/\/portaltela.pt\/","name":"Portal Tela Portugal","description":"","potentialAction":[{"@type":"SearchAction","target":{"@type":"EntryPoint","urlTemplate":"https:\/\/portaltela.pt\/?s={search_term_string}"},"query-input":{"@type":"PropertyValueSpecification","valueRequired":true,"valueName":"search_term_string"}}],"inLanguage":"pt-PT"},{"@type":"Person","@id":"https:\/\/portaltela.pt\/#\/schema\/person\/c4278d4a6028830caff9ee44b42d32ed","name":"Telinha","image":{"@type":"ImageObject","inLanguage":"pt-PT","@id":"https:\/\/portaltela.pt\/s.01k8rhncp4jt1\/2025\/11\/talking-bot-125x125.png","url":"https:\/\/portaltela.pt\/s.01k8rhncp4jt1\/2025\/11\/talking-bot-125x125.png","contentUrl":"https:\/\/portaltela.pt\/s.01k8rhncp4jt1\/2025\/11\/talking-bot-125x125.png","caption":"Telinha"},"sameAs":["https:\/\/portaltela.pt\/"],"url":"https:\/\/portaltela.pt\/por\/367410592786\/"}]}},"_links":{"self":[{"href":"https:\/\/portaltela.pt\/api\/wp\/v2\/posts\/463766","targetHints":{"allow":["GET"]}}],"collection":[{"href":"https:\/\/portaltela.pt\/api\/wp\/v2\/posts"}],"about":[{"href":"https:\/\/portaltela.pt\/api\/wp\/v2\/types\/post"}],"author":[{"embeddable":true,"href":"https:\/\/portaltela.pt\/api\/wp\/v2\/users\/2"}],"replies":[{"embeddable":true,"href":"https:\/\/portaltela.pt\/api\/wp\/v2\/comments?post=463766"}],"version-history":[{"count":0,"href":"https:\/\/portaltela.pt\/api\/wp\/v2\/posts\/463766\/revisions"}],"wp:featuredmedia":[{"embeddable":true,"href":"https:\/\/portaltela.pt\/api\/wp\/v2\/media\/463767"}],"wp:attachment":[{"href":"https:\/\/portaltela.pt\/api\/wp\/v2\/media?parent=463766"}],"wp:term":[{"taxonomy":"category","embeddable":true,"href":"https:\/\/portaltela.pt\/api\/wp\/v2\/categories?post=463766"},{"taxonomy":"post_tag","embeddable":true,"href":"https:\/\/portaltela.pt\/api\/wp\/v2\/tags?post=463766"}],"curies":[{"name":"wp","href":"https:\/\/api.w.org\/{rel}","templated":true}]}}