{"id":463763,"date":"2026-05-01T08:48:00","date_gmt":"2026-05-01T11:48:00","guid":{"rendered":"https:\/\/portaltela.pt\/noticias\/2026\/05\/01\/varandas-diz-que-e-justo-dar-os-parabens-aos-jogadores-do-fc-porto\/"},"modified":"2026-05-01T08:48:00","modified_gmt":"2026-05-01T11:48:00","slug":"varandas-diz-que-e-justo-dar-os-parabens-aos-jogadores-do-fc-porto","status":"publish","type":"post","link":"https:\/\/portaltela.pt\/desporto\/futebol\/2026\/05\/01\/varandas-diz-que-e-justo-dar-os-parabens-aos-jogadores-do-fc-porto\/","title":{"rendered":"Varandas diz que \u00e9 justo dar os parab\u00e9ns aos jogadores do FC Porto"},"content":{"rendered":"<p>Frederico Varandas, presidente do Sporting, declarou que \u00e9 inteiramente justo dar os parab\u00e9ns aos jogadores do Sporting caso o FC Porto conquiste o campeonato. A afirma\u00e7\u00e3o respondeu a uma pergunta sobre uma poss\u00edvel congratula\u00e7\u00e3o ao treinador do Porto, Andr\u00e9 Villas-Boas.<\/p>\n<p>Segundo Varandas, manter o foco no desempenho da equipa de Alvalade \u00e9 a prioridade, independentemente do desfecho da competi\u00e7\u00e3o. A posi\u00e7\u00e3o constitui uma leitura da rivalidade entre ambos os clubes sob a perspetiva da meritocracia desportiva.<\/p>\n<p>A nota p\u00fablica ocorreu numa altura em que o campeonato entra na sua fase decisiva. O dirigente frisou que o reconhecimento aos atletas do Sporting deve manter-se, mesmo em caso de vit\u00f3ria dos azuis e brancos, refor\u00e7ando uma postura de justi\u00e7a desportiva.<\/p>\n<p>A entrevista foi partilhada por meios de comunica\u00e7\u00e3o desportivos e tem gerado discuss\u00e3o entre adeptos quanto \u00e0 l\u00f3gica de contactos institucionais entre clubes rivais. N\u00e3o houve indica\u00e7\u00e3o de data oficial para novos coment\u00e1rios.<\/p>\n","protected":false},"excerpt":{"rendered":"<ul>\n<li>Frederico Varandas afirmou ser inteiramente justo dar os parab\u00e9ns aos jogadores do Sporting caso o FC Porto conquiste o campeonato.<\/li>\n<li>Questionado sobre cumprimentar Andr\u00e9 Villas-Boas se o FC Porto vencer, Varandas disse que \u00e9 inteiramente justo dar os parab\u00e9ns aos jogadores do Sporting.<\/li>\n<li>A resposta foi dada ao ser questionado sobre poss\u00edveis reconhecimentos entre clubes rivais.<\/li>\n<li>A declara\u00e7\u00e3o permanece centrada na ideia de reconhecer o esfor\u00e7o dos jogadores do Sporting, independentemente do resultado.<\/li>\n<li>N\u00e3o foram apresentados coment\u00e1rios adicionais ou conclus\u00f5es sobre o tema.<\/li>\n<\/ul>\n","protected":false},"author":2,"featured_media":463765,"comment_status":"closed","ping_status":"closed","sticky":false,"template":"","format":"standard","meta":{"footnotes":""},"categories":[21,24],"tags":[8315,7755,10107,8447,8639],"class_list":["post-463763","post","type-post","status-publish","format-standard","has-post-thumbnail","hentry","category-desporto","category-futebol","tag-_fc-porto","tag-_futebol","tag-_meritocracia-desportiva","tag-_organizacao-desportiva","tag-_sporting"],"yoast_head":"<!-- This site is optimized with the Yoast SEO plugin v27.2 - https:\/\/yoast.com\/product\/yoast-seo-wordpress\/ -->\n<title>Varandas diz que \u00e9 justo dar os parab\u00e9ns aos jogadores do FC Porto - Portal Tela Portugal<\/title>\n<meta name=\"robots\" content=\"index, follow, max-snippet:-1, max-image-preview:large, max-video-preview:-1\" \/>\n<meta property=\"og:locale\" content=\"pt_PT\" \/>\n<meta property=\"og:type\" content=\"article\" \/>\n<meta property=\"og:title\" content=\"Varandas diz que \u00e9 justo dar os parab\u00e9ns aos jogadores do FC Porto - Portal Tela Portugal\" \/>\n<meta property=\"og:description\" content=\"Frederico Varandas afirmou ser inteiramente justo dar os parab\u00e9ns aos jogadores do Sporting caso o FC Porto conquiste o campeonato. Questionado sobre cumprimentar Andr\u00e9 Villas-Boas se o FC Porto vencer, Varandas disse que \u00e9 inteiramente justo dar os parab\u00e9ns aos jogadores do Sporting. A resposta foi dada ao ser questionado sobre poss\u00edveis reconhecimentos entre clubes rivais. A declara\u00e7\u00e3o permanece centrada na ideia de reconhecer o esfor\u00e7o dos jogadores do Sporting, independentemente do resultado. N\u00e3o foram apresentados coment\u00e1rios adicionais ou conclus\u00f5es sobre o tema.\" \/>\n<meta property=\"og:url\" content=\"https:\/\/portaltela.pt\/noticias\/2026\/05\/01\/varandas-diz-que-e-justo-dar-os-parabens-aos-jogadores-do-fc-porto\/\" \/>\n<meta property=\"og:site_name\" content=\"Portal Tela Portugal\" \/>\n<meta property=\"article:published_time\" content=\"2026-05-01T11:48:00+00:00\" \/>\n<meta name=\"author\" content=\"Telinha\" \/>\n<meta name=\"twitter:card\" content=\"summary_large_image\" \/>\n<meta name=\"twitter:label1\" content=\"Escrito por\" \/>\n\t<meta name=\"twitter:data1\" content=\"Telinha\" \/>\n\t<meta name=\"twitter:label2\" content=\"Tempo estimado de leitura\" \/>\n\t<meta name=\"twitter:data2\" content=\"1 minuto\" \/>\n<script type=\"application\/ld+json\" class=\"yoast-schema-graph\">{\"@context\":\"https:\/\/schema.org\",\"@graph\":[{\"@type\":\"Article\",\"@id\":\"https:\/\/portaltela.pt\/noticias\/2026\/05\/01\/varandas-diz-que-e-justo-dar-os-parabens-aos-jogadores-do-fc-porto\/#article\",\"isPartOf\":{\"@id\":\"https:\/\/portaltela.pt\/noticias\/2026\/05\/01\/varandas-diz-que-e-justo-dar-os-parabens-aos-jogadores-do-fc-porto\/\"},\"author\":{\"name\":\"Telinha\",\"@id\":\"https:\/\/portaltela.pt\/#\/schema\/person\/c4278d4a6028830caff9ee44b42d32ed\"},\"headline\":\"Varandas diz que \u00e9 justo dar os parab\u00e9ns aos jogadores do FC Porto\",\"datePublished\":\"2026-05-01T11:48:00+00:00\",\"mainEntityOfPage\":{\"@id\":\"https:\/\/portaltela.pt\/noticias\/2026\/05\/01\/varandas-diz-que-e-justo-dar-os-parabens-aos-jogadores-do-fc-porto\/\"},\"wordCount\":177,\"image\":{\"@id\":\"https:\/\/portaltela.pt\/noticias\/2026\/05\/01\/varandas-diz-que-e-justo-dar-os-parabens-aos-jogadores-do-fc-porto\/#primaryimage\"},\"thumbnailUrl\":\"https:\/\/portaltela.pt\/s.01k8rhncp4jt1\/2026\/05\/img_1200x721uu2026-05-01-12-39-37-2436245.jpg\",\"keywords\":[\"_FC Porto\",\"_futebol\",\"_meritocracia desportiva\",\"_organiza\u00e7\u00e3o desportiva\",\"_Sporting\"],\"articleSection\":[\"Desporto\",\"Futebol\"],\"inLanguage\":\"pt-PT\"},{\"@type\":\"WebPage\",\"@id\":\"https:\/\/portaltela.pt\/noticias\/2026\/05\/01\/varandas-diz-que-e-justo-dar-os-parabens-aos-jogadores-do-fc-porto\/\",\"url\":\"https:\/\/portaltela.pt\/noticias\/2026\/05\/01\/varandas-diz-que-e-justo-dar-os-parabens-aos-jogadores-do-fc-porto\/\",\"name\":\"Varandas diz que \u00e9 justo dar os parab\u00e9ns aos jogadores do FC Porto - Portal Tela Portugal\",\"isPartOf\":{\"@id\":\"https:\/\/portaltela.pt\/#website\"},\"primaryImageOfPage\":{\"@id\":\"https:\/\/portaltela.pt\/noticias\/2026\/05\/01\/varandas-diz-que-e-justo-dar-os-parabens-aos-jogadores-do-fc-porto\/#primaryimage\"},\"image\":{\"@id\":\"https:\/\/portaltela.pt\/noticias\/2026\/05\/01\/varandas-diz-que-e-justo-dar-os-parabens-aos-jogadores-do-fc-porto\/#primaryimage\"},\"thumbnailUrl\":\"https:\/\/portaltela.pt\/s.01k8rhncp4jt1\/2026\/05\/img_1200x721uu2026-05-01-12-39-37-2436245.jpg\",\"datePublished\":\"2026-05-01T11:48:00+00:00\",\"author\":{\"@id\":\"https:\/\/portaltela.pt\/#\/schema\/person\/c4278d4a6028830caff9ee44b42d32ed\"},\"breadcrumb\":{\"@id\":\"https:\/\/portaltela.pt\/noticias\/2026\/05\/01\/varandas-diz-que-e-justo-dar-os-parabens-aos-jogadores-do-fc-porto\/#breadcrumb\"},\"inLanguage\":\"pt-PT\",\"potentialAction\":[{\"@type\":\"ReadAction\",\"target\":[\"https:\/\/portaltela.pt\/noticias\/2026\/05\/01\/varandas-diz-que-e-justo-dar-os-parabens-aos-jogadores-do-fc-porto\/\"]}]},{\"@type\":\"ImageObject\",\"inLanguage\":\"pt-PT\",\"@id\":\"https:\/\/portaltela.pt\/noticias\/2026\/05\/01\/varandas-diz-que-e-justo-dar-os-parabens-aos-jogadores-do-fc-porto\/#primaryimage\",\"url\":\"https:\/\/portaltela.pt\/s.01k8rhncp4jt1\/2026\/05\/img_1200x721uu2026-05-01-12-39-37-2436245.jpg\",\"contentUrl\":\"https:\/\/portaltela.pt\/s.01k8rhncp4jt1\/2026\/05\/img_1200x721uu2026-05-01-12-39-37-2436245.jpg\",\"width\":796,\"height\":448,\"caption\":\"Questionado sobre se vai dar os parab\u00e9ns a Andr\u00e9 Villas-Boas se os drag\u00f5es vencerem o campeonato, Frederico Varandas disse que \u00e9 \\\"inteiramente justo\\\" dar os parab\u00e9ns aos \\\"jogadores do Sporting\\\".\"},{\"@type\":\"BreadcrumbList\",\"@id\":\"https:\/\/portaltela.pt\/noticias\/2026\/05\/01\/varandas-diz-que-e-justo-dar-os-parabens-aos-jogadores-do-fc-porto\/#breadcrumb\",\"itemListElement\":[{\"@type\":\"ListItem\",\"position\":1,\"name\":\"In\u00edcio\",\"item\":\"https:\/\/portaltela.pt\/\"},{\"@type\":\"ListItem\",\"position\":2,\"name\":\"Varandas diz que \u00e9 justo dar os parab\u00e9ns aos jogadores do FC Porto\"}]},{\"@type\":\"WebSite\",\"@id\":\"https:\/\/portaltela.pt\/#website\",\"url\":\"https:\/\/portaltela.pt\/\",\"name\":\"Portal Tela Portugal\",\"description\":\"\",\"potentialAction\":[{\"@type\":\"SearchAction\",\"target\":{\"@type\":\"EntryPoint\",\"urlTemplate\":\"https:\/\/portaltela.pt\/?s={search_term_string}\"},\"query-input\":{\"@type\":\"PropertyValueSpecification\",\"valueRequired\":true,\"valueName\":\"search_term_string\"}}],\"inLanguage\":\"pt-PT\"},{\"@type\":\"Person\",\"@id\":\"https:\/\/portaltela.pt\/#\/schema\/person\/c4278d4a6028830caff9ee44b42d32ed\",\"name\":\"Telinha\",\"image\":{\"@type\":\"ImageObject\",\"inLanguage\":\"pt-PT\",\"@id\":\"https:\/\/portaltela.pt\/s.01k8rhncp4jt1\/2025\/11\/talking-bot-125x125.png\",\"url\":\"https:\/\/portaltela.pt\/s.01k8rhncp4jt1\/2025\/11\/talking-bot-125x125.png\",\"contentUrl\":\"https:\/\/portaltela.pt\/s.01k8rhncp4jt1\/2025\/11\/talking-bot-125x125.png\",\"caption\":\"Telinha\"},\"sameAs\":[\"https:\/\/portaltela.pt\/\"],\"url\":\"https:\/\/portaltela.pt\/por\/367410592786\/\"}]}<\/script>\n<!-- \/ Yoast SEO plugin. -->","yoast_head_json":{"title":"Varandas diz que \u00e9 justo dar os parab\u00e9ns aos jogadores do FC Porto - Portal Tela Portugal","robots":{"index":"index","follow":"follow","max-snippet":"max-snippet:-1","max-image-preview":"max-image-preview:large","max-video-preview":"max-video-preview:-1"},"og_locale":"pt_PT","og_type":"article","og_title":"Varandas diz que \u00e9 justo dar os parab\u00e9ns aos jogadores do FC Porto - Portal Tela Portugal","og_description":"Frederico Varandas afirmou ser inteiramente justo dar os parab\u00e9ns aos jogadores do Sporting caso o FC Porto conquiste o campeonato. Questionado sobre cumprimentar Andr\u00e9 Villas-Boas se o FC Porto vencer, Varandas disse que \u00e9 inteiramente justo dar os parab\u00e9ns aos jogadores do Sporting. A resposta foi dada ao ser questionado sobre poss\u00edveis reconhecimentos entre clubes rivais. A declara\u00e7\u00e3o permanece centrada na ideia de reconhecer o esfor\u00e7o dos jogadores do Sporting, independentemente do resultado. N\u00e3o foram apresentados coment\u00e1rios adicionais ou conclus\u00f5es sobre o tema.","og_url":"https:\/\/portaltela.pt\/noticias\/2026\/05\/01\/varandas-diz-que-e-justo-dar-os-parabens-aos-jogadores-do-fc-porto\/","og_site_name":"Portal Tela Portugal","article_published_time":"2026-05-01T11:48:00+00:00","author":"Telinha","twitter_card":"summary_large_image","twitter_misc":{"Escrito por":"Telinha","Tempo estimado de leitura":"1 minuto"},"schema":{"@context":"https:\/\/schema.org","@graph":[{"@type":"Article","@id":"https:\/\/portaltela.pt\/noticias\/2026\/05\/01\/varandas-diz-que-e-justo-dar-os-parabens-aos-jogadores-do-fc-porto\/#article","isPartOf":{"@id":"https:\/\/portaltela.pt\/noticias\/2026\/05\/01\/varandas-diz-que-e-justo-dar-os-parabens-aos-jogadores-do-fc-porto\/"},"author":{"name":"Telinha","@id":"https:\/\/portaltela.pt\/#\/schema\/person\/c4278d4a6028830caff9ee44b42d32ed"},"headline":"Varandas diz que \u00e9 justo dar os parab\u00e9ns aos jogadores do FC Porto","datePublished":"2026-05-01T11:48:00+00:00","mainEntityOfPage":{"@id":"https:\/\/portaltela.pt\/noticias\/2026\/05\/01\/varandas-diz-que-e-justo-dar-os-parabens-aos-jogadores-do-fc-porto\/"},"wordCount":177,"image":{"@id":"https:\/\/portaltela.pt\/noticias\/2026\/05\/01\/varandas-diz-que-e-justo-dar-os-parabens-aos-jogadores-do-fc-porto\/#primaryimage"},"thumbnailUrl":"https:\/\/portaltela.pt\/s.01k8rhncp4jt1\/2026\/05\/img_1200x721uu2026-05-01-12-39-37-2436245.jpg","keywords":["_FC Porto","_futebol","_meritocracia desportiva","_organiza\u00e7\u00e3o desportiva","_Sporting"],"articleSection":["Desporto","Futebol"],"inLanguage":"pt-PT"},{"@type":"WebPage","@id":"https:\/\/portaltela.pt\/noticias\/2026\/05\/01\/varandas-diz-que-e-justo-dar-os-parabens-aos-jogadores-do-fc-porto\/","url":"https:\/\/portaltela.pt\/noticias\/2026\/05\/01\/varandas-diz-que-e-justo-dar-os-parabens-aos-jogadores-do-fc-porto\/","name":"Varandas diz que \u00e9 justo dar os parab\u00e9ns aos jogadores do FC Porto - Portal Tela Portugal","isPartOf":{"@id":"https:\/\/portaltela.pt\/#website"},"primaryImageOfPage":{"@id":"https:\/\/portaltela.pt\/noticias\/2026\/05\/01\/varandas-diz-que-e-justo-dar-os-parabens-aos-jogadores-do-fc-porto\/#primaryimage"},"image":{"@id":"https:\/\/portaltela.pt\/noticias\/2026\/05\/01\/varandas-diz-que-e-justo-dar-os-parabens-aos-jogadores-do-fc-porto\/#primaryimage"},"thumbnailUrl":"https:\/\/portaltela.pt\/s.01k8rhncp4jt1\/2026\/05\/img_1200x721uu2026-05-01-12-39-37-2436245.jpg","datePublished":"2026-05-01T11:48:00+00:00","author":{"@id":"https:\/\/portaltela.pt\/#\/schema\/person\/c4278d4a6028830caff9ee44b42d32ed"},"breadcrumb":{"@id":"https:\/\/portaltela.pt\/noticias\/2026\/05\/01\/varandas-diz-que-e-justo-dar-os-parabens-aos-jogadores-do-fc-porto\/#breadcrumb"},"inLanguage":"pt-PT","potentialAction":[{"@type":"ReadAction","target":["https:\/\/portaltela.pt\/noticias\/2026\/05\/01\/varandas-diz-que-e-justo-dar-os-parabens-aos-jogadores-do-fc-porto\/"]}]},{"@type":"ImageObject","inLanguage":"pt-PT","@id":"https:\/\/portaltela.pt\/noticias\/2026\/05\/01\/varandas-diz-que-e-justo-dar-os-parabens-aos-jogadores-do-fc-porto\/#primaryimage","url":"https:\/\/portaltela.pt\/s.01k8rhncp4jt1\/2026\/05\/img_1200x721uu2026-05-01-12-39-37-2436245.jpg","contentUrl":"https:\/\/portaltela.pt\/s.01k8rhncp4jt1\/2026\/05\/img_1200x721uu2026-05-01-12-39-37-2436245.jpg","width":796,"height":448,"caption":"Questionado sobre se vai dar os parab\u00e9ns a Andr\u00e9 Villas-Boas se os drag\u00f5es vencerem o campeonato, Frederico Varandas disse que \u00e9 \"inteiramente justo\" dar os parab\u00e9ns aos \"jogadores do Sporting\"."},{"@type":"BreadcrumbList","@id":"https:\/\/portaltela.pt\/noticias\/2026\/05\/01\/varandas-diz-que-e-justo-dar-os-parabens-aos-jogadores-do-fc-porto\/#breadcrumb","itemListElement":[{"@type":"ListItem","position":1,"name":"In\u00edcio","item":"https:\/\/portaltela.pt\/"},{"@type":"ListItem","position":2,"name":"Varandas diz que \u00e9 justo dar os parab\u00e9ns aos jogadores do FC Porto"}]},{"@type":"WebSite","@id":"https:\/\/portaltela.pt\/#website","url":"https:\/\/portaltela.pt\/","name":"Portal Tela Portugal","description":"","potentialAction":[{"@type":"SearchAction","target":{"@type":"EntryPoint","urlTemplate":"https:\/\/portaltela.pt\/?s={search_term_string}"},"query-input":{"@type":"PropertyValueSpecification","valueRequired":true,"valueName":"search_term_string"}}],"inLanguage":"pt-PT"},{"@type":"Person","@id":"https:\/\/portaltela.pt\/#\/schema\/person\/c4278d4a6028830caff9ee44b42d32ed","name":"Telinha","image":{"@type":"ImageObject","inLanguage":"pt-PT","@id":"https:\/\/portaltela.pt\/s.01k8rhncp4jt1\/2025\/11\/talking-bot-125x125.png","url":"https:\/\/portaltela.pt\/s.01k8rhncp4jt1\/2025\/11\/talking-bot-125x125.png","contentUrl":"https:\/\/portaltela.pt\/s.01k8rhncp4jt1\/2025\/11\/talking-bot-125x125.png","caption":"Telinha"},"sameAs":["https:\/\/portaltela.pt\/"],"url":"https:\/\/portaltela.pt\/por\/367410592786\/"}]}},"_links":{"self":[{"href":"https:\/\/portaltela.pt\/api\/wp\/v2\/posts\/463763","targetHints":{"allow":["GET"]}}],"collection":[{"href":"https:\/\/portaltela.pt\/api\/wp\/v2\/posts"}],"about":[{"href":"https:\/\/portaltela.pt\/api\/wp\/v2\/types\/post"}],"author":[{"embeddable":true,"href":"https:\/\/portaltela.pt\/api\/wp\/v2\/users\/2"}],"replies":[{"embeddable":true,"href":"https:\/\/portaltela.pt\/api\/wp\/v2\/comments?post=463763"}],"version-history":[{"count":0,"href":"https:\/\/portaltela.pt\/api\/wp\/v2\/posts\/463763\/revisions"}],"wp:featuredmedia":[{"embeddable":true,"href":"https:\/\/portaltela.pt\/api\/wp\/v2\/media\/463765"}],"wp:attachment":[{"href":"https:\/\/portaltela.pt\/api\/wp\/v2\/media?parent=463763"}],"wp:term":[{"taxonomy":"category","embeddable":true,"href":"https:\/\/portaltela.pt\/api\/wp\/v2\/categories?post=463763"},{"taxonomy":"post_tag","embeddable":true,"href":"https:\/\/portaltela.pt\/api\/wp\/v2\/tags?post=463763"}],"curies":[{"name":"wp","href":"https:\/\/api.w.org\/{rel}","templated":true}]}}