{"id":463759,"date":"2026-05-01T08:47:57","date_gmt":"2026-05-01T11:47:57","guid":{"rendered":"https:\/\/portaltela.pt\/noticias\/2026\/05\/01\/kiwis-iconicos-regressam-a-wellington-e-dao-nos-sentido-de-identidade\/"},"modified":"2026-05-01T08:47:57","modified_gmt":"2026-05-01T11:47:57","slug":"kiwis-iconicos-regressam-a-wellington-e-dao-nos-sentido-de-identidade","status":"publish","type":"post","link":"https:\/\/portaltela.pt\/meio-ambiente\/2026\/05\/01\/kiwis-iconicos-regressam-a-wellington-e-dao-nos-sentido-de-identidade\/","title":{"rendered":"Kiwis ic\u00f3nicos regressam a Wellington e d\u00e3o-nos sentido de identidade"},"content":{"rendered":"<p>O kiwi, ave ic\u00f3nica e sem voo, regressou \u00e0 regi\u00e3o de Wellington, capital da Nova Zel\u00e2ndia, em uma iniciativa cidad\u00e3 integrada numa estrat\u00e9gia nacional de eliminar predadores introduzidos at\u00e9 2050. A a\u00e7\u00e3o envolveu sete kiwis transportados \u00e0 noite, chegando \u00e0 cidade pela primeira vez desde h\u00e1 d\u00e9cadas.<\/p>\n<p>A opera\u00e7\u00e3o ocorreu numa colina envolta em nevoeiro, entre as ilhas Norte e Sul. O grupo, liderado pelo Capital Kiwi Project, transportou as aves em caixas sob a luz fraca de lanternas. Entre as sete, estava a 250.\u00aa ave a ser deslocada para Wellington.<\/p>\n<h3>Parada no Parlamento marca o momento<\/h3>\n<p>Os kiwis chegaram ao Parlamento, onde foram mostrados a deputados e estudantes, antes de serem instalados nos seus novos habitats nas colinas da cidade. O evento contou com a presen\u00e7a de conservacionistas que assistiram \u00e0 liberta\u00e7\u00e3o.<\/p>\n<p>O projeto \u00e9 uma pe\u00e7a central de um movimento maior para devolver os kiwis ao ambiente urbano, mantendo cuidado com a intera\u00e7\u00e3o entre pessoas e aves. A equipa quer demonstrar que a esp\u00e9cie pode prosperar lado a lado com a popula\u00e7\u00e3o.<\/p>\n<h3>O plano de longo prazo para os kiwi<\/h3>\n<p>Wellington passou a abrigar uma \u00e1rea de 24 mil hectares, dedicada a acolher kiwis com controlo de predadores. Mais de 5 mil armadilhas para doninhas est\u00e3o distribu\u00eddas, contribuindo para uma taxa de sobreviv\u00eancia das crias de 90% na regi\u00e3o.<\/p>\n<p>A popula\u00e7\u00e3o nacional de kiwi ainda oscila entre 70 mil indiv\u00edduos, com uma tend\u00eancia de queda de cerca de 2% por ano. A iniciativa insere-se no esfor\u00e7o de erradicar predadores como gatos, possums, ratos e doninhas at\u00e9 2050.<\/p>\n<h3>Impacto local e vis\u00e3o futura<\/h3>\n<p>Propriet\u00e1rios de terras, a tribo maori local e o Capital Kiwi Project criaram corredores onde as aves podem circular com maior seguran\u00e7a. A presen\u00e7a de kiwis na cidade j\u00e1 \u00e9 observada por ciclistas, moradores e c\u00e2maras de vigil\u00e2ncia.<\/p>\n<p>L\u00edderes de conserva\u00e7\u00e3o lembram que o movimento tem permitido manter a esp\u00e9cie que \u00e9 s\u00edmbolo nacional sem depender apenas de santu\u00e1rios isolados. A meta \u00e9 manter os kiwis bem integrados na vida urbana, com prote\u00e7\u00e3o cont\u00ednua.<\/p>\n","protected":false},"excerpt":{"rendered":"<ul>\n<li>Habitantes de Wellington est\u00e3o a devolver kiwis \u00e0 capital, numa campanha liderada pelo Capital Kiwi Project, visando a conviv\u00eancia entre estas aves t\u00edmidas e a cidade.<\/li>\n<li>O projeto j\u00e1 transferiu 250 kiwis para Wellington desde o in\u00edcio, incluindo sete caixas transportadas na \u00faltima opera\u00e7\u00e3o.<\/li>\n<li>Um kiwi foi apresentado pela primeira vez ao Parlamento da Nova Zel\u00e2ndia, onde deputados e crian\u00e7as viram as aves de perto.<\/li>\n<li>A iniciativa faz parte de um ambicioso objetivo nacional de eliminar predadores introduzidos at\u00e9 2050, criando zonas livres de mam\u00edferos na regi\u00e3o.<\/li>\n<li>No espa\u00e7o de vinte e quatro mil hectares criados para estes kiwis, h\u00e1 mais de cinco mil armadilhas para doninhas; a taxa de sobreviv\u00eancia das crias em Wellington \u00e9 de cerca de noventa por cento.<\/li>\n<\/ul>\n","protected":false},"author":2,"featured_media":463762,"comment_status":"closed","ping_status":"closed","sticky":false,"template":"","format":"standard","meta":{"footnotes":""},"categories":[6725],"tags":[9122,8238,8131,8103,8466,8199],"class_list":["post-463759","post","type-post","status-publish","format-standard","has-post-thumbnail","hentry","category-meio-ambiente","tag-_acoes-humanitarias","tag-_ambiente","tag-_animais","tag-_conservacao-ambiental","tag-_ecologia","tag-_natureza"],"yoast_head":"<!-- This site is optimized with the Yoast SEO plugin v27.2 - https:\/\/yoast.com\/product\/yoast-seo-wordpress\/ -->\n<title>Kiwis ic\u00f3nicos regressam a Wellington e d\u00e3o-nos sentido de identidade - Portal Tela Portugal<\/title>\n<meta name=\"robots\" content=\"index, follow, max-snippet:-1, max-image-preview:large, max-video-preview:-1\" \/>\n<meta property=\"og:locale\" content=\"pt_PT\" \/>\n<meta property=\"og:type\" content=\"article\" \/>\n<meta property=\"og:title\" content=\"Kiwis ic\u00f3nicos regressam a Wellington e d\u00e3o-nos sentido de identidade - Portal Tela Portugal\" \/>\n<meta property=\"og:description\" content=\"Habitantes de Wellington est\u00e3o a devolver kiwis \u00e0 capital, numa campanha liderada pelo Capital Kiwi Project, visando a conviv\u00eancia entre estas aves t\u00edmidas e a cidade. O projeto j\u00e1 transferiu 250 kiwis para Wellington desde o in\u00edcio, incluindo sete caixas transportadas na \u00faltima opera\u00e7\u00e3o. Um kiwi foi apresentado pela primeira vez ao Parlamento da Nova Zel\u00e2ndia, onde deputados e crian\u00e7as viram as aves de perto. A iniciativa faz parte de um ambicioso objetivo nacional de eliminar predadores introduzidos at\u00e9 2050, criando zonas livres de mam\u00edferos na regi\u00e3o. No espa\u00e7o de vinte e quatro mil hectares criados para estes kiwis, h\u00e1 mais de cinco mil armadilhas para doninhas; a taxa de sobreviv\u00eancia das crias em Wellington \u00e9 de cerca de noventa por cento.\" \/>\n<meta property=\"og:url\" content=\"https:\/\/portaltela.pt\/noticias\/2026\/05\/01\/kiwis-iconicos-regressam-a-wellington-e-dao-nos-sentido-de-identidade\/\" \/>\n<meta property=\"og:site_name\" content=\"Portal Tela Portugal\" \/>\n<meta property=\"article:published_time\" content=\"2026-05-01T11:47:57+00:00\" \/>\n<meta name=\"author\" content=\"Telinha\" \/>\n<meta name=\"twitter:card\" content=\"summary_large_image\" \/>\n<meta name=\"twitter:label1\" content=\"Escrito por\" \/>\n\t<meta name=\"twitter:data1\" content=\"Telinha\" \/>\n\t<meta name=\"twitter:label2\" content=\"Tempo estimado de leitura\" \/>\n\t<meta name=\"twitter:data2\" content=\"2 minutos\" \/>\n<script type=\"application\/ld+json\" class=\"yoast-schema-graph\">{\"@context\":\"https:\/\/schema.org\",\"@graph\":[{\"@type\":\"Article\",\"@id\":\"https:\/\/portaltela.pt\/noticias\/2026\/05\/01\/kiwis-iconicos-regressam-a-wellington-e-dao-nos-sentido-de-identidade\/#article\",\"isPartOf\":{\"@id\":\"https:\/\/portaltela.pt\/noticias\/2026\/05\/01\/kiwis-iconicos-regressam-a-wellington-e-dao-nos-sentido-de-identidade\/\"},\"author\":{\"name\":\"Telinha\",\"@id\":\"https:\/\/portaltela.pt\/#\/schema\/person\/c4278d4a6028830caff9ee44b42d32ed\"},\"headline\":\"Kiwis ic\u00f3nicos regressam a Wellington e d\u00e3o-nos sentido de identidade\",\"datePublished\":\"2026-05-01T11:47:57+00:00\",\"mainEntityOfPage\":{\"@id\":\"https:\/\/portaltela.pt\/noticias\/2026\/05\/01\/kiwis-iconicos-regressam-a-wellington-e-dao-nos-sentido-de-identidade\/\"},\"wordCount\":368,\"image\":{\"@id\":\"https:\/\/portaltela.pt\/noticias\/2026\/05\/01\/kiwis-iconicos-regressam-a-wellington-e-dao-nos-sentido-de-identidade\/#primaryimage\"},\"thumbnailUrl\":\"https:\/\/portaltela.pt\/s.01k8rhncp4jt1\/2026\/05\/1536x864_cmsv2_dcb8b30b-7800-5036-aa85-9ebad01d4672-9743359.jpg\",\"keywords\":[\"_a\u00e7\u00f5es humanit\u00e1rias\",\"_ambiente\",\"_animais\",\"_conserva\u00e7\u00e3o ambiental\",\"_ecologia\",\"_natureza\"],\"articleSection\":[\"Meio Ambiente\"],\"inLanguage\":\"pt-PT\"},{\"@type\":\"WebPage\",\"@id\":\"https:\/\/portaltela.pt\/noticias\/2026\/05\/01\/kiwis-iconicos-regressam-a-wellington-e-dao-nos-sentido-de-identidade\/\",\"url\":\"https:\/\/portaltela.pt\/noticias\/2026\/05\/01\/kiwis-iconicos-regressam-a-wellington-e-dao-nos-sentido-de-identidade\/\",\"name\":\"Kiwis ic\u00f3nicos regressam a Wellington e d\u00e3o-nos sentido de identidade - Portal Tela Portugal\",\"isPartOf\":{\"@id\":\"https:\/\/portaltela.pt\/#website\"},\"primaryImageOfPage\":{\"@id\":\"https:\/\/portaltela.pt\/noticias\/2026\/05\/01\/kiwis-iconicos-regressam-a-wellington-e-dao-nos-sentido-de-identidade\/#primaryimage\"},\"image\":{\"@id\":\"https:\/\/portaltela.pt\/noticias\/2026\/05\/01\/kiwis-iconicos-regressam-a-wellington-e-dao-nos-sentido-de-identidade\/#primaryimage\"},\"thumbnailUrl\":\"https:\/\/portaltela.pt\/s.01k8rhncp4jt1\/2026\/05\/1536x864_cmsv2_dcb8b30b-7800-5036-aa85-9ebad01d4672-9743359.jpg\",\"datePublished\":\"2026-05-01T11:47:57+00:00\",\"author\":{\"@id\":\"https:\/\/portaltela.pt\/#\/schema\/person\/c4278d4a6028830caff9ee44b42d32ed\"},\"breadcrumb\":{\"@id\":\"https:\/\/portaltela.pt\/noticias\/2026\/05\/01\/kiwis-iconicos-regressam-a-wellington-e-dao-nos-sentido-de-identidade\/#breadcrumb\"},\"inLanguage\":\"pt-PT\",\"potentialAction\":[{\"@type\":\"ReadAction\",\"target\":[\"https:\/\/portaltela.pt\/noticias\/2026\/05\/01\/kiwis-iconicos-regressam-a-wellington-e-dao-nos-sentido-de-identidade\/\"]}]},{\"@type\":\"ImageObject\",\"inLanguage\":\"pt-PT\",\"@id\":\"https:\/\/portaltela.pt\/noticias\/2026\/05\/01\/kiwis-iconicos-regressam-a-wellington-e-dao-nos-sentido-de-identidade\/#primaryimage\",\"url\":\"https:\/\/portaltela.pt\/s.01k8rhncp4jt1\/2026\/05\/1536x864_cmsv2_dcb8b30b-7800-5036-aa85-9ebad01d4672-9743359.jpg\",\"contentUrl\":\"https:\/\/portaltela.pt\/s.01k8rhncp4jt1\/2026\/05\/1536x864_cmsv2_dcb8b30b-7800-5036-aa85-9ebad01d4672-9743359.jpg\",\"width\":796,\"height\":448,\"caption\":\"Um membro de uma organiza\u00e7\u00e3o de conserva\u00e7\u00e3o transporta um kiwi durante um evento no Parlamento, em Wellington, Nova Zel\u00e2ndia, ter\u00e7a-feira, 28 de abril de 2026.\"},{\"@type\":\"BreadcrumbList\",\"@id\":\"https:\/\/portaltela.pt\/noticias\/2026\/05\/01\/kiwis-iconicos-regressam-a-wellington-e-dao-nos-sentido-de-identidade\/#breadcrumb\",\"itemListElement\":[{\"@type\":\"ListItem\",\"position\":1,\"name\":\"In\u00edcio\",\"item\":\"https:\/\/portaltela.pt\/\"},{\"@type\":\"ListItem\",\"position\":2,\"name\":\"Kiwis ic\u00f3nicos regressam a Wellington e d\u00e3o-nos sentido de identidade\"}]},{\"@type\":\"WebSite\",\"@id\":\"https:\/\/portaltela.pt\/#website\",\"url\":\"https:\/\/portaltela.pt\/\",\"name\":\"Portal Tela Portugal\",\"description\":\"\",\"potentialAction\":[{\"@type\":\"SearchAction\",\"target\":{\"@type\":\"EntryPoint\",\"urlTemplate\":\"https:\/\/portaltela.pt\/?s={search_term_string}\"},\"query-input\":{\"@type\":\"PropertyValueSpecification\",\"valueRequired\":true,\"valueName\":\"search_term_string\"}}],\"inLanguage\":\"pt-PT\"},{\"@type\":\"Person\",\"@id\":\"https:\/\/portaltela.pt\/#\/schema\/person\/c4278d4a6028830caff9ee44b42d32ed\",\"name\":\"Telinha\",\"image\":{\"@type\":\"ImageObject\",\"inLanguage\":\"pt-PT\",\"@id\":\"https:\/\/portaltela.pt\/s.01k8rhncp4jt1\/2025\/11\/talking-bot-125x125.png\",\"url\":\"https:\/\/portaltela.pt\/s.01k8rhncp4jt1\/2025\/11\/talking-bot-125x125.png\",\"contentUrl\":\"https:\/\/portaltela.pt\/s.01k8rhncp4jt1\/2025\/11\/talking-bot-125x125.png\",\"caption\":\"Telinha\"},\"sameAs\":[\"https:\/\/portaltela.pt\/\"],\"url\":\"https:\/\/portaltela.pt\/por\/367410592786\/\"}]}<\/script>\n<!-- \/ Yoast SEO plugin. -->","yoast_head_json":{"title":"Kiwis ic\u00f3nicos regressam a Wellington e d\u00e3o-nos sentido de identidade - Portal Tela Portugal","robots":{"index":"index","follow":"follow","max-snippet":"max-snippet:-1","max-image-preview":"max-image-preview:large","max-video-preview":"max-video-preview:-1"},"og_locale":"pt_PT","og_type":"article","og_title":"Kiwis ic\u00f3nicos regressam a Wellington e d\u00e3o-nos sentido de identidade - Portal Tela Portugal","og_description":"Habitantes de Wellington est\u00e3o a devolver kiwis \u00e0 capital, numa campanha liderada pelo Capital Kiwi Project, visando a conviv\u00eancia entre estas aves t\u00edmidas e a cidade. O projeto j\u00e1 transferiu 250 kiwis para Wellington desde o in\u00edcio, incluindo sete caixas transportadas na \u00faltima opera\u00e7\u00e3o. Um kiwi foi apresentado pela primeira vez ao Parlamento da Nova Zel\u00e2ndia, onde deputados e crian\u00e7as viram as aves de perto. A iniciativa faz parte de um ambicioso objetivo nacional de eliminar predadores introduzidos at\u00e9 2050, criando zonas livres de mam\u00edferos na regi\u00e3o. No espa\u00e7o de vinte e quatro mil hectares criados para estes kiwis, h\u00e1 mais de cinco mil armadilhas para doninhas; a taxa de sobreviv\u00eancia das crias em Wellington \u00e9 de cerca de noventa por cento.","og_url":"https:\/\/portaltela.pt\/noticias\/2026\/05\/01\/kiwis-iconicos-regressam-a-wellington-e-dao-nos-sentido-de-identidade\/","og_site_name":"Portal Tela Portugal","article_published_time":"2026-05-01T11:47:57+00:00","author":"Telinha","twitter_card":"summary_large_image","twitter_misc":{"Escrito por":"Telinha","Tempo estimado de leitura":"2 minutos"},"schema":{"@context":"https:\/\/schema.org","@graph":[{"@type":"Article","@id":"https:\/\/portaltela.pt\/noticias\/2026\/05\/01\/kiwis-iconicos-regressam-a-wellington-e-dao-nos-sentido-de-identidade\/#article","isPartOf":{"@id":"https:\/\/portaltela.pt\/noticias\/2026\/05\/01\/kiwis-iconicos-regressam-a-wellington-e-dao-nos-sentido-de-identidade\/"},"author":{"name":"Telinha","@id":"https:\/\/portaltela.pt\/#\/schema\/person\/c4278d4a6028830caff9ee44b42d32ed"},"headline":"Kiwis ic\u00f3nicos regressam a Wellington e d\u00e3o-nos sentido de identidade","datePublished":"2026-05-01T11:47:57+00:00","mainEntityOfPage":{"@id":"https:\/\/portaltela.pt\/noticias\/2026\/05\/01\/kiwis-iconicos-regressam-a-wellington-e-dao-nos-sentido-de-identidade\/"},"wordCount":368,"image":{"@id":"https:\/\/portaltela.pt\/noticias\/2026\/05\/01\/kiwis-iconicos-regressam-a-wellington-e-dao-nos-sentido-de-identidade\/#primaryimage"},"thumbnailUrl":"https:\/\/portaltela.pt\/s.01k8rhncp4jt1\/2026\/05\/1536x864_cmsv2_dcb8b30b-7800-5036-aa85-9ebad01d4672-9743359.jpg","keywords":["_a\u00e7\u00f5es humanit\u00e1rias","_ambiente","_animais","_conserva\u00e7\u00e3o ambiental","_ecologia","_natureza"],"articleSection":["Meio Ambiente"],"inLanguage":"pt-PT"},{"@type":"WebPage","@id":"https:\/\/portaltela.pt\/noticias\/2026\/05\/01\/kiwis-iconicos-regressam-a-wellington-e-dao-nos-sentido-de-identidade\/","url":"https:\/\/portaltela.pt\/noticias\/2026\/05\/01\/kiwis-iconicos-regressam-a-wellington-e-dao-nos-sentido-de-identidade\/","name":"Kiwis ic\u00f3nicos regressam a Wellington e d\u00e3o-nos sentido de identidade - Portal Tela Portugal","isPartOf":{"@id":"https:\/\/portaltela.pt\/#website"},"primaryImageOfPage":{"@id":"https:\/\/portaltela.pt\/noticias\/2026\/05\/01\/kiwis-iconicos-regressam-a-wellington-e-dao-nos-sentido-de-identidade\/#primaryimage"},"image":{"@id":"https:\/\/portaltela.pt\/noticias\/2026\/05\/01\/kiwis-iconicos-regressam-a-wellington-e-dao-nos-sentido-de-identidade\/#primaryimage"},"thumbnailUrl":"https:\/\/portaltela.pt\/s.01k8rhncp4jt1\/2026\/05\/1536x864_cmsv2_dcb8b30b-7800-5036-aa85-9ebad01d4672-9743359.jpg","datePublished":"2026-05-01T11:47:57+00:00","author":{"@id":"https:\/\/portaltela.pt\/#\/schema\/person\/c4278d4a6028830caff9ee44b42d32ed"},"breadcrumb":{"@id":"https:\/\/portaltela.pt\/noticias\/2026\/05\/01\/kiwis-iconicos-regressam-a-wellington-e-dao-nos-sentido-de-identidade\/#breadcrumb"},"inLanguage":"pt-PT","potentialAction":[{"@type":"ReadAction","target":["https:\/\/portaltela.pt\/noticias\/2026\/05\/01\/kiwis-iconicos-regressam-a-wellington-e-dao-nos-sentido-de-identidade\/"]}]},{"@type":"ImageObject","inLanguage":"pt-PT","@id":"https:\/\/portaltela.pt\/noticias\/2026\/05\/01\/kiwis-iconicos-regressam-a-wellington-e-dao-nos-sentido-de-identidade\/#primaryimage","url":"https:\/\/portaltela.pt\/s.01k8rhncp4jt1\/2026\/05\/1536x864_cmsv2_dcb8b30b-7800-5036-aa85-9ebad01d4672-9743359.jpg","contentUrl":"https:\/\/portaltela.pt\/s.01k8rhncp4jt1\/2026\/05\/1536x864_cmsv2_dcb8b30b-7800-5036-aa85-9ebad01d4672-9743359.jpg","width":796,"height":448,"caption":"Um membro de uma organiza\u00e7\u00e3o de conserva\u00e7\u00e3o transporta um kiwi durante um evento no Parlamento, em Wellington, Nova Zel\u00e2ndia, ter\u00e7a-feira, 28 de abril de 2026."},{"@type":"BreadcrumbList","@id":"https:\/\/portaltela.pt\/noticias\/2026\/05\/01\/kiwis-iconicos-regressam-a-wellington-e-dao-nos-sentido-de-identidade\/#breadcrumb","itemListElement":[{"@type":"ListItem","position":1,"name":"In\u00edcio","item":"https:\/\/portaltela.pt\/"},{"@type":"ListItem","position":2,"name":"Kiwis ic\u00f3nicos regressam a Wellington e d\u00e3o-nos sentido de identidade"}]},{"@type":"WebSite","@id":"https:\/\/portaltela.pt\/#website","url":"https:\/\/portaltela.pt\/","name":"Portal Tela Portugal","description":"","potentialAction":[{"@type":"SearchAction","target":{"@type":"EntryPoint","urlTemplate":"https:\/\/portaltela.pt\/?s={search_term_string}"},"query-input":{"@type":"PropertyValueSpecification","valueRequired":true,"valueName":"search_term_string"}}],"inLanguage":"pt-PT"},{"@type":"Person","@id":"https:\/\/portaltela.pt\/#\/schema\/person\/c4278d4a6028830caff9ee44b42d32ed","name":"Telinha","image":{"@type":"ImageObject","inLanguage":"pt-PT","@id":"https:\/\/portaltela.pt\/s.01k8rhncp4jt1\/2025\/11\/talking-bot-125x125.png","url":"https:\/\/portaltela.pt\/s.01k8rhncp4jt1\/2025\/11\/talking-bot-125x125.png","contentUrl":"https:\/\/portaltela.pt\/s.01k8rhncp4jt1\/2025\/11\/talking-bot-125x125.png","caption":"Telinha"},"sameAs":["https:\/\/portaltela.pt\/"],"url":"https:\/\/portaltela.pt\/por\/367410592786\/"}]}},"_links":{"self":[{"href":"https:\/\/portaltela.pt\/api\/wp\/v2\/posts\/463759","targetHints":{"allow":["GET"]}}],"collection":[{"href":"https:\/\/portaltela.pt\/api\/wp\/v2\/posts"}],"about":[{"href":"https:\/\/portaltela.pt\/api\/wp\/v2\/types\/post"}],"author":[{"embeddable":true,"href":"https:\/\/portaltela.pt\/api\/wp\/v2\/users\/2"}],"replies":[{"embeddable":true,"href":"https:\/\/portaltela.pt\/api\/wp\/v2\/comments?post=463759"}],"version-history":[{"count":0,"href":"https:\/\/portaltela.pt\/api\/wp\/v2\/posts\/463759\/revisions"}],"wp:featuredmedia":[{"embeddable":true,"href":"https:\/\/portaltela.pt\/api\/wp\/v2\/media\/463762"}],"wp:attachment":[{"href":"https:\/\/portaltela.pt\/api\/wp\/v2\/media?parent=463759"}],"wp:term":[{"taxonomy":"category","embeddable":true,"href":"https:\/\/portaltela.pt\/api\/wp\/v2\/categories?post=463759"},{"taxonomy":"post_tag","embeddable":true,"href":"https:\/\/portaltela.pt\/api\/wp\/v2\/tags?post=463759"}],"curies":[{"name":"wp","href":"https:\/\/api.w.org\/{rel}","templated":true}]}}