{"id":463746,"date":"2026-05-01T08:33:35","date_gmt":"2026-05-01T11:33:35","guid":{"rendered":"https:\/\/portaltela.pt\/noticias\/2026\/05\/01\/jose-condessa-esclarece-relacao-entre-luisinha-oliveira-e-margarida-corceiro\/"},"modified":"2026-05-01T08:33:35","modified_gmt":"2026-05-01T11:33:35","slug":"jose-condessa-esclarece-relacao-entre-luisinha-oliveira-e-margarida-corceiro","status":"publish","type":"post","link":"https:\/\/portaltela.pt\/celebridades\/2026\/05\/01\/jose-condessa-esclarece-relacao-entre-luisinha-oliveira-e-margarida-corceiro\/","title":{"rendered":"Jos\u00e9 Condessa esclarece rela\u00e7\u00e3o entre Luisinha Oliveira e Margarida Corceiro"},"content":{"rendered":"<p>Jos\u00e9 Condessa clarifica a conversa entre Margarida Corceiro e Luisinha Oliveira ocorrida na praia no Algarve, em agosto de 2024. O ator de 28 anos detalha que a troca foi no contexto de uma amizade antiga com Margarida, com festa e encontros em comum na altura.<\/p>\n<p>O artista afirma que a conversa na praia n\u00e3o foi uma discuss\u00e3o nem houve choro, apenas di\u00e1logo entre amigas. Condessa diz que a situa\u00e7\u00e3o envolvia a apresenta\u00e7\u00e3o de respeito entre as pessoas com quem estava, numa altura em que todos conviviam em eventos sociais.<\/p>\n<p>Condessa lembra ainda como conheceu Luisinha Oliveira, ent\u00e3o com 26 anos. Ambos n\u00e3o estavam numa fase de namoro, tendo terminado recentemente relacionamentos anteriores. O relato situa-se numa fase de reconstru\u00e7\u00e3o pessoal, durante a participa\u00e7\u00e3o no programa Dan\u00e7a com as Estrelas.<\/p>\n<h3>Como surgiu a rela\u00e7\u00e3o com Luisinha Oliveira<\/h3>\n<p>O ator partilha ainda um detalhe sobre uma mensagem de parab\u00e9ns recebida de Luisinha, descrevendo o gesto como de felicita\u00e7\u00f5es e votos de felicidade. Condessa comenta que o envio foi compreens\u00edvel e comum entre amigos que se mant\u00eam pr\u00f3ximos, sem implicar romance imediato.<\/p>\n<p>Segundo o relato, a narrativa envolve uma amizade que se manteve est\u00e1vel ao longo do tempo, com v\u00e1rias conversas sobre as respetivas situa\u00e7\u00f5es amorosas. O foco permanece na clarifica\u00e7\u00e3o de que n\u00e3o houve atrito entre Margarida e Luisinha, mas sim uma conversa entre pessoas que se conhecem h\u00e1 anos.<\/p>\n<p>O conte\u00fado \u00e9 apresentado para esclarecer boatos que circularam na imprensa, sem acrescentar novas informa\u00e7\u00f5es sobre a vida pessoal de terceiros. As declara\u00e7\u00f5es visam descrever o contexto da amizade e as motiva\u00e7\u00f5es pessoais do momento.<\/p>\n","protected":false},"excerpt":{"rendered":"<ul>\n<li>Jos\u00e9 Condessa esclarece a conversa com Margarida Corceiro na praia do Algarve, em agosto de 2024, onde alegadamente a atriz estaria a chorar.<\/li>\n<li>O ator, de 28 anos, explica ter sido uma rela\u00e7\u00e3o de amizade de muitos anos e que se afastaram porque \u201ca vida \u00e9 assim\u201d; a conversa foi entre uma amiga para esclarecer a situa\u00e7\u00e3o da pessoa com quem estava.<\/li>\n<li>Diz que n\u00e3o houve discuss\u00e3o nem choro, e que n\u00e3o estavam sozinhos na praia.<\/li>\n<li>Conta como conheceu Luisinha Oliveira, atual namorada, no programa Dan\u00e7a com as Estrelas, e que nenhum deles procurava namoro na altura, estavam numa fase de reconstru\u00e7\u00e3o pessoal.<\/li>\n<li>Revela ter enviado a Luisinha um v\u00eddeo a desejar felicidades, destacando que a vida pode trazer coisas boas, brincando com a ideia de outros rapazes terem feito o mesmo.<\/li>\n<\/ul>\n","protected":false},"author":2,"featured_media":463747,"comment_status":"closed","ping_status":"closed","sticky":false,"template":"","format":"standard","meta":{"footnotes":""},"categories":[6675],"tags":[8099,8204,8276,8523,1683],"class_list":["post-463746","post","type-post","status-publish","format-standard","has-post-thumbnail","hentry","category-celebridades","tag-_algarve","tag-_celebidades","tag-_pessoas","tag-_vida-privada","tag-danca"],"yoast_head":"<!-- This site is optimized with the Yoast SEO plugin v27.2 - https:\/\/yoast.com\/product\/yoast-seo-wordpress\/ -->\n<title>Jos\u00e9 Condessa esclarece rela\u00e7\u00e3o entre Luisinha Oliveira e Margarida Corceiro - Portal Tela Portugal<\/title>\n<meta name=\"robots\" content=\"index, follow, max-snippet:-1, max-image-preview:large, max-video-preview:-1\" \/>\n<meta property=\"og:locale\" content=\"pt_PT\" \/>\n<meta property=\"og:type\" content=\"article\" \/>\n<meta property=\"og:title\" content=\"Jos\u00e9 Condessa esclarece rela\u00e7\u00e3o entre Luisinha Oliveira e Margarida Corceiro - Portal Tela Portugal\" \/>\n<meta property=\"og:description\" content=\"Jos\u00e9 Condessa esclarece a conversa com Margarida Corceiro na praia do Algarve, em agosto de 2024, onde alegadamente a atriz estaria a chorar. O ator, de 28 anos, explica ter sido uma rela\u00e7\u00e3o de amizade de muitos anos e que se afastaram porque \u201ca vida \u00e9 assim\u201d; a conversa foi entre uma amiga para esclarecer a situa\u00e7\u00e3o da pessoa com quem estava. Diz que n\u00e3o houve discuss\u00e3o nem choro, e que n\u00e3o estavam sozinhos na praia. Conta como conheceu Luisinha Oliveira, atual namorada, no programa Dan\u00e7a com as Estrelas, e que nenhum deles procurava namoro na altura, estavam numa fase de reconstru\u00e7\u00e3o pessoal. Revela ter enviado a Luisinha um v\u00eddeo a desejar felicidades, destacando que a vida pode trazer coisas boas, brincando com a ideia de outros rapazes terem feito o mesmo.\" \/>\n<meta property=\"og:url\" content=\"https:\/\/portaltela.pt\/noticias\/2026\/05\/01\/jose-condessa-esclarece-relacao-entre-luisinha-oliveira-e-margarida-corceiro\/\" \/>\n<meta property=\"og:site_name\" content=\"Portal Tela Portugal\" \/>\n<meta property=\"article:published_time\" content=\"2026-05-01T11:33:35+00:00\" \/>\n<meta name=\"author\" content=\"Telinha\" \/>\n<meta name=\"twitter:card\" content=\"summary_large_image\" \/>\n<meta name=\"twitter:label1\" content=\"Escrito por\" \/>\n\t<meta name=\"twitter:data1\" content=\"Telinha\" \/>\n\t<meta name=\"twitter:label2\" content=\"Tempo estimado de leitura\" \/>\n\t<meta name=\"twitter:data2\" content=\"1 minuto\" \/>\n<script type=\"application\/ld+json\" class=\"yoast-schema-graph\">{\"@context\":\"https:\/\/schema.org\",\"@graph\":[{\"@type\":\"Article\",\"@id\":\"https:\/\/portaltela.pt\/noticias\/2026\/05\/01\/jose-condessa-esclarece-relacao-entre-luisinha-oliveira-e-margarida-corceiro\/#article\",\"isPartOf\":{\"@id\":\"https:\/\/portaltela.pt\/noticias\/2026\/05\/01\/jose-condessa-esclarece-relacao-entre-luisinha-oliveira-e-margarida-corceiro\/\"},\"author\":{\"name\":\"Telinha\",\"@id\":\"https:\/\/portaltela.pt\/#\/schema\/person\/c4278d4a6028830caff9ee44b42d32ed\"},\"headline\":\"Jos\u00e9 Condessa esclarece rela\u00e7\u00e3o entre Luisinha Oliveira e Margarida Corceiro\",\"datePublished\":\"2026-05-01T11:33:35+00:00\",\"mainEntityOfPage\":{\"@id\":\"https:\/\/portaltela.pt\/noticias\/2026\/05\/01\/jose-condessa-esclarece-relacao-entre-luisinha-oliveira-e-margarida-corceiro\/\"},\"wordCount\":296,\"image\":{\"@id\":\"https:\/\/portaltela.pt\/noticias\/2026\/05\/01\/jose-condessa-esclarece-relacao-entre-luisinha-oliveira-e-margarida-corceiro\/#primaryimage\"},\"thumbnailUrl\":\"https:\/\/portaltela.pt\/s.01k8rhncp4jt1\/2026\/05\/img_1280x718uu2026-03-22-14-37-31-2274111-im-639132337335385660.jpg\",\"keywords\":[\"_Algarve\",\"_celebidades\",\"_pessoas\",\"_vida privada\",\"dan\u00e7a\"],\"articleSection\":[\"Celebridades\"],\"inLanguage\":\"pt-PT\"},{\"@type\":\"WebPage\",\"@id\":\"https:\/\/portaltela.pt\/noticias\/2026\/05\/01\/jose-condessa-esclarece-relacao-entre-luisinha-oliveira-e-margarida-corceiro\/\",\"url\":\"https:\/\/portaltela.pt\/noticias\/2026\/05\/01\/jose-condessa-esclarece-relacao-entre-luisinha-oliveira-e-margarida-corceiro\/\",\"name\":\"Jos\u00e9 Condessa esclarece rela\u00e7\u00e3o entre Luisinha Oliveira e Margarida Corceiro - Portal Tela Portugal\",\"isPartOf\":{\"@id\":\"https:\/\/portaltela.pt\/#website\"},\"primaryImageOfPage\":{\"@id\":\"https:\/\/portaltela.pt\/noticias\/2026\/05\/01\/jose-condessa-esclarece-relacao-entre-luisinha-oliveira-e-margarida-corceiro\/#primaryimage\"},\"image\":{\"@id\":\"https:\/\/portaltela.pt\/noticias\/2026\/05\/01\/jose-condessa-esclarece-relacao-entre-luisinha-oliveira-e-margarida-corceiro\/#primaryimage\"},\"thumbnailUrl\":\"https:\/\/portaltela.pt\/s.01k8rhncp4jt1\/2026\/05\/img_1280x718uu2026-03-22-14-37-31-2274111-im-639132337335385660.jpg\",\"datePublished\":\"2026-05-01T11:33:35+00:00\",\"author\":{\"@id\":\"https:\/\/portaltela.pt\/#\/schema\/person\/c4278d4a6028830caff9ee44b42d32ed\"},\"breadcrumb\":{\"@id\":\"https:\/\/portaltela.pt\/noticias\/2026\/05\/01\/jose-condessa-esclarece-relacao-entre-luisinha-oliveira-e-margarida-corceiro\/#breadcrumb\"},\"inLanguage\":\"pt-PT\",\"potentialAction\":[{\"@type\":\"ReadAction\",\"target\":[\"https:\/\/portaltela.pt\/noticias\/2026\/05\/01\/jose-condessa-esclarece-relacao-entre-luisinha-oliveira-e-margarida-corceiro\/\"]}]},{\"@type\":\"ImageObject\",\"inLanguage\":\"pt-PT\",\"@id\":\"https:\/\/portaltela.pt\/noticias\/2026\/05\/01\/jose-condessa-esclarece-relacao-entre-luisinha-oliveira-e-margarida-corceiro\/#primaryimage\",\"url\":\"https:\/\/portaltela.pt\/s.01k8rhncp4jt1\/2026\/05\/img_1280x718uu2026-03-22-14-37-31-2274111-im-639132337335385660.jpg\",\"contentUrl\":\"https:\/\/portaltela.pt\/s.01k8rhncp4jt1\/2026\/05\/img_1280x718uu2026-03-22-14-37-31-2274111-im-639132337335385660.jpg\",\"width\":1280,\"height\":718,\"caption\":\"Jos\u00e9 Condessa\"},{\"@type\":\"BreadcrumbList\",\"@id\":\"https:\/\/portaltela.pt\/noticias\/2026\/05\/01\/jose-condessa-esclarece-relacao-entre-luisinha-oliveira-e-margarida-corceiro\/#breadcrumb\",\"itemListElement\":[{\"@type\":\"ListItem\",\"position\":1,\"name\":\"In\u00edcio\",\"item\":\"https:\/\/portaltela.pt\/\"},{\"@type\":\"ListItem\",\"position\":2,\"name\":\"Jos\u00e9 Condessa esclarece rela\u00e7\u00e3o entre Luisinha Oliveira e Margarida Corceiro\"}]},{\"@type\":\"WebSite\",\"@id\":\"https:\/\/portaltela.pt\/#website\",\"url\":\"https:\/\/portaltela.pt\/\",\"name\":\"Portal Tela Portugal\",\"description\":\"\",\"potentialAction\":[{\"@type\":\"SearchAction\",\"target\":{\"@type\":\"EntryPoint\",\"urlTemplate\":\"https:\/\/portaltela.pt\/?s={search_term_string}\"},\"query-input\":{\"@type\":\"PropertyValueSpecification\",\"valueRequired\":true,\"valueName\":\"search_term_string\"}}],\"inLanguage\":\"pt-PT\"},{\"@type\":\"Person\",\"@id\":\"https:\/\/portaltela.pt\/#\/schema\/person\/c4278d4a6028830caff9ee44b42d32ed\",\"name\":\"Telinha\",\"image\":{\"@type\":\"ImageObject\",\"inLanguage\":\"pt-PT\",\"@id\":\"https:\/\/portaltela.pt\/s.01k8rhncp4jt1\/2025\/11\/talking-bot-125x125.png\",\"url\":\"https:\/\/portaltela.pt\/s.01k8rhncp4jt1\/2025\/11\/talking-bot-125x125.png\",\"contentUrl\":\"https:\/\/portaltela.pt\/s.01k8rhncp4jt1\/2025\/11\/talking-bot-125x125.png\",\"caption\":\"Telinha\"},\"sameAs\":[\"https:\/\/portaltela.pt\/\"],\"url\":\"https:\/\/portaltela.pt\/por\/367410592786\/\"}]}<\/script>\n<!-- \/ Yoast SEO plugin. -->","yoast_head_json":{"title":"Jos\u00e9 Condessa esclarece rela\u00e7\u00e3o entre Luisinha Oliveira e Margarida Corceiro - Portal Tela Portugal","robots":{"index":"index","follow":"follow","max-snippet":"max-snippet:-1","max-image-preview":"max-image-preview:large","max-video-preview":"max-video-preview:-1"},"og_locale":"pt_PT","og_type":"article","og_title":"Jos\u00e9 Condessa esclarece rela\u00e7\u00e3o entre Luisinha Oliveira e Margarida Corceiro - Portal Tela Portugal","og_description":"Jos\u00e9 Condessa esclarece a conversa com Margarida Corceiro na praia do Algarve, em agosto de 2024, onde alegadamente a atriz estaria a chorar. O ator, de 28 anos, explica ter sido uma rela\u00e7\u00e3o de amizade de muitos anos e que se afastaram porque \u201ca vida \u00e9 assim\u201d; a conversa foi entre uma amiga para esclarecer a situa\u00e7\u00e3o da pessoa com quem estava. Diz que n\u00e3o houve discuss\u00e3o nem choro, e que n\u00e3o estavam sozinhos na praia. Conta como conheceu Luisinha Oliveira, atual namorada, no programa Dan\u00e7a com as Estrelas, e que nenhum deles procurava namoro na altura, estavam numa fase de reconstru\u00e7\u00e3o pessoal. Revela ter enviado a Luisinha um v\u00eddeo a desejar felicidades, destacando que a vida pode trazer coisas boas, brincando com a ideia de outros rapazes terem feito o mesmo.","og_url":"https:\/\/portaltela.pt\/noticias\/2026\/05\/01\/jose-condessa-esclarece-relacao-entre-luisinha-oliveira-e-margarida-corceiro\/","og_site_name":"Portal Tela Portugal","article_published_time":"2026-05-01T11:33:35+00:00","author":"Telinha","twitter_card":"summary_large_image","twitter_misc":{"Escrito por":"Telinha","Tempo estimado de leitura":"1 minuto"},"schema":{"@context":"https:\/\/schema.org","@graph":[{"@type":"Article","@id":"https:\/\/portaltela.pt\/noticias\/2026\/05\/01\/jose-condessa-esclarece-relacao-entre-luisinha-oliveira-e-margarida-corceiro\/#article","isPartOf":{"@id":"https:\/\/portaltela.pt\/noticias\/2026\/05\/01\/jose-condessa-esclarece-relacao-entre-luisinha-oliveira-e-margarida-corceiro\/"},"author":{"name":"Telinha","@id":"https:\/\/portaltela.pt\/#\/schema\/person\/c4278d4a6028830caff9ee44b42d32ed"},"headline":"Jos\u00e9 Condessa esclarece rela\u00e7\u00e3o entre Luisinha Oliveira e Margarida Corceiro","datePublished":"2026-05-01T11:33:35+00:00","mainEntityOfPage":{"@id":"https:\/\/portaltela.pt\/noticias\/2026\/05\/01\/jose-condessa-esclarece-relacao-entre-luisinha-oliveira-e-margarida-corceiro\/"},"wordCount":296,"image":{"@id":"https:\/\/portaltela.pt\/noticias\/2026\/05\/01\/jose-condessa-esclarece-relacao-entre-luisinha-oliveira-e-margarida-corceiro\/#primaryimage"},"thumbnailUrl":"https:\/\/portaltela.pt\/s.01k8rhncp4jt1\/2026\/05\/img_1280x718uu2026-03-22-14-37-31-2274111-im-639132337335385660.jpg","keywords":["_Algarve","_celebidades","_pessoas","_vida privada","dan\u00e7a"],"articleSection":["Celebridades"],"inLanguage":"pt-PT"},{"@type":"WebPage","@id":"https:\/\/portaltela.pt\/noticias\/2026\/05\/01\/jose-condessa-esclarece-relacao-entre-luisinha-oliveira-e-margarida-corceiro\/","url":"https:\/\/portaltela.pt\/noticias\/2026\/05\/01\/jose-condessa-esclarece-relacao-entre-luisinha-oliveira-e-margarida-corceiro\/","name":"Jos\u00e9 Condessa esclarece rela\u00e7\u00e3o entre Luisinha Oliveira e Margarida Corceiro - Portal Tela Portugal","isPartOf":{"@id":"https:\/\/portaltela.pt\/#website"},"primaryImageOfPage":{"@id":"https:\/\/portaltela.pt\/noticias\/2026\/05\/01\/jose-condessa-esclarece-relacao-entre-luisinha-oliveira-e-margarida-corceiro\/#primaryimage"},"image":{"@id":"https:\/\/portaltela.pt\/noticias\/2026\/05\/01\/jose-condessa-esclarece-relacao-entre-luisinha-oliveira-e-margarida-corceiro\/#primaryimage"},"thumbnailUrl":"https:\/\/portaltela.pt\/s.01k8rhncp4jt1\/2026\/05\/img_1280x718uu2026-03-22-14-37-31-2274111-im-639132337335385660.jpg","datePublished":"2026-05-01T11:33:35+00:00","author":{"@id":"https:\/\/portaltela.pt\/#\/schema\/person\/c4278d4a6028830caff9ee44b42d32ed"},"breadcrumb":{"@id":"https:\/\/portaltela.pt\/noticias\/2026\/05\/01\/jose-condessa-esclarece-relacao-entre-luisinha-oliveira-e-margarida-corceiro\/#breadcrumb"},"inLanguage":"pt-PT","potentialAction":[{"@type":"ReadAction","target":["https:\/\/portaltela.pt\/noticias\/2026\/05\/01\/jose-condessa-esclarece-relacao-entre-luisinha-oliveira-e-margarida-corceiro\/"]}]},{"@type":"ImageObject","inLanguage":"pt-PT","@id":"https:\/\/portaltela.pt\/noticias\/2026\/05\/01\/jose-condessa-esclarece-relacao-entre-luisinha-oliveira-e-margarida-corceiro\/#primaryimage","url":"https:\/\/portaltela.pt\/s.01k8rhncp4jt1\/2026\/05\/img_1280x718uu2026-03-22-14-37-31-2274111-im-639132337335385660.jpg","contentUrl":"https:\/\/portaltela.pt\/s.01k8rhncp4jt1\/2026\/05\/img_1280x718uu2026-03-22-14-37-31-2274111-im-639132337335385660.jpg","width":1280,"height":718,"caption":"Jos\u00e9 Condessa"},{"@type":"BreadcrumbList","@id":"https:\/\/portaltela.pt\/noticias\/2026\/05\/01\/jose-condessa-esclarece-relacao-entre-luisinha-oliveira-e-margarida-corceiro\/#breadcrumb","itemListElement":[{"@type":"ListItem","position":1,"name":"In\u00edcio","item":"https:\/\/portaltela.pt\/"},{"@type":"ListItem","position":2,"name":"Jos\u00e9 Condessa esclarece rela\u00e7\u00e3o entre Luisinha Oliveira e Margarida Corceiro"}]},{"@type":"WebSite","@id":"https:\/\/portaltela.pt\/#website","url":"https:\/\/portaltela.pt\/","name":"Portal Tela Portugal","description":"","potentialAction":[{"@type":"SearchAction","target":{"@type":"EntryPoint","urlTemplate":"https:\/\/portaltela.pt\/?s={search_term_string}"},"query-input":{"@type":"PropertyValueSpecification","valueRequired":true,"valueName":"search_term_string"}}],"inLanguage":"pt-PT"},{"@type":"Person","@id":"https:\/\/portaltela.pt\/#\/schema\/person\/c4278d4a6028830caff9ee44b42d32ed","name":"Telinha","image":{"@type":"ImageObject","inLanguage":"pt-PT","@id":"https:\/\/portaltela.pt\/s.01k8rhncp4jt1\/2025\/11\/talking-bot-125x125.png","url":"https:\/\/portaltela.pt\/s.01k8rhncp4jt1\/2025\/11\/talking-bot-125x125.png","contentUrl":"https:\/\/portaltela.pt\/s.01k8rhncp4jt1\/2025\/11\/talking-bot-125x125.png","caption":"Telinha"},"sameAs":["https:\/\/portaltela.pt\/"],"url":"https:\/\/portaltela.pt\/por\/367410592786\/"}]}},"_links":{"self":[{"href":"https:\/\/portaltela.pt\/api\/wp\/v2\/posts\/463746","targetHints":{"allow":["GET"]}}],"collection":[{"href":"https:\/\/portaltela.pt\/api\/wp\/v2\/posts"}],"about":[{"href":"https:\/\/portaltela.pt\/api\/wp\/v2\/types\/post"}],"author":[{"embeddable":true,"href":"https:\/\/portaltela.pt\/api\/wp\/v2\/users\/2"}],"replies":[{"embeddable":true,"href":"https:\/\/portaltela.pt\/api\/wp\/v2\/comments?post=463746"}],"version-history":[{"count":0,"href":"https:\/\/portaltela.pt\/api\/wp\/v2\/posts\/463746\/revisions"}],"wp:featuredmedia":[{"embeddable":true,"href":"https:\/\/portaltela.pt\/api\/wp\/v2\/media\/463747"}],"wp:attachment":[{"href":"https:\/\/portaltela.pt\/api\/wp\/v2\/media?parent=463746"}],"wp:term":[{"taxonomy":"category","embeddable":true,"href":"https:\/\/portaltela.pt\/api\/wp\/v2\/categories?post=463746"},{"taxonomy":"post_tag","embeddable":true,"href":"https:\/\/portaltela.pt\/api\/wp\/v2\/tags?post=463746"}],"curies":[{"name":"wp","href":"https:\/\/api.w.org\/{rel}","templated":true}]}}