{"id":463742,"date":"2026-05-01T08:33:31","date_gmt":"2026-05-01T11:33:31","guid":{"rendered":"https:\/\/portaltela.pt\/noticias\/2026\/05\/01\/sara-barradas-ja-conhece-a-sua-nova-casa\/"},"modified":"2026-05-01T08:33:31","modified_gmt":"2026-05-01T11:33:31","slug":"sara-barradas-ja-conhece-a-sua-nova-casa","status":"publish","type":"post","link":"https:\/\/portaltela.pt\/entretenimento\/2026\/05\/01\/sara-barradas-ja-conhece-a-sua-nova-casa\/","title":{"rendered":"Sara Barradas j\u00e1 conhece a sua nova casa"},"content":{"rendered":"<p>Sara Barradas j\u00e1 conheceu a sua nova casa na SIC, onde foi recebida pelo diretor-geral de Entretenimento, Daniel Oliveira. A atriz, de 35 anos, deixou claro que o momento marca uma mudan\u00e7a profissional e um novo cap\u00edtulo na sua carreira.<\/p>\n<p>A artista trocou a TVI pela SIC este ano e, durante a visita, mostrou algumas imagens e explicou que as \u00faltimas semanas foram intensas. Barradas descreveu o per\u00edodo como de mudan\u00e7as importantes e revelou satisfa\u00e7\u00e3o com a nova posi\u00e7\u00e3o.<\/p>\n<p>Paralelamente, Barradas confirmou ao Fama Show que ser\u00e1 a protagonista da pr\u00f3xima novela da SIC, ao lado de Diogo Amaral. A atriz refor\u00e7ou sentir-se acolhida por colegas, realizadores, autores e pela dire\u00e7\u00e3o da esta\u00e7\u00e3o.<\/p>\n<h3>Novo desafio na SIC<\/h3>\n<p>Barradas mencionou que o elenco inclui pessoas com quem j\u00e1 trabalhou e outras com quem ainda n\u00e3o colaborou, destacando o apoio recebido no grupo de produ\u00e7\u00e3o e entre os respons\u00e1veis da emissora. O projeto marca, segundo ela, um passo relevante na sua trajet\u00f3ria.<\/p>\n","protected":false},"excerpt":{"rendered":"<ul>\n<li>Sara Barradas, de 35 anos, trocaria TVI pela SIC e j\u00e1 conheceu a nova casa profissional.<\/li>\n<li>A atriz foi recebida pelo diretor-geral de Entretenimento da SIC, Daniel Oliveira, durante a visita.<\/li>\n<li>Barradas partilhou nas redes imagens do momento e falou numa mudan\u00e7a de &#8220;ano de mudan\u00e7as&#8221; e de um novo cap\u00edtulo na carreira.<\/li>\n<li>Confirmou que ser\u00e1 a protagonista da nova novela da SIC, ao lado de Diogo Amaral.<\/li>\n<li>Em entrevista ao Fama Show, a atriz afirmou sentir-se feliz e muito querida pelos colegas, incluindo realizadores, autores e o pr\u00f3prio Daniel Oliveira.<\/li>\n<\/ul>\n","protected":false},"author":2,"featured_media":463744,"comment_status":"closed","ping_status":"closed","sticky":false,"template":"","format":"standard","meta":{"footnotes":""},"categories":[6675,12],"tags":[8726,10077,762,2403,5661,4394],"class_list":["post-463742","post","type-post","status-publish","format-standard","has-post-thumbnail","hentry","category-celebridades","category-entretenimento","tag-_entretenimento","tag-_novelas","tag-artistas","tag-elenco","tag-pessoas-publicas","tag-sic-noticias"],"yoast_head":"<!-- This site is optimized with the Yoast SEO plugin v27.2 - https:\/\/yoast.com\/product\/yoast-seo-wordpress\/ -->\n<title>Sara Barradas j\u00e1 conhece a sua nova casa - Portal Tela Portugal<\/title>\n<meta name=\"robots\" content=\"index, follow, max-snippet:-1, max-image-preview:large, max-video-preview:-1\" \/>\n<meta property=\"og:locale\" content=\"pt_PT\" \/>\n<meta property=\"og:type\" content=\"article\" \/>\n<meta property=\"og:title\" content=\"Sara Barradas j\u00e1 conhece a sua nova casa - Portal Tela Portugal\" \/>\n<meta property=\"og:description\" content=\"Sara Barradas, de 35 anos, trocaria TVI pela SIC e j\u00e1 conheceu a nova casa profissional. A atriz foi recebida pelo diretor-geral de Entretenimento da SIC, Daniel Oliveira, durante a visita. Barradas partilhou nas redes imagens do momento e falou numa mudan\u00e7a de &quot;ano de mudan\u00e7as&quot; e de um novo cap\u00edtulo na carreira. Confirmou que ser\u00e1 a protagonista da nova novela da SIC, ao lado de Diogo Amaral. Em entrevista ao Fama Show, a atriz afirmou sentir-se feliz e muito querida pelos colegas, incluindo realizadores, autores e o pr\u00f3prio Daniel Oliveira.\" \/>\n<meta property=\"og:url\" content=\"https:\/\/portaltela.pt\/noticias\/2026\/05\/01\/sara-barradas-ja-conhece-a-sua-nova-casa\/\" \/>\n<meta property=\"og:site_name\" content=\"Portal Tela Portugal\" \/>\n<meta property=\"article:published_time\" content=\"2026-05-01T11:33:31+00:00\" \/>\n<meta name=\"author\" content=\"Telinha\" \/>\n<meta name=\"twitter:card\" content=\"summary_large_image\" \/>\n<meta name=\"twitter:label1\" content=\"Escrito por\" \/>\n\t<meta name=\"twitter:data1\" content=\"Telinha\" \/>\n\t<meta name=\"twitter:label2\" content=\"Tempo estimado de leitura\" \/>\n\t<meta name=\"twitter:data2\" content=\"1 minuto\" \/>\n<script type=\"application\/ld+json\" class=\"yoast-schema-graph\">{\"@context\":\"https:\/\/schema.org\",\"@graph\":[{\"@type\":\"Article\",\"@id\":\"https:\/\/portaltela.pt\/noticias\/2026\/05\/01\/sara-barradas-ja-conhece-a-sua-nova-casa\/#article\",\"isPartOf\":{\"@id\":\"https:\/\/portaltela.pt\/noticias\/2026\/05\/01\/sara-barradas-ja-conhece-a-sua-nova-casa\/\"},\"author\":{\"name\":\"Telinha\",\"@id\":\"https:\/\/portaltela.pt\/#\/schema\/person\/c4278d4a6028830caff9ee44b42d32ed\"},\"headline\":\"Sara Barradas j\u00e1 conhece a sua nova casa\",\"datePublished\":\"2026-05-01T11:33:31+00:00\",\"mainEntityOfPage\":{\"@id\":\"https:\/\/portaltela.pt\/noticias\/2026\/05\/01\/sara-barradas-ja-conhece-a-sua-nova-casa\/\"},\"wordCount\":181,\"image\":{\"@id\":\"https:\/\/portaltela.pt\/noticias\/2026\/05\/01\/sara-barradas-ja-conhece-a-sua-nova-casa\/#primaryimage\"},\"thumbnailUrl\":\"https:\/\/portaltela.pt\/s.01k8rhncp4jt1\/2026\/05\/img_1280x718uu2026-05-01-12-29-07-2282205-im-639132354027103443.jpg\",\"keywords\":[\"_entretenimento\",\"_novelas\",\"artistas\",\"Elenco\",\"pessoas p\u00fablicas\",\"SIC Not\u00edcias\"],\"articleSection\":[\"Celebridades\",\"Entretenimento\"],\"inLanguage\":\"pt-PT\"},{\"@type\":\"WebPage\",\"@id\":\"https:\/\/portaltela.pt\/noticias\/2026\/05\/01\/sara-barradas-ja-conhece-a-sua-nova-casa\/\",\"url\":\"https:\/\/portaltela.pt\/noticias\/2026\/05\/01\/sara-barradas-ja-conhece-a-sua-nova-casa\/\",\"name\":\"Sara Barradas j\u00e1 conhece a sua nova casa - Portal Tela Portugal\",\"isPartOf\":{\"@id\":\"https:\/\/portaltela.pt\/#website\"},\"primaryImageOfPage\":{\"@id\":\"https:\/\/portaltela.pt\/noticias\/2026\/05\/01\/sara-barradas-ja-conhece-a-sua-nova-casa\/#primaryimage\"},\"image\":{\"@id\":\"https:\/\/portaltela.pt\/noticias\/2026\/05\/01\/sara-barradas-ja-conhece-a-sua-nova-casa\/#primaryimage\"},\"thumbnailUrl\":\"https:\/\/portaltela.pt\/s.01k8rhncp4jt1\/2026\/05\/img_1280x718uu2026-05-01-12-29-07-2282205-im-639132354027103443.jpg\",\"datePublished\":\"2026-05-01T11:33:31+00:00\",\"author\":{\"@id\":\"https:\/\/portaltela.pt\/#\/schema\/person\/c4278d4a6028830caff9ee44b42d32ed\"},\"breadcrumb\":{\"@id\":\"https:\/\/portaltela.pt\/noticias\/2026\/05\/01\/sara-barradas-ja-conhece-a-sua-nova-casa\/#breadcrumb\"},\"inLanguage\":\"pt-PT\",\"potentialAction\":[{\"@type\":\"ReadAction\",\"target\":[\"https:\/\/portaltela.pt\/noticias\/2026\/05\/01\/sara-barradas-ja-conhece-a-sua-nova-casa\/\"]}]},{\"@type\":\"ImageObject\",\"inLanguage\":\"pt-PT\",\"@id\":\"https:\/\/portaltela.pt\/noticias\/2026\/05\/01\/sara-barradas-ja-conhece-a-sua-nova-casa\/#primaryimage\",\"url\":\"https:\/\/portaltela.pt\/s.01k8rhncp4jt1\/2026\/05\/img_1280x718uu2026-05-01-12-29-07-2282205-im-639132354027103443.jpg\",\"contentUrl\":\"https:\/\/portaltela.pt\/s.01k8rhncp4jt1\/2026\/05\/img_1280x718uu2026-05-01-12-29-07-2282205-im-639132354027103443.jpg\",\"width\":1280,\"height\":718,\"caption\":\"Photo\"},{\"@type\":\"BreadcrumbList\",\"@id\":\"https:\/\/portaltela.pt\/noticias\/2026\/05\/01\/sara-barradas-ja-conhece-a-sua-nova-casa\/#breadcrumb\",\"itemListElement\":[{\"@type\":\"ListItem\",\"position\":1,\"name\":\"In\u00edcio\",\"item\":\"https:\/\/portaltela.pt\/\"},{\"@type\":\"ListItem\",\"position\":2,\"name\":\"Sara Barradas j\u00e1 conhece a sua nova casa\"}]},{\"@type\":\"WebSite\",\"@id\":\"https:\/\/portaltela.pt\/#website\",\"url\":\"https:\/\/portaltela.pt\/\",\"name\":\"Portal Tela Portugal\",\"description\":\"\",\"potentialAction\":[{\"@type\":\"SearchAction\",\"target\":{\"@type\":\"EntryPoint\",\"urlTemplate\":\"https:\/\/portaltela.pt\/?s={search_term_string}\"},\"query-input\":{\"@type\":\"PropertyValueSpecification\",\"valueRequired\":true,\"valueName\":\"search_term_string\"}}],\"inLanguage\":\"pt-PT\"},{\"@type\":\"Person\",\"@id\":\"https:\/\/portaltela.pt\/#\/schema\/person\/c4278d4a6028830caff9ee44b42d32ed\",\"name\":\"Telinha\",\"image\":{\"@type\":\"ImageObject\",\"inLanguage\":\"pt-PT\",\"@id\":\"https:\/\/portaltela.pt\/s.01k8rhncp4jt1\/2025\/11\/talking-bot-125x125.png\",\"url\":\"https:\/\/portaltela.pt\/s.01k8rhncp4jt1\/2025\/11\/talking-bot-125x125.png\",\"contentUrl\":\"https:\/\/portaltela.pt\/s.01k8rhncp4jt1\/2025\/11\/talking-bot-125x125.png\",\"caption\":\"Telinha\"},\"sameAs\":[\"https:\/\/portaltela.pt\/\"],\"url\":\"https:\/\/portaltela.pt\/por\/367410592786\/\"}]}<\/script>\n<!-- \/ Yoast SEO plugin. -->","yoast_head_json":{"title":"Sara Barradas j\u00e1 conhece a sua nova casa - Portal Tela Portugal","robots":{"index":"index","follow":"follow","max-snippet":"max-snippet:-1","max-image-preview":"max-image-preview:large","max-video-preview":"max-video-preview:-1"},"og_locale":"pt_PT","og_type":"article","og_title":"Sara Barradas j\u00e1 conhece a sua nova casa - Portal Tela Portugal","og_description":"Sara Barradas, de 35 anos, trocaria TVI pela SIC e j\u00e1 conheceu a nova casa profissional. A atriz foi recebida pelo diretor-geral de Entretenimento da SIC, Daniel Oliveira, durante a visita. Barradas partilhou nas redes imagens do momento e falou numa mudan\u00e7a de \"ano de mudan\u00e7as\" e de um novo cap\u00edtulo na carreira. Confirmou que ser\u00e1 a protagonista da nova novela da SIC, ao lado de Diogo Amaral. Em entrevista ao Fama Show, a atriz afirmou sentir-se feliz e muito querida pelos colegas, incluindo realizadores, autores e o pr\u00f3prio Daniel Oliveira.","og_url":"https:\/\/portaltela.pt\/noticias\/2026\/05\/01\/sara-barradas-ja-conhece-a-sua-nova-casa\/","og_site_name":"Portal Tela Portugal","article_published_time":"2026-05-01T11:33:31+00:00","author":"Telinha","twitter_card":"summary_large_image","twitter_misc":{"Escrito por":"Telinha","Tempo estimado de leitura":"1 minuto"},"schema":{"@context":"https:\/\/schema.org","@graph":[{"@type":"Article","@id":"https:\/\/portaltela.pt\/noticias\/2026\/05\/01\/sara-barradas-ja-conhece-a-sua-nova-casa\/#article","isPartOf":{"@id":"https:\/\/portaltela.pt\/noticias\/2026\/05\/01\/sara-barradas-ja-conhece-a-sua-nova-casa\/"},"author":{"name":"Telinha","@id":"https:\/\/portaltela.pt\/#\/schema\/person\/c4278d4a6028830caff9ee44b42d32ed"},"headline":"Sara Barradas j\u00e1 conhece a sua nova casa","datePublished":"2026-05-01T11:33:31+00:00","mainEntityOfPage":{"@id":"https:\/\/portaltela.pt\/noticias\/2026\/05\/01\/sara-barradas-ja-conhece-a-sua-nova-casa\/"},"wordCount":181,"image":{"@id":"https:\/\/portaltela.pt\/noticias\/2026\/05\/01\/sara-barradas-ja-conhece-a-sua-nova-casa\/#primaryimage"},"thumbnailUrl":"https:\/\/portaltela.pt\/s.01k8rhncp4jt1\/2026\/05\/img_1280x718uu2026-05-01-12-29-07-2282205-im-639132354027103443.jpg","keywords":["_entretenimento","_novelas","artistas","Elenco","pessoas p\u00fablicas","SIC Not\u00edcias"],"articleSection":["Celebridades","Entretenimento"],"inLanguage":"pt-PT"},{"@type":"WebPage","@id":"https:\/\/portaltela.pt\/noticias\/2026\/05\/01\/sara-barradas-ja-conhece-a-sua-nova-casa\/","url":"https:\/\/portaltela.pt\/noticias\/2026\/05\/01\/sara-barradas-ja-conhece-a-sua-nova-casa\/","name":"Sara Barradas j\u00e1 conhece a sua nova casa - Portal Tela Portugal","isPartOf":{"@id":"https:\/\/portaltela.pt\/#website"},"primaryImageOfPage":{"@id":"https:\/\/portaltela.pt\/noticias\/2026\/05\/01\/sara-barradas-ja-conhece-a-sua-nova-casa\/#primaryimage"},"image":{"@id":"https:\/\/portaltela.pt\/noticias\/2026\/05\/01\/sara-barradas-ja-conhece-a-sua-nova-casa\/#primaryimage"},"thumbnailUrl":"https:\/\/portaltela.pt\/s.01k8rhncp4jt1\/2026\/05\/img_1280x718uu2026-05-01-12-29-07-2282205-im-639132354027103443.jpg","datePublished":"2026-05-01T11:33:31+00:00","author":{"@id":"https:\/\/portaltela.pt\/#\/schema\/person\/c4278d4a6028830caff9ee44b42d32ed"},"breadcrumb":{"@id":"https:\/\/portaltela.pt\/noticias\/2026\/05\/01\/sara-barradas-ja-conhece-a-sua-nova-casa\/#breadcrumb"},"inLanguage":"pt-PT","potentialAction":[{"@type":"ReadAction","target":["https:\/\/portaltela.pt\/noticias\/2026\/05\/01\/sara-barradas-ja-conhece-a-sua-nova-casa\/"]}]},{"@type":"ImageObject","inLanguage":"pt-PT","@id":"https:\/\/portaltela.pt\/noticias\/2026\/05\/01\/sara-barradas-ja-conhece-a-sua-nova-casa\/#primaryimage","url":"https:\/\/portaltela.pt\/s.01k8rhncp4jt1\/2026\/05\/img_1280x718uu2026-05-01-12-29-07-2282205-im-639132354027103443.jpg","contentUrl":"https:\/\/portaltela.pt\/s.01k8rhncp4jt1\/2026\/05\/img_1280x718uu2026-05-01-12-29-07-2282205-im-639132354027103443.jpg","width":1280,"height":718,"caption":"Photo"},{"@type":"BreadcrumbList","@id":"https:\/\/portaltela.pt\/noticias\/2026\/05\/01\/sara-barradas-ja-conhece-a-sua-nova-casa\/#breadcrumb","itemListElement":[{"@type":"ListItem","position":1,"name":"In\u00edcio","item":"https:\/\/portaltela.pt\/"},{"@type":"ListItem","position":2,"name":"Sara Barradas j\u00e1 conhece a sua nova casa"}]},{"@type":"WebSite","@id":"https:\/\/portaltela.pt\/#website","url":"https:\/\/portaltela.pt\/","name":"Portal Tela Portugal","description":"","potentialAction":[{"@type":"SearchAction","target":{"@type":"EntryPoint","urlTemplate":"https:\/\/portaltela.pt\/?s={search_term_string}"},"query-input":{"@type":"PropertyValueSpecification","valueRequired":true,"valueName":"search_term_string"}}],"inLanguage":"pt-PT"},{"@type":"Person","@id":"https:\/\/portaltela.pt\/#\/schema\/person\/c4278d4a6028830caff9ee44b42d32ed","name":"Telinha","image":{"@type":"ImageObject","inLanguage":"pt-PT","@id":"https:\/\/portaltela.pt\/s.01k8rhncp4jt1\/2025\/11\/talking-bot-125x125.png","url":"https:\/\/portaltela.pt\/s.01k8rhncp4jt1\/2025\/11\/talking-bot-125x125.png","contentUrl":"https:\/\/portaltela.pt\/s.01k8rhncp4jt1\/2025\/11\/talking-bot-125x125.png","caption":"Telinha"},"sameAs":["https:\/\/portaltela.pt\/"],"url":"https:\/\/portaltela.pt\/por\/367410592786\/"}]}},"_links":{"self":[{"href":"https:\/\/portaltela.pt\/api\/wp\/v2\/posts\/463742","targetHints":{"allow":["GET"]}}],"collection":[{"href":"https:\/\/portaltela.pt\/api\/wp\/v2\/posts"}],"about":[{"href":"https:\/\/portaltela.pt\/api\/wp\/v2\/types\/post"}],"author":[{"embeddable":true,"href":"https:\/\/portaltela.pt\/api\/wp\/v2\/users\/2"}],"replies":[{"embeddable":true,"href":"https:\/\/portaltela.pt\/api\/wp\/v2\/comments?post=463742"}],"version-history":[{"count":0,"href":"https:\/\/portaltela.pt\/api\/wp\/v2\/posts\/463742\/revisions"}],"wp:featuredmedia":[{"embeddable":true,"href":"https:\/\/portaltela.pt\/api\/wp\/v2\/media\/463744"}],"wp:attachment":[{"href":"https:\/\/portaltela.pt\/api\/wp\/v2\/media?parent=463742"}],"wp:term":[{"taxonomy":"category","embeddable":true,"href":"https:\/\/portaltela.pt\/api\/wp\/v2\/categories?post=463742"},{"taxonomy":"post_tag","embeddable":true,"href":"https:\/\/portaltela.pt\/api\/wp\/v2\/tags?post=463742"}],"curies":[{"name":"wp","href":"https:\/\/api.w.org\/{rel}","templated":true}]}}