{"id":463730,"date":"2026-05-01T08:33:09","date_gmt":"2026-05-01T11:33:09","guid":{"rendered":"https:\/\/portaltela.pt\/noticias\/2026\/05\/01\/multidao-atinge-hospital-onde-esta-o-suspeito-da-morte-de-menina-de-5-anos\/"},"modified":"2026-05-01T08:33:09","modified_gmt":"2026-05-01T11:33:09","slug":"multidao-atinge-hospital-onde-esta-o-suspeito-da-morte-de-menina-de-5-anos","status":"publish","type":"post","link":"https:\/\/portaltela.pt\/criminalidade\/2026\/05\/01\/multidao-atinge-hospital-onde-esta-o-suspeito-da-morte-de-menina-de-5-anos\/","title":{"rendered":"Multid\u00e3o atinge hospital onde est\u00e1 o suspeito da morte de menina de 5 anos"},"content":{"rendered":"<p>Uma multid\u00e3o provocou dist\u00farbios na noite de quinta-feira em frente ao hospital de Alice Springs, na Austr\u00e1lia, onde est\u00e1 internado um homem suspeito de matar uma menina de cinco anos.<\/p>\n<p>Imagens mostram manifestantes a atirar objetos contra a pol\u00edcia, com nuvens de fumo a elevar-se no p\u00e1tio do hospital.<\/p>\n<p>As autoridades n\u00e3o divulgaram detalhes adicionais sobre o incidente no local nem sobre o estado de sa\u00fade do suspeito.<\/p>\n<p>O caso envolve a morte de uma crian\u00e7a de cinco anos; o inqu\u00e9rito permanece em curso. Fonte: AP.<\/p>\n","protected":false},"excerpt":{"rendered":"<ul>\n<li>Uma multid\u00e3o provocou dist\u00farbios em frente a um hospital em Alice Springs, Austr\u00e1lia.<\/li>\n<li>O hospital abriga um homem acusado de matar uma menina de cinco anos.<\/li>\n<li>Imagens mostram manifestantes a atirar objetos contra a pol\u00edcia, em meio a nuvens de fumo.<\/li>\n<li>N\u00e3o foram divulgados detalhes sobre deten\u00e7\u00f5es ou consequ\u00eancias imediatas para os manifestantes.<\/li>\n<li>O incidente ocorreu na noite de quinta-feira, segundo a mat\u00e9ria publicada na manh\u00e3 de 1 de maio de 2026.<\/li>\n<\/ul>\n","protected":false},"author":2,"featured_media":463732,"comment_status":"closed","ping_status":"closed","sticky":false,"template":"","format":"standard","meta":{"footnotes":""},"categories":[6907,7374],"tags":[8075,8413,8276,8652,7878,8273],"class_list":["post-463730","post","type-post","status-publish","format-standard","has-post-thumbnail","hentry","category-crime","category-criminalidade","tag-_homicidio","tag-_mortes","tag-_pessoas","tag-_protestos","tag-_seguranca-publica","tag-_violencia"],"yoast_head":"<!-- This site is optimized with the Yoast SEO plugin v27.2 - https:\/\/yoast.com\/product\/yoast-seo-wordpress\/ -->\n<title>Multid\u00e3o atinge hospital onde est\u00e1 o suspeito da morte de menina de 5 anos - Portal Tela Portugal<\/title>\n<meta name=\"robots\" content=\"index, follow, max-snippet:-1, max-image-preview:large, max-video-preview:-1\" \/>\n<meta property=\"og:locale\" content=\"pt_PT\" \/>\n<meta property=\"og:type\" content=\"article\" \/>\n<meta property=\"og:title\" content=\"Multid\u00e3o atinge hospital onde est\u00e1 o suspeito da morte de menina de 5 anos - Portal Tela Portugal\" \/>\n<meta property=\"og:description\" content=\"Uma multid\u00e3o provocou dist\u00farbios em frente a um hospital em Alice Springs, Austr\u00e1lia. O hospital abriga um homem acusado de matar uma menina de cinco anos. Imagens mostram manifestantes a atirar objetos contra a pol\u00edcia, em meio a nuvens de fumo. N\u00e3o foram divulgados detalhes sobre deten\u00e7\u00f5es ou consequ\u00eancias imediatas para os manifestantes. O incidente ocorreu na noite de quinta-feira, segundo a mat\u00e9ria publicada na manh\u00e3 de 1 de maio de 2026.\" \/>\n<meta property=\"og:url\" content=\"https:\/\/portaltela.pt\/noticias\/2026\/05\/01\/multidao-atinge-hospital-onde-esta-o-suspeito-da-morte-de-menina-de-5-anos\/\" \/>\n<meta property=\"og:site_name\" content=\"Portal Tela Portugal\" \/>\n<meta property=\"article:published_time\" content=\"2026-05-01T11:33:09+00:00\" \/>\n<meta name=\"author\" content=\"Telinha\" \/>\n<meta name=\"twitter:card\" content=\"summary_large_image\" \/>\n<meta name=\"twitter:label1\" content=\"Escrito por\" \/>\n\t<meta name=\"twitter:data1\" content=\"Telinha\" \/>\n<script type=\"application\/ld+json\" class=\"yoast-schema-graph\">{\"@context\":\"https:\/\/schema.org\",\"@graph\":[{\"@type\":\"Article\",\"@id\":\"https:\/\/portaltela.pt\/noticias\/2026\/05\/01\/multidao-atinge-hospital-onde-esta-o-suspeito-da-morte-de-menina-de-5-anos\/#article\",\"isPartOf\":{\"@id\":\"https:\/\/portaltela.pt\/noticias\/2026\/05\/01\/multidao-atinge-hospital-onde-esta-o-suspeito-da-morte-de-menina-de-5-anos\/\"},\"author\":{\"name\":\"Telinha\",\"@id\":\"https:\/\/portaltela.pt\/#\/schema\/person\/c4278d4a6028830caff9ee44b42d32ed\"},\"headline\":\"Multid\u00e3o atinge hospital onde est\u00e1 o suspeito da morte de menina de 5 anos\",\"datePublished\":\"2026-05-01T11:33:09+00:00\",\"mainEntityOfPage\":{\"@id\":\"https:\/\/portaltela.pt\/noticias\/2026\/05\/01\/multidao-atinge-hospital-onde-esta-o-suspeito-da-morte-de-menina-de-5-anos\/\"},\"wordCount\":109,\"image\":{\"@id\":\"https:\/\/portaltela.pt\/noticias\/2026\/05\/01\/multidao-atinge-hospital-onde-esta-o-suspeito-da-morte-de-menina-de-5-anos\/#primaryimage\"},\"thumbnailUrl\":\"https:\/\/portaltela.pt\/s.01k8rhncp4jt1\/2026\/05\/img_1280x722uu2026-05-01-12-29-36-2282207.jpg\",\"keywords\":[\"_homic\u00eddio\",\"_mortes\",\"_pessoas\",\"_protestos\",\"_seguran\u00e7a p\u00fablica\",\"_viol\u00eancia\"],\"articleSection\":[\"Crime\",\"Criminalidade\"],\"inLanguage\":\"pt-PT\"},{\"@type\":\"WebPage\",\"@id\":\"https:\/\/portaltela.pt\/noticias\/2026\/05\/01\/multidao-atinge-hospital-onde-esta-o-suspeito-da-morte-de-menina-de-5-anos\/\",\"url\":\"https:\/\/portaltela.pt\/noticias\/2026\/05\/01\/multidao-atinge-hospital-onde-esta-o-suspeito-da-morte-de-menina-de-5-anos\/\",\"name\":\"Multid\u00e3o atinge hospital onde est\u00e1 o suspeito da morte de menina de 5 anos - Portal Tela Portugal\",\"isPartOf\":{\"@id\":\"https:\/\/portaltela.pt\/#website\"},\"primaryImageOfPage\":{\"@id\":\"https:\/\/portaltela.pt\/noticias\/2026\/05\/01\/multidao-atinge-hospital-onde-esta-o-suspeito-da-morte-de-menina-de-5-anos\/#primaryimage\"},\"image\":{\"@id\":\"https:\/\/portaltela.pt\/noticias\/2026\/05\/01\/multidao-atinge-hospital-onde-esta-o-suspeito-da-morte-de-menina-de-5-anos\/#primaryimage\"},\"thumbnailUrl\":\"https:\/\/portaltela.pt\/s.01k8rhncp4jt1\/2026\/05\/img_1280x722uu2026-05-01-12-29-36-2282207.jpg\",\"datePublished\":\"2026-05-01T11:33:09+00:00\",\"author\":{\"@id\":\"https:\/\/portaltela.pt\/#\/schema\/person\/c4278d4a6028830caff9ee44b42d32ed\"},\"breadcrumb\":{\"@id\":\"https:\/\/portaltela.pt\/noticias\/2026\/05\/01\/multidao-atinge-hospital-onde-esta-o-suspeito-da-morte-de-menina-de-5-anos\/#breadcrumb\"},\"inLanguage\":\"pt-PT\",\"potentialAction\":[{\"@type\":\"ReadAction\",\"target\":[\"https:\/\/portaltela.pt\/noticias\/2026\/05\/01\/multidao-atinge-hospital-onde-esta-o-suspeito-da-morte-de-menina-de-5-anos\/\"]}]},{\"@type\":\"ImageObject\",\"inLanguage\":\"pt-PT\",\"@id\":\"https:\/\/portaltela.pt\/noticias\/2026\/05\/01\/multidao-atinge-hospital-onde-esta-o-suspeito-da-morte-de-menina-de-5-anos\/#primaryimage\",\"url\":\"https:\/\/portaltela.pt\/s.01k8rhncp4jt1\/2026\/05\/img_1280x722uu2026-05-01-12-29-36-2282207.jpg\",\"contentUrl\":\"https:\/\/portaltela.pt\/s.01k8rhncp4jt1\/2026\/05\/img_1280x722uu2026-05-01-12-29-36-2282207.jpg\",\"width\":1280,\"height\":722,\"caption\":\"Multid\u00e3o provoca estragos em frente ao hospital onde est\u00e1 o suspeito da morte de uma menina de cinco anos na Austr\u00e1lia\"},{\"@type\":\"BreadcrumbList\",\"@id\":\"https:\/\/portaltela.pt\/noticias\/2026\/05\/01\/multidao-atinge-hospital-onde-esta-o-suspeito-da-morte-de-menina-de-5-anos\/#breadcrumb\",\"itemListElement\":[{\"@type\":\"ListItem\",\"position\":1,\"name\":\"In\u00edcio\",\"item\":\"https:\/\/portaltela.pt\/\"},{\"@type\":\"ListItem\",\"position\":2,\"name\":\"Multid\u00e3o atinge hospital onde est\u00e1 o suspeito da morte de menina de 5 anos\"}]},{\"@type\":\"WebSite\",\"@id\":\"https:\/\/portaltela.pt\/#website\",\"url\":\"https:\/\/portaltela.pt\/\",\"name\":\"Portal Tela Portugal\",\"description\":\"\",\"potentialAction\":[{\"@type\":\"SearchAction\",\"target\":{\"@type\":\"EntryPoint\",\"urlTemplate\":\"https:\/\/portaltela.pt\/?s={search_term_string}\"},\"query-input\":{\"@type\":\"PropertyValueSpecification\",\"valueRequired\":true,\"valueName\":\"search_term_string\"}}],\"inLanguage\":\"pt-PT\"},{\"@type\":\"Person\",\"@id\":\"https:\/\/portaltela.pt\/#\/schema\/person\/c4278d4a6028830caff9ee44b42d32ed\",\"name\":\"Telinha\",\"image\":{\"@type\":\"ImageObject\",\"inLanguage\":\"pt-PT\",\"@id\":\"https:\/\/portaltela.pt\/s.01k8rhncp4jt1\/2025\/11\/talking-bot-125x125.png\",\"url\":\"https:\/\/portaltela.pt\/s.01k8rhncp4jt1\/2025\/11\/talking-bot-125x125.png\",\"contentUrl\":\"https:\/\/portaltela.pt\/s.01k8rhncp4jt1\/2025\/11\/talking-bot-125x125.png\",\"caption\":\"Telinha\"},\"sameAs\":[\"https:\/\/portaltela.pt\/\"],\"url\":\"https:\/\/portaltela.pt\/por\/367410592786\/\"}]}<\/script>\n<!-- \/ Yoast SEO plugin. -->","yoast_head_json":{"title":"Multid\u00e3o atinge hospital onde est\u00e1 o suspeito da morte de menina de 5 anos - Portal Tela Portugal","robots":{"index":"index","follow":"follow","max-snippet":"max-snippet:-1","max-image-preview":"max-image-preview:large","max-video-preview":"max-video-preview:-1"},"og_locale":"pt_PT","og_type":"article","og_title":"Multid\u00e3o atinge hospital onde est\u00e1 o suspeito da morte de menina de 5 anos - Portal Tela Portugal","og_description":"Uma multid\u00e3o provocou dist\u00farbios em frente a um hospital em Alice Springs, Austr\u00e1lia. O hospital abriga um homem acusado de matar uma menina de cinco anos. Imagens mostram manifestantes a atirar objetos contra a pol\u00edcia, em meio a nuvens de fumo. N\u00e3o foram divulgados detalhes sobre deten\u00e7\u00f5es ou consequ\u00eancias imediatas para os manifestantes. O incidente ocorreu na noite de quinta-feira, segundo a mat\u00e9ria publicada na manh\u00e3 de 1 de maio de 2026.","og_url":"https:\/\/portaltela.pt\/noticias\/2026\/05\/01\/multidao-atinge-hospital-onde-esta-o-suspeito-da-morte-de-menina-de-5-anos\/","og_site_name":"Portal Tela Portugal","article_published_time":"2026-05-01T11:33:09+00:00","author":"Telinha","twitter_card":"summary_large_image","twitter_misc":{"Escrito por":"Telinha"},"schema":{"@context":"https:\/\/schema.org","@graph":[{"@type":"Article","@id":"https:\/\/portaltela.pt\/noticias\/2026\/05\/01\/multidao-atinge-hospital-onde-esta-o-suspeito-da-morte-de-menina-de-5-anos\/#article","isPartOf":{"@id":"https:\/\/portaltela.pt\/noticias\/2026\/05\/01\/multidao-atinge-hospital-onde-esta-o-suspeito-da-morte-de-menina-de-5-anos\/"},"author":{"name":"Telinha","@id":"https:\/\/portaltela.pt\/#\/schema\/person\/c4278d4a6028830caff9ee44b42d32ed"},"headline":"Multid\u00e3o atinge hospital onde est\u00e1 o suspeito da morte de menina de 5 anos","datePublished":"2026-05-01T11:33:09+00:00","mainEntityOfPage":{"@id":"https:\/\/portaltela.pt\/noticias\/2026\/05\/01\/multidao-atinge-hospital-onde-esta-o-suspeito-da-morte-de-menina-de-5-anos\/"},"wordCount":109,"image":{"@id":"https:\/\/portaltela.pt\/noticias\/2026\/05\/01\/multidao-atinge-hospital-onde-esta-o-suspeito-da-morte-de-menina-de-5-anos\/#primaryimage"},"thumbnailUrl":"https:\/\/portaltela.pt\/s.01k8rhncp4jt1\/2026\/05\/img_1280x722uu2026-05-01-12-29-36-2282207.jpg","keywords":["_homic\u00eddio","_mortes","_pessoas","_protestos","_seguran\u00e7a p\u00fablica","_viol\u00eancia"],"articleSection":["Crime","Criminalidade"],"inLanguage":"pt-PT"},{"@type":"WebPage","@id":"https:\/\/portaltela.pt\/noticias\/2026\/05\/01\/multidao-atinge-hospital-onde-esta-o-suspeito-da-morte-de-menina-de-5-anos\/","url":"https:\/\/portaltela.pt\/noticias\/2026\/05\/01\/multidao-atinge-hospital-onde-esta-o-suspeito-da-morte-de-menina-de-5-anos\/","name":"Multid\u00e3o atinge hospital onde est\u00e1 o suspeito da morte de menina de 5 anos - Portal Tela Portugal","isPartOf":{"@id":"https:\/\/portaltela.pt\/#website"},"primaryImageOfPage":{"@id":"https:\/\/portaltela.pt\/noticias\/2026\/05\/01\/multidao-atinge-hospital-onde-esta-o-suspeito-da-morte-de-menina-de-5-anos\/#primaryimage"},"image":{"@id":"https:\/\/portaltela.pt\/noticias\/2026\/05\/01\/multidao-atinge-hospital-onde-esta-o-suspeito-da-morte-de-menina-de-5-anos\/#primaryimage"},"thumbnailUrl":"https:\/\/portaltela.pt\/s.01k8rhncp4jt1\/2026\/05\/img_1280x722uu2026-05-01-12-29-36-2282207.jpg","datePublished":"2026-05-01T11:33:09+00:00","author":{"@id":"https:\/\/portaltela.pt\/#\/schema\/person\/c4278d4a6028830caff9ee44b42d32ed"},"breadcrumb":{"@id":"https:\/\/portaltela.pt\/noticias\/2026\/05\/01\/multidao-atinge-hospital-onde-esta-o-suspeito-da-morte-de-menina-de-5-anos\/#breadcrumb"},"inLanguage":"pt-PT","potentialAction":[{"@type":"ReadAction","target":["https:\/\/portaltela.pt\/noticias\/2026\/05\/01\/multidao-atinge-hospital-onde-esta-o-suspeito-da-morte-de-menina-de-5-anos\/"]}]},{"@type":"ImageObject","inLanguage":"pt-PT","@id":"https:\/\/portaltela.pt\/noticias\/2026\/05\/01\/multidao-atinge-hospital-onde-esta-o-suspeito-da-morte-de-menina-de-5-anos\/#primaryimage","url":"https:\/\/portaltela.pt\/s.01k8rhncp4jt1\/2026\/05\/img_1280x722uu2026-05-01-12-29-36-2282207.jpg","contentUrl":"https:\/\/portaltela.pt\/s.01k8rhncp4jt1\/2026\/05\/img_1280x722uu2026-05-01-12-29-36-2282207.jpg","width":1280,"height":722,"caption":"Multid\u00e3o provoca estragos em frente ao hospital onde est\u00e1 o suspeito da morte de uma menina de cinco anos na Austr\u00e1lia"},{"@type":"BreadcrumbList","@id":"https:\/\/portaltela.pt\/noticias\/2026\/05\/01\/multidao-atinge-hospital-onde-esta-o-suspeito-da-morte-de-menina-de-5-anos\/#breadcrumb","itemListElement":[{"@type":"ListItem","position":1,"name":"In\u00edcio","item":"https:\/\/portaltela.pt\/"},{"@type":"ListItem","position":2,"name":"Multid\u00e3o atinge hospital onde est\u00e1 o suspeito da morte de menina de 5 anos"}]},{"@type":"WebSite","@id":"https:\/\/portaltela.pt\/#website","url":"https:\/\/portaltela.pt\/","name":"Portal Tela Portugal","description":"","potentialAction":[{"@type":"SearchAction","target":{"@type":"EntryPoint","urlTemplate":"https:\/\/portaltela.pt\/?s={search_term_string}"},"query-input":{"@type":"PropertyValueSpecification","valueRequired":true,"valueName":"search_term_string"}}],"inLanguage":"pt-PT"},{"@type":"Person","@id":"https:\/\/portaltela.pt\/#\/schema\/person\/c4278d4a6028830caff9ee44b42d32ed","name":"Telinha","image":{"@type":"ImageObject","inLanguage":"pt-PT","@id":"https:\/\/portaltela.pt\/s.01k8rhncp4jt1\/2025\/11\/talking-bot-125x125.png","url":"https:\/\/portaltela.pt\/s.01k8rhncp4jt1\/2025\/11\/talking-bot-125x125.png","contentUrl":"https:\/\/portaltela.pt\/s.01k8rhncp4jt1\/2025\/11\/talking-bot-125x125.png","caption":"Telinha"},"sameAs":["https:\/\/portaltela.pt\/"],"url":"https:\/\/portaltela.pt\/por\/367410592786\/"}]}},"_links":{"self":[{"href":"https:\/\/portaltela.pt\/api\/wp\/v2\/posts\/463730","targetHints":{"allow":["GET"]}}],"collection":[{"href":"https:\/\/portaltela.pt\/api\/wp\/v2\/posts"}],"about":[{"href":"https:\/\/portaltela.pt\/api\/wp\/v2\/types\/post"}],"author":[{"embeddable":true,"href":"https:\/\/portaltela.pt\/api\/wp\/v2\/users\/2"}],"replies":[{"embeddable":true,"href":"https:\/\/portaltela.pt\/api\/wp\/v2\/comments?post=463730"}],"version-history":[{"count":0,"href":"https:\/\/portaltela.pt\/api\/wp\/v2\/posts\/463730\/revisions"}],"wp:featuredmedia":[{"embeddable":true,"href":"https:\/\/portaltela.pt\/api\/wp\/v2\/media\/463732"}],"wp:attachment":[{"href":"https:\/\/portaltela.pt\/api\/wp\/v2\/media?parent=463730"}],"wp:term":[{"taxonomy":"category","embeddable":true,"href":"https:\/\/portaltela.pt\/api\/wp\/v2\/categories?post=463730"},{"taxonomy":"post_tag","embeddable":true,"href":"https:\/\/portaltela.pt\/api\/wp\/v2\/tags?post=463730"}],"curies":[{"name":"wp","href":"https:\/\/api.w.org\/{rel}","templated":true}]}}