{"id":463713,"date":"2026-05-01T08:17:57","date_gmt":"2026-05-01T11:17:57","guid":{"rendered":"https:\/\/portaltela.pt\/noticias\/2026\/05\/01\/sindicatos-europeus-exigem-medidas-da-ue-para-proteger-empregos-e-salarios\/"},"modified":"2026-05-01T08:17:57","modified_gmt":"2026-05-01T11:17:57","slug":"sindicatos-europeus-exigem-medidas-da-ue-para-proteger-empregos-e-salarios","status":"publish","type":"post","link":"https:\/\/portaltela.pt\/noticias\/economia\/2026\/05\/01\/sindicatos-europeus-exigem-medidas-da-ue-para-proteger-empregos-e-salarios\/","title":{"rendered":"Sindicatos europeus exigem medidas da UE para proteger empregos e sal\u00e1rios"},"content":{"rendered":"<p>Os sindicatos europeus exigem medidas da Uni\u00e3o Europeia para proteger empregos e sal\u00e1rios face \u00e0 infla\u00e7\u00e3o. A defesa foi feita numa altura em que se celebra o Dia Internacional do Trabalhador.<\/p>\n<p>A Confedera\u00e7\u00e3o Europeia de Sindicatos (CES) afirmou que uma nova crise do custo de vida n\u00e3o \u00e9 inevit\u00e1vel e pediu a\u00e7\u00f5es r\u00e1pidas dos l\u00edderes da UE para salvaguardar rendimentos e postos de trabalho.<\/p>\n<p>A secret\u00e1ria-geral da CES, Esther Lynch, destacou que os trabalhadores observam aumentos de pre\u00e7os, queda dos sal\u00e1rios e destrui\u00e7\u00e3o de empregos. Em comunicado, reiterou a press\u00e3o por respostas pol\u00edticas eficazes.<\/p>\n<p>Os sindicatos afirmam que os trabalhadores n\u00e3o aceitam pagar pela guerra no M\u00e9dio Oriente, apontando esse conflito como respons\u00e1vel pelo aumento de pre\u00e7os que compromete a recupera\u00e7\u00e3o salarial.<\/p>\n<p>Manifesta\u00e7\u00e3o prevista para esta sexta-feira pretende mostrar que os trabalhadores v\u00e3o continuar a lutar por melhores condi\u00e7\u00f5es de vida e emprego est\u00e1vel.<\/p>\n<p>Medidas propostas<\/p>\n<p>Lynch refor\u00e7ou que as institui\u00e7\u00f5es europeias devem assegurar sal\u00e1rios que acompanhem o custo de vida e implementar medidas para conter o aumento dos pre\u00e7os da energia.<\/p>\n<p>Foi ainda pedido investimento real em empregos e ind\u00fastrias, bem como impostos mais elevados sobre os lucros extraordin\u00e1rios das grandes empresas energ\u00e9ticas. A energia renov\u00e1vel \u00e9 apresentada como caminho para evitar crises futuras.<\/p>\n","protected":false},"excerpt":{"rendered":"<ul>\n<li>A Confedera\u00e7\u00e3o Europeia de Sindicatos (CES) pediu \u00e0 Uni\u00e3o Europeia que proteja empregos e sal\u00e1rios contra a infla\u00e7\u00e3o, afirmando que outra crise do custo de vida n\u00e3o \u00e9 inevit\u00e1vel.<\/li>\n<li>Esther Lynch, secret\u00e1ria-geral da CES, disse que os trabalhadores t\u00eam raz\u00f5es para estarem nas ruas, com empregos a desaparecer, pre\u00e7os a subir e sal\u00e1rios a atrasarem-se.<\/li>\n<li>Os sindicatos atribuem parte do aumento de pre\u00e7os \u00e0 \u201cguerra de Donald Trump no M\u00e9dio Oriente\u201d, defendendo que isso amea\u00e7a empregos e a recupera\u00e7\u00e3o dos sal\u00e1rios.<\/li>\n<li>As manifesta\u00e7\u00f5es planeadas para esta sexta-feira mostram que os trabalhadores n\u00e3o ficar\u00e3o parados enquanto o seu n\u00edvel de vida piora.<\/li>\n<li>Exigem sal\u00e1rios que acompanhem o custo de vida, medidas para conter pre\u00e7os da energia, impostos sobre os lucros de grandes empresas energ\u00e9ticas e investimento real em empregos e energias renov\u00e1veis.<\/li>\n<\/ul>\n","protected":false},"author":2,"featured_media":463716,"comment_status":"closed","ping_status":"closed","sticky":false,"template":"","format":"standard","meta":{"footnotes":""},"categories":[2,6871],"tags":[8051,8307,8525,8057,8042,8056],"class_list":["post-463713","post","type-post","status-publish","format-standard","has-post-thumbnail","hentry","category-economia","category-sociedade","tag-_energias-renovaveis","tag-_inflacao","tag-_salarios","tag-_sindicatos","tag-_trabalhadores","tag-_uniao-europeia"],"yoast_head":"<!-- This site is optimized with the Yoast SEO plugin v27.2 - https:\/\/yoast.com\/product\/yoast-seo-wordpress\/ -->\n<title>Sindicatos europeus exigem medidas da UE para proteger empregos e sal\u00e1rios - Portal Tela Portugal<\/title>\n<meta name=\"robots\" content=\"index, follow, max-snippet:-1, max-image-preview:large, max-video-preview:-1\" \/>\n<meta property=\"og:locale\" content=\"pt_PT\" \/>\n<meta property=\"og:type\" content=\"article\" \/>\n<meta property=\"og:title\" content=\"Sindicatos europeus exigem medidas da UE para proteger empregos e sal\u00e1rios - Portal Tela Portugal\" \/>\n<meta property=\"og:description\" content=\"A Confedera\u00e7\u00e3o Europeia de Sindicatos (CES) pediu \u00e0 Uni\u00e3o Europeia que proteja empregos e sal\u00e1rios contra a infla\u00e7\u00e3o, afirmando que outra crise do custo de vida n\u00e3o \u00e9 inevit\u00e1vel. Esther Lynch, secret\u00e1ria-geral da CES, disse que os trabalhadores t\u00eam raz\u00f5es para estarem nas ruas, com empregos a desaparecer, pre\u00e7os a subir e sal\u00e1rios a atrasarem-se. Os sindicatos atribuem parte do aumento de pre\u00e7os \u00e0 \u201cguerra de Donald Trump no M\u00e9dio Oriente\u201d, defendendo que isso amea\u00e7a empregos e a recupera\u00e7\u00e3o dos sal\u00e1rios. As manifesta\u00e7\u00f5es planeadas para esta sexta-feira mostram que os trabalhadores n\u00e3o ficar\u00e3o parados enquanto o seu n\u00edvel de vida piora. Exigem sal\u00e1rios que acompanhem o custo de vida, medidas para conter pre\u00e7os da energia, impostos sobre os lucros de grandes empresas energ\u00e9ticas e investimento real em empregos e energias renov\u00e1veis.\" \/>\n<meta property=\"og:url\" content=\"https:\/\/portaltela.pt\/noticias\/2026\/05\/01\/sindicatos-europeus-exigem-medidas-da-ue-para-proteger-empregos-e-salarios\/\" \/>\n<meta property=\"og:site_name\" content=\"Portal Tela Portugal\" \/>\n<meta property=\"article:published_time\" content=\"2026-05-01T11:17:57+00:00\" \/>\n<meta name=\"author\" content=\"Telinha\" \/>\n<meta name=\"twitter:card\" content=\"summary_large_image\" \/>\n<meta name=\"twitter:label1\" content=\"Escrito por\" \/>\n\t<meta name=\"twitter:data1\" content=\"Telinha\" \/>\n\t<meta name=\"twitter:label2\" content=\"Tempo estimado de leitura\" \/>\n\t<meta name=\"twitter:data2\" content=\"1 minuto\" \/>\n<script type=\"application\/ld+json\" class=\"yoast-schema-graph\">{\"@context\":\"https:\/\/schema.org\",\"@graph\":[{\"@type\":\"Article\",\"@id\":\"https:\/\/portaltela.pt\/noticias\/2026\/05\/01\/sindicatos-europeus-exigem-medidas-da-ue-para-proteger-empregos-e-salarios\/#article\",\"isPartOf\":{\"@id\":\"https:\/\/portaltela.pt\/noticias\/2026\/05\/01\/sindicatos-europeus-exigem-medidas-da-ue-para-proteger-empregos-e-salarios\/\"},\"author\":{\"name\":\"Telinha\",\"@id\":\"https:\/\/portaltela.pt\/#\/schema\/person\/c4278d4a6028830caff9ee44b42d32ed\"},\"headline\":\"Sindicatos europeus exigem medidas da UE para proteger empregos e sal\u00e1rios\",\"datePublished\":\"2026-05-01T11:17:57+00:00\",\"mainEntityOfPage\":{\"@id\":\"https:\/\/portaltela.pt\/noticias\/2026\/05\/01\/sindicatos-europeus-exigem-medidas-da-ue-para-proteger-empregos-e-salarios\/\"},\"wordCount\":246,\"image\":{\"@id\":\"https:\/\/portaltela.pt\/noticias\/2026\/05\/01\/sindicatos-europeus-exigem-medidas-da-ue-para-proteger-empregos-e-salarios\/#primaryimage\"},\"thumbnailUrl\":\"https:\/\/portaltela.pt\/s.01k8rhncp4jt1\/2026\/05\/img_1280x721uu2026-02-18-13-21-11-2233243.jpg\",\"keywords\":[\"_energias renov\u00e1veis\",\"_infla\u00e7\u00e3o\",\"_sal\u00e1rios\",\"_sindicatos\",\"_trabalhadores\",\"_Uni\u00e3o Europeia\"],\"articleSection\":[\"Economia\",\"Sociedade\"],\"inLanguage\":\"pt-PT\"},{\"@type\":\"WebPage\",\"@id\":\"https:\/\/portaltela.pt\/noticias\/2026\/05\/01\/sindicatos-europeus-exigem-medidas-da-ue-para-proteger-empregos-e-salarios\/\",\"url\":\"https:\/\/portaltela.pt\/noticias\/2026\/05\/01\/sindicatos-europeus-exigem-medidas-da-ue-para-proteger-empregos-e-salarios\/\",\"name\":\"Sindicatos europeus exigem medidas da UE para proteger empregos e sal\u00e1rios - Portal Tela Portugal\",\"isPartOf\":{\"@id\":\"https:\/\/portaltela.pt\/#website\"},\"primaryImageOfPage\":{\"@id\":\"https:\/\/portaltela.pt\/noticias\/2026\/05\/01\/sindicatos-europeus-exigem-medidas-da-ue-para-proteger-empregos-e-salarios\/#primaryimage\"},\"image\":{\"@id\":\"https:\/\/portaltela.pt\/noticias\/2026\/05\/01\/sindicatos-europeus-exigem-medidas-da-ue-para-proteger-empregos-e-salarios\/#primaryimage\"},\"thumbnailUrl\":\"https:\/\/portaltela.pt\/s.01k8rhncp4jt1\/2026\/05\/img_1280x721uu2026-02-18-13-21-11-2233243.jpg\",\"datePublished\":\"2026-05-01T11:17:57+00:00\",\"author\":{\"@id\":\"https:\/\/portaltela.pt\/#\/schema\/person\/c4278d4a6028830caff9ee44b42d32ed\"},\"breadcrumb\":{\"@id\":\"https:\/\/portaltela.pt\/noticias\/2026\/05\/01\/sindicatos-europeus-exigem-medidas-da-ue-para-proteger-empregos-e-salarios\/#breadcrumb\"},\"inLanguage\":\"pt-PT\",\"potentialAction\":[{\"@type\":\"ReadAction\",\"target\":[\"https:\/\/portaltela.pt\/noticias\/2026\/05\/01\/sindicatos-europeus-exigem-medidas-da-ue-para-proteger-empregos-e-salarios\/\"]}]},{\"@type\":\"ImageObject\",\"inLanguage\":\"pt-PT\",\"@id\":\"https:\/\/portaltela.pt\/noticias\/2026\/05\/01\/sindicatos-europeus-exigem-medidas-da-ue-para-proteger-empregos-e-salarios\/#primaryimage\",\"url\":\"https:\/\/portaltela.pt\/s.01k8rhncp4jt1\/2026\/05\/img_1280x721uu2026-02-18-13-21-11-2233243.jpg\",\"contentUrl\":\"https:\/\/portaltela.pt\/s.01k8rhncp4jt1\/2026\/05\/img_1280x721uu2026-02-18-13-21-11-2233243.jpg\",\"width\":796,\"height\":448,\"caption\":\"Bandeiras da Uni\u00e3o Europeia hasteadas em frente ao edif\u00edcio Berlaymont, em Bruxelas\"},{\"@type\":\"BreadcrumbList\",\"@id\":\"https:\/\/portaltela.pt\/noticias\/2026\/05\/01\/sindicatos-europeus-exigem-medidas-da-ue-para-proteger-empregos-e-salarios\/#breadcrumb\",\"itemListElement\":[{\"@type\":\"ListItem\",\"position\":1,\"name\":\"In\u00edcio\",\"item\":\"https:\/\/portaltela.pt\/\"},{\"@type\":\"ListItem\",\"position\":2,\"name\":\"Sindicatos europeus exigem medidas da UE para proteger empregos e sal\u00e1rios\"}]},{\"@type\":\"WebSite\",\"@id\":\"https:\/\/portaltela.pt\/#website\",\"url\":\"https:\/\/portaltela.pt\/\",\"name\":\"Portal Tela Portugal\",\"description\":\"\",\"potentialAction\":[{\"@type\":\"SearchAction\",\"target\":{\"@type\":\"EntryPoint\",\"urlTemplate\":\"https:\/\/portaltela.pt\/?s={search_term_string}\"},\"query-input\":{\"@type\":\"PropertyValueSpecification\",\"valueRequired\":true,\"valueName\":\"search_term_string\"}}],\"inLanguage\":\"pt-PT\"},{\"@type\":\"Person\",\"@id\":\"https:\/\/portaltela.pt\/#\/schema\/person\/c4278d4a6028830caff9ee44b42d32ed\",\"name\":\"Telinha\",\"image\":{\"@type\":\"ImageObject\",\"inLanguage\":\"pt-PT\",\"@id\":\"https:\/\/portaltela.pt\/s.01k8rhncp4jt1\/2025\/11\/talking-bot-125x125.png\",\"url\":\"https:\/\/portaltela.pt\/s.01k8rhncp4jt1\/2025\/11\/talking-bot-125x125.png\",\"contentUrl\":\"https:\/\/portaltela.pt\/s.01k8rhncp4jt1\/2025\/11\/talking-bot-125x125.png\",\"caption\":\"Telinha\"},\"sameAs\":[\"https:\/\/portaltela.pt\/\"],\"url\":\"https:\/\/portaltela.pt\/por\/367410592786\/\"}]}<\/script>\n<!-- \/ Yoast SEO plugin. -->","yoast_head_json":{"title":"Sindicatos europeus exigem medidas da UE para proteger empregos e sal\u00e1rios - Portal Tela Portugal","robots":{"index":"index","follow":"follow","max-snippet":"max-snippet:-1","max-image-preview":"max-image-preview:large","max-video-preview":"max-video-preview:-1"},"og_locale":"pt_PT","og_type":"article","og_title":"Sindicatos europeus exigem medidas da UE para proteger empregos e sal\u00e1rios - Portal Tela Portugal","og_description":"A Confedera\u00e7\u00e3o Europeia de Sindicatos (CES) pediu \u00e0 Uni\u00e3o Europeia que proteja empregos e sal\u00e1rios contra a infla\u00e7\u00e3o, afirmando que outra crise do custo de vida n\u00e3o \u00e9 inevit\u00e1vel. Esther Lynch, secret\u00e1ria-geral da CES, disse que os trabalhadores t\u00eam raz\u00f5es para estarem nas ruas, com empregos a desaparecer, pre\u00e7os a subir e sal\u00e1rios a atrasarem-se. Os sindicatos atribuem parte do aumento de pre\u00e7os \u00e0 \u201cguerra de Donald Trump no M\u00e9dio Oriente\u201d, defendendo que isso amea\u00e7a empregos e a recupera\u00e7\u00e3o dos sal\u00e1rios. As manifesta\u00e7\u00f5es planeadas para esta sexta-feira mostram que os trabalhadores n\u00e3o ficar\u00e3o parados enquanto o seu n\u00edvel de vida piora. Exigem sal\u00e1rios que acompanhem o custo de vida, medidas para conter pre\u00e7os da energia, impostos sobre os lucros de grandes empresas energ\u00e9ticas e investimento real em empregos e energias renov\u00e1veis.","og_url":"https:\/\/portaltela.pt\/noticias\/2026\/05\/01\/sindicatos-europeus-exigem-medidas-da-ue-para-proteger-empregos-e-salarios\/","og_site_name":"Portal Tela Portugal","article_published_time":"2026-05-01T11:17:57+00:00","author":"Telinha","twitter_card":"summary_large_image","twitter_misc":{"Escrito por":"Telinha","Tempo estimado de leitura":"1 minuto"},"schema":{"@context":"https:\/\/schema.org","@graph":[{"@type":"Article","@id":"https:\/\/portaltela.pt\/noticias\/2026\/05\/01\/sindicatos-europeus-exigem-medidas-da-ue-para-proteger-empregos-e-salarios\/#article","isPartOf":{"@id":"https:\/\/portaltela.pt\/noticias\/2026\/05\/01\/sindicatos-europeus-exigem-medidas-da-ue-para-proteger-empregos-e-salarios\/"},"author":{"name":"Telinha","@id":"https:\/\/portaltela.pt\/#\/schema\/person\/c4278d4a6028830caff9ee44b42d32ed"},"headline":"Sindicatos europeus exigem medidas da UE para proteger empregos e sal\u00e1rios","datePublished":"2026-05-01T11:17:57+00:00","mainEntityOfPage":{"@id":"https:\/\/portaltela.pt\/noticias\/2026\/05\/01\/sindicatos-europeus-exigem-medidas-da-ue-para-proteger-empregos-e-salarios\/"},"wordCount":246,"image":{"@id":"https:\/\/portaltela.pt\/noticias\/2026\/05\/01\/sindicatos-europeus-exigem-medidas-da-ue-para-proteger-empregos-e-salarios\/#primaryimage"},"thumbnailUrl":"https:\/\/portaltela.pt\/s.01k8rhncp4jt1\/2026\/05\/img_1280x721uu2026-02-18-13-21-11-2233243.jpg","keywords":["_energias renov\u00e1veis","_infla\u00e7\u00e3o","_sal\u00e1rios","_sindicatos","_trabalhadores","_Uni\u00e3o Europeia"],"articleSection":["Economia","Sociedade"],"inLanguage":"pt-PT"},{"@type":"WebPage","@id":"https:\/\/portaltela.pt\/noticias\/2026\/05\/01\/sindicatos-europeus-exigem-medidas-da-ue-para-proteger-empregos-e-salarios\/","url":"https:\/\/portaltela.pt\/noticias\/2026\/05\/01\/sindicatos-europeus-exigem-medidas-da-ue-para-proteger-empregos-e-salarios\/","name":"Sindicatos europeus exigem medidas da UE para proteger empregos e sal\u00e1rios - Portal Tela Portugal","isPartOf":{"@id":"https:\/\/portaltela.pt\/#website"},"primaryImageOfPage":{"@id":"https:\/\/portaltela.pt\/noticias\/2026\/05\/01\/sindicatos-europeus-exigem-medidas-da-ue-para-proteger-empregos-e-salarios\/#primaryimage"},"image":{"@id":"https:\/\/portaltela.pt\/noticias\/2026\/05\/01\/sindicatos-europeus-exigem-medidas-da-ue-para-proteger-empregos-e-salarios\/#primaryimage"},"thumbnailUrl":"https:\/\/portaltela.pt\/s.01k8rhncp4jt1\/2026\/05\/img_1280x721uu2026-02-18-13-21-11-2233243.jpg","datePublished":"2026-05-01T11:17:57+00:00","author":{"@id":"https:\/\/portaltela.pt\/#\/schema\/person\/c4278d4a6028830caff9ee44b42d32ed"},"breadcrumb":{"@id":"https:\/\/portaltela.pt\/noticias\/2026\/05\/01\/sindicatos-europeus-exigem-medidas-da-ue-para-proteger-empregos-e-salarios\/#breadcrumb"},"inLanguage":"pt-PT","potentialAction":[{"@type":"ReadAction","target":["https:\/\/portaltela.pt\/noticias\/2026\/05\/01\/sindicatos-europeus-exigem-medidas-da-ue-para-proteger-empregos-e-salarios\/"]}]},{"@type":"ImageObject","inLanguage":"pt-PT","@id":"https:\/\/portaltela.pt\/noticias\/2026\/05\/01\/sindicatos-europeus-exigem-medidas-da-ue-para-proteger-empregos-e-salarios\/#primaryimage","url":"https:\/\/portaltela.pt\/s.01k8rhncp4jt1\/2026\/05\/img_1280x721uu2026-02-18-13-21-11-2233243.jpg","contentUrl":"https:\/\/portaltela.pt\/s.01k8rhncp4jt1\/2026\/05\/img_1280x721uu2026-02-18-13-21-11-2233243.jpg","width":796,"height":448,"caption":"Bandeiras da Uni\u00e3o Europeia hasteadas em frente ao edif\u00edcio Berlaymont, em Bruxelas"},{"@type":"BreadcrumbList","@id":"https:\/\/portaltela.pt\/noticias\/2026\/05\/01\/sindicatos-europeus-exigem-medidas-da-ue-para-proteger-empregos-e-salarios\/#breadcrumb","itemListElement":[{"@type":"ListItem","position":1,"name":"In\u00edcio","item":"https:\/\/portaltela.pt\/"},{"@type":"ListItem","position":2,"name":"Sindicatos europeus exigem medidas da UE para proteger empregos e sal\u00e1rios"}]},{"@type":"WebSite","@id":"https:\/\/portaltela.pt\/#website","url":"https:\/\/portaltela.pt\/","name":"Portal Tela Portugal","description":"","potentialAction":[{"@type":"SearchAction","target":{"@type":"EntryPoint","urlTemplate":"https:\/\/portaltela.pt\/?s={search_term_string}"},"query-input":{"@type":"PropertyValueSpecification","valueRequired":true,"valueName":"search_term_string"}}],"inLanguage":"pt-PT"},{"@type":"Person","@id":"https:\/\/portaltela.pt\/#\/schema\/person\/c4278d4a6028830caff9ee44b42d32ed","name":"Telinha","image":{"@type":"ImageObject","inLanguage":"pt-PT","@id":"https:\/\/portaltela.pt\/s.01k8rhncp4jt1\/2025\/11\/talking-bot-125x125.png","url":"https:\/\/portaltela.pt\/s.01k8rhncp4jt1\/2025\/11\/talking-bot-125x125.png","contentUrl":"https:\/\/portaltela.pt\/s.01k8rhncp4jt1\/2025\/11\/talking-bot-125x125.png","caption":"Telinha"},"sameAs":["https:\/\/portaltela.pt\/"],"url":"https:\/\/portaltela.pt\/por\/367410592786\/"}]}},"_links":{"self":[{"href":"https:\/\/portaltela.pt\/api\/wp\/v2\/posts\/463713","targetHints":{"allow":["GET"]}}],"collection":[{"href":"https:\/\/portaltela.pt\/api\/wp\/v2\/posts"}],"about":[{"href":"https:\/\/portaltela.pt\/api\/wp\/v2\/types\/post"}],"author":[{"embeddable":true,"href":"https:\/\/portaltela.pt\/api\/wp\/v2\/users\/2"}],"replies":[{"embeddable":true,"href":"https:\/\/portaltela.pt\/api\/wp\/v2\/comments?post=463713"}],"version-history":[{"count":0,"href":"https:\/\/portaltela.pt\/api\/wp\/v2\/posts\/463713\/revisions"}],"wp:featuredmedia":[{"embeddable":true,"href":"https:\/\/portaltela.pt\/api\/wp\/v2\/media\/463716"}],"wp:attachment":[{"href":"https:\/\/portaltela.pt\/api\/wp\/v2\/media?parent=463713"}],"wp:term":[{"taxonomy":"category","embeddable":true,"href":"https:\/\/portaltela.pt\/api\/wp\/v2\/categories?post=463713"},{"taxonomy":"post_tag","embeddable":true,"href":"https:\/\/portaltela.pt\/api\/wp\/v2\/tags?post=463713"}],"curies":[{"name":"wp","href":"https:\/\/api.w.org\/{rel}","templated":true}]}}