{"id":463703,"date":"2026-05-01T08:03:14","date_gmt":"2026-05-01T11:03:14","guid":{"rendered":"https:\/\/portaltela.pt\/noticias\/2026\/05\/01\/varandas-comenta-o-timing-da-renovacao-remontada-e-convites-da-premier-league\/"},"modified":"2026-05-01T08:03:14","modified_gmt":"2026-05-01T11:03:14","slug":"varandas-comenta-o-timing-da-renovacao-remontada-e-convites-da-premier-league","status":"publish","type":"post","link":"https:\/\/portaltela.pt\/desporto\/futebol\/2026\/05\/01\/varandas-comenta-o-timing-da-renovacao-remontada-e-convites-da-premier-league\/","title":{"rendered":"Varandas comenta o timing da renova\u00e7\u00e3o, remontada e convites da Premier League"},"content":{"rendered":"<p>O presidente do Sporting, Frederico Varandas, explicou nesta sexta-feira o timing da renova\u00e7\u00e3o de Rui Borges e refletiu sobre o momento do clube. O t\u00e9cnico tem contrato renovado por mais uma \u00e9poca, numa altura em que o clube encara decis\u00f5es futuras. Varandas afirmou manter o foco no processo de trabalho como crit\u00e9rio para o futuro.<\/p>\n<p>O dirigente afirmou que a renova\u00e7\u00e3o n\u00e3o \u00e9 influenciada por resultados pontuais, destacando que Rui Borges chega aos 16 meses de liga\u00e7\u00e3o ao Sporting. Questionado sobre a l\u00f3gica da decis\u00e3o, comentou que a estabilidade e o plano de m\u00e9dio prazo pesaram mais que um \u00fanico t\u00edtulo.<\/p>\n<p>Varandas explicou ainda que, ao longo do tempo, houve cr\u00edticas sobre o desempenho recente e abordou a press\u00e3o dos adeptos. Garantiu que o objetivo \u00e9 manter a equipa na luta pelos trof\u00e9us, sem prometer despedimentos ou altera\u00e7\u00f5es bruscas no plantel.<\/p>\n<h3>Les\u00f5es e contexto desportivo<\/h3>\n<p>O presidente ofereceu dados sobre o departamento m\u00e9dico, sublinhando que o Sporting integra um grupo de elite h\u00e1 anos. Referiu que, em m\u00e9dia, cada jogador regista entre duas les\u00f5es por temporada, e que esse quadro \u00e9 sempre alvo de an\u00e1lise cient\u00edfica.<\/p>\n<p>O respons\u00e1vel revelou que tr\u00eas profissionais do setor foram convidados por clubes do top-5 da Premier League, incluindo o m\u00e9dico-chefe, o fisioterapeuta e o coordenador da unidade de performance. Estas informa\u00e7\u00f5es ressaltam a visibilidade internacional associada aos recursos do clube.<\/p>\n<h3>Cr\u00edticas e responsabilidade<\/h3>\n<p>Questionado sobre cr\u00edticas de antigos nomes da estrutura, Varandas afirmou conhecer bem a perce\u00e7\u00e3o dos adeptos, mas deixou claro que as decis\u00f5es s\u00e3o tomadas com base no interesse do Sporting, n\u00e3o pela opini\u00e3o de pares. Real\u00e7ou que a renova\u00e7\u00e3o visa manter o clube competitivo.<\/p>\n<p>Sobre o desempenho europeu, o l\u00edder transversalmente percebe que houve uma remontada dif\u00edcil no presente ciclo. Afirmou que o calend\u00e1rio e a qualidade do advers\u00e1rio condicionaram os resultados, mas que o clube continua comprometido com objetivos de t\u00edtulo e com o retorno \u00e0 fase decisiva.<\/p>\n","protected":false},"excerpt":{"rendered":"<ul>\n<li>Varandas explicou o timing da renova\u00e7\u00e3o de Rui Borges, mantendo o contrato por mais um ano.<\/li>\n<li>Disse que o Sporting poderia ter conquistado o tricampeonato se n\u00e3o tivesse eliminado pelo Bodo\/Glimt nas meias da Liga dos Campe\u00f5es.<\/li>\n<li>Revelou que tr\u00eas elementos do departamento m\u00e9dico receberam convites de clubes do top\u20115 da Premier League.<\/li>\n<li>Enfatizou que o foco \u00e9 o processo de trabalho e a estabilidade futura, independentemente de t\u00edtulos recentes.<\/li>\n<li>Reiterou a confian\u00e7a no treinador, assegurando que n\u00e3o vai despedir e que n\u00e3o comenta cr\u00edticas de adeptos.<\/li>\n<\/ul>\n","protected":false},"author":2,"featured_media":463706,"comment_status":"closed","ping_status":"closed","sticky":false,"template":"","format":"standard","meta":{"footnotes":""},"categories":[21,24],"tags":[152,2681,32,2538,7211,1652],"class_list":["post-463703","post","type-post","status-publish","format-standard","has-post-thumbnail","hentry","category-desporto","category-futebol","tag-desporto","tag-desporto-internacional","tag-futebol","tag-lesoes","tag-medicina","tag-sporting"],"yoast_head":"<!-- This site is optimized with the Yoast SEO plugin v27.2 - https:\/\/yoast.com\/product\/yoast-seo-wordpress\/ -->\n<title>Varandas comenta o timing da renova\u00e7\u00e3o, remontada e convites da Premier League - Portal Tela Portugal<\/title>\n<meta name=\"robots\" content=\"index, follow, max-snippet:-1, max-image-preview:large, max-video-preview:-1\" \/>\n<meta property=\"og:locale\" content=\"pt_PT\" \/>\n<meta property=\"og:type\" content=\"article\" \/>\n<meta property=\"og:title\" content=\"Varandas comenta o timing da renova\u00e7\u00e3o, remontada e convites da Premier League - Portal Tela Portugal\" \/>\n<meta property=\"og:description\" content=\"Varandas explicou o timing da renova\u00e7\u00e3o de Rui Borges, mantendo o contrato por mais um ano. Disse que o Sporting poderia ter conquistado o tricampeonato se n\u00e3o tivesse eliminado pelo Bodo\/Glimt nas meias da Liga dos Campe\u00f5es. Revelou que tr\u00eas elementos do departamento m\u00e9dico receberam convites de clubes do top\u20115 da Premier League. Enfatizou que o foco \u00e9 o processo de trabalho e a estabilidade futura, independentemente de t\u00edtulos recentes. Reiterou a confian\u00e7a no treinador, assegurando que n\u00e3o vai despedir e que n\u00e3o comenta cr\u00edticas de adeptos.\" \/>\n<meta property=\"og:url\" content=\"https:\/\/portaltela.pt\/noticias\/2026\/05\/01\/varandas-comenta-o-timing-da-renovacao-remontada-e-convites-da-premier-league\/\" \/>\n<meta property=\"og:site_name\" content=\"Portal Tela Portugal\" \/>\n<meta property=\"article:published_time\" content=\"2026-05-01T11:03:14+00:00\" \/>\n<meta name=\"author\" content=\"Telinha\" \/>\n<meta name=\"twitter:card\" content=\"summary_large_image\" \/>\n<meta name=\"twitter:label1\" content=\"Escrito por\" \/>\n\t<meta name=\"twitter:data1\" content=\"Telinha\" \/>\n\t<meta name=\"twitter:label2\" content=\"Tempo estimado de leitura\" \/>\n\t<meta name=\"twitter:data2\" content=\"2 minutos\" \/>\n<script type=\"application\/ld+json\" class=\"yoast-schema-graph\">{\"@context\":\"https:\/\/schema.org\",\"@graph\":[{\"@type\":\"Article\",\"@id\":\"https:\/\/portaltela.pt\/noticias\/2026\/05\/01\/varandas-comenta-o-timing-da-renovacao-remontada-e-convites-da-premier-league\/#article\",\"isPartOf\":{\"@id\":\"https:\/\/portaltela.pt\/noticias\/2026\/05\/01\/varandas-comenta-o-timing-da-renovacao-remontada-e-convites-da-premier-league\/\"},\"author\":{\"name\":\"Telinha\",\"@id\":\"https:\/\/portaltela.pt\/#\/schema\/person\/c4278d4a6028830caff9ee44b42d32ed\"},\"headline\":\"Varandas comenta o timing da renova\u00e7\u00e3o, remontada e convites da Premier League\",\"datePublished\":\"2026-05-01T11:03:14+00:00\",\"mainEntityOfPage\":{\"@id\":\"https:\/\/portaltela.pt\/noticias\/2026\/05\/01\/varandas-comenta-o-timing-da-renovacao-remontada-e-convites-da-premier-league\/\"},\"wordCount\":365,\"image\":{\"@id\":\"https:\/\/portaltela.pt\/noticias\/2026\/05\/01\/varandas-comenta-o-timing-da-renovacao-remontada-e-convites-da-premier-league\/#primaryimage\"},\"thumbnailUrl\":\"https:\/\/portaltela.pt\/s.01k8rhncp4jt1\/2026\/05\/img_920x518uu2026-05-01-11-24-00-2436235.jpg\",\"keywords\":[\"desporto\",\"desporto internacional\",\"futebol\",\"les\u00f5es\",\"medicina\",\"Sporting\"],\"articleSection\":[\"Desporto\",\"Futebol\"],\"inLanguage\":\"pt-PT\"},{\"@type\":\"WebPage\",\"@id\":\"https:\/\/portaltela.pt\/noticias\/2026\/05\/01\/varandas-comenta-o-timing-da-renovacao-remontada-e-convites-da-premier-league\/\",\"url\":\"https:\/\/portaltela.pt\/noticias\/2026\/05\/01\/varandas-comenta-o-timing-da-renovacao-remontada-e-convites-da-premier-league\/\",\"name\":\"Varandas comenta o timing da renova\u00e7\u00e3o, remontada e convites da Premier League - Portal Tela Portugal\",\"isPartOf\":{\"@id\":\"https:\/\/portaltela.pt\/#website\"},\"primaryImageOfPage\":{\"@id\":\"https:\/\/portaltela.pt\/noticias\/2026\/05\/01\/varandas-comenta-o-timing-da-renovacao-remontada-e-convites-da-premier-league\/#primaryimage\"},\"image\":{\"@id\":\"https:\/\/portaltela.pt\/noticias\/2026\/05\/01\/varandas-comenta-o-timing-da-renovacao-remontada-e-convites-da-premier-league\/#primaryimage\"},\"thumbnailUrl\":\"https:\/\/portaltela.pt\/s.01k8rhncp4jt1\/2026\/05\/img_920x518uu2026-05-01-11-24-00-2436235.jpg\",\"datePublished\":\"2026-05-01T11:03:14+00:00\",\"author\":{\"@id\":\"https:\/\/portaltela.pt\/#\/schema\/person\/c4278d4a6028830caff9ee44b42d32ed\"},\"breadcrumb\":{\"@id\":\"https:\/\/portaltela.pt\/noticias\/2026\/05\/01\/varandas-comenta-o-timing-da-renovacao-remontada-e-convites-da-premier-league\/#breadcrumb\"},\"inLanguage\":\"pt-PT\",\"potentialAction\":[{\"@type\":\"ReadAction\",\"target\":[\"https:\/\/portaltela.pt\/noticias\/2026\/05\/01\/varandas-comenta-o-timing-da-renovacao-remontada-e-convites-da-premier-league\/\"]}]},{\"@type\":\"ImageObject\",\"inLanguage\":\"pt-PT\",\"@id\":\"https:\/\/portaltela.pt\/noticias\/2026\/05\/01\/varandas-comenta-o-timing-da-renovacao-remontada-e-convites-da-premier-league\/#primaryimage\",\"url\":\"https:\/\/portaltela.pt\/s.01k8rhncp4jt1\/2026\/05\/img_920x518uu2026-05-01-11-24-00-2436235.jpg\",\"contentUrl\":\"https:\/\/portaltela.pt\/s.01k8rhncp4jt1\/2026\/05\/img_920x518uu2026-05-01-11-24-00-2436235.jpg\",\"width\":796,\"height\":448,\"caption\":\"Frederico Varandas durante a cerim\u00f3nia de renova\u00e7\u00e3o de Rui Borges\"},{\"@type\":\"BreadcrumbList\",\"@id\":\"https:\/\/portaltela.pt\/noticias\/2026\/05\/01\/varandas-comenta-o-timing-da-renovacao-remontada-e-convites-da-premier-league\/#breadcrumb\",\"itemListElement\":[{\"@type\":\"ListItem\",\"position\":1,\"name\":\"In\u00edcio\",\"item\":\"https:\/\/portaltela.pt\/\"},{\"@type\":\"ListItem\",\"position\":2,\"name\":\"Varandas comenta o timing da renova\u00e7\u00e3o, remontada e convites da Premier League\"}]},{\"@type\":\"WebSite\",\"@id\":\"https:\/\/portaltela.pt\/#website\",\"url\":\"https:\/\/portaltela.pt\/\",\"name\":\"Portal Tela Portugal\",\"description\":\"\",\"potentialAction\":[{\"@type\":\"SearchAction\",\"target\":{\"@type\":\"EntryPoint\",\"urlTemplate\":\"https:\/\/portaltela.pt\/?s={search_term_string}\"},\"query-input\":{\"@type\":\"PropertyValueSpecification\",\"valueRequired\":true,\"valueName\":\"search_term_string\"}}],\"inLanguage\":\"pt-PT\"},{\"@type\":\"Person\",\"@id\":\"https:\/\/portaltela.pt\/#\/schema\/person\/c4278d4a6028830caff9ee44b42d32ed\",\"name\":\"Telinha\",\"image\":{\"@type\":\"ImageObject\",\"inLanguage\":\"pt-PT\",\"@id\":\"https:\/\/portaltela.pt\/s.01k8rhncp4jt1\/2025\/11\/talking-bot-125x125.png\",\"url\":\"https:\/\/portaltela.pt\/s.01k8rhncp4jt1\/2025\/11\/talking-bot-125x125.png\",\"contentUrl\":\"https:\/\/portaltela.pt\/s.01k8rhncp4jt1\/2025\/11\/talking-bot-125x125.png\",\"caption\":\"Telinha\"},\"sameAs\":[\"https:\/\/portaltela.pt\/\"],\"url\":\"https:\/\/portaltela.pt\/por\/367410592786\/\"}]}<\/script>\n<!-- \/ Yoast SEO plugin. -->","yoast_head_json":{"title":"Varandas comenta o timing da renova\u00e7\u00e3o, remontada e convites da Premier League - Portal Tela Portugal","robots":{"index":"index","follow":"follow","max-snippet":"max-snippet:-1","max-image-preview":"max-image-preview:large","max-video-preview":"max-video-preview:-1"},"og_locale":"pt_PT","og_type":"article","og_title":"Varandas comenta o timing da renova\u00e7\u00e3o, remontada e convites da Premier League - Portal Tela Portugal","og_description":"Varandas explicou o timing da renova\u00e7\u00e3o de Rui Borges, mantendo o contrato por mais um ano. Disse que o Sporting poderia ter conquistado o tricampeonato se n\u00e3o tivesse eliminado pelo Bodo\/Glimt nas meias da Liga dos Campe\u00f5es. Revelou que tr\u00eas elementos do departamento m\u00e9dico receberam convites de clubes do top\u20115 da Premier League. Enfatizou que o foco \u00e9 o processo de trabalho e a estabilidade futura, independentemente de t\u00edtulos recentes. Reiterou a confian\u00e7a no treinador, assegurando que n\u00e3o vai despedir e que n\u00e3o comenta cr\u00edticas de adeptos.","og_url":"https:\/\/portaltela.pt\/noticias\/2026\/05\/01\/varandas-comenta-o-timing-da-renovacao-remontada-e-convites-da-premier-league\/","og_site_name":"Portal Tela Portugal","article_published_time":"2026-05-01T11:03:14+00:00","author":"Telinha","twitter_card":"summary_large_image","twitter_misc":{"Escrito por":"Telinha","Tempo estimado de leitura":"2 minutos"},"schema":{"@context":"https:\/\/schema.org","@graph":[{"@type":"Article","@id":"https:\/\/portaltela.pt\/noticias\/2026\/05\/01\/varandas-comenta-o-timing-da-renovacao-remontada-e-convites-da-premier-league\/#article","isPartOf":{"@id":"https:\/\/portaltela.pt\/noticias\/2026\/05\/01\/varandas-comenta-o-timing-da-renovacao-remontada-e-convites-da-premier-league\/"},"author":{"name":"Telinha","@id":"https:\/\/portaltela.pt\/#\/schema\/person\/c4278d4a6028830caff9ee44b42d32ed"},"headline":"Varandas comenta o timing da renova\u00e7\u00e3o, remontada e convites da Premier League","datePublished":"2026-05-01T11:03:14+00:00","mainEntityOfPage":{"@id":"https:\/\/portaltela.pt\/noticias\/2026\/05\/01\/varandas-comenta-o-timing-da-renovacao-remontada-e-convites-da-premier-league\/"},"wordCount":365,"image":{"@id":"https:\/\/portaltela.pt\/noticias\/2026\/05\/01\/varandas-comenta-o-timing-da-renovacao-remontada-e-convites-da-premier-league\/#primaryimage"},"thumbnailUrl":"https:\/\/portaltela.pt\/s.01k8rhncp4jt1\/2026\/05\/img_920x518uu2026-05-01-11-24-00-2436235.jpg","keywords":["desporto","desporto internacional","futebol","les\u00f5es","medicina","Sporting"],"articleSection":["Desporto","Futebol"],"inLanguage":"pt-PT"},{"@type":"WebPage","@id":"https:\/\/portaltela.pt\/noticias\/2026\/05\/01\/varandas-comenta-o-timing-da-renovacao-remontada-e-convites-da-premier-league\/","url":"https:\/\/portaltela.pt\/noticias\/2026\/05\/01\/varandas-comenta-o-timing-da-renovacao-remontada-e-convites-da-premier-league\/","name":"Varandas comenta o timing da renova\u00e7\u00e3o, remontada e convites da Premier League - Portal Tela Portugal","isPartOf":{"@id":"https:\/\/portaltela.pt\/#website"},"primaryImageOfPage":{"@id":"https:\/\/portaltela.pt\/noticias\/2026\/05\/01\/varandas-comenta-o-timing-da-renovacao-remontada-e-convites-da-premier-league\/#primaryimage"},"image":{"@id":"https:\/\/portaltela.pt\/noticias\/2026\/05\/01\/varandas-comenta-o-timing-da-renovacao-remontada-e-convites-da-premier-league\/#primaryimage"},"thumbnailUrl":"https:\/\/portaltela.pt\/s.01k8rhncp4jt1\/2026\/05\/img_920x518uu2026-05-01-11-24-00-2436235.jpg","datePublished":"2026-05-01T11:03:14+00:00","author":{"@id":"https:\/\/portaltela.pt\/#\/schema\/person\/c4278d4a6028830caff9ee44b42d32ed"},"breadcrumb":{"@id":"https:\/\/portaltela.pt\/noticias\/2026\/05\/01\/varandas-comenta-o-timing-da-renovacao-remontada-e-convites-da-premier-league\/#breadcrumb"},"inLanguage":"pt-PT","potentialAction":[{"@type":"ReadAction","target":["https:\/\/portaltela.pt\/noticias\/2026\/05\/01\/varandas-comenta-o-timing-da-renovacao-remontada-e-convites-da-premier-league\/"]}]},{"@type":"ImageObject","inLanguage":"pt-PT","@id":"https:\/\/portaltela.pt\/noticias\/2026\/05\/01\/varandas-comenta-o-timing-da-renovacao-remontada-e-convites-da-premier-league\/#primaryimage","url":"https:\/\/portaltela.pt\/s.01k8rhncp4jt1\/2026\/05\/img_920x518uu2026-05-01-11-24-00-2436235.jpg","contentUrl":"https:\/\/portaltela.pt\/s.01k8rhncp4jt1\/2026\/05\/img_920x518uu2026-05-01-11-24-00-2436235.jpg","width":796,"height":448,"caption":"Frederico Varandas durante a cerim\u00f3nia de renova\u00e7\u00e3o de Rui Borges"},{"@type":"BreadcrumbList","@id":"https:\/\/portaltela.pt\/noticias\/2026\/05\/01\/varandas-comenta-o-timing-da-renovacao-remontada-e-convites-da-premier-league\/#breadcrumb","itemListElement":[{"@type":"ListItem","position":1,"name":"In\u00edcio","item":"https:\/\/portaltela.pt\/"},{"@type":"ListItem","position":2,"name":"Varandas comenta o timing da renova\u00e7\u00e3o, remontada e convites da Premier League"}]},{"@type":"WebSite","@id":"https:\/\/portaltela.pt\/#website","url":"https:\/\/portaltela.pt\/","name":"Portal Tela Portugal","description":"","potentialAction":[{"@type":"SearchAction","target":{"@type":"EntryPoint","urlTemplate":"https:\/\/portaltela.pt\/?s={search_term_string}"},"query-input":{"@type":"PropertyValueSpecification","valueRequired":true,"valueName":"search_term_string"}}],"inLanguage":"pt-PT"},{"@type":"Person","@id":"https:\/\/portaltela.pt\/#\/schema\/person\/c4278d4a6028830caff9ee44b42d32ed","name":"Telinha","image":{"@type":"ImageObject","inLanguage":"pt-PT","@id":"https:\/\/portaltela.pt\/s.01k8rhncp4jt1\/2025\/11\/talking-bot-125x125.png","url":"https:\/\/portaltela.pt\/s.01k8rhncp4jt1\/2025\/11\/talking-bot-125x125.png","contentUrl":"https:\/\/portaltela.pt\/s.01k8rhncp4jt1\/2025\/11\/talking-bot-125x125.png","caption":"Telinha"},"sameAs":["https:\/\/portaltela.pt\/"],"url":"https:\/\/portaltela.pt\/por\/367410592786\/"}]}},"_links":{"self":[{"href":"https:\/\/portaltela.pt\/api\/wp\/v2\/posts\/463703","targetHints":{"allow":["GET"]}}],"collection":[{"href":"https:\/\/portaltela.pt\/api\/wp\/v2\/posts"}],"about":[{"href":"https:\/\/portaltela.pt\/api\/wp\/v2\/types\/post"}],"author":[{"embeddable":true,"href":"https:\/\/portaltela.pt\/api\/wp\/v2\/users\/2"}],"replies":[{"embeddable":true,"href":"https:\/\/portaltela.pt\/api\/wp\/v2\/comments?post=463703"}],"version-history":[{"count":0,"href":"https:\/\/portaltela.pt\/api\/wp\/v2\/posts\/463703\/revisions"}],"wp:featuredmedia":[{"embeddable":true,"href":"https:\/\/portaltela.pt\/api\/wp\/v2\/media\/463706"}],"wp:attachment":[{"href":"https:\/\/portaltela.pt\/api\/wp\/v2\/media?parent=463703"}],"wp:term":[{"taxonomy":"category","embeddable":true,"href":"https:\/\/portaltela.pt\/api\/wp\/v2\/categories?post=463703"},{"taxonomy":"post_tag","embeddable":true,"href":"https:\/\/portaltela.pt\/api\/wp\/v2\/tags?post=463703"}],"curies":[{"name":"wp","href":"https:\/\/api.w.org\/{rel}","templated":true}]}}