{"id":463700,"date":"2026-05-01T08:03:10","date_gmt":"2026-05-01T11:03:10","guid":{"rendered":"https:\/\/portaltela.pt\/noticias\/2026\/05\/01\/construcoes-ilegais-junto-ao-paiol-da-nato-levam-governo-a-questionar-pgr\/"},"modified":"2026-05-01T08:03:10","modified_gmt":"2026-05-01T11:03:10","slug":"construcoes-ilegais-junto-ao-paiol-da-nato-levam-governo-a-questionar-pgr","status":"publish","type":"post","link":"https:\/\/portaltela.pt\/noticias\/2026\/05\/01\/construcoes-ilegais-junto-ao-paiol-da-nato-levam-governo-a-questionar-pgr\/","title":{"rendered":"Constru\u00e7\u00f5es ilegais junto ao paiol da NATO levam Governo a questionar PGR"},"content":{"rendered":"<p>O Governo questiona a Procuradoria-Geral da Rep\u00fablica sobre como agir em rela\u00e7\u00e3o a constru\u00e7\u00f5es ilegais junto ao paiol da NATO, situado na zona de servid\u00e3o militar nos concelhos de Sesimbra e Seixal. As obras existem h\u00e1 v\u00e1rias d\u00e9cadas e a Marinha apenas emite autos de not\u00edcia com despacho de embargo, n\u00e3o tem poder de demoli\u00e7\u00e3o.<\/p>\n<p>O Minist\u00e9rio da Defesa enviou uma carta \u00e0 PGR, em 2 de abril, para saber como articular compet\u00eancias entre a autoridade militar, as c\u00e2maras municipais e as entidades competentes na fiscaliza\u00e7\u00e3o e reposi\u00e7\u00e3o da legalidade no local. O documento tamb\u00e9m pondera procedimentos administrativos para demoli\u00e7\u00e3o e realojamento.<\/p>\n<p>Dado o enquadramento sens\u00edvel do local, o Governo considera a possibilidade de expropria\u00e7\u00e3o de terrenos e questiona a viabilidade de declarar utilidade p\u00fablica para criar uma zona de prote\u00e7\u00e3o efectiva na \u00e1rea. As \u00e1reas de servid\u00e3o militar restringem uso do solo e constru\u00e7\u00e3o para assegurar a seguran\u00e7a.<\/p>\n<p>O paiol em quest\u00e3o situa-se numa \u00e1rea com interse\u00e7\u00e3o de zonas protegidas, incluindo Rede Natura 2000, Reserva Ecol\u00f3gica Nacional e Zona Especial de Conserva\u00e7\u00e3o Fern\u00e3o Ferro\/Lagoa de Albufeira. O Plano Diretor Municipal de Seixal classifica a \u00e1rea como servid\u00e3o administrativa e de restri\u00e7\u00e3o de utilidade p\u00fablica.<\/p>\n<p>A situa\u00e7\u00e3o envolve ainda a determina\u00e7\u00e3o de responsabilidades entre entidades p\u00fablicas, bem como a defini\u00e7\u00e3o de medidas para reposi\u00e7\u00e3o da legalidade, sem que haja, at\u00e9 ao momento, uma solu\u00e7\u00e3o concreta anunciada.<\/p>\n","protected":false},"excerpt":{"rendered":"<ul>\n<li>Constru\u00e7\u00f5es ilegais junto ao paiol da NATO, na zona de servid\u00e3o militar que envolve Sesimbra e Seixal, foram alvo de questionamento do Governo \u00e0 Procuradoria-Geral da Rep\u00fablica quanto a como atuar.<\/li>\n<li>O Minist\u00e9rio da Defesa afirma que as edifica\u00e7\u00f5es surgiram nos \u00faltimos cinquenta anos e que a Marinha apenas emite autos de not\u00edcia e de consequente embargo ou demoli\u00e7\u00e3o, sem compet\u00eancias para reposi\u00e7\u00e3o da legalidade urban\u00edstica.<\/li>\n<li>Em carta de dois de abril, o Governo pergunta como devem articular-se as compet\u00eancias da autoridade militar, das c\u00e2maras municipais e das autoridades competentes para fiscalizar e executar medidas de reposi\u00e7\u00e3o da legalidade, incluindo demoli\u00e7\u00f5es e realojamento.<\/li>\n<li>O Governo n\u00e3o exclui a expropria\u00e7\u00e3o dos terrenos e questiona a PGR sobre a possibilidade de declarar utilidade p\u00fablica para criar uma zona efetiva de prote\u00e7\u00e3o.<\/li>\n<li>A \u00e1rea de servid\u00e3o militar no local encontra restri\u00e7\u00f5es de uso e de constru\u00e7\u00e3o, e parte da zona est\u00e1 integrada na Rede Natura 2000, na Reserva Ecol\u00f3gica Nacional e numa Zona Especial de Conserva\u00e7\u00e3o.<\/li>\n<\/ul>\n","protected":false},"author":2,"featured_media":463704,"comment_status":"closed","ping_status":"closed","sticky":false,"template":"","format":"standard","meta":{"footnotes":""},"categories":[6815,1],"tags":[8286,8044,9717,9954,10104,10103],"class_list":["post-463700","post","type-post","status-publish","format-standard","has-post-thumbnail","hentry","category-justica","category-noticias","tag-_protecao-ambiental","tag-_protecao-civil","tag-_rede-natura-2000","tag-_reserva-ecologica-nacional","tag-_servico-publico","tag-_zona-especial-de-conservacao"],"yoast_head":"<!-- This site is optimized with the Yoast SEO plugin v27.2 - https:\/\/yoast.com\/product\/yoast-seo-wordpress\/ -->\n<title>Constru\u00e7\u00f5es ilegais junto ao paiol da NATO levam Governo a questionar PGR - Portal Tela Portugal<\/title>\n<meta name=\"robots\" content=\"index, follow, max-snippet:-1, max-image-preview:large, max-video-preview:-1\" \/>\n<meta property=\"og:locale\" content=\"pt_PT\" \/>\n<meta property=\"og:type\" content=\"article\" \/>\n<meta property=\"og:title\" content=\"Constru\u00e7\u00f5es ilegais junto ao paiol da NATO levam Governo a questionar PGR - Portal Tela Portugal\" \/>\n<meta property=\"og:description\" content=\"Constru\u00e7\u00f5es ilegais junto ao paiol da NATO, na zona de servid\u00e3o militar que envolve Sesimbra e Seixal, foram alvo de questionamento do Governo \u00e0 Procuradoria-Geral da Rep\u00fablica quanto a como atuar. O Minist\u00e9rio da Defesa afirma que as edifica\u00e7\u00f5es surgiram nos \u00faltimos cinquenta anos e que a Marinha apenas emite autos de not\u00edcia e de consequente embargo ou demoli\u00e7\u00e3o, sem compet\u00eancias para reposi\u00e7\u00e3o da legalidade urban\u00edstica. Em carta de dois de abril, o Governo pergunta como devem articular-se as compet\u00eancias da autoridade militar, das c\u00e2maras municipais e das autoridades competentes para fiscalizar e executar medidas de reposi\u00e7\u00e3o da legalidade, incluindo demoli\u00e7\u00f5es e realojamento. O Governo n\u00e3o exclui a expropria\u00e7\u00e3o dos terrenos e questiona a PGR sobre a possibilidade de declarar utilidade p\u00fablica para criar uma zona efetiva de prote\u00e7\u00e3o. A \u00e1rea de servid\u00e3o militar no local encontra restri\u00e7\u00f5es de uso e de constru\u00e7\u00e3o, e parte da zona est\u00e1 integrada na Rede Natura 2000, na Reserva Ecol\u00f3gica Nacional e numa Zona Especial de Conserva\u00e7\u00e3o.\" \/>\n<meta property=\"og:url\" content=\"https:\/\/portaltela.pt\/noticias\/2026\/05\/01\/construcoes-ilegais-junto-ao-paiol-da-nato-levam-governo-a-questionar-pgr\/\" \/>\n<meta property=\"og:site_name\" content=\"Portal Tela Portugal\" \/>\n<meta property=\"article:published_time\" content=\"2026-05-01T11:03:10+00:00\" \/>\n<meta name=\"author\" content=\"Telinha\" \/>\n<meta name=\"twitter:card\" content=\"summary_large_image\" \/>\n<meta name=\"twitter:label1\" content=\"Escrito por\" \/>\n\t<meta name=\"twitter:data1\" content=\"Telinha\" \/>\n\t<meta name=\"twitter:label2\" content=\"Tempo estimado de leitura\" \/>\n\t<meta name=\"twitter:data2\" content=\"1 minuto\" \/>\n<script type=\"application\/ld+json\" class=\"yoast-schema-graph\">{\"@context\":\"https:\/\/schema.org\",\"@graph\":[{\"@type\":\"Article\",\"@id\":\"https:\/\/portaltela.pt\/noticias\/2026\/05\/01\/construcoes-ilegais-junto-ao-paiol-da-nato-levam-governo-a-questionar-pgr\/#article\",\"isPartOf\":{\"@id\":\"https:\/\/portaltela.pt\/noticias\/2026\/05\/01\/construcoes-ilegais-junto-ao-paiol-da-nato-levam-governo-a-questionar-pgr\/\"},\"author\":{\"name\":\"Telinha\",\"@id\":\"https:\/\/portaltela.pt\/#\/schema\/person\/c4278d4a6028830caff9ee44b42d32ed\"},\"headline\":\"Constru\u00e7\u00f5es ilegais junto ao paiol da NATO levam Governo a questionar PGR\",\"datePublished\":\"2026-05-01T11:03:10+00:00\",\"mainEntityOfPage\":{\"@id\":\"https:\/\/portaltela.pt\/noticias\/2026\/05\/01\/construcoes-ilegais-junto-ao-paiol-da-nato-levam-governo-a-questionar-pgr\/\"},\"wordCount\":274,\"image\":{\"@id\":\"https:\/\/portaltela.pt\/noticias\/2026\/05\/01\/construcoes-ilegais-junto-ao-paiol-da-nato-levam-governo-a-questionar-pgr\/#primaryimage\"},\"thumbnailUrl\":\"https:\/\/portaltela.pt\/s.01k8rhncp4jt1\/2026\/05\/img_1280x721uu2026-05-01-11-49-24-2282188.jpg\",\"keywords\":[\"_prote\u00e7\u00e3o ambiental\",\"_prote\u00e7\u00e3o civil\",\"_Rede Natura 2000\",\"_Reserva Ecol\u00f3gica Nacional\",\"_servi\u00e7o p\u00fablico\",\"_Zona Especial de Conserva\u00e7\u00e3o\"],\"articleSection\":[\"Justi\u00e7a\",\"Not\u00edcias\"],\"inLanguage\":\"pt-PT\"},{\"@type\":\"WebPage\",\"@id\":\"https:\/\/portaltela.pt\/noticias\/2026\/05\/01\/construcoes-ilegais-junto-ao-paiol-da-nato-levam-governo-a-questionar-pgr\/\",\"url\":\"https:\/\/portaltela.pt\/noticias\/2026\/05\/01\/construcoes-ilegais-junto-ao-paiol-da-nato-levam-governo-a-questionar-pgr\/\",\"name\":\"Constru\u00e7\u00f5es ilegais junto ao paiol da NATO levam Governo a questionar PGR - Portal Tela Portugal\",\"isPartOf\":{\"@id\":\"https:\/\/portaltela.pt\/#website\"},\"primaryImageOfPage\":{\"@id\":\"https:\/\/portaltela.pt\/noticias\/2026\/05\/01\/construcoes-ilegais-junto-ao-paiol-da-nato-levam-governo-a-questionar-pgr\/#primaryimage\"},\"image\":{\"@id\":\"https:\/\/portaltela.pt\/noticias\/2026\/05\/01\/construcoes-ilegais-junto-ao-paiol-da-nato-levam-governo-a-questionar-pgr\/#primaryimage\"},\"thumbnailUrl\":\"https:\/\/portaltela.pt\/s.01k8rhncp4jt1\/2026\/05\/img_1280x721uu2026-05-01-11-49-24-2282188.jpg\",\"datePublished\":\"2026-05-01T11:03:10+00:00\",\"author\":{\"@id\":\"https:\/\/portaltela.pt\/#\/schema\/person\/c4278d4a6028830caff9ee44b42d32ed\"},\"breadcrumb\":{\"@id\":\"https:\/\/portaltela.pt\/noticias\/2026\/05\/01\/construcoes-ilegais-junto-ao-paiol-da-nato-levam-governo-a-questionar-pgr\/#breadcrumb\"},\"inLanguage\":\"pt-PT\",\"potentialAction\":[{\"@type\":\"ReadAction\",\"target\":[\"https:\/\/portaltela.pt\/noticias\/2026\/05\/01\/construcoes-ilegais-junto-ao-paiol-da-nato-levam-governo-a-questionar-pgr\/\"]}]},{\"@type\":\"ImageObject\",\"inLanguage\":\"pt-PT\",\"@id\":\"https:\/\/portaltela.pt\/noticias\/2026\/05\/01\/construcoes-ilegais-junto-ao-paiol-da-nato-levam-governo-a-questionar-pgr\/#primaryimage\",\"url\":\"https:\/\/portaltela.pt\/s.01k8rhncp4jt1\/2026\/05\/img_1280x721uu2026-05-01-11-49-24-2282188.jpg\",\"contentUrl\":\"https:\/\/portaltela.pt\/s.01k8rhncp4jt1\/2026\/05\/img_1280x721uu2026-05-01-11-49-24-2282188.jpg\",\"width\":796,\"height\":448,\"caption\":\"As constru\u00e7\u00f5es ilegais ficam na zona de servid\u00e3o militar que circunda o dep\u00f3sito\"},{\"@type\":\"BreadcrumbList\",\"@id\":\"https:\/\/portaltela.pt\/noticias\/2026\/05\/01\/construcoes-ilegais-junto-ao-paiol-da-nato-levam-governo-a-questionar-pgr\/#breadcrumb\",\"itemListElement\":[{\"@type\":\"ListItem\",\"position\":1,\"name\":\"In\u00edcio\",\"item\":\"https:\/\/portaltela.pt\/\"},{\"@type\":\"ListItem\",\"position\":2,\"name\":\"Constru\u00e7\u00f5es ilegais junto ao paiol da NATO levam Governo a questionar PGR\"}]},{\"@type\":\"WebSite\",\"@id\":\"https:\/\/portaltela.pt\/#website\",\"url\":\"https:\/\/portaltela.pt\/\",\"name\":\"Portal Tela Portugal\",\"description\":\"\",\"potentialAction\":[{\"@type\":\"SearchAction\",\"target\":{\"@type\":\"EntryPoint\",\"urlTemplate\":\"https:\/\/portaltela.pt\/?s={search_term_string}\"},\"query-input\":{\"@type\":\"PropertyValueSpecification\",\"valueRequired\":true,\"valueName\":\"search_term_string\"}}],\"inLanguage\":\"pt-PT\"},{\"@type\":\"Person\",\"@id\":\"https:\/\/portaltela.pt\/#\/schema\/person\/c4278d4a6028830caff9ee44b42d32ed\",\"name\":\"Telinha\",\"image\":{\"@type\":\"ImageObject\",\"inLanguage\":\"pt-PT\",\"@id\":\"https:\/\/portaltela.pt\/s.01k8rhncp4jt1\/2025\/11\/talking-bot-125x125.png\",\"url\":\"https:\/\/portaltela.pt\/s.01k8rhncp4jt1\/2025\/11\/talking-bot-125x125.png\",\"contentUrl\":\"https:\/\/portaltela.pt\/s.01k8rhncp4jt1\/2025\/11\/talking-bot-125x125.png\",\"caption\":\"Telinha\"},\"sameAs\":[\"https:\/\/portaltela.pt\/\"],\"url\":\"https:\/\/portaltela.pt\/por\/367410592786\/\"}]}<\/script>\n<!-- \/ Yoast SEO plugin. -->","yoast_head_json":{"title":"Constru\u00e7\u00f5es ilegais junto ao paiol da NATO levam Governo a questionar PGR - Portal Tela Portugal","robots":{"index":"index","follow":"follow","max-snippet":"max-snippet:-1","max-image-preview":"max-image-preview:large","max-video-preview":"max-video-preview:-1"},"og_locale":"pt_PT","og_type":"article","og_title":"Constru\u00e7\u00f5es ilegais junto ao paiol da NATO levam Governo a questionar PGR - Portal Tela Portugal","og_description":"Constru\u00e7\u00f5es ilegais junto ao paiol da NATO, na zona de servid\u00e3o militar que envolve Sesimbra e Seixal, foram alvo de questionamento do Governo \u00e0 Procuradoria-Geral da Rep\u00fablica quanto a como atuar. O Minist\u00e9rio da Defesa afirma que as edifica\u00e7\u00f5es surgiram nos \u00faltimos cinquenta anos e que a Marinha apenas emite autos de not\u00edcia e de consequente embargo ou demoli\u00e7\u00e3o, sem compet\u00eancias para reposi\u00e7\u00e3o da legalidade urban\u00edstica. Em carta de dois de abril, o Governo pergunta como devem articular-se as compet\u00eancias da autoridade militar, das c\u00e2maras municipais e das autoridades competentes para fiscalizar e executar medidas de reposi\u00e7\u00e3o da legalidade, incluindo demoli\u00e7\u00f5es e realojamento. O Governo n\u00e3o exclui a expropria\u00e7\u00e3o dos terrenos e questiona a PGR sobre a possibilidade de declarar utilidade p\u00fablica para criar uma zona efetiva de prote\u00e7\u00e3o. A \u00e1rea de servid\u00e3o militar no local encontra restri\u00e7\u00f5es de uso e de constru\u00e7\u00e3o, e parte da zona est\u00e1 integrada na Rede Natura 2000, na Reserva Ecol\u00f3gica Nacional e numa Zona Especial de Conserva\u00e7\u00e3o.","og_url":"https:\/\/portaltela.pt\/noticias\/2026\/05\/01\/construcoes-ilegais-junto-ao-paiol-da-nato-levam-governo-a-questionar-pgr\/","og_site_name":"Portal Tela Portugal","article_published_time":"2026-05-01T11:03:10+00:00","author":"Telinha","twitter_card":"summary_large_image","twitter_misc":{"Escrito por":"Telinha","Tempo estimado de leitura":"1 minuto"},"schema":{"@context":"https:\/\/schema.org","@graph":[{"@type":"Article","@id":"https:\/\/portaltela.pt\/noticias\/2026\/05\/01\/construcoes-ilegais-junto-ao-paiol-da-nato-levam-governo-a-questionar-pgr\/#article","isPartOf":{"@id":"https:\/\/portaltela.pt\/noticias\/2026\/05\/01\/construcoes-ilegais-junto-ao-paiol-da-nato-levam-governo-a-questionar-pgr\/"},"author":{"name":"Telinha","@id":"https:\/\/portaltela.pt\/#\/schema\/person\/c4278d4a6028830caff9ee44b42d32ed"},"headline":"Constru\u00e7\u00f5es ilegais junto ao paiol da NATO levam Governo a questionar PGR","datePublished":"2026-05-01T11:03:10+00:00","mainEntityOfPage":{"@id":"https:\/\/portaltela.pt\/noticias\/2026\/05\/01\/construcoes-ilegais-junto-ao-paiol-da-nato-levam-governo-a-questionar-pgr\/"},"wordCount":274,"image":{"@id":"https:\/\/portaltela.pt\/noticias\/2026\/05\/01\/construcoes-ilegais-junto-ao-paiol-da-nato-levam-governo-a-questionar-pgr\/#primaryimage"},"thumbnailUrl":"https:\/\/portaltela.pt\/s.01k8rhncp4jt1\/2026\/05\/img_1280x721uu2026-05-01-11-49-24-2282188.jpg","keywords":["_prote\u00e7\u00e3o ambiental","_prote\u00e7\u00e3o civil","_Rede Natura 2000","_Reserva Ecol\u00f3gica Nacional","_servi\u00e7o p\u00fablico","_Zona Especial de Conserva\u00e7\u00e3o"],"articleSection":["Justi\u00e7a","Not\u00edcias"],"inLanguage":"pt-PT"},{"@type":"WebPage","@id":"https:\/\/portaltela.pt\/noticias\/2026\/05\/01\/construcoes-ilegais-junto-ao-paiol-da-nato-levam-governo-a-questionar-pgr\/","url":"https:\/\/portaltela.pt\/noticias\/2026\/05\/01\/construcoes-ilegais-junto-ao-paiol-da-nato-levam-governo-a-questionar-pgr\/","name":"Constru\u00e7\u00f5es ilegais junto ao paiol da NATO levam Governo a questionar PGR - Portal Tela Portugal","isPartOf":{"@id":"https:\/\/portaltela.pt\/#website"},"primaryImageOfPage":{"@id":"https:\/\/portaltela.pt\/noticias\/2026\/05\/01\/construcoes-ilegais-junto-ao-paiol-da-nato-levam-governo-a-questionar-pgr\/#primaryimage"},"image":{"@id":"https:\/\/portaltela.pt\/noticias\/2026\/05\/01\/construcoes-ilegais-junto-ao-paiol-da-nato-levam-governo-a-questionar-pgr\/#primaryimage"},"thumbnailUrl":"https:\/\/portaltela.pt\/s.01k8rhncp4jt1\/2026\/05\/img_1280x721uu2026-05-01-11-49-24-2282188.jpg","datePublished":"2026-05-01T11:03:10+00:00","author":{"@id":"https:\/\/portaltela.pt\/#\/schema\/person\/c4278d4a6028830caff9ee44b42d32ed"},"breadcrumb":{"@id":"https:\/\/portaltela.pt\/noticias\/2026\/05\/01\/construcoes-ilegais-junto-ao-paiol-da-nato-levam-governo-a-questionar-pgr\/#breadcrumb"},"inLanguage":"pt-PT","potentialAction":[{"@type":"ReadAction","target":["https:\/\/portaltela.pt\/noticias\/2026\/05\/01\/construcoes-ilegais-junto-ao-paiol-da-nato-levam-governo-a-questionar-pgr\/"]}]},{"@type":"ImageObject","inLanguage":"pt-PT","@id":"https:\/\/portaltela.pt\/noticias\/2026\/05\/01\/construcoes-ilegais-junto-ao-paiol-da-nato-levam-governo-a-questionar-pgr\/#primaryimage","url":"https:\/\/portaltela.pt\/s.01k8rhncp4jt1\/2026\/05\/img_1280x721uu2026-05-01-11-49-24-2282188.jpg","contentUrl":"https:\/\/portaltela.pt\/s.01k8rhncp4jt1\/2026\/05\/img_1280x721uu2026-05-01-11-49-24-2282188.jpg","width":796,"height":448,"caption":"As constru\u00e7\u00f5es ilegais ficam na zona de servid\u00e3o militar que circunda o dep\u00f3sito"},{"@type":"BreadcrumbList","@id":"https:\/\/portaltela.pt\/noticias\/2026\/05\/01\/construcoes-ilegais-junto-ao-paiol-da-nato-levam-governo-a-questionar-pgr\/#breadcrumb","itemListElement":[{"@type":"ListItem","position":1,"name":"In\u00edcio","item":"https:\/\/portaltela.pt\/"},{"@type":"ListItem","position":2,"name":"Constru\u00e7\u00f5es ilegais junto ao paiol da NATO levam Governo a questionar PGR"}]},{"@type":"WebSite","@id":"https:\/\/portaltela.pt\/#website","url":"https:\/\/portaltela.pt\/","name":"Portal Tela Portugal","description":"","potentialAction":[{"@type":"SearchAction","target":{"@type":"EntryPoint","urlTemplate":"https:\/\/portaltela.pt\/?s={search_term_string}"},"query-input":{"@type":"PropertyValueSpecification","valueRequired":true,"valueName":"search_term_string"}}],"inLanguage":"pt-PT"},{"@type":"Person","@id":"https:\/\/portaltela.pt\/#\/schema\/person\/c4278d4a6028830caff9ee44b42d32ed","name":"Telinha","image":{"@type":"ImageObject","inLanguage":"pt-PT","@id":"https:\/\/portaltela.pt\/s.01k8rhncp4jt1\/2025\/11\/talking-bot-125x125.png","url":"https:\/\/portaltela.pt\/s.01k8rhncp4jt1\/2025\/11\/talking-bot-125x125.png","contentUrl":"https:\/\/portaltela.pt\/s.01k8rhncp4jt1\/2025\/11\/talking-bot-125x125.png","caption":"Telinha"},"sameAs":["https:\/\/portaltela.pt\/"],"url":"https:\/\/portaltela.pt\/por\/367410592786\/"}]}},"_links":{"self":[{"href":"https:\/\/portaltela.pt\/api\/wp\/v2\/posts\/463700","targetHints":{"allow":["GET"]}}],"collection":[{"href":"https:\/\/portaltela.pt\/api\/wp\/v2\/posts"}],"about":[{"href":"https:\/\/portaltela.pt\/api\/wp\/v2\/types\/post"}],"author":[{"embeddable":true,"href":"https:\/\/portaltela.pt\/api\/wp\/v2\/users\/2"}],"replies":[{"embeddable":true,"href":"https:\/\/portaltela.pt\/api\/wp\/v2\/comments?post=463700"}],"version-history":[{"count":0,"href":"https:\/\/portaltela.pt\/api\/wp\/v2\/posts\/463700\/revisions"}],"wp:featuredmedia":[{"embeddable":true,"href":"https:\/\/portaltela.pt\/api\/wp\/v2\/media\/463704"}],"wp:attachment":[{"href":"https:\/\/portaltela.pt\/api\/wp\/v2\/media?parent=463700"}],"wp:term":[{"taxonomy":"category","embeddable":true,"href":"https:\/\/portaltela.pt\/api\/wp\/v2\/categories?post=463700"},{"taxonomy":"post_tag","embeddable":true,"href":"https:\/\/portaltela.pt\/api\/wp\/v2\/tags?post=463700"}],"curies":[{"name":"wp","href":"https:\/\/api.w.org\/{rel}","templated":true}]}}