{"id":463694,"date":"2026-05-01T08:03:03","date_gmt":"2026-05-01T11:03:03","guid":{"rendered":"https:\/\/portaltela.pt\/noticias\/2026\/05\/01\/varandas-censura-decisoes-de-borges-na-renovacao\/"},"modified":"2026-05-01T08:03:03","modified_gmt":"2026-05-01T11:03:03","slug":"varandas-censura-decisoes-de-borges-na-renovacao","status":"publish","type":"post","link":"https:\/\/portaltela.pt\/desporto\/futebol\/2026\/05\/01\/varandas-censura-decisoes-de-borges-na-renovacao\/","title":{"rendered":"Varandas censura decis\u00f5es de Borges na renova\u00e7\u00e3o"},"content":{"rendered":"<p>O presidente do Sporting comunicou a renova\u00e7\u00e3o do contrato de Rui Borges, numa interven\u00e7\u00e3o p\u00fablica no Est\u00e1dio de Alvalade, em Lisboa. Frederico Varandas falou sem rodeios, abordando decis\u00f5es do treinador e elogiando a intelig\u00eancia de Francesco Farioli, ao mesmo tempo que tra\u00e7ou cr\u00edticas internas \u00e0 gest\u00e3o desportiva.<\/p>\n<p>O momento da renova\u00e7\u00e3o foi marcado por um tom direto: Varandas avaliou a gest\u00e3o de calend\u00e1rio e as escolhas feitas, apontando erros universais na prepara\u00e7\u00e3o para as meias-finais da Champions. Apesar disso, deixou claro o compromisso com Borges, ao entregar-lhe uma camisola alusiva \u00e0 renova\u00e7\u00e3o at\u00e9 2028 e abra\u00e7ar o treinador.<\/p>\n<p>O dirigente elencou a complexidade da \u00e9poca, destacando que o plantel tem qualidade para lutar por t\u00edtulo, Ta\u00e7a e chegar \u00e0s meias-finais da Liga dos Campe\u00f5es, mas admitiu que a Champions complicou as demandas do campeonato e da Ta\u00e7a. A an\u00e1lise aponta para o impacto de factores externos e internos no desempenho global.<\/p>\n<p>Varandas foi al\u00e9m ao falar das les\u00f5es que afetaram o clube, distinguindo traumas de les\u00f5es musculares. Questionado sobre a atua\u00e7\u00e3o do departamento de performance, o presidente indicou que poucas medidas teriam evitado parte das ocorr\u00eancias, destacando a import\u00e2ncia do trabalho cont\u00ednuo.<\/p>\n<p>A confer\u00eancia tamb\u00e9m abordou a percep\u00e7\u00e3o dos adeptos. O l\u00edder leonino reconheceu a emotividade dos s\u00f3cios, assegurando que as decis\u00f5es n\u00e3o s\u00e3o tomadas \u00e0 procura de aprova\u00e7\u00e3o popular, mas com base em convic\u00e7\u00f5es e processos de trabalho. A renova\u00e7\u00e3o \u00e9 apresentada como estabilidade para o plantel e o projeto.<\/p>\n<p>Rui Borges manteve-se com menos voz, evitando responder diretamente \u00e0s cr\u00edticas de Varandas. O treinador destacou o orgulho na renova\u00e7\u00e3o e a sensa\u00e7\u00e3o de reconhecimento pelo trabalho desenvolvido, sem mencionar futuras mudan\u00e7as no plantel.<\/p>\n<h3>Desdobramentos e contexto<\/h3>\n<p>O presidente reiterou a import\u00e2ncia de manter o foco no pr\u00f3ximo jogo, sem adiantar planos para al\u00e9m da temporada. O timing da renova\u00e7\u00e3o foi justificado por raz\u00f5es negociais, destacando a estabilidade que o acordo oferece ao treinador e ao grupo de trabalho.<\/p>\n","protected":false},"excerpt":{"rendered":"<ul>\n<li>Frederico Varandas anunciou a renova\u00e7\u00e3o de contrato de Rui Borges at\u00e9 2028, no Est\u00e1dio de Alvalade, em Lisboa.<\/li>\n<li>O presidente elogiou a intelig\u00eancia de Francesco Farioli ao referir que o FC Porto geriu o plantel na Liga Europa para evitar sobrecarga.<\/li>\n<li>Varandas criticou a decis\u00e3o de Borges de jogar contra o Arsenal com a equipa a 100%, admitindo que geria o calend\u00e1rio de forma diferente.<\/li>\n<li>Dizia que o insucesso desta \u00e9poca \u00e9 reflexo do sucesso da \u00e9poca anterior e que a participa\u00e7\u00e3o na Champions complicou as vit\u00f3rias no campeonato e na Ta\u00e7a, destacando o valor do processo de trabalho.<\/li>\n<li>A renova\u00e7\u00e3o pretende trazer estabilidade ao treinador e ao grupo; Borges agradeceu e destacou o orgulho, sem adiantar planos definitivos para a pr\u00f3xima temporada.<\/li>\n<\/ul>\n","protected":false},"author":2,"featured_media":463697,"comment_status":"closed","ping_status":"closed","sticky":false,"template":"","format":"standard","meta":{"footnotes":""},"categories":[21,24],"tags":[8658,7755,8540,8096,10102,8818],"class_list":["post-463694","post","type-post","status-publish","format-standard","has-post-thumbnail","hentry","category-desporto","category-futebol","tag-_champions-league","tag-_futebol","tag-_gestao-desportiva","tag-_liga","tag-_renovacoes","tag-_taca-da-liga"],"yoast_head":"<!-- This site is optimized with the Yoast SEO plugin v27.2 - https:\/\/yoast.com\/product\/yoast-seo-wordpress\/ -->\n<title>Varandas censura decis\u00f5es de Borges na renova\u00e7\u00e3o - Portal Tela Portugal<\/title>\n<meta name=\"robots\" content=\"index, follow, max-snippet:-1, max-image-preview:large, max-video-preview:-1\" \/>\n<meta property=\"og:locale\" content=\"pt_PT\" \/>\n<meta property=\"og:type\" content=\"article\" \/>\n<meta property=\"og:title\" content=\"Varandas censura decis\u00f5es de Borges na renova\u00e7\u00e3o - Portal Tela Portugal\" \/>\n<meta property=\"og:description\" content=\"Frederico Varandas anunciou a renova\u00e7\u00e3o de contrato de Rui Borges at\u00e9 2028, no Est\u00e1dio de Alvalade, em Lisboa. O presidente elogiou a intelig\u00eancia de Francesco Farioli ao referir que o FC Porto geriu o plantel na Liga Europa para evitar sobrecarga. Varandas criticou a decis\u00e3o de Borges de jogar contra o Arsenal com a equipa a 100%, admitindo que geria o calend\u00e1rio de forma diferente. Dizia que o insucesso desta \u00e9poca \u00e9 reflexo do sucesso da \u00e9poca anterior e que a participa\u00e7\u00e3o na Champions complicou as vit\u00f3rias no campeonato e na Ta\u00e7a, destacando o valor do processo de trabalho. A renova\u00e7\u00e3o pretende trazer estabilidade ao treinador e ao grupo; Borges agradeceu e destacou o orgulho, sem adiantar planos definitivos para a pr\u00f3xima temporada.\" \/>\n<meta property=\"og:url\" content=\"https:\/\/portaltela.pt\/noticias\/2026\/05\/01\/varandas-censura-decisoes-de-borges-na-renovacao\/\" \/>\n<meta property=\"og:site_name\" content=\"Portal Tela Portugal\" \/>\n<meta property=\"article:published_time\" content=\"2026-05-01T11:03:03+00:00\" \/>\n<meta name=\"author\" content=\"Telinha\" \/>\n<meta name=\"twitter:card\" content=\"summary_large_image\" \/>\n<meta name=\"twitter:label1\" content=\"Escrito por\" \/>\n\t<meta name=\"twitter:data1\" content=\"Telinha\" \/>\n\t<meta name=\"twitter:label2\" content=\"Tempo estimado de leitura\" \/>\n\t<meta name=\"twitter:data2\" content=\"2 minutos\" \/>\n<script type=\"application\/ld+json\" class=\"yoast-schema-graph\">{\"@context\":\"https:\/\/schema.org\",\"@graph\":[{\"@type\":\"Article\",\"@id\":\"https:\/\/portaltela.pt\/noticias\/2026\/05\/01\/varandas-censura-decisoes-de-borges-na-renovacao\/#article\",\"isPartOf\":{\"@id\":\"https:\/\/portaltela.pt\/noticias\/2026\/05\/01\/varandas-censura-decisoes-de-borges-na-renovacao\/\"},\"author\":{\"name\":\"Telinha\",\"@id\":\"https:\/\/portaltela.pt\/#\/schema\/person\/c4278d4a6028830caff9ee44b42d32ed\"},\"headline\":\"Varandas censura decis\u00f5es de Borges na renova\u00e7\u00e3o\",\"datePublished\":\"2026-05-01T11:03:03+00:00\",\"mainEntityOfPage\":{\"@id\":\"https:\/\/portaltela.pt\/noticias\/2026\/05\/01\/varandas-censura-decisoes-de-borges-na-renovacao\/\"},\"wordCount\":371,\"image\":{\"@id\":\"https:\/\/portaltela.pt\/noticias\/2026\/05\/01\/varandas-censura-decisoes-de-borges-na-renovacao\/#primaryimage\"},\"thumbnailUrl\":\"https:\/\/portaltela.pt\/s.01k8rhncp4jt1\/2026\/05\/tpUHdbIMAGENStypeJPGshare1oBarraFacebook_Publico-1.jpg\",\"keywords\":[\"_Champions League\",\"_futebol\",\"_gest\u00e3o desportiva\",\"_Liga\",\"_renova\u00e7\u00f5es\",\"_Ta\u00e7a da Liga\"],\"articleSection\":[\"Desporto\",\"Futebol\"],\"inLanguage\":\"pt-PT\"},{\"@type\":\"WebPage\",\"@id\":\"https:\/\/portaltela.pt\/noticias\/2026\/05\/01\/varandas-censura-decisoes-de-borges-na-renovacao\/\",\"url\":\"https:\/\/portaltela.pt\/noticias\/2026\/05\/01\/varandas-censura-decisoes-de-borges-na-renovacao\/\",\"name\":\"Varandas censura decis\u00f5es de Borges na renova\u00e7\u00e3o - Portal Tela Portugal\",\"isPartOf\":{\"@id\":\"https:\/\/portaltela.pt\/#website\"},\"primaryImageOfPage\":{\"@id\":\"https:\/\/portaltela.pt\/noticias\/2026\/05\/01\/varandas-censura-decisoes-de-borges-na-renovacao\/#primaryimage\"},\"image\":{\"@id\":\"https:\/\/portaltela.pt\/noticias\/2026\/05\/01\/varandas-censura-decisoes-de-borges-na-renovacao\/#primaryimage\"},\"thumbnailUrl\":\"https:\/\/portaltela.pt\/s.01k8rhncp4jt1\/2026\/05\/tpUHdbIMAGENStypeJPGshare1oBarraFacebook_Publico-1.jpg\",\"datePublished\":\"2026-05-01T11:03:03+00:00\",\"author\":{\"@id\":\"https:\/\/portaltela.pt\/#\/schema\/person\/c4278d4a6028830caff9ee44b42d32ed\"},\"breadcrumb\":{\"@id\":\"https:\/\/portaltela.pt\/noticias\/2026\/05\/01\/varandas-censura-decisoes-de-borges-na-renovacao\/#breadcrumb\"},\"inLanguage\":\"pt-PT\",\"potentialAction\":[{\"@type\":\"ReadAction\",\"target\":[\"https:\/\/portaltela.pt\/noticias\/2026\/05\/01\/varandas-censura-decisoes-de-borges-na-renovacao\/\"]}]},{\"@type\":\"ImageObject\",\"inLanguage\":\"pt-PT\",\"@id\":\"https:\/\/portaltela.pt\/noticias\/2026\/05\/01\/varandas-censura-decisoes-de-borges-na-renovacao\/#primaryimage\",\"url\":\"https:\/\/portaltela.pt\/s.01k8rhncp4jt1\/2026\/05\/tpUHdbIMAGENStypeJPGshare1oBarraFacebook_Publico-1.jpg\",\"contentUrl\":\"https:\/\/portaltela.pt\/s.01k8rhncp4jt1\/2026\/05\/tpUHdbIMAGENStypeJPGshare1oBarraFacebook_Publico-1.jpg\",\"width\":1200,\"height\":630,\"caption\":\"Frederico Varandas, presidente do Sporting\"},{\"@type\":\"BreadcrumbList\",\"@id\":\"https:\/\/portaltela.pt\/noticias\/2026\/05\/01\/varandas-censura-decisoes-de-borges-na-renovacao\/#breadcrumb\",\"itemListElement\":[{\"@type\":\"ListItem\",\"position\":1,\"name\":\"In\u00edcio\",\"item\":\"https:\/\/portaltela.pt\/\"},{\"@type\":\"ListItem\",\"position\":2,\"name\":\"Varandas censura decis\u00f5es de Borges na renova\u00e7\u00e3o\"}]},{\"@type\":\"WebSite\",\"@id\":\"https:\/\/portaltela.pt\/#website\",\"url\":\"https:\/\/portaltela.pt\/\",\"name\":\"Portal Tela Portugal\",\"description\":\"\",\"potentialAction\":[{\"@type\":\"SearchAction\",\"target\":{\"@type\":\"EntryPoint\",\"urlTemplate\":\"https:\/\/portaltela.pt\/?s={search_term_string}\"},\"query-input\":{\"@type\":\"PropertyValueSpecification\",\"valueRequired\":true,\"valueName\":\"search_term_string\"}}],\"inLanguage\":\"pt-PT\"},{\"@type\":\"Person\",\"@id\":\"https:\/\/portaltela.pt\/#\/schema\/person\/c4278d4a6028830caff9ee44b42d32ed\",\"name\":\"Telinha\",\"image\":{\"@type\":\"ImageObject\",\"inLanguage\":\"pt-PT\",\"@id\":\"https:\/\/portaltela.pt\/s.01k8rhncp4jt1\/2025\/11\/talking-bot-125x125.png\",\"url\":\"https:\/\/portaltela.pt\/s.01k8rhncp4jt1\/2025\/11\/talking-bot-125x125.png\",\"contentUrl\":\"https:\/\/portaltela.pt\/s.01k8rhncp4jt1\/2025\/11\/talking-bot-125x125.png\",\"caption\":\"Telinha\"},\"sameAs\":[\"https:\/\/portaltela.pt\/\"],\"url\":\"https:\/\/portaltela.pt\/por\/367410592786\/\"}]}<\/script>\n<!-- \/ Yoast SEO plugin. -->","yoast_head_json":{"title":"Varandas censura decis\u00f5es de Borges na renova\u00e7\u00e3o - Portal Tela Portugal","robots":{"index":"index","follow":"follow","max-snippet":"max-snippet:-1","max-image-preview":"max-image-preview:large","max-video-preview":"max-video-preview:-1"},"og_locale":"pt_PT","og_type":"article","og_title":"Varandas censura decis\u00f5es de Borges na renova\u00e7\u00e3o - Portal Tela Portugal","og_description":"Frederico Varandas anunciou a renova\u00e7\u00e3o de contrato de Rui Borges at\u00e9 2028, no Est\u00e1dio de Alvalade, em Lisboa. O presidente elogiou a intelig\u00eancia de Francesco Farioli ao referir que o FC Porto geriu o plantel na Liga Europa para evitar sobrecarga. Varandas criticou a decis\u00e3o de Borges de jogar contra o Arsenal com a equipa a 100%, admitindo que geria o calend\u00e1rio de forma diferente. Dizia que o insucesso desta \u00e9poca \u00e9 reflexo do sucesso da \u00e9poca anterior e que a participa\u00e7\u00e3o na Champions complicou as vit\u00f3rias no campeonato e na Ta\u00e7a, destacando o valor do processo de trabalho. A renova\u00e7\u00e3o pretende trazer estabilidade ao treinador e ao grupo; Borges agradeceu e destacou o orgulho, sem adiantar planos definitivos para a pr\u00f3xima temporada.","og_url":"https:\/\/portaltela.pt\/noticias\/2026\/05\/01\/varandas-censura-decisoes-de-borges-na-renovacao\/","og_site_name":"Portal Tela Portugal","article_published_time":"2026-05-01T11:03:03+00:00","author":"Telinha","twitter_card":"summary_large_image","twitter_misc":{"Escrito por":"Telinha","Tempo estimado de leitura":"2 minutos"},"schema":{"@context":"https:\/\/schema.org","@graph":[{"@type":"Article","@id":"https:\/\/portaltela.pt\/noticias\/2026\/05\/01\/varandas-censura-decisoes-de-borges-na-renovacao\/#article","isPartOf":{"@id":"https:\/\/portaltela.pt\/noticias\/2026\/05\/01\/varandas-censura-decisoes-de-borges-na-renovacao\/"},"author":{"name":"Telinha","@id":"https:\/\/portaltela.pt\/#\/schema\/person\/c4278d4a6028830caff9ee44b42d32ed"},"headline":"Varandas censura decis\u00f5es de Borges na renova\u00e7\u00e3o","datePublished":"2026-05-01T11:03:03+00:00","mainEntityOfPage":{"@id":"https:\/\/portaltela.pt\/noticias\/2026\/05\/01\/varandas-censura-decisoes-de-borges-na-renovacao\/"},"wordCount":371,"image":{"@id":"https:\/\/portaltela.pt\/noticias\/2026\/05\/01\/varandas-censura-decisoes-de-borges-na-renovacao\/#primaryimage"},"thumbnailUrl":"https:\/\/portaltela.pt\/s.01k8rhncp4jt1\/2026\/05\/tpUHdbIMAGENStypeJPGshare1oBarraFacebook_Publico-1.jpg","keywords":["_Champions League","_futebol","_gest\u00e3o desportiva","_Liga","_renova\u00e7\u00f5es","_Ta\u00e7a da Liga"],"articleSection":["Desporto","Futebol"],"inLanguage":"pt-PT"},{"@type":"WebPage","@id":"https:\/\/portaltela.pt\/noticias\/2026\/05\/01\/varandas-censura-decisoes-de-borges-na-renovacao\/","url":"https:\/\/portaltela.pt\/noticias\/2026\/05\/01\/varandas-censura-decisoes-de-borges-na-renovacao\/","name":"Varandas censura decis\u00f5es de Borges na renova\u00e7\u00e3o - Portal Tela Portugal","isPartOf":{"@id":"https:\/\/portaltela.pt\/#website"},"primaryImageOfPage":{"@id":"https:\/\/portaltela.pt\/noticias\/2026\/05\/01\/varandas-censura-decisoes-de-borges-na-renovacao\/#primaryimage"},"image":{"@id":"https:\/\/portaltela.pt\/noticias\/2026\/05\/01\/varandas-censura-decisoes-de-borges-na-renovacao\/#primaryimage"},"thumbnailUrl":"https:\/\/portaltela.pt\/s.01k8rhncp4jt1\/2026\/05\/tpUHdbIMAGENStypeJPGshare1oBarraFacebook_Publico-1.jpg","datePublished":"2026-05-01T11:03:03+00:00","author":{"@id":"https:\/\/portaltela.pt\/#\/schema\/person\/c4278d4a6028830caff9ee44b42d32ed"},"breadcrumb":{"@id":"https:\/\/portaltela.pt\/noticias\/2026\/05\/01\/varandas-censura-decisoes-de-borges-na-renovacao\/#breadcrumb"},"inLanguage":"pt-PT","potentialAction":[{"@type":"ReadAction","target":["https:\/\/portaltela.pt\/noticias\/2026\/05\/01\/varandas-censura-decisoes-de-borges-na-renovacao\/"]}]},{"@type":"ImageObject","inLanguage":"pt-PT","@id":"https:\/\/portaltela.pt\/noticias\/2026\/05\/01\/varandas-censura-decisoes-de-borges-na-renovacao\/#primaryimage","url":"https:\/\/portaltela.pt\/s.01k8rhncp4jt1\/2026\/05\/tpUHdbIMAGENStypeJPGshare1oBarraFacebook_Publico-1.jpg","contentUrl":"https:\/\/portaltela.pt\/s.01k8rhncp4jt1\/2026\/05\/tpUHdbIMAGENStypeJPGshare1oBarraFacebook_Publico-1.jpg","width":1200,"height":630,"caption":"Frederico Varandas, presidente do Sporting"},{"@type":"BreadcrumbList","@id":"https:\/\/portaltela.pt\/noticias\/2026\/05\/01\/varandas-censura-decisoes-de-borges-na-renovacao\/#breadcrumb","itemListElement":[{"@type":"ListItem","position":1,"name":"In\u00edcio","item":"https:\/\/portaltela.pt\/"},{"@type":"ListItem","position":2,"name":"Varandas censura decis\u00f5es de Borges na renova\u00e7\u00e3o"}]},{"@type":"WebSite","@id":"https:\/\/portaltela.pt\/#website","url":"https:\/\/portaltela.pt\/","name":"Portal Tela Portugal","description":"","potentialAction":[{"@type":"SearchAction","target":{"@type":"EntryPoint","urlTemplate":"https:\/\/portaltela.pt\/?s={search_term_string}"},"query-input":{"@type":"PropertyValueSpecification","valueRequired":true,"valueName":"search_term_string"}}],"inLanguage":"pt-PT"},{"@type":"Person","@id":"https:\/\/portaltela.pt\/#\/schema\/person\/c4278d4a6028830caff9ee44b42d32ed","name":"Telinha","image":{"@type":"ImageObject","inLanguage":"pt-PT","@id":"https:\/\/portaltela.pt\/s.01k8rhncp4jt1\/2025\/11\/talking-bot-125x125.png","url":"https:\/\/portaltela.pt\/s.01k8rhncp4jt1\/2025\/11\/talking-bot-125x125.png","contentUrl":"https:\/\/portaltela.pt\/s.01k8rhncp4jt1\/2025\/11\/talking-bot-125x125.png","caption":"Telinha"},"sameAs":["https:\/\/portaltela.pt\/"],"url":"https:\/\/portaltela.pt\/por\/367410592786\/"}]}},"_links":{"self":[{"href":"https:\/\/portaltela.pt\/api\/wp\/v2\/posts\/463694","targetHints":{"allow":["GET"]}}],"collection":[{"href":"https:\/\/portaltela.pt\/api\/wp\/v2\/posts"}],"about":[{"href":"https:\/\/portaltela.pt\/api\/wp\/v2\/types\/post"}],"author":[{"embeddable":true,"href":"https:\/\/portaltela.pt\/api\/wp\/v2\/users\/2"}],"replies":[{"embeddable":true,"href":"https:\/\/portaltela.pt\/api\/wp\/v2\/comments?post=463694"}],"version-history":[{"count":0,"href":"https:\/\/portaltela.pt\/api\/wp\/v2\/posts\/463694\/revisions"}],"wp:featuredmedia":[{"embeddable":true,"href":"https:\/\/portaltela.pt\/api\/wp\/v2\/media\/463697"}],"wp:attachment":[{"href":"https:\/\/portaltela.pt\/api\/wp\/v2\/media?parent=463694"}],"wp:term":[{"taxonomy":"category","embeddable":true,"href":"https:\/\/portaltela.pt\/api\/wp\/v2\/categories?post=463694"},{"taxonomy":"post_tag","embeddable":true,"href":"https:\/\/portaltela.pt\/api\/wp\/v2\/tags?post=463694"}],"curies":[{"name":"wp","href":"https:\/\/api.w.org\/{rel}","templated":true}]}}