{"id":463686,"date":"2026-05-01T08:02:58","date_gmt":"2026-05-01T11:02:58","guid":{"rendered":"https:\/\/portaltela.pt\/noticias\/2026\/05\/01\/grupo-de-trabalhadores-marcha-nas-filipinas-no-dia-do-trabalhador\/"},"modified":"2026-05-01T08:02:58","modified_gmt":"2026-05-01T11:02:58","slug":"grupo-de-trabalhadores-marcha-nas-filipinas-no-dia-do-trabalhador","status":"publish","type":"post","link":"https:\/\/portaltela.pt\/noticias\/economia\/2026\/05\/01\/grupo-de-trabalhadores-marcha-nas-filipinas-no-dia-do-trabalhador\/","title":{"rendered":"Grupo de trabalhadores marcha nas Filipinas no Dia do Trabalhador"},"content":{"rendered":"<p>Os trabalhadores de Manila, capital das Filipinas, marcharam nesta sexta-feira, Dia do Trabalhador, para exigir paz, sal\u00e1rios mais altos e melhores condi\u00e7\u00f5es de trabalho, diante do aumento dos custos de energia e da perda de poder de compra associada \u00e0 guerra no Ir\u00e3o.<\/p>\n<p>A manifesta\u00e7\u00e3o reuniu organiza\u00e7\u00f5es sindicais e centenas de pessoas nas vias centrais da cidade, em uma mobiliza\u00e7\u00e3o de car\u00e1ter pac\u00edfico.<\/p>\n<p>As autoridades locais n\u00e3o divulgaram n\u00fameros oficiais de participantes nem houve relatos de incidentes durante o percurso.<\/p>\n<h3>Contexto econ\u00f3mico<\/h3>\n<p>Especialistas apontam que a infla\u00e7\u00e3o tem pressionado os rendimentos desde o in\u00edcio do ano, agravando despesas com energia.<\/p>\n<p>Organizadores do protesto afirmam que a reivindica\u00e7\u00e3o \u00e9 por di\u00e1logo com autoridades locais e por pol\u00edticas que assegurem reajustes salariais proporcionais ao custo de vida.<\/p>\n<p>Fontes locais indicam que as autoridades est\u00e3o a acompanhar o desfecho das marchas e a considerar medidas de mitiga\u00e7\u00e3o para trabalhadores.<\/p>\n","protected":false},"excerpt":{"rendered":"<ul>\n<li>Trabalhadores de Manila, capital das Filipinas, participaram numa marcha pelo Dia do Trabalhador.<\/li>\n<li>O objetivo \u00e9 pedir paz, sal\u00e1rios mais elevados e melhores condi\u00e7\u00f5es de trabalho.<\/li>\n<li>O movimento surge numa altura de aumento dos custos de energia e de perda de poder de compra.<\/li>\n<li>A situa\u00e7\u00e3o est\u00e1 relacionada com o contexto da guerra no Ir\u00e3o.<\/li>\n<li>O evento decorreu numa sexta-feira, Dia do Trabalhador.<\/li>\n<\/ul>\n","protected":false},"author":2,"featured_media":463691,"comment_status":"closed","ping_status":"closed","sticky":false,"template":"","format":"standard","meta":{"footnotes":""},"categories":[2,6871],"tags":[6331,2857,6645,966,2841,2201],"class_list":["post-463686","post","type-post","status-publish","format-standard","has-post-thumbnail","hentry","category-economia","category-sociedade","tag-condicoes-de-trabalho","tag-protestos","tag-salarios","tag-sindicatos","tag-trabalhadores","tag-trabalho"],"yoast_head":"<!-- This site is optimized with the Yoast SEO plugin v27.2 - https:\/\/yoast.com\/product\/yoast-seo-wordpress\/ -->\n<title>Grupo de trabalhadores marcha nas Filipinas no Dia do Trabalhador - Portal Tela Portugal<\/title>\n<meta name=\"robots\" content=\"index, follow, max-snippet:-1, max-image-preview:large, max-video-preview:-1\" \/>\n<meta property=\"og:locale\" content=\"pt_PT\" \/>\n<meta property=\"og:type\" content=\"article\" \/>\n<meta property=\"og:title\" content=\"Grupo de trabalhadores marcha nas Filipinas no Dia do Trabalhador - Portal Tela Portugal\" \/>\n<meta property=\"og:description\" content=\"Trabalhadores de Manila, capital das Filipinas, participaram numa marcha pelo Dia do Trabalhador. O objetivo \u00e9 pedir paz, sal\u00e1rios mais elevados e melhores condi\u00e7\u00f5es de trabalho. O movimento surge numa altura de aumento dos custos de energia e de perda de poder de compra. A situa\u00e7\u00e3o est\u00e1 relacionada com o contexto da guerra no Ir\u00e3o. O evento decorreu numa sexta-feira, Dia do Trabalhador.\" \/>\n<meta property=\"og:url\" content=\"https:\/\/portaltela.pt\/noticias\/2026\/05\/01\/grupo-de-trabalhadores-marcha-nas-filipinas-no-dia-do-trabalhador\/\" \/>\n<meta property=\"og:site_name\" content=\"Portal Tela Portugal\" \/>\n<meta property=\"article:published_time\" content=\"2026-05-01T11:02:58+00:00\" \/>\n<meta name=\"author\" content=\"Telinha\" \/>\n<meta name=\"twitter:card\" content=\"summary_large_image\" \/>\n<meta name=\"twitter:label1\" content=\"Escrito por\" \/>\n\t<meta name=\"twitter:data1\" content=\"Telinha\" \/>\n\t<meta name=\"twitter:label2\" content=\"Tempo estimado de leitura\" \/>\n\t<meta name=\"twitter:data2\" content=\"1 minuto\" \/>\n<script type=\"application\/ld+json\" class=\"yoast-schema-graph\">{\"@context\":\"https:\/\/schema.org\",\"@graph\":[{\"@type\":\"Article\",\"@id\":\"https:\/\/portaltela.pt\/noticias\/2026\/05\/01\/grupo-de-trabalhadores-marcha-nas-filipinas-no-dia-do-trabalhador\/#article\",\"isPartOf\":{\"@id\":\"https:\/\/portaltela.pt\/noticias\/2026\/05\/01\/grupo-de-trabalhadores-marcha-nas-filipinas-no-dia-do-trabalhador\/\"},\"author\":{\"name\":\"Telinha\",\"@id\":\"https:\/\/portaltela.pt\/#\/schema\/person\/c4278d4a6028830caff9ee44b42d32ed\"},\"headline\":\"Grupo de trabalhadores marcha nas Filipinas no Dia do Trabalhador\",\"datePublished\":\"2026-05-01T11:02:58+00:00\",\"mainEntityOfPage\":{\"@id\":\"https:\/\/portaltela.pt\/noticias\/2026\/05\/01\/grupo-de-trabalhadores-marcha-nas-filipinas-no-dia-do-trabalhador\/\"},\"wordCount\":172,\"image\":{\"@id\":\"https:\/\/portaltela.pt\/noticias\/2026\/05\/01\/grupo-de-trabalhadores-marcha-nas-filipinas-no-dia-do-trabalhador\/#primaryimage\"},\"thumbnailUrl\":\"https:\/\/portaltela.pt\/s.01k8rhncp4jt1\/2026\/05\/img_1280x722uu2026-05-01-11-47-37-2282187.jpg\",\"keywords\":[\"condi\u00e7\u00f5es de trabalho\",\"protestos\",\"sal\u00e1rios\",\"sindicatos\",\"trabalhadores\",\"trabalho\"],\"articleSection\":[\"Economia\",\"Sociedade\"],\"inLanguage\":\"pt-PT\"},{\"@type\":\"WebPage\",\"@id\":\"https:\/\/portaltela.pt\/noticias\/2026\/05\/01\/grupo-de-trabalhadores-marcha-nas-filipinas-no-dia-do-trabalhador\/\",\"url\":\"https:\/\/portaltela.pt\/noticias\/2026\/05\/01\/grupo-de-trabalhadores-marcha-nas-filipinas-no-dia-do-trabalhador\/\",\"name\":\"Grupo de trabalhadores marcha nas Filipinas no Dia do Trabalhador - Portal Tela Portugal\",\"isPartOf\":{\"@id\":\"https:\/\/portaltela.pt\/#website\"},\"primaryImageOfPage\":{\"@id\":\"https:\/\/portaltela.pt\/noticias\/2026\/05\/01\/grupo-de-trabalhadores-marcha-nas-filipinas-no-dia-do-trabalhador\/#primaryimage\"},\"image\":{\"@id\":\"https:\/\/portaltela.pt\/noticias\/2026\/05\/01\/grupo-de-trabalhadores-marcha-nas-filipinas-no-dia-do-trabalhador\/#primaryimage\"},\"thumbnailUrl\":\"https:\/\/portaltela.pt\/s.01k8rhncp4jt1\/2026\/05\/img_1280x722uu2026-05-01-11-47-37-2282187.jpg\",\"datePublished\":\"2026-05-01T11:02:58+00:00\",\"author\":{\"@id\":\"https:\/\/portaltela.pt\/#\/schema\/person\/c4278d4a6028830caff9ee44b42d32ed\"},\"breadcrumb\":{\"@id\":\"https:\/\/portaltela.pt\/noticias\/2026\/05\/01\/grupo-de-trabalhadores-marcha-nas-filipinas-no-dia-do-trabalhador\/#breadcrumb\"},\"inLanguage\":\"pt-PT\",\"potentialAction\":[{\"@type\":\"ReadAction\",\"target\":[\"https:\/\/portaltela.pt\/noticias\/2026\/05\/01\/grupo-de-trabalhadores-marcha-nas-filipinas-no-dia-do-trabalhador\/\"]}]},{\"@type\":\"ImageObject\",\"inLanguage\":\"pt-PT\",\"@id\":\"https:\/\/portaltela.pt\/noticias\/2026\/05\/01\/grupo-de-trabalhadores-marcha-nas-filipinas-no-dia-do-trabalhador\/#primaryimage\",\"url\":\"https:\/\/portaltela.pt\/s.01k8rhncp4jt1\/2026\/05\/img_1280x722uu2026-05-01-11-47-37-2282187.jpg\",\"contentUrl\":\"https:\/\/portaltela.pt\/s.01k8rhncp4jt1\/2026\/05\/img_1280x722uu2026-05-01-11-47-37-2282187.jpg\",\"width\":796,\"height\":448,\"caption\":\"Os trabalhadores de Manila, capital das Filipinas, marcham nesta sexta-feira, Dia do Trabalhador, para apelar \u00e0 paz, sal\u00e1rios mais altos e melhores condi\u00e7\u00f5es de trabalho, ap\u00f3s o aumento de custos de energia e da diminui\u00e7\u00e3o de poder de compra associados \u00e0 guerra no Ir\u00e3o.\"},{\"@type\":\"BreadcrumbList\",\"@id\":\"https:\/\/portaltela.pt\/noticias\/2026\/05\/01\/grupo-de-trabalhadores-marcha-nas-filipinas-no-dia-do-trabalhador\/#breadcrumb\",\"itemListElement\":[{\"@type\":\"ListItem\",\"position\":1,\"name\":\"In\u00edcio\",\"item\":\"https:\/\/portaltela.pt\/\"},{\"@type\":\"ListItem\",\"position\":2,\"name\":\"Grupo de trabalhadores marcha nas Filipinas no Dia do Trabalhador\"}]},{\"@type\":\"WebSite\",\"@id\":\"https:\/\/portaltela.pt\/#website\",\"url\":\"https:\/\/portaltela.pt\/\",\"name\":\"Portal Tela Portugal\",\"description\":\"\",\"potentialAction\":[{\"@type\":\"SearchAction\",\"target\":{\"@type\":\"EntryPoint\",\"urlTemplate\":\"https:\/\/portaltela.pt\/?s={search_term_string}\"},\"query-input\":{\"@type\":\"PropertyValueSpecification\",\"valueRequired\":true,\"valueName\":\"search_term_string\"}}],\"inLanguage\":\"pt-PT\"},{\"@type\":\"Person\",\"@id\":\"https:\/\/portaltela.pt\/#\/schema\/person\/c4278d4a6028830caff9ee44b42d32ed\",\"name\":\"Telinha\",\"image\":{\"@type\":\"ImageObject\",\"inLanguage\":\"pt-PT\",\"@id\":\"https:\/\/portaltela.pt\/s.01k8rhncp4jt1\/2025\/11\/talking-bot-125x125.png\",\"url\":\"https:\/\/portaltela.pt\/s.01k8rhncp4jt1\/2025\/11\/talking-bot-125x125.png\",\"contentUrl\":\"https:\/\/portaltela.pt\/s.01k8rhncp4jt1\/2025\/11\/talking-bot-125x125.png\",\"caption\":\"Telinha\"},\"sameAs\":[\"https:\/\/portaltela.pt\/\"],\"url\":\"https:\/\/portaltela.pt\/por\/367410592786\/\"}]}<\/script>\n<!-- \/ Yoast SEO plugin. -->","yoast_head_json":{"title":"Grupo de trabalhadores marcha nas Filipinas no Dia do Trabalhador - Portal Tela Portugal","robots":{"index":"index","follow":"follow","max-snippet":"max-snippet:-1","max-image-preview":"max-image-preview:large","max-video-preview":"max-video-preview:-1"},"og_locale":"pt_PT","og_type":"article","og_title":"Grupo de trabalhadores marcha nas Filipinas no Dia do Trabalhador - Portal Tela Portugal","og_description":"Trabalhadores de Manila, capital das Filipinas, participaram numa marcha pelo Dia do Trabalhador. O objetivo \u00e9 pedir paz, sal\u00e1rios mais elevados e melhores condi\u00e7\u00f5es de trabalho. O movimento surge numa altura de aumento dos custos de energia e de perda de poder de compra. A situa\u00e7\u00e3o est\u00e1 relacionada com o contexto da guerra no Ir\u00e3o. O evento decorreu numa sexta-feira, Dia do Trabalhador.","og_url":"https:\/\/portaltela.pt\/noticias\/2026\/05\/01\/grupo-de-trabalhadores-marcha-nas-filipinas-no-dia-do-trabalhador\/","og_site_name":"Portal Tela Portugal","article_published_time":"2026-05-01T11:02:58+00:00","author":"Telinha","twitter_card":"summary_large_image","twitter_misc":{"Escrito por":"Telinha","Tempo estimado de leitura":"1 minuto"},"schema":{"@context":"https:\/\/schema.org","@graph":[{"@type":"Article","@id":"https:\/\/portaltela.pt\/noticias\/2026\/05\/01\/grupo-de-trabalhadores-marcha-nas-filipinas-no-dia-do-trabalhador\/#article","isPartOf":{"@id":"https:\/\/portaltela.pt\/noticias\/2026\/05\/01\/grupo-de-trabalhadores-marcha-nas-filipinas-no-dia-do-trabalhador\/"},"author":{"name":"Telinha","@id":"https:\/\/portaltela.pt\/#\/schema\/person\/c4278d4a6028830caff9ee44b42d32ed"},"headline":"Grupo de trabalhadores marcha nas Filipinas no Dia do Trabalhador","datePublished":"2026-05-01T11:02:58+00:00","mainEntityOfPage":{"@id":"https:\/\/portaltela.pt\/noticias\/2026\/05\/01\/grupo-de-trabalhadores-marcha-nas-filipinas-no-dia-do-trabalhador\/"},"wordCount":172,"image":{"@id":"https:\/\/portaltela.pt\/noticias\/2026\/05\/01\/grupo-de-trabalhadores-marcha-nas-filipinas-no-dia-do-trabalhador\/#primaryimage"},"thumbnailUrl":"https:\/\/portaltela.pt\/s.01k8rhncp4jt1\/2026\/05\/img_1280x722uu2026-05-01-11-47-37-2282187.jpg","keywords":["condi\u00e7\u00f5es de trabalho","protestos","sal\u00e1rios","sindicatos","trabalhadores","trabalho"],"articleSection":["Economia","Sociedade"],"inLanguage":"pt-PT"},{"@type":"WebPage","@id":"https:\/\/portaltela.pt\/noticias\/2026\/05\/01\/grupo-de-trabalhadores-marcha-nas-filipinas-no-dia-do-trabalhador\/","url":"https:\/\/portaltela.pt\/noticias\/2026\/05\/01\/grupo-de-trabalhadores-marcha-nas-filipinas-no-dia-do-trabalhador\/","name":"Grupo de trabalhadores marcha nas Filipinas no Dia do Trabalhador - Portal Tela Portugal","isPartOf":{"@id":"https:\/\/portaltela.pt\/#website"},"primaryImageOfPage":{"@id":"https:\/\/portaltela.pt\/noticias\/2026\/05\/01\/grupo-de-trabalhadores-marcha-nas-filipinas-no-dia-do-trabalhador\/#primaryimage"},"image":{"@id":"https:\/\/portaltela.pt\/noticias\/2026\/05\/01\/grupo-de-trabalhadores-marcha-nas-filipinas-no-dia-do-trabalhador\/#primaryimage"},"thumbnailUrl":"https:\/\/portaltela.pt\/s.01k8rhncp4jt1\/2026\/05\/img_1280x722uu2026-05-01-11-47-37-2282187.jpg","datePublished":"2026-05-01T11:02:58+00:00","author":{"@id":"https:\/\/portaltela.pt\/#\/schema\/person\/c4278d4a6028830caff9ee44b42d32ed"},"breadcrumb":{"@id":"https:\/\/portaltela.pt\/noticias\/2026\/05\/01\/grupo-de-trabalhadores-marcha-nas-filipinas-no-dia-do-trabalhador\/#breadcrumb"},"inLanguage":"pt-PT","potentialAction":[{"@type":"ReadAction","target":["https:\/\/portaltela.pt\/noticias\/2026\/05\/01\/grupo-de-trabalhadores-marcha-nas-filipinas-no-dia-do-trabalhador\/"]}]},{"@type":"ImageObject","inLanguage":"pt-PT","@id":"https:\/\/portaltela.pt\/noticias\/2026\/05\/01\/grupo-de-trabalhadores-marcha-nas-filipinas-no-dia-do-trabalhador\/#primaryimage","url":"https:\/\/portaltela.pt\/s.01k8rhncp4jt1\/2026\/05\/img_1280x722uu2026-05-01-11-47-37-2282187.jpg","contentUrl":"https:\/\/portaltela.pt\/s.01k8rhncp4jt1\/2026\/05\/img_1280x722uu2026-05-01-11-47-37-2282187.jpg","width":796,"height":448,"caption":"Os trabalhadores de Manila, capital das Filipinas, marcham nesta sexta-feira, Dia do Trabalhador, para apelar \u00e0 paz, sal\u00e1rios mais altos e melhores condi\u00e7\u00f5es de trabalho, ap\u00f3s o aumento de custos de energia e da diminui\u00e7\u00e3o de poder de compra associados \u00e0 guerra no Ir\u00e3o."},{"@type":"BreadcrumbList","@id":"https:\/\/portaltela.pt\/noticias\/2026\/05\/01\/grupo-de-trabalhadores-marcha-nas-filipinas-no-dia-do-trabalhador\/#breadcrumb","itemListElement":[{"@type":"ListItem","position":1,"name":"In\u00edcio","item":"https:\/\/portaltela.pt\/"},{"@type":"ListItem","position":2,"name":"Grupo de trabalhadores marcha nas Filipinas no Dia do Trabalhador"}]},{"@type":"WebSite","@id":"https:\/\/portaltela.pt\/#website","url":"https:\/\/portaltela.pt\/","name":"Portal Tela Portugal","description":"","potentialAction":[{"@type":"SearchAction","target":{"@type":"EntryPoint","urlTemplate":"https:\/\/portaltela.pt\/?s={search_term_string}"},"query-input":{"@type":"PropertyValueSpecification","valueRequired":true,"valueName":"search_term_string"}}],"inLanguage":"pt-PT"},{"@type":"Person","@id":"https:\/\/portaltela.pt\/#\/schema\/person\/c4278d4a6028830caff9ee44b42d32ed","name":"Telinha","image":{"@type":"ImageObject","inLanguage":"pt-PT","@id":"https:\/\/portaltela.pt\/s.01k8rhncp4jt1\/2025\/11\/talking-bot-125x125.png","url":"https:\/\/portaltela.pt\/s.01k8rhncp4jt1\/2025\/11\/talking-bot-125x125.png","contentUrl":"https:\/\/portaltela.pt\/s.01k8rhncp4jt1\/2025\/11\/talking-bot-125x125.png","caption":"Telinha"},"sameAs":["https:\/\/portaltela.pt\/"],"url":"https:\/\/portaltela.pt\/por\/367410592786\/"}]}},"_links":{"self":[{"href":"https:\/\/portaltela.pt\/api\/wp\/v2\/posts\/463686","targetHints":{"allow":["GET"]}}],"collection":[{"href":"https:\/\/portaltela.pt\/api\/wp\/v2\/posts"}],"about":[{"href":"https:\/\/portaltela.pt\/api\/wp\/v2\/types\/post"}],"author":[{"embeddable":true,"href":"https:\/\/portaltela.pt\/api\/wp\/v2\/users\/2"}],"replies":[{"embeddable":true,"href":"https:\/\/portaltela.pt\/api\/wp\/v2\/comments?post=463686"}],"version-history":[{"count":0,"href":"https:\/\/portaltela.pt\/api\/wp\/v2\/posts\/463686\/revisions"}],"wp:featuredmedia":[{"embeddable":true,"href":"https:\/\/portaltela.pt\/api\/wp\/v2\/media\/463691"}],"wp:attachment":[{"href":"https:\/\/portaltela.pt\/api\/wp\/v2\/media?parent=463686"}],"wp:term":[{"taxonomy":"category","embeddable":true,"href":"https:\/\/portaltela.pt\/api\/wp\/v2\/categories?post=463686"},{"taxonomy":"post_tag","embeddable":true,"href":"https:\/\/portaltela.pt\/api\/wp\/v2\/tags?post=463686"}],"curies":[{"name":"wp","href":"https:\/\/api.w.org\/{rel}","templated":true}]}}