{"id":463678,"date":"2026-05-01T08:02:15","date_gmt":"2026-05-01T11:02:15","guid":{"rendered":"https:\/\/portaltela.pt\/noticias\/2026\/05\/01\/video-divulgado-sem-contexto\/"},"modified":"2026-05-01T08:02:15","modified_gmt":"2026-05-01T11:02:15","slug":"video-divulgado-sem-contexto","status":"publish","type":"post","link":"https:\/\/portaltela.pt\/noticias\/internacional\/2026\/05\/01\/video-divulgado-sem-contexto\/","title":{"rendered":"V\u00eddeo divulgado sem contexto"},"content":{"rendered":"<p>N\u00e3o foi fornecido um conte\u00fado jornal\u00edstico espec\u00edfico para reescrever. O texto base apenas apresenta um t\u00edtulo gen\u00e9rico e uma pe\u00e7a de apresenta\u00e7\u00e3o sem fatos, datas ou acontecimentos.<\/p>\n<p>Por favor, envie a not\u00edcia completa (ou os pontos-chave: o que aconteceu, quem est\u00e1 envolvido, quando, onde e por qu\u00ea) para que eu possa produzir o artigo seguindo as diretrizes solicitadas.<\/p>\n","protected":false},"excerpt":{"rendered":"<ul>\n<li>O destaque \u00e9 o v\u00eddeo, com a rubrica \u201cNot\u00edcias do dia | 1 de maio 2026 &#8211; Tarde\u201d.<\/li>\n<li>A edi\u00e7\u00e3o apresenta as not\u00edcias mais importantes da Europa e al\u00e9m, para 1 de maio de 2026.<\/li>\n<li>Aborda temas diversos: mundo, neg\u00f3cios, entretenimento, pol\u00edtica, cultura e viagens.<\/li>\n<li>Acompanhamento de atualiza\u00e7\u00f5es de \u00faltima hora ao longo do dia.<\/li>\n<\/ul>\n","protected":false},"author":2,"featured_media":463679,"comment_status":"closed","ping_status":"closed","sticky":false,"template":"","format":"standard","meta":{"footnotes":""},"categories":[4,1],"tags":[8231,8750,7998,8222,9331],"class_list":["post-463678","post","type-post","status-publish","format-standard","has-post-thumbnail","hentry","category-internacional","category-noticias","tag-_desinformacao","tag-_informacao-institucional","tag-_informacao-publica","tag-_noticias","tag-_video"],"yoast_head":"<!-- This site is optimized with the Yoast SEO plugin v27.2 - https:\/\/yoast.com\/product\/yoast-seo-wordpress\/ -->\n<title>V\u00eddeo divulgado sem contexto - Portal Tela Portugal<\/title>\n<meta name=\"robots\" content=\"index, follow, max-snippet:-1, max-image-preview:large, max-video-preview:-1\" \/>\n<meta property=\"og:locale\" content=\"pt_PT\" \/>\n<meta property=\"og:type\" content=\"article\" \/>\n<meta property=\"og:title\" content=\"V\u00eddeo divulgado sem contexto - Portal Tela Portugal\" \/>\n<meta property=\"og:description\" content=\"O destaque \u00e9 o v\u00eddeo, com a rubrica \u201cNot\u00edcias do dia | 1 de maio 2026 - Tarde\u201d. A edi\u00e7\u00e3o apresenta as not\u00edcias mais importantes da Europa e al\u00e9m, para 1 de maio de 2026. Aborda temas diversos: mundo, neg\u00f3cios, entretenimento, pol\u00edtica, cultura e viagens. Acompanhamento de atualiza\u00e7\u00f5es de \u00faltima hora ao longo do dia.\" \/>\n<meta property=\"og:url\" content=\"https:\/\/portaltela.pt\/noticias\/2026\/05\/01\/video-divulgado-sem-contexto\/\" \/>\n<meta property=\"og:site_name\" content=\"Portal Tela Portugal\" \/>\n<meta property=\"article:published_time\" content=\"2026-05-01T11:02:15+00:00\" \/>\n<meta name=\"author\" content=\"Telinha\" \/>\n<meta name=\"twitter:card\" content=\"summary_large_image\" \/>\n<meta name=\"twitter:label1\" content=\"Escrito por\" \/>\n\t<meta name=\"twitter:data1\" content=\"Telinha\" \/>\n<script type=\"application\/ld+json\" class=\"yoast-schema-graph\">{\"@context\":\"https:\/\/schema.org\",\"@graph\":[{\"@type\":\"Article\",\"@id\":\"https:\/\/portaltela.pt\/noticias\/2026\/05\/01\/video-divulgado-sem-contexto\/#article\",\"isPartOf\":{\"@id\":\"https:\/\/portaltela.pt\/noticias\/2026\/05\/01\/video-divulgado-sem-contexto\/\"},\"author\":{\"name\":\"Telinha\",\"@id\":\"https:\/\/portaltela.pt\/#\/schema\/person\/c4278d4a6028830caff9ee44b42d32ed\"},\"headline\":\"V\u00eddeo divulgado sem contexto\",\"datePublished\":\"2026-05-01T11:02:15+00:00\",\"mainEntityOfPage\":{\"@id\":\"https:\/\/portaltela.pt\/noticias\/2026\/05\/01\/video-divulgado-sem-contexto\/\"},\"wordCount\":72,\"image\":{\"@id\":\"https:\/\/portaltela.pt\/noticias\/2026\/05\/01\/video-divulgado-sem-contexto\/#primaryimage\"},\"thumbnailUrl\":\"https:\/\/portaltela.pt\/s.01k8rhncp4jt1\/2026\/05\/1536x864_cmsv2_7a634be3-9ef5-5315-ba0e-8301746d5693-9743446.jpg\",\"keywords\":[\"_desinforma\u00e7\u00e3o\",\"_informa\u00e7\u00e3o institucional\",\"_informa\u00e7\u00e3o p\u00fablica\",\"_not\u00edcias\",\"_v\u00eddeo\"],\"articleSection\":[\"Internacional\",\"Not\u00edcias\"],\"inLanguage\":\"pt-PT\"},{\"@type\":\"WebPage\",\"@id\":\"https:\/\/portaltela.pt\/noticias\/2026\/05\/01\/video-divulgado-sem-contexto\/\",\"url\":\"https:\/\/portaltela.pt\/noticias\/2026\/05\/01\/video-divulgado-sem-contexto\/\",\"name\":\"V\u00eddeo divulgado sem contexto - Portal Tela Portugal\",\"isPartOf\":{\"@id\":\"https:\/\/portaltela.pt\/#website\"},\"primaryImageOfPage\":{\"@id\":\"https:\/\/portaltela.pt\/noticias\/2026\/05\/01\/video-divulgado-sem-contexto\/#primaryimage\"},\"image\":{\"@id\":\"https:\/\/portaltela.pt\/noticias\/2026\/05\/01\/video-divulgado-sem-contexto\/#primaryimage\"},\"thumbnailUrl\":\"https:\/\/portaltela.pt\/s.01k8rhncp4jt1\/2026\/05\/1536x864_cmsv2_7a634be3-9ef5-5315-ba0e-8301746d5693-9743446.jpg\",\"datePublished\":\"2026-05-01T11:02:15+00:00\",\"author\":{\"@id\":\"https:\/\/portaltela.pt\/#\/schema\/person\/c4278d4a6028830caff9ee44b42d32ed\"},\"breadcrumb\":{\"@id\":\"https:\/\/portaltela.pt\/noticias\/2026\/05\/01\/video-divulgado-sem-contexto\/#breadcrumb\"},\"inLanguage\":\"pt-PT\",\"potentialAction\":[{\"@type\":\"ReadAction\",\"target\":[\"https:\/\/portaltela.pt\/noticias\/2026\/05\/01\/video-divulgado-sem-contexto\/\"]}]},{\"@type\":\"ImageObject\",\"inLanguage\":\"pt-PT\",\"@id\":\"https:\/\/portaltela.pt\/noticias\/2026\/05\/01\/video-divulgado-sem-contexto\/#primaryimage\",\"url\":\"https:\/\/portaltela.pt\/s.01k8rhncp4jt1\/2026\/05\/1536x864_cmsv2_7a634be3-9ef5-5315-ba0e-8301746d5693-9743446.jpg\",\"contentUrl\":\"https:\/\/portaltela.pt\/s.01k8rhncp4jt1\/2026\/05\/1536x864_cmsv2_7a634be3-9ef5-5315-ba0e-8301746d5693-9743446.jpg\",\"width\":1536,\"height\":864,\"caption\":\"Not\u00edcias do dia | 1 de maio 2026 - Tarde\"},{\"@type\":\"BreadcrumbList\",\"@id\":\"https:\/\/portaltela.pt\/noticias\/2026\/05\/01\/video-divulgado-sem-contexto\/#breadcrumb\",\"itemListElement\":[{\"@type\":\"ListItem\",\"position\":1,\"name\":\"In\u00edcio\",\"item\":\"https:\/\/portaltela.pt\/\"},{\"@type\":\"ListItem\",\"position\":2,\"name\":\"V\u00eddeo divulgado sem contexto\"}]},{\"@type\":\"WebSite\",\"@id\":\"https:\/\/portaltela.pt\/#website\",\"url\":\"https:\/\/portaltela.pt\/\",\"name\":\"Portal Tela Portugal\",\"description\":\"\",\"potentialAction\":[{\"@type\":\"SearchAction\",\"target\":{\"@type\":\"EntryPoint\",\"urlTemplate\":\"https:\/\/portaltela.pt\/?s={search_term_string}\"},\"query-input\":{\"@type\":\"PropertyValueSpecification\",\"valueRequired\":true,\"valueName\":\"search_term_string\"}}],\"inLanguage\":\"pt-PT\"},{\"@type\":\"Person\",\"@id\":\"https:\/\/portaltela.pt\/#\/schema\/person\/c4278d4a6028830caff9ee44b42d32ed\",\"name\":\"Telinha\",\"image\":{\"@type\":\"ImageObject\",\"inLanguage\":\"pt-PT\",\"@id\":\"https:\/\/portaltela.pt\/s.01k8rhncp4jt1\/2025\/11\/talking-bot-125x125.png\",\"url\":\"https:\/\/portaltela.pt\/s.01k8rhncp4jt1\/2025\/11\/talking-bot-125x125.png\",\"contentUrl\":\"https:\/\/portaltela.pt\/s.01k8rhncp4jt1\/2025\/11\/talking-bot-125x125.png\",\"caption\":\"Telinha\"},\"sameAs\":[\"https:\/\/portaltela.pt\/\"],\"url\":\"https:\/\/portaltela.pt\/por\/367410592786\/\"}]}<\/script>\n<!-- \/ Yoast SEO plugin. -->","yoast_head_json":{"title":"V\u00eddeo divulgado sem contexto - Portal Tela Portugal","robots":{"index":"index","follow":"follow","max-snippet":"max-snippet:-1","max-image-preview":"max-image-preview:large","max-video-preview":"max-video-preview:-1"},"og_locale":"pt_PT","og_type":"article","og_title":"V\u00eddeo divulgado sem contexto - Portal Tela Portugal","og_description":"O destaque \u00e9 o v\u00eddeo, com a rubrica \u201cNot\u00edcias do dia | 1 de maio 2026 - Tarde\u201d. A edi\u00e7\u00e3o apresenta as not\u00edcias mais importantes da Europa e al\u00e9m, para 1 de maio de 2026. Aborda temas diversos: mundo, neg\u00f3cios, entretenimento, pol\u00edtica, cultura e viagens. Acompanhamento de atualiza\u00e7\u00f5es de \u00faltima hora ao longo do dia.","og_url":"https:\/\/portaltela.pt\/noticias\/2026\/05\/01\/video-divulgado-sem-contexto\/","og_site_name":"Portal Tela Portugal","article_published_time":"2026-05-01T11:02:15+00:00","author":"Telinha","twitter_card":"summary_large_image","twitter_misc":{"Escrito por":"Telinha"},"schema":{"@context":"https:\/\/schema.org","@graph":[{"@type":"Article","@id":"https:\/\/portaltela.pt\/noticias\/2026\/05\/01\/video-divulgado-sem-contexto\/#article","isPartOf":{"@id":"https:\/\/portaltela.pt\/noticias\/2026\/05\/01\/video-divulgado-sem-contexto\/"},"author":{"name":"Telinha","@id":"https:\/\/portaltela.pt\/#\/schema\/person\/c4278d4a6028830caff9ee44b42d32ed"},"headline":"V\u00eddeo divulgado sem contexto","datePublished":"2026-05-01T11:02:15+00:00","mainEntityOfPage":{"@id":"https:\/\/portaltela.pt\/noticias\/2026\/05\/01\/video-divulgado-sem-contexto\/"},"wordCount":72,"image":{"@id":"https:\/\/portaltela.pt\/noticias\/2026\/05\/01\/video-divulgado-sem-contexto\/#primaryimage"},"thumbnailUrl":"https:\/\/portaltela.pt\/s.01k8rhncp4jt1\/2026\/05\/1536x864_cmsv2_7a634be3-9ef5-5315-ba0e-8301746d5693-9743446.jpg","keywords":["_desinforma\u00e7\u00e3o","_informa\u00e7\u00e3o institucional","_informa\u00e7\u00e3o p\u00fablica","_not\u00edcias","_v\u00eddeo"],"articleSection":["Internacional","Not\u00edcias"],"inLanguage":"pt-PT"},{"@type":"WebPage","@id":"https:\/\/portaltela.pt\/noticias\/2026\/05\/01\/video-divulgado-sem-contexto\/","url":"https:\/\/portaltela.pt\/noticias\/2026\/05\/01\/video-divulgado-sem-contexto\/","name":"V\u00eddeo divulgado sem contexto - Portal Tela Portugal","isPartOf":{"@id":"https:\/\/portaltela.pt\/#website"},"primaryImageOfPage":{"@id":"https:\/\/portaltela.pt\/noticias\/2026\/05\/01\/video-divulgado-sem-contexto\/#primaryimage"},"image":{"@id":"https:\/\/portaltela.pt\/noticias\/2026\/05\/01\/video-divulgado-sem-contexto\/#primaryimage"},"thumbnailUrl":"https:\/\/portaltela.pt\/s.01k8rhncp4jt1\/2026\/05\/1536x864_cmsv2_7a634be3-9ef5-5315-ba0e-8301746d5693-9743446.jpg","datePublished":"2026-05-01T11:02:15+00:00","author":{"@id":"https:\/\/portaltela.pt\/#\/schema\/person\/c4278d4a6028830caff9ee44b42d32ed"},"breadcrumb":{"@id":"https:\/\/portaltela.pt\/noticias\/2026\/05\/01\/video-divulgado-sem-contexto\/#breadcrumb"},"inLanguage":"pt-PT","potentialAction":[{"@type":"ReadAction","target":["https:\/\/portaltela.pt\/noticias\/2026\/05\/01\/video-divulgado-sem-contexto\/"]}]},{"@type":"ImageObject","inLanguage":"pt-PT","@id":"https:\/\/portaltela.pt\/noticias\/2026\/05\/01\/video-divulgado-sem-contexto\/#primaryimage","url":"https:\/\/portaltela.pt\/s.01k8rhncp4jt1\/2026\/05\/1536x864_cmsv2_7a634be3-9ef5-5315-ba0e-8301746d5693-9743446.jpg","contentUrl":"https:\/\/portaltela.pt\/s.01k8rhncp4jt1\/2026\/05\/1536x864_cmsv2_7a634be3-9ef5-5315-ba0e-8301746d5693-9743446.jpg","width":1536,"height":864,"caption":"Not\u00edcias do dia | 1 de maio 2026 - Tarde"},{"@type":"BreadcrumbList","@id":"https:\/\/portaltela.pt\/noticias\/2026\/05\/01\/video-divulgado-sem-contexto\/#breadcrumb","itemListElement":[{"@type":"ListItem","position":1,"name":"In\u00edcio","item":"https:\/\/portaltela.pt\/"},{"@type":"ListItem","position":2,"name":"V\u00eddeo divulgado sem contexto"}]},{"@type":"WebSite","@id":"https:\/\/portaltela.pt\/#website","url":"https:\/\/portaltela.pt\/","name":"Portal Tela Portugal","description":"","potentialAction":[{"@type":"SearchAction","target":{"@type":"EntryPoint","urlTemplate":"https:\/\/portaltela.pt\/?s={search_term_string}"},"query-input":{"@type":"PropertyValueSpecification","valueRequired":true,"valueName":"search_term_string"}}],"inLanguage":"pt-PT"},{"@type":"Person","@id":"https:\/\/portaltela.pt\/#\/schema\/person\/c4278d4a6028830caff9ee44b42d32ed","name":"Telinha","image":{"@type":"ImageObject","inLanguage":"pt-PT","@id":"https:\/\/portaltela.pt\/s.01k8rhncp4jt1\/2025\/11\/talking-bot-125x125.png","url":"https:\/\/portaltela.pt\/s.01k8rhncp4jt1\/2025\/11\/talking-bot-125x125.png","contentUrl":"https:\/\/portaltela.pt\/s.01k8rhncp4jt1\/2025\/11\/talking-bot-125x125.png","caption":"Telinha"},"sameAs":["https:\/\/portaltela.pt\/"],"url":"https:\/\/portaltela.pt\/por\/367410592786\/"}]}},"_links":{"self":[{"href":"https:\/\/portaltela.pt\/api\/wp\/v2\/posts\/463678","targetHints":{"allow":["GET"]}}],"collection":[{"href":"https:\/\/portaltela.pt\/api\/wp\/v2\/posts"}],"about":[{"href":"https:\/\/portaltela.pt\/api\/wp\/v2\/types\/post"}],"author":[{"embeddable":true,"href":"https:\/\/portaltela.pt\/api\/wp\/v2\/users\/2"}],"replies":[{"embeddable":true,"href":"https:\/\/portaltela.pt\/api\/wp\/v2\/comments?post=463678"}],"version-history":[{"count":0,"href":"https:\/\/portaltela.pt\/api\/wp\/v2\/posts\/463678\/revisions"}],"wp:featuredmedia":[{"embeddable":true,"href":"https:\/\/portaltela.pt\/api\/wp\/v2\/media\/463679"}],"wp:attachment":[{"href":"https:\/\/portaltela.pt\/api\/wp\/v2\/media?parent=463678"}],"wp:term":[{"taxonomy":"category","embeddable":true,"href":"https:\/\/portaltela.pt\/api\/wp\/v2\/categories?post=463678"},{"taxonomy":"post_tag","embeddable":true,"href":"https:\/\/portaltela.pt\/api\/wp\/v2\/tags?post=463678"}],"curies":[{"name":"wp","href":"https:\/\/api.w.org\/{rel}","templated":true}]}}