{"id":463671,"date":"2026-05-01T07:47:53","date_gmt":"2026-05-01T10:47:53","guid":{"rendered":"https:\/\/portaltela.pt\/noticias\/2026\/05\/01\/entre-o-diabo-veste-prada-e-a-divina-comedia-fazemos-a-nossa-escolha\/"},"modified":"2026-05-01T07:47:53","modified_gmt":"2026-05-01T10:47:53","slug":"entre-o-diabo-veste-prada-e-a-divina-comedia-fazemos-a-nossa-escolha","status":"publish","type":"post","link":"https:\/\/portaltela.pt\/noticias\/2026\/05\/01\/entre-o-diabo-veste-prada-e-a-divina-comedia-fazemos-a-nossa-escolha\/","title":{"rendered":"Entre O Diabo Veste Prada e a Divina Com\u00e9dia fazemos a nossa escolha"},"content":{"rendered":"<p>No Escuro, connosco, \u00e9 \u00e0s claras: o podcast desafia o entusiasmo em torno de O Diabo Veste Prada 2 e encoraja, em vez disso, a resist\u00eancia a esse duelo entre Miranda Priestly e Andrea Sachs. A discuss\u00e3o privilegia a escolha entre o humor negro e a cr\u00edtica social, sugerindo que a humanidade das personagens ganha destaque quando os limites da moda passam a segundo plano.<\/p>\n<p>A segunda edi\u00e7\u00e3o do podcast analisa Divina Com\u00e9dia, de Ali Asgari, frente \u00e0 press\u00e3o de exibir o filme com censura iraniana. O epis\u00f3dio insere o tema numa cr\u00edtica sobre cinema independente, com refer\u00eancia ao cinema de Nanni Moretti e \u00e0 forma como a obra lida com autoriza\u00e7\u00f5es oficiais no Ir\u00e3o. O objetivo \u00e9 apresentar o filme como op\u00e7\u00e3o de contempla\u00e7\u00e3o inteligente, sem pressa de aceitar o pr\u00f3ximo grande duelo do universo ficcional da moda.<\/p>\n<h3>Divina Com\u00e9dia e o cinema iraniano<\/h3>\n<p>Divina Com\u00e9dia \u00e9 descrita como uma com\u00e9dia negra passada em Teer\u00e3, onde um realizador percorre os c\u00edrculos do Inferno para obter autoriza\u00e7\u00e3o de exibi\u00e7\u00e3o. O detalhe remete a uma curiosidade do cinema contempor\u00e2neo, associando a narrativa a epis\u00f3dios de resist\u00eancia criativa.<\/p>\n<h3>Sobre o podcast No Escuro<\/h3>\n<p>O programa \u00e9 conduzido pelos jornalistas Alexandra Prado Coelho e Vasco C\u00e2mara. As novidades v\u00e3o sendo apresentadas todas as sextas-feiras, no site do P\u00fablico ou na plataforma de prefer\u00eancia dos ouvintes. A m\u00fasica de abertura \u00e9 um excerto de The Hidden Desert, cedido pelo Rodrigo Amado Quartet. Quer saber mais? O p\u00fablico pode acompanhar os epis\u00f3dios no portal e nas plataformas de podcasts.<\/p>\n<p>Conhe\u00e7a os podcasts do P\u00daBLICO em publico.pt\/podcasts. Se tiver ideias ou sugest\u00f5es, envie um email para podcasts@publico.pt.<\/p>\n","protected":false},"excerpt":{"rendered":"<ul>\n<li>O podcast No Escuro, apresentado por Alexandra Prado Coelho e Vasco C\u00e2mara, convida os ouvintes a resistir \u00e0 ideia de duelo entre Divina Com\u00e9dia e O Diabo Veste Prada 2, defendendo a obra de Ali Asgari.<\/li>\n<li>Divina Com\u00e9dia \u00e9 uma com\u00e9dia negra passada em Teer\u00e3o, em que um realizador tenta obter autoriza\u00e7\u00e3o das autoridades iranianas para exibir o filme, inspirado pelo cineasta Nanni Moretti em Querido Di\u00e1rio.<\/li>\n<li>ODiabo Veste Prada 2 \u00e9 citado como uma opera\u00e7\u00e3o de condicionamento, comparando o duelo entre as personagens Miranda Priestly e Andrea Sachs com a expectativa de p\u00fablico.<\/li>\n<li>O texto defende que as personagens, na nova narrativa, procuram a sua humanidade e que a \u201cboa maldade\u201d do original \u00e9 apagada, propondo um consumo inteligente do absurdo do mundo.<\/li>\n<li>O epis\u00f3dio de No Escuro \u00e9 lan\u00e7ado \u00e0s sextas-feiras no site do P\u00fablico e em plataformas de podcasts, com a m\u00fasica de g\u00e9n\u00e9rique cedida pelo Rodrigo Amado Quartet.<\/li>\n<\/ul>\n","protected":false},"author":2,"featured_media":463673,"comment_status":"closed","ping_status":"closed","sticky":false,"template":"","format":"standard","meta":{"footnotes":""},"categories":[7375,1],"tags":[112,10099,3327,5707,6126],"class_list":["post-463671","post","type-post","status-publish","format-standard","has-post-thumbnail","hentry","category-cultura","category-noticias","tag-cinema","tag-divina-comedia","tag-iran","tag-jornalistas","tag-publico"],"yoast_head":"<!-- This site is optimized with the Yoast SEO plugin v27.2 - https:\/\/yoast.com\/product\/yoast-seo-wordpress\/ -->\n<title>Entre O Diabo Veste Prada e a Divina Com\u00e9dia fazemos a nossa escolha - Portal Tela Portugal<\/title>\n<meta name=\"robots\" content=\"index, follow, max-snippet:-1, max-image-preview:large, max-video-preview:-1\" \/>\n<meta property=\"og:locale\" content=\"pt_PT\" \/>\n<meta property=\"og:type\" content=\"article\" \/>\n<meta property=\"og:title\" content=\"Entre O Diabo Veste Prada e a Divina Com\u00e9dia fazemos a nossa escolha - Portal Tela Portugal\" \/>\n<meta property=\"og:description\" content=\"O podcast No Escuro, apresentado por Alexandra Prado Coelho e Vasco C\u00e2mara, convida os ouvintes a resistir \u00e0 ideia de duelo entre Divina Com\u00e9dia e O Diabo Veste Prada 2, defendendo a obra de Ali Asgari. Divina Com\u00e9dia \u00e9 uma com\u00e9dia negra passada em Teer\u00e3o, em que um realizador tenta obter autoriza\u00e7\u00e3o das autoridades iranianas para exibir o filme, inspirado pelo cineasta Nanni Moretti em Querido Di\u00e1rio. ODiabo Veste Prada 2 \u00e9 citado como uma opera\u00e7\u00e3o de condicionamento, comparando o duelo entre as personagens Miranda Priestly e Andrea Sachs com a expectativa de p\u00fablico. O texto defende que as personagens, na nova narrativa, procuram a sua humanidade e que a \u201cboa maldade\u201d do original \u00e9 apagada, propondo um consumo inteligente do absurdo do mundo. O epis\u00f3dio de No Escuro \u00e9 lan\u00e7ado \u00e0s sextas-feiras no site do P\u00fablico e em plataformas de podcasts, com a m\u00fasica de g\u00e9n\u00e9rique cedida pelo Rodrigo Amado Quartet.\" \/>\n<meta property=\"og:url\" content=\"https:\/\/portaltela.pt\/noticias\/2026\/05\/01\/entre-o-diabo-veste-prada-e-a-divina-comedia-fazemos-a-nossa-escolha\/\" \/>\n<meta property=\"og:site_name\" content=\"Portal Tela Portugal\" \/>\n<meta property=\"article:published_time\" content=\"2026-05-01T10:47:53+00:00\" \/>\n<meta name=\"author\" content=\"Telinha\" \/>\n<meta name=\"twitter:card\" content=\"summary_large_image\" \/>\n<meta name=\"twitter:label1\" content=\"Escrito por\" \/>\n\t<meta name=\"twitter:data1\" content=\"Telinha\" \/>\n\t<meta name=\"twitter:label2\" content=\"Tempo estimado de leitura\" \/>\n\t<meta name=\"twitter:data2\" content=\"2 minutos\" \/>\n<script type=\"application\/ld+json\" class=\"yoast-schema-graph\">{\"@context\":\"https:\/\/schema.org\",\"@graph\":[{\"@type\":\"Article\",\"@id\":\"https:\/\/portaltela.pt\/noticias\/2026\/05\/01\/entre-o-diabo-veste-prada-e-a-divina-comedia-fazemos-a-nossa-escolha\/#article\",\"isPartOf\":{\"@id\":\"https:\/\/portaltela.pt\/noticias\/2026\/05\/01\/entre-o-diabo-veste-prada-e-a-divina-comedia-fazemos-a-nossa-escolha\/\"},\"author\":{\"name\":\"Telinha\",\"@id\":\"https:\/\/portaltela.pt\/#\/schema\/person\/c4278d4a6028830caff9ee44b42d32ed\"},\"headline\":\"Entre O Diabo Veste Prada e a Divina Com\u00e9dia fazemos a nossa escolha\",\"datePublished\":\"2026-05-01T10:47:53+00:00\",\"mainEntityOfPage\":{\"@id\":\"https:\/\/portaltela.pt\/noticias\/2026\/05\/01\/entre-o-diabo-veste-prada-e-a-divina-comedia-fazemos-a-nossa-escolha\/\"},\"wordCount\":314,\"image\":{\"@id\":\"https:\/\/portaltela.pt\/noticias\/2026\/05\/01\/entre-o-diabo-veste-prada-e-a-divina-comedia-fazemos-a-nossa-escolha\/#primaryimage\"},\"thumbnailUrl\":\"https:\/\/portaltela.pt\/s.01k8rhncp4jt1\/2026\/05\/2085218.jpg\",\"keywords\":[\"cinema\",\"Divina Com\u00e9dia\",\"\u00cdr\u00e1n\",\"jornalistas\",\"p\u00fablico\"],\"articleSection\":[\"Cultura\",\"Not\u00edcias\"],\"inLanguage\":\"pt-PT\"},{\"@type\":\"WebPage\",\"@id\":\"https:\/\/portaltela.pt\/noticias\/2026\/05\/01\/entre-o-diabo-veste-prada-e-a-divina-comedia-fazemos-a-nossa-escolha\/\",\"url\":\"https:\/\/portaltela.pt\/noticias\/2026\/05\/01\/entre-o-diabo-veste-prada-e-a-divina-comedia-fazemos-a-nossa-escolha\/\",\"name\":\"Entre O Diabo Veste Prada e a Divina Com\u00e9dia fazemos a nossa escolha - Portal Tela Portugal\",\"isPartOf\":{\"@id\":\"https:\/\/portaltela.pt\/#website\"},\"primaryImageOfPage\":{\"@id\":\"https:\/\/portaltela.pt\/noticias\/2026\/05\/01\/entre-o-diabo-veste-prada-e-a-divina-comedia-fazemos-a-nossa-escolha\/#primaryimage\"},\"image\":{\"@id\":\"https:\/\/portaltela.pt\/noticias\/2026\/05\/01\/entre-o-diabo-veste-prada-e-a-divina-comedia-fazemos-a-nossa-escolha\/#primaryimage\"},\"thumbnailUrl\":\"https:\/\/portaltela.pt\/s.01k8rhncp4jt1\/2026\/05\/2085218.jpg\",\"datePublished\":\"2026-05-01T10:47:53+00:00\",\"author\":{\"@id\":\"https:\/\/portaltela.pt\/#\/schema\/person\/c4278d4a6028830caff9ee44b42d32ed\"},\"breadcrumb\":{\"@id\":\"https:\/\/portaltela.pt\/noticias\/2026\/05\/01\/entre-o-diabo-veste-prada-e-a-divina-comedia-fazemos-a-nossa-escolha\/#breadcrumb\"},\"inLanguage\":\"pt-PT\",\"potentialAction\":[{\"@type\":\"ReadAction\",\"target\":[\"https:\/\/portaltela.pt\/noticias\/2026\/05\/01\/entre-o-diabo-veste-prada-e-a-divina-comedia-fazemos-a-nossa-escolha\/\"]}]},{\"@type\":\"ImageObject\",\"inLanguage\":\"pt-PT\",\"@id\":\"https:\/\/portaltela.pt\/noticias\/2026\/05\/01\/entre-o-diabo-veste-prada-e-a-divina-comedia-fazemos-a-nossa-escolha\/#primaryimage\",\"url\":\"https:\/\/portaltela.pt\/s.01k8rhncp4jt1\/2026\/05\/2085218.jpg\",\"contentUrl\":\"https:\/\/portaltela.pt\/s.01k8rhncp4jt1\/2026\/05\/2085218.jpg\",\"width\":796,\"height\":448,\"caption\":\"Como Nanni Moretti em Querido Di\u00e1rio: Divina Com\u00e9dia\"},{\"@type\":\"BreadcrumbList\",\"@id\":\"https:\/\/portaltela.pt\/noticias\/2026\/05\/01\/entre-o-diabo-veste-prada-e-a-divina-comedia-fazemos-a-nossa-escolha\/#breadcrumb\",\"itemListElement\":[{\"@type\":\"ListItem\",\"position\":1,\"name\":\"In\u00edcio\",\"item\":\"https:\/\/portaltela.pt\/\"},{\"@type\":\"ListItem\",\"position\":2,\"name\":\"Entre O Diabo Veste Prada e a Divina Com\u00e9dia fazemos a nossa escolha\"}]},{\"@type\":\"WebSite\",\"@id\":\"https:\/\/portaltela.pt\/#website\",\"url\":\"https:\/\/portaltela.pt\/\",\"name\":\"Portal Tela Portugal\",\"description\":\"\",\"potentialAction\":[{\"@type\":\"SearchAction\",\"target\":{\"@type\":\"EntryPoint\",\"urlTemplate\":\"https:\/\/portaltela.pt\/?s={search_term_string}\"},\"query-input\":{\"@type\":\"PropertyValueSpecification\",\"valueRequired\":true,\"valueName\":\"search_term_string\"}}],\"inLanguage\":\"pt-PT\"},{\"@type\":\"Person\",\"@id\":\"https:\/\/portaltela.pt\/#\/schema\/person\/c4278d4a6028830caff9ee44b42d32ed\",\"name\":\"Telinha\",\"image\":{\"@type\":\"ImageObject\",\"inLanguage\":\"pt-PT\",\"@id\":\"https:\/\/portaltela.pt\/s.01k8rhncp4jt1\/2025\/11\/talking-bot-125x125.png\",\"url\":\"https:\/\/portaltela.pt\/s.01k8rhncp4jt1\/2025\/11\/talking-bot-125x125.png\",\"contentUrl\":\"https:\/\/portaltela.pt\/s.01k8rhncp4jt1\/2025\/11\/talking-bot-125x125.png\",\"caption\":\"Telinha\"},\"sameAs\":[\"https:\/\/portaltela.pt\/\"],\"url\":\"https:\/\/portaltela.pt\/por\/367410592786\/\"}]}<\/script>\n<!-- \/ Yoast SEO plugin. -->","yoast_head_json":{"title":"Entre O Diabo Veste Prada e a Divina Com\u00e9dia fazemos a nossa escolha - Portal Tela Portugal","robots":{"index":"index","follow":"follow","max-snippet":"max-snippet:-1","max-image-preview":"max-image-preview:large","max-video-preview":"max-video-preview:-1"},"og_locale":"pt_PT","og_type":"article","og_title":"Entre O Diabo Veste Prada e a Divina Com\u00e9dia fazemos a nossa escolha - Portal Tela Portugal","og_description":"O podcast No Escuro, apresentado por Alexandra Prado Coelho e Vasco C\u00e2mara, convida os ouvintes a resistir \u00e0 ideia de duelo entre Divina Com\u00e9dia e O Diabo Veste Prada 2, defendendo a obra de Ali Asgari. Divina Com\u00e9dia \u00e9 uma com\u00e9dia negra passada em Teer\u00e3o, em que um realizador tenta obter autoriza\u00e7\u00e3o das autoridades iranianas para exibir o filme, inspirado pelo cineasta Nanni Moretti em Querido Di\u00e1rio. ODiabo Veste Prada 2 \u00e9 citado como uma opera\u00e7\u00e3o de condicionamento, comparando o duelo entre as personagens Miranda Priestly e Andrea Sachs com a expectativa de p\u00fablico. O texto defende que as personagens, na nova narrativa, procuram a sua humanidade e que a \u201cboa maldade\u201d do original \u00e9 apagada, propondo um consumo inteligente do absurdo do mundo. O epis\u00f3dio de No Escuro \u00e9 lan\u00e7ado \u00e0s sextas-feiras no site do P\u00fablico e em plataformas de podcasts, com a m\u00fasica de g\u00e9n\u00e9rique cedida pelo Rodrigo Amado Quartet.","og_url":"https:\/\/portaltela.pt\/noticias\/2026\/05\/01\/entre-o-diabo-veste-prada-e-a-divina-comedia-fazemos-a-nossa-escolha\/","og_site_name":"Portal Tela Portugal","article_published_time":"2026-05-01T10:47:53+00:00","author":"Telinha","twitter_card":"summary_large_image","twitter_misc":{"Escrito por":"Telinha","Tempo estimado de leitura":"2 minutos"},"schema":{"@context":"https:\/\/schema.org","@graph":[{"@type":"Article","@id":"https:\/\/portaltela.pt\/noticias\/2026\/05\/01\/entre-o-diabo-veste-prada-e-a-divina-comedia-fazemos-a-nossa-escolha\/#article","isPartOf":{"@id":"https:\/\/portaltela.pt\/noticias\/2026\/05\/01\/entre-o-diabo-veste-prada-e-a-divina-comedia-fazemos-a-nossa-escolha\/"},"author":{"name":"Telinha","@id":"https:\/\/portaltela.pt\/#\/schema\/person\/c4278d4a6028830caff9ee44b42d32ed"},"headline":"Entre O Diabo Veste Prada e a Divina Com\u00e9dia fazemos a nossa escolha","datePublished":"2026-05-01T10:47:53+00:00","mainEntityOfPage":{"@id":"https:\/\/portaltela.pt\/noticias\/2026\/05\/01\/entre-o-diabo-veste-prada-e-a-divina-comedia-fazemos-a-nossa-escolha\/"},"wordCount":314,"image":{"@id":"https:\/\/portaltela.pt\/noticias\/2026\/05\/01\/entre-o-diabo-veste-prada-e-a-divina-comedia-fazemos-a-nossa-escolha\/#primaryimage"},"thumbnailUrl":"https:\/\/portaltela.pt\/s.01k8rhncp4jt1\/2026\/05\/2085218.jpg","keywords":["cinema","Divina Com\u00e9dia","\u00cdr\u00e1n","jornalistas","p\u00fablico"],"articleSection":["Cultura","Not\u00edcias"],"inLanguage":"pt-PT"},{"@type":"WebPage","@id":"https:\/\/portaltela.pt\/noticias\/2026\/05\/01\/entre-o-diabo-veste-prada-e-a-divina-comedia-fazemos-a-nossa-escolha\/","url":"https:\/\/portaltela.pt\/noticias\/2026\/05\/01\/entre-o-diabo-veste-prada-e-a-divina-comedia-fazemos-a-nossa-escolha\/","name":"Entre O Diabo Veste Prada e a Divina Com\u00e9dia fazemos a nossa escolha - Portal Tela Portugal","isPartOf":{"@id":"https:\/\/portaltela.pt\/#website"},"primaryImageOfPage":{"@id":"https:\/\/portaltela.pt\/noticias\/2026\/05\/01\/entre-o-diabo-veste-prada-e-a-divina-comedia-fazemos-a-nossa-escolha\/#primaryimage"},"image":{"@id":"https:\/\/portaltela.pt\/noticias\/2026\/05\/01\/entre-o-diabo-veste-prada-e-a-divina-comedia-fazemos-a-nossa-escolha\/#primaryimage"},"thumbnailUrl":"https:\/\/portaltela.pt\/s.01k8rhncp4jt1\/2026\/05\/2085218.jpg","datePublished":"2026-05-01T10:47:53+00:00","author":{"@id":"https:\/\/portaltela.pt\/#\/schema\/person\/c4278d4a6028830caff9ee44b42d32ed"},"breadcrumb":{"@id":"https:\/\/portaltela.pt\/noticias\/2026\/05\/01\/entre-o-diabo-veste-prada-e-a-divina-comedia-fazemos-a-nossa-escolha\/#breadcrumb"},"inLanguage":"pt-PT","potentialAction":[{"@type":"ReadAction","target":["https:\/\/portaltela.pt\/noticias\/2026\/05\/01\/entre-o-diabo-veste-prada-e-a-divina-comedia-fazemos-a-nossa-escolha\/"]}]},{"@type":"ImageObject","inLanguage":"pt-PT","@id":"https:\/\/portaltela.pt\/noticias\/2026\/05\/01\/entre-o-diabo-veste-prada-e-a-divina-comedia-fazemos-a-nossa-escolha\/#primaryimage","url":"https:\/\/portaltela.pt\/s.01k8rhncp4jt1\/2026\/05\/2085218.jpg","contentUrl":"https:\/\/portaltela.pt\/s.01k8rhncp4jt1\/2026\/05\/2085218.jpg","width":796,"height":448,"caption":"Como Nanni Moretti em Querido Di\u00e1rio: Divina Com\u00e9dia"},{"@type":"BreadcrumbList","@id":"https:\/\/portaltela.pt\/noticias\/2026\/05\/01\/entre-o-diabo-veste-prada-e-a-divina-comedia-fazemos-a-nossa-escolha\/#breadcrumb","itemListElement":[{"@type":"ListItem","position":1,"name":"In\u00edcio","item":"https:\/\/portaltela.pt\/"},{"@type":"ListItem","position":2,"name":"Entre O Diabo Veste Prada e a Divina Com\u00e9dia fazemos a nossa escolha"}]},{"@type":"WebSite","@id":"https:\/\/portaltela.pt\/#website","url":"https:\/\/portaltela.pt\/","name":"Portal Tela Portugal","description":"","potentialAction":[{"@type":"SearchAction","target":{"@type":"EntryPoint","urlTemplate":"https:\/\/portaltela.pt\/?s={search_term_string}"},"query-input":{"@type":"PropertyValueSpecification","valueRequired":true,"valueName":"search_term_string"}}],"inLanguage":"pt-PT"},{"@type":"Person","@id":"https:\/\/portaltela.pt\/#\/schema\/person\/c4278d4a6028830caff9ee44b42d32ed","name":"Telinha","image":{"@type":"ImageObject","inLanguage":"pt-PT","@id":"https:\/\/portaltela.pt\/s.01k8rhncp4jt1\/2025\/11\/talking-bot-125x125.png","url":"https:\/\/portaltela.pt\/s.01k8rhncp4jt1\/2025\/11\/talking-bot-125x125.png","contentUrl":"https:\/\/portaltela.pt\/s.01k8rhncp4jt1\/2025\/11\/talking-bot-125x125.png","caption":"Telinha"},"sameAs":["https:\/\/portaltela.pt\/"],"url":"https:\/\/portaltela.pt\/por\/367410592786\/"}]}},"_links":{"self":[{"href":"https:\/\/portaltela.pt\/api\/wp\/v2\/posts\/463671","targetHints":{"allow":["GET"]}}],"collection":[{"href":"https:\/\/portaltela.pt\/api\/wp\/v2\/posts"}],"about":[{"href":"https:\/\/portaltela.pt\/api\/wp\/v2\/types\/post"}],"author":[{"embeddable":true,"href":"https:\/\/portaltela.pt\/api\/wp\/v2\/users\/2"}],"replies":[{"embeddable":true,"href":"https:\/\/portaltela.pt\/api\/wp\/v2\/comments?post=463671"}],"version-history":[{"count":0,"href":"https:\/\/portaltela.pt\/api\/wp\/v2\/posts\/463671\/revisions"}],"wp:featuredmedia":[{"embeddable":true,"href":"https:\/\/portaltela.pt\/api\/wp\/v2\/media\/463673"}],"wp:attachment":[{"href":"https:\/\/portaltela.pt\/api\/wp\/v2\/media?parent=463671"}],"wp:term":[{"taxonomy":"category","embeddable":true,"href":"https:\/\/portaltela.pt\/api\/wp\/v2\/categories?post=463671"},{"taxonomy":"post_tag","embeddable":true,"href":"https:\/\/portaltela.pt\/api\/wp\/v2\/tags?post=463671"}],"curies":[{"name":"wp","href":"https:\/\/api.w.org\/{rel}","templated":true}]}}