{"id":463670,"date":"2026-05-01T07:47:53","date_gmt":"2026-05-01T10:47:53","guid":{"rendered":"https:\/\/portaltela.pt\/noticias\/2026\/05\/01\/gilberto-gil-apresenta-amor-azul-no-coliseu-dos-recreios-em-outubro\/"},"modified":"2026-05-01T07:47:53","modified_gmt":"2026-05-01T10:47:53","slug":"gilberto-gil-apresenta-amor-azul-no-coliseu-dos-recreios-em-outubro","status":"publish","type":"post","link":"https:\/\/portaltela.pt\/musica\/2026\/05\/01\/gilberto-gil-apresenta-amor-azul-no-coliseu-dos-recreios-em-outubro\/","title":{"rendered":"Gilberto Gil apresenta Amor Azul no Coliseu dos Recreios em Outubro"},"content":{"rendered":"<p>Gilberto Gil vai apresentar o espet\u00e1culo Amor Azul no Coliseu dos Recreios, em Lisboa, no dia 10 de Outubro. A produ\u00e7\u00e3o foi anunciada pela promotora Grupo Chiado. A pe\u00e7a \u00e9 descrita como uma \u00f3pera-can\u00e7\u00e3o em dois atos, que funde m\u00fasica popular brasileira com canto l\u00edrico.<\/p>\n<p>A obra foi concebida com o maestro Aldo Brizzi e tem por base o poema cl\u00e1ssico indiano Gita Govinda. Em Salvador, a r\u00e9cita contou com os N\u00facleos Estaduais de Orquestras Juvenis e Infantis da Bahia, que destacaram 40 m\u00fasicas in\u00e9ditas a retratar o amor entre Krishna e Radha.<\/p>\n<p>Para a apresenta\u00e7\u00e3o lisboeta, Gilberto Gil ser\u00e1 acompanhado pelo N\u00facleo de \u00d3pera da Bahia, pela Lisbon International Symphony Orchestra e pelo Coro Phydellius, sob a dire\u00e7\u00e3o de Aldo Brizzi. O elenco inclui ainda m\u00fasicos de percuss\u00e3o e violonistas.<\/p>\n<p>Amor Azul estreou em Paris, em 2022, numa vers\u00e3o concerto com a Orquestra Filarm\u00f3nica da R\u00e1dio Fran\u00e7a. A produ\u00e7\u00e3o teve transmiss\u00e3o pela RTP2 em 2023 e est\u00e1 dispon\u00edvel na RTP Palco. Em Portugal, o espet\u00e1culo sucede a uma digress\u00e3o europeia de Gil.<\/p>\n<p>Antes de Lisboa, o artista tem recital marcado a 8 de Julho no festival CoolJazz, em Cascais, no Hip\u00f3dromo Manuel Possolo. Em Abril, atuou no Coliseu do Porto, numa digress\u00e3o pela Europa, acompanhado pelos filhos e netos.<\/p>\n<p>Gilberto Gil, hoje com 83 anos, soma mais de seis d\u00e9cadas de carreira, marcadas pela tradi\u00e7\u00e3o e pela inova\u00e7\u00e3o. Um dos nomes mais reconhecidos da cultura brasileira em todo o mundo, foi ministro da Cultura entre 2003 e 2008 e \u00e9 membro da Academia Brasileira de Letras desde 2021.<\/p>\n","protected":false},"excerpt":{"rendered":"<ul>\n<li>Gilberto Gil apresenta o espect\u00e1culo Amor Azul no Coliseu dos Recreios, em Lisboa, no dia 10 de Outubro.<\/li>\n<li>A obra, concebida com Aldo Brizzi a partir do poema Gita Govinda, \u00e9 descrita como uma \u00f3pera-can\u00e7\u00e3o em dois atos que funde m\u00fasica popular brasileira com canto l\u00edrico.<\/li>\n<li>Em Lisboa, Gilberto Gil ser\u00e1 acompanhado pelo N\u00facleo de \u00d3pera da Bahia, pela Lisbon International Symphony Orchestra e pelo Coro Phydellius, sob dire\u00e7\u00e3o de Aldo Brizzi.<\/li>\n<li>Amor Azul teve estreia em vers\u00e3o concerto em Paris, em Dezembro de 2022, com a Orquestra Filarm\u00f3nica da R\u00e1dio Fran\u00e7a.<\/li>\n<li>O artista, hoje com 83 anos, tem uma digress\u00e3o europeia, com atua\u00e7\u00e3o prevista em Cascais a 8 de Julho, ap\u00f3s concerto no Porto em Abril.<\/li>\n<\/ul>\n","protected":false},"author":2,"featured_media":463672,"comment_status":"closed","ping_status":"closed","sticky":false,"template":"","format":"standard","meta":{"footnotes":""},"categories":[6676],"tags":[5874,2547,145,981,122,1014],"class_list":["post-463670","post","type-post","status-publish","format-standard","has-post-thumbnail","hentry","category-musica","tag-bahia","tag-brasil","tag-cultura","tag-lisboa","tag-musica","tag-portugal"],"yoast_head":"<!-- This site is optimized with the Yoast SEO plugin v27.2 - https:\/\/yoast.com\/product\/yoast-seo-wordpress\/ -->\n<title>Gilberto Gil apresenta Amor Azul no Coliseu dos Recreios em Outubro - Portal Tela Portugal<\/title>\n<meta name=\"robots\" content=\"index, follow, max-snippet:-1, max-image-preview:large, max-video-preview:-1\" \/>\n<meta property=\"og:locale\" content=\"pt_PT\" \/>\n<meta property=\"og:type\" content=\"article\" \/>\n<meta property=\"og:title\" content=\"Gilberto Gil apresenta Amor Azul no Coliseu dos Recreios em Outubro - Portal Tela Portugal\" \/>\n<meta property=\"og:description\" content=\"Gilberto Gil apresenta o espect\u00e1culo Amor Azul no Coliseu dos Recreios, em Lisboa, no dia 10 de Outubro. A obra, concebida com Aldo Brizzi a partir do poema Gita Govinda, \u00e9 descrita como uma \u00f3pera-can\u00e7\u00e3o em dois atos que funde m\u00fasica popular brasileira com canto l\u00edrico. Em Lisboa, Gilberto Gil ser\u00e1 acompanhado pelo N\u00facleo de \u00d3pera da Bahia, pela Lisbon International Symphony Orchestra e pelo Coro Phydellius, sob dire\u00e7\u00e3o de Aldo Brizzi. Amor Azul teve estreia em vers\u00e3o concerto em Paris, em Dezembro de 2022, com a Orquestra Filarm\u00f3nica da R\u00e1dio Fran\u00e7a. O artista, hoje com 83 anos, tem uma digress\u00e3o europeia, com atua\u00e7\u00e3o prevista em Cascais a 8 de Julho, ap\u00f3s concerto no Porto em Abril.\" \/>\n<meta property=\"og:url\" content=\"https:\/\/portaltela.pt\/noticias\/2026\/05\/01\/gilberto-gil-apresenta-amor-azul-no-coliseu-dos-recreios-em-outubro\/\" \/>\n<meta property=\"og:site_name\" content=\"Portal Tela Portugal\" \/>\n<meta property=\"article:published_time\" content=\"2026-05-01T10:47:53+00:00\" \/>\n<meta name=\"author\" content=\"Telinha\" \/>\n<meta name=\"twitter:card\" content=\"summary_large_image\" \/>\n<meta name=\"twitter:label1\" content=\"Escrito por\" \/>\n\t<meta name=\"twitter:data1\" content=\"Telinha\" \/>\n\t<meta name=\"twitter:label2\" content=\"Tempo estimado de leitura\" \/>\n\t<meta name=\"twitter:data2\" content=\"1 minuto\" \/>\n<script type=\"application\/ld+json\" class=\"yoast-schema-graph\">{\"@context\":\"https:\/\/schema.org\",\"@graph\":[{\"@type\":\"Article\",\"@id\":\"https:\/\/portaltela.pt\/noticias\/2026\/05\/01\/gilberto-gil-apresenta-amor-azul-no-coliseu-dos-recreios-em-outubro\/#article\",\"isPartOf\":{\"@id\":\"https:\/\/portaltela.pt\/noticias\/2026\/05\/01\/gilberto-gil-apresenta-amor-azul-no-coliseu-dos-recreios-em-outubro\/\"},\"author\":{\"name\":\"Telinha\",\"@id\":\"https:\/\/portaltela.pt\/#\/schema\/person\/c4278d4a6028830caff9ee44b42d32ed\"},\"headline\":\"Gilberto Gil apresenta Amor Azul no Coliseu dos Recreios em Outubro\",\"datePublished\":\"2026-05-01T10:47:53+00:00\",\"mainEntityOfPage\":{\"@id\":\"https:\/\/portaltela.pt\/noticias\/2026\/05\/01\/gilberto-gil-apresenta-amor-azul-no-coliseu-dos-recreios-em-outubro\/\"},\"wordCount\":289,\"image\":{\"@id\":\"https:\/\/portaltela.pt\/noticias\/2026\/05\/01\/gilberto-gil-apresenta-amor-azul-no-coliseu-dos-recreios-em-outubro\/#primaryimage\"},\"thumbnailUrl\":\"https:\/\/portaltela.pt\/s.01k8rhncp4jt1\/2026\/05\/2085444.jpg\",\"keywords\":[\"Bahia\",\"Brasil\",\"cultura\",\"Lisboa\",\"m\u00fasica\",\"Portugal\"],\"articleSection\":[\"M\u00fasica\"],\"inLanguage\":\"pt-PT\"},{\"@type\":\"WebPage\",\"@id\":\"https:\/\/portaltela.pt\/noticias\/2026\/05\/01\/gilberto-gil-apresenta-amor-azul-no-coliseu-dos-recreios-em-outubro\/\",\"url\":\"https:\/\/portaltela.pt\/noticias\/2026\/05\/01\/gilberto-gil-apresenta-amor-azul-no-coliseu-dos-recreios-em-outubro\/\",\"name\":\"Gilberto Gil apresenta Amor Azul no Coliseu dos Recreios em Outubro - Portal Tela Portugal\",\"isPartOf\":{\"@id\":\"https:\/\/portaltela.pt\/#website\"},\"primaryImageOfPage\":{\"@id\":\"https:\/\/portaltela.pt\/noticias\/2026\/05\/01\/gilberto-gil-apresenta-amor-azul-no-coliseu-dos-recreios-em-outubro\/#primaryimage\"},\"image\":{\"@id\":\"https:\/\/portaltela.pt\/noticias\/2026\/05\/01\/gilberto-gil-apresenta-amor-azul-no-coliseu-dos-recreios-em-outubro\/#primaryimage\"},\"thumbnailUrl\":\"https:\/\/portaltela.pt\/s.01k8rhncp4jt1\/2026\/05\/2085444.jpg\",\"datePublished\":\"2026-05-01T10:47:53+00:00\",\"author\":{\"@id\":\"https:\/\/portaltela.pt\/#\/schema\/person\/c4278d4a6028830caff9ee44b42d32ed\"},\"breadcrumb\":{\"@id\":\"https:\/\/portaltela.pt\/noticias\/2026\/05\/01\/gilberto-gil-apresenta-amor-azul-no-coliseu-dos-recreios-em-outubro\/#breadcrumb\"},\"inLanguage\":\"pt-PT\",\"potentialAction\":[{\"@type\":\"ReadAction\",\"target\":[\"https:\/\/portaltela.pt\/noticias\/2026\/05\/01\/gilberto-gil-apresenta-amor-azul-no-coliseu-dos-recreios-em-outubro\/\"]}]},{\"@type\":\"ImageObject\",\"inLanguage\":\"pt-PT\",\"@id\":\"https:\/\/portaltela.pt\/noticias\/2026\/05\/01\/gilberto-gil-apresenta-amor-azul-no-coliseu-dos-recreios-em-outubro\/#primaryimage\",\"url\":\"https:\/\/portaltela.pt\/s.01k8rhncp4jt1\/2026\/05\/2085444.jpg\",\"contentUrl\":\"https:\/\/portaltela.pt\/s.01k8rhncp4jt1\/2026\/05\/2085444.jpg\",\"width\":796,\"height\":448,\"caption\":\"Gilberto Gil em 2016 no Coliseu do Porto, num concerto com Caetano Veloso\"},{\"@type\":\"BreadcrumbList\",\"@id\":\"https:\/\/portaltela.pt\/noticias\/2026\/05\/01\/gilberto-gil-apresenta-amor-azul-no-coliseu-dos-recreios-em-outubro\/#breadcrumb\",\"itemListElement\":[{\"@type\":\"ListItem\",\"position\":1,\"name\":\"In\u00edcio\",\"item\":\"https:\/\/portaltela.pt\/\"},{\"@type\":\"ListItem\",\"position\":2,\"name\":\"Gilberto Gil apresenta Amor Azul no Coliseu dos Recreios em Outubro\"}]},{\"@type\":\"WebSite\",\"@id\":\"https:\/\/portaltela.pt\/#website\",\"url\":\"https:\/\/portaltela.pt\/\",\"name\":\"Portal Tela Portugal\",\"description\":\"\",\"potentialAction\":[{\"@type\":\"SearchAction\",\"target\":{\"@type\":\"EntryPoint\",\"urlTemplate\":\"https:\/\/portaltela.pt\/?s={search_term_string}\"},\"query-input\":{\"@type\":\"PropertyValueSpecification\",\"valueRequired\":true,\"valueName\":\"search_term_string\"}}],\"inLanguage\":\"pt-PT\"},{\"@type\":\"Person\",\"@id\":\"https:\/\/portaltela.pt\/#\/schema\/person\/c4278d4a6028830caff9ee44b42d32ed\",\"name\":\"Telinha\",\"image\":{\"@type\":\"ImageObject\",\"inLanguage\":\"pt-PT\",\"@id\":\"https:\/\/portaltela.pt\/s.01k8rhncp4jt1\/2025\/11\/talking-bot-125x125.png\",\"url\":\"https:\/\/portaltela.pt\/s.01k8rhncp4jt1\/2025\/11\/talking-bot-125x125.png\",\"contentUrl\":\"https:\/\/portaltela.pt\/s.01k8rhncp4jt1\/2025\/11\/talking-bot-125x125.png\",\"caption\":\"Telinha\"},\"sameAs\":[\"https:\/\/portaltela.pt\/\"],\"url\":\"https:\/\/portaltela.pt\/por\/367410592786\/\"}]}<\/script>\n<!-- \/ Yoast SEO plugin. -->","yoast_head_json":{"title":"Gilberto Gil apresenta Amor Azul no Coliseu dos Recreios em Outubro - Portal Tela Portugal","robots":{"index":"index","follow":"follow","max-snippet":"max-snippet:-1","max-image-preview":"max-image-preview:large","max-video-preview":"max-video-preview:-1"},"og_locale":"pt_PT","og_type":"article","og_title":"Gilberto Gil apresenta Amor Azul no Coliseu dos Recreios em Outubro - Portal Tela Portugal","og_description":"Gilberto Gil apresenta o espect\u00e1culo Amor Azul no Coliseu dos Recreios, em Lisboa, no dia 10 de Outubro. A obra, concebida com Aldo Brizzi a partir do poema Gita Govinda, \u00e9 descrita como uma \u00f3pera-can\u00e7\u00e3o em dois atos que funde m\u00fasica popular brasileira com canto l\u00edrico. Em Lisboa, Gilberto Gil ser\u00e1 acompanhado pelo N\u00facleo de \u00d3pera da Bahia, pela Lisbon International Symphony Orchestra e pelo Coro Phydellius, sob dire\u00e7\u00e3o de Aldo Brizzi. Amor Azul teve estreia em vers\u00e3o concerto em Paris, em Dezembro de 2022, com a Orquestra Filarm\u00f3nica da R\u00e1dio Fran\u00e7a. O artista, hoje com 83 anos, tem uma digress\u00e3o europeia, com atua\u00e7\u00e3o prevista em Cascais a 8 de Julho, ap\u00f3s concerto no Porto em Abril.","og_url":"https:\/\/portaltela.pt\/noticias\/2026\/05\/01\/gilberto-gil-apresenta-amor-azul-no-coliseu-dos-recreios-em-outubro\/","og_site_name":"Portal Tela Portugal","article_published_time":"2026-05-01T10:47:53+00:00","author":"Telinha","twitter_card":"summary_large_image","twitter_misc":{"Escrito por":"Telinha","Tempo estimado de leitura":"1 minuto"},"schema":{"@context":"https:\/\/schema.org","@graph":[{"@type":"Article","@id":"https:\/\/portaltela.pt\/noticias\/2026\/05\/01\/gilberto-gil-apresenta-amor-azul-no-coliseu-dos-recreios-em-outubro\/#article","isPartOf":{"@id":"https:\/\/portaltela.pt\/noticias\/2026\/05\/01\/gilberto-gil-apresenta-amor-azul-no-coliseu-dos-recreios-em-outubro\/"},"author":{"name":"Telinha","@id":"https:\/\/portaltela.pt\/#\/schema\/person\/c4278d4a6028830caff9ee44b42d32ed"},"headline":"Gilberto Gil apresenta Amor Azul no Coliseu dos Recreios em Outubro","datePublished":"2026-05-01T10:47:53+00:00","mainEntityOfPage":{"@id":"https:\/\/portaltela.pt\/noticias\/2026\/05\/01\/gilberto-gil-apresenta-amor-azul-no-coliseu-dos-recreios-em-outubro\/"},"wordCount":289,"image":{"@id":"https:\/\/portaltela.pt\/noticias\/2026\/05\/01\/gilberto-gil-apresenta-amor-azul-no-coliseu-dos-recreios-em-outubro\/#primaryimage"},"thumbnailUrl":"https:\/\/portaltela.pt\/s.01k8rhncp4jt1\/2026\/05\/2085444.jpg","keywords":["Bahia","Brasil","cultura","Lisboa","m\u00fasica","Portugal"],"articleSection":["M\u00fasica"],"inLanguage":"pt-PT"},{"@type":"WebPage","@id":"https:\/\/portaltela.pt\/noticias\/2026\/05\/01\/gilberto-gil-apresenta-amor-azul-no-coliseu-dos-recreios-em-outubro\/","url":"https:\/\/portaltela.pt\/noticias\/2026\/05\/01\/gilberto-gil-apresenta-amor-azul-no-coliseu-dos-recreios-em-outubro\/","name":"Gilberto Gil apresenta Amor Azul no Coliseu dos Recreios em Outubro - Portal Tela Portugal","isPartOf":{"@id":"https:\/\/portaltela.pt\/#website"},"primaryImageOfPage":{"@id":"https:\/\/portaltela.pt\/noticias\/2026\/05\/01\/gilberto-gil-apresenta-amor-azul-no-coliseu-dos-recreios-em-outubro\/#primaryimage"},"image":{"@id":"https:\/\/portaltela.pt\/noticias\/2026\/05\/01\/gilberto-gil-apresenta-amor-azul-no-coliseu-dos-recreios-em-outubro\/#primaryimage"},"thumbnailUrl":"https:\/\/portaltela.pt\/s.01k8rhncp4jt1\/2026\/05\/2085444.jpg","datePublished":"2026-05-01T10:47:53+00:00","author":{"@id":"https:\/\/portaltela.pt\/#\/schema\/person\/c4278d4a6028830caff9ee44b42d32ed"},"breadcrumb":{"@id":"https:\/\/portaltela.pt\/noticias\/2026\/05\/01\/gilberto-gil-apresenta-amor-azul-no-coliseu-dos-recreios-em-outubro\/#breadcrumb"},"inLanguage":"pt-PT","potentialAction":[{"@type":"ReadAction","target":["https:\/\/portaltela.pt\/noticias\/2026\/05\/01\/gilberto-gil-apresenta-amor-azul-no-coliseu-dos-recreios-em-outubro\/"]}]},{"@type":"ImageObject","inLanguage":"pt-PT","@id":"https:\/\/portaltela.pt\/noticias\/2026\/05\/01\/gilberto-gil-apresenta-amor-azul-no-coliseu-dos-recreios-em-outubro\/#primaryimage","url":"https:\/\/portaltela.pt\/s.01k8rhncp4jt1\/2026\/05\/2085444.jpg","contentUrl":"https:\/\/portaltela.pt\/s.01k8rhncp4jt1\/2026\/05\/2085444.jpg","width":796,"height":448,"caption":"Gilberto Gil em 2016 no Coliseu do Porto, num concerto com Caetano Veloso"},{"@type":"BreadcrumbList","@id":"https:\/\/portaltela.pt\/noticias\/2026\/05\/01\/gilberto-gil-apresenta-amor-azul-no-coliseu-dos-recreios-em-outubro\/#breadcrumb","itemListElement":[{"@type":"ListItem","position":1,"name":"In\u00edcio","item":"https:\/\/portaltela.pt\/"},{"@type":"ListItem","position":2,"name":"Gilberto Gil apresenta Amor Azul no Coliseu dos Recreios em Outubro"}]},{"@type":"WebSite","@id":"https:\/\/portaltela.pt\/#website","url":"https:\/\/portaltela.pt\/","name":"Portal Tela Portugal","description":"","potentialAction":[{"@type":"SearchAction","target":{"@type":"EntryPoint","urlTemplate":"https:\/\/portaltela.pt\/?s={search_term_string}"},"query-input":{"@type":"PropertyValueSpecification","valueRequired":true,"valueName":"search_term_string"}}],"inLanguage":"pt-PT"},{"@type":"Person","@id":"https:\/\/portaltela.pt\/#\/schema\/person\/c4278d4a6028830caff9ee44b42d32ed","name":"Telinha","image":{"@type":"ImageObject","inLanguage":"pt-PT","@id":"https:\/\/portaltela.pt\/s.01k8rhncp4jt1\/2025\/11\/talking-bot-125x125.png","url":"https:\/\/portaltela.pt\/s.01k8rhncp4jt1\/2025\/11\/talking-bot-125x125.png","contentUrl":"https:\/\/portaltela.pt\/s.01k8rhncp4jt1\/2025\/11\/talking-bot-125x125.png","caption":"Telinha"},"sameAs":["https:\/\/portaltela.pt\/"],"url":"https:\/\/portaltela.pt\/por\/367410592786\/"}]}},"_links":{"self":[{"href":"https:\/\/portaltela.pt\/api\/wp\/v2\/posts\/463670","targetHints":{"allow":["GET"]}}],"collection":[{"href":"https:\/\/portaltela.pt\/api\/wp\/v2\/posts"}],"about":[{"href":"https:\/\/portaltela.pt\/api\/wp\/v2\/types\/post"}],"author":[{"embeddable":true,"href":"https:\/\/portaltela.pt\/api\/wp\/v2\/users\/2"}],"replies":[{"embeddable":true,"href":"https:\/\/portaltela.pt\/api\/wp\/v2\/comments?post=463670"}],"version-history":[{"count":0,"href":"https:\/\/portaltela.pt\/api\/wp\/v2\/posts\/463670\/revisions"}],"wp:featuredmedia":[{"embeddable":true,"href":"https:\/\/portaltela.pt\/api\/wp\/v2\/media\/463672"}],"wp:attachment":[{"href":"https:\/\/portaltela.pt\/api\/wp\/v2\/media?parent=463670"}],"wp:term":[{"taxonomy":"category","embeddable":true,"href":"https:\/\/portaltela.pt\/api\/wp\/v2\/categories?post=463670"},{"taxonomy":"post_tag","embeddable":true,"href":"https:\/\/portaltela.pt\/api\/wp\/v2\/tags?post=463670"}],"curies":[{"name":"wp","href":"https:\/\/api.w.org\/{rel}","templated":true}]}}