{"id":463668,"date":"2026-05-01T07:47:48","date_gmt":"2026-05-01T10:47:48","guid":{"rendered":"https:\/\/portaltela.pt\/noticias\/2026\/05\/01\/georg-trakl-o-esplendor-obscuro-da-queda\/"},"modified":"2026-05-01T07:47:48","modified_gmt":"2026-05-01T10:47:48","slug":"georg-trakl-o-esplendor-obscuro-da-queda","status":"publish","type":"post","link":"https:\/\/portaltela.pt\/noticias\/2026\/05\/01\/georg-trakl-o-esplendor-obscuro-da-queda\/","title":{"rendered":"Georg Trakl: o esplendor obscuro da queda"},"content":{"rendered":"<p>Georg Trakl, o esplendor obscuro da queda, chega ao p\u00fablico em vers\u00e3o integral, destacando o papel central do poeta austr\u00edaco na poesia moderna. A edi\u00e7\u00e3o em destaque permite acompanhar a evolu\u00e7\u00e3o de uma obra que atravessa a paisagem liter\u00e1ria com um tom espectral e decisivo.<\/p>\n<p>Historicamente, o percurso editorial em Portugal incluiu uma edi\u00e7\u00e3o parcelar realizada por Paulo Quintela, em 1981, que reuniu partes de Poemas. Avan\u00e7ou com a antologia de Jo\u00e3o Barrento, Outono Transfigurado, em 1992, e com a edi\u00e7\u00e3o de Poemas, de Trakl, assinada por Ant\u00f3nio de Castro Caeiro para Abysmo, em 2019.<\/p>\n<p>Ao longo dos anos, Barrento tamb\u00e9m contribuiu para o repert\u00f3rio cr\u00edtico com Expressionismo Alem\u00e3o: antologia po\u00e9tica (\u00c1tica, 1975) e, mais tarde, A Alma e o Caos, 100 Poemas Expressionistas (Rel\u00f3gio d\u2019\u00c1gua, 2001), ampliando o enquadramento da obra de Trakl no contexto expressionista. O conjunto de publica\u00e7\u00f5es moldou a rece\u00e7\u00e3o cr\u00edtica em Portugal.<\/p>\n<h3>Novo marco editorial<\/h3>\n<p>Nesta edi\u00e7\u00e3o integral, a poesia de Georg Trakl \u00e9 apresentada na \u00edntegra, reunindo o conjunto de textos que o autor publicou em vida e em desdobramentos p\u00f3stumos. O lan\u00e7amento marca uma etapa cr\u00edtica para entender os caminhos que conduziram \u00e0 explos\u00e3o modernista na poesia europeia.<\/p>\n<p>A edi\u00e7\u00e3o consolidada confirma a relev\u00e2ncia de Trakl para a compreens\u00e3o de temas de identidade, crise e paisagem, presentes na sua produ\u00e7\u00e3o. A leitura conjunta permite confrontar a evolu\u00e7\u00e3o do estilo, da linguagem e das imagens que definem a assinatura po\u00e9tica do autor.<\/p>\n","protected":false},"excerpt":{"rendered":"<ul>\n<li>Georg Trakl tem reconhecimento nos cat\u00e1logos nacionais, com edi\u00e7\u00f5es hist\u00f3ricas ao longo das d\u00e9cadas.<\/li>\n<li>A edi\u00e7\u00e3o parcelar de Paulo Quintela (Poemas, O Oiro do Dia, 1981) abriu o caminho para a compreens\u00e3o da obra.<\/li>\n<li>Jo\u00e3o Barrento publicou a antologia *Outono Transfigurado* (Ass\u00edrio &amp; Alvim, 1992), consolidando a integra\u00e7\u00e3o da poesia de Trakl no panorama portugu\u00eas.<\/li>\n<li>Ant\u00f3nio de Castro Caeiro lan\u00e7ou, em 2019, uma edi\u00e7\u00e3o do primeiro livro de Trakl, *Poemas* (Abysmo), a edi\u00e7\u00e3o completa mais recente.<\/li>\n<li>Chega agora a primeira edi\u00e7\u00e3o da poesia completa de Georg Trakl, considerado fundamental para entender o desenvolvimento rumo ao modernismo.<\/li>\n<\/ul>\n","protected":false},"author":2,"featured_media":463669,"comment_status":"closed","ping_status":"closed","sticky":false,"template":"","format":"standard","meta":{"footnotes":""},"categories":[7375,1],"tags":[145,10100,10098,106,5553,1014],"class_list":["post-463668","post","type-post","status-publish","format-standard","has-post-thumbnail","hentry","category-cultura","category-noticias","tag-cultura","tag-editores","tag-expressionismo-alemao-antologia-poetica","tag-literatura","tag-poesia","tag-portugal"],"yoast_head":"<!-- This site is optimized with the Yoast SEO plugin v27.2 - https:\/\/yoast.com\/product\/yoast-seo-wordpress\/ -->\n<title>Georg Trakl: o esplendor obscuro da queda - Portal Tela Portugal<\/title>\n<meta name=\"robots\" content=\"index, follow, max-snippet:-1, max-image-preview:large, max-video-preview:-1\" \/>\n<meta property=\"og:locale\" content=\"pt_PT\" \/>\n<meta property=\"og:type\" content=\"article\" \/>\n<meta property=\"og:title\" content=\"Georg Trakl: o esplendor obscuro da queda - Portal Tela Portugal\" \/>\n<meta property=\"og:description\" content=\"Georg Trakl tem reconhecimento nos cat\u00e1logos nacionais, com edi\u00e7\u00f5es hist\u00f3ricas ao longo das d\u00e9cadas. A edi\u00e7\u00e3o parcelar de Paulo Quintela (Poemas, O Oiro do Dia, 1981) abriu o caminho para a compreens\u00e3o da obra. Jo\u00e3o Barrento publicou a antologia *Outono Transfigurado* (Ass\u00edrio &amp; Alvim, 1992), consolidando a integra\u00e7\u00e3o da poesia de Trakl no panorama portugu\u00eas. Ant\u00f3nio de Castro Caeiro lan\u00e7ou, em 2019, uma edi\u00e7\u00e3o do primeiro livro de Trakl, *Poemas* (Abysmo), a edi\u00e7\u00e3o completa mais recente. Chega agora a primeira edi\u00e7\u00e3o da poesia completa de Georg Trakl, considerado fundamental para entender o desenvolvimento rumo ao modernismo.\" \/>\n<meta property=\"og:url\" content=\"https:\/\/portaltela.pt\/noticias\/2026\/05\/01\/georg-trakl-o-esplendor-obscuro-da-queda\/\" \/>\n<meta property=\"og:site_name\" content=\"Portal Tela Portugal\" \/>\n<meta property=\"article:published_time\" content=\"2026-05-01T10:47:48+00:00\" \/>\n<meta name=\"author\" content=\"Telinha\" \/>\n<meta name=\"twitter:card\" content=\"summary_large_image\" \/>\n<meta name=\"twitter:label1\" content=\"Escrito por\" \/>\n\t<meta name=\"twitter:data1\" content=\"Telinha\" \/>\n\t<meta name=\"twitter:label2\" content=\"Tempo estimado de leitura\" \/>\n\t<meta name=\"twitter:data2\" content=\"1 minuto\" \/>\n<script type=\"application\/ld+json\" class=\"yoast-schema-graph\">{\"@context\":\"https:\/\/schema.org\",\"@graph\":[{\"@type\":\"Article\",\"@id\":\"https:\/\/portaltela.pt\/noticias\/2026\/05\/01\/georg-trakl-o-esplendor-obscuro-da-queda\/#article\",\"isPartOf\":{\"@id\":\"https:\/\/portaltela.pt\/noticias\/2026\/05\/01\/georg-trakl-o-esplendor-obscuro-da-queda\/\"},\"author\":{\"name\":\"Telinha\",\"@id\":\"https:\/\/portaltela.pt\/#\/schema\/person\/c4278d4a6028830caff9ee44b42d32ed\"},\"headline\":\"Georg Trakl: o esplendor obscuro da queda\",\"datePublished\":\"2026-05-01T10:47:48+00:00\",\"mainEntityOfPage\":{\"@id\":\"https:\/\/portaltela.pt\/noticias\/2026\/05\/01\/georg-trakl-o-esplendor-obscuro-da-queda\/\"},\"wordCount\":269,\"image\":{\"@id\":\"https:\/\/portaltela.pt\/noticias\/2026\/05\/01\/georg-trakl-o-esplendor-obscuro-da-queda\/#primaryimage\"},\"thumbnailUrl\":\"https:\/\/portaltela.pt\/s.01k8rhncp4jt1\/2026\/05\/2084674.jpg\",\"keywords\":[\"cultura\",\"editores\",\"Expressionismo Alem\u00e3o: antologia po\u00e9tica\",\"literatura\",\"poesia\",\"Portugal\"],\"articleSection\":[\"Cultura\",\"Not\u00edcias\"],\"inLanguage\":\"pt-PT\"},{\"@type\":\"WebPage\",\"@id\":\"https:\/\/portaltela.pt\/noticias\/2026\/05\/01\/georg-trakl-o-esplendor-obscuro-da-queda\/\",\"url\":\"https:\/\/portaltela.pt\/noticias\/2026\/05\/01\/georg-trakl-o-esplendor-obscuro-da-queda\/\",\"name\":\"Georg Trakl: o esplendor obscuro da queda - Portal Tela Portugal\",\"isPartOf\":{\"@id\":\"https:\/\/portaltela.pt\/#website\"},\"primaryImageOfPage\":{\"@id\":\"https:\/\/portaltela.pt\/noticias\/2026\/05\/01\/georg-trakl-o-esplendor-obscuro-da-queda\/#primaryimage\"},\"image\":{\"@id\":\"https:\/\/portaltela.pt\/noticias\/2026\/05\/01\/georg-trakl-o-esplendor-obscuro-da-queda\/#primaryimage\"},\"thumbnailUrl\":\"https:\/\/portaltela.pt\/s.01k8rhncp4jt1\/2026\/05\/2084674.jpg\",\"datePublished\":\"2026-05-01T10:47:48+00:00\",\"author\":{\"@id\":\"https:\/\/portaltela.pt\/#\/schema\/person\/c4278d4a6028830caff9ee44b42d32ed\"},\"breadcrumb\":{\"@id\":\"https:\/\/portaltela.pt\/noticias\/2026\/05\/01\/georg-trakl-o-esplendor-obscuro-da-queda\/#breadcrumb\"},\"inLanguage\":\"pt-PT\",\"potentialAction\":[{\"@type\":\"ReadAction\",\"target\":[\"https:\/\/portaltela.pt\/noticias\/2026\/05\/01\/georg-trakl-o-esplendor-obscuro-da-queda\/\"]}]},{\"@type\":\"ImageObject\",\"inLanguage\":\"pt-PT\",\"@id\":\"https:\/\/portaltela.pt\/noticias\/2026\/05\/01\/georg-trakl-o-esplendor-obscuro-da-queda\/#primaryimage\",\"url\":\"https:\/\/portaltela.pt\/s.01k8rhncp4jt1\/2026\/05\/2084674.jpg\",\"contentUrl\":\"https:\/\/portaltela.pt\/s.01k8rhncp4jt1\/2026\/05\/2084674.jpg\",\"width\":796,\"height\":448,\"caption\":\"Georg Trakl, poeta verdadeiramente maldito\"},{\"@type\":\"BreadcrumbList\",\"@id\":\"https:\/\/portaltela.pt\/noticias\/2026\/05\/01\/georg-trakl-o-esplendor-obscuro-da-queda\/#breadcrumb\",\"itemListElement\":[{\"@type\":\"ListItem\",\"position\":1,\"name\":\"In\u00edcio\",\"item\":\"https:\/\/portaltela.pt\/\"},{\"@type\":\"ListItem\",\"position\":2,\"name\":\"Georg Trakl: o esplendor obscuro da queda\"}]},{\"@type\":\"WebSite\",\"@id\":\"https:\/\/portaltela.pt\/#website\",\"url\":\"https:\/\/portaltela.pt\/\",\"name\":\"Portal Tela Portugal\",\"description\":\"\",\"potentialAction\":[{\"@type\":\"SearchAction\",\"target\":{\"@type\":\"EntryPoint\",\"urlTemplate\":\"https:\/\/portaltela.pt\/?s={search_term_string}\"},\"query-input\":{\"@type\":\"PropertyValueSpecification\",\"valueRequired\":true,\"valueName\":\"search_term_string\"}}],\"inLanguage\":\"pt-PT\"},{\"@type\":\"Person\",\"@id\":\"https:\/\/portaltela.pt\/#\/schema\/person\/c4278d4a6028830caff9ee44b42d32ed\",\"name\":\"Telinha\",\"image\":{\"@type\":\"ImageObject\",\"inLanguage\":\"pt-PT\",\"@id\":\"https:\/\/portaltela.pt\/s.01k8rhncp4jt1\/2025\/11\/talking-bot-125x125.png\",\"url\":\"https:\/\/portaltela.pt\/s.01k8rhncp4jt1\/2025\/11\/talking-bot-125x125.png\",\"contentUrl\":\"https:\/\/portaltela.pt\/s.01k8rhncp4jt1\/2025\/11\/talking-bot-125x125.png\",\"caption\":\"Telinha\"},\"sameAs\":[\"https:\/\/portaltela.pt\/\"],\"url\":\"https:\/\/portaltela.pt\/por\/367410592786\/\"}]}<\/script>\n<!-- \/ Yoast SEO plugin. -->","yoast_head_json":{"title":"Georg Trakl: o esplendor obscuro da queda - Portal Tela Portugal","robots":{"index":"index","follow":"follow","max-snippet":"max-snippet:-1","max-image-preview":"max-image-preview:large","max-video-preview":"max-video-preview:-1"},"og_locale":"pt_PT","og_type":"article","og_title":"Georg Trakl: o esplendor obscuro da queda - Portal Tela Portugal","og_description":"Georg Trakl tem reconhecimento nos cat\u00e1logos nacionais, com edi\u00e7\u00f5es hist\u00f3ricas ao longo das d\u00e9cadas. A edi\u00e7\u00e3o parcelar de Paulo Quintela (Poemas, O Oiro do Dia, 1981) abriu o caminho para a compreens\u00e3o da obra. Jo\u00e3o Barrento publicou a antologia *Outono Transfigurado* (Ass\u00edrio &amp; Alvim, 1992), consolidando a integra\u00e7\u00e3o da poesia de Trakl no panorama portugu\u00eas. Ant\u00f3nio de Castro Caeiro lan\u00e7ou, em 2019, uma edi\u00e7\u00e3o do primeiro livro de Trakl, *Poemas* (Abysmo), a edi\u00e7\u00e3o completa mais recente. Chega agora a primeira edi\u00e7\u00e3o da poesia completa de Georg Trakl, considerado fundamental para entender o desenvolvimento rumo ao modernismo.","og_url":"https:\/\/portaltela.pt\/noticias\/2026\/05\/01\/georg-trakl-o-esplendor-obscuro-da-queda\/","og_site_name":"Portal Tela Portugal","article_published_time":"2026-05-01T10:47:48+00:00","author":"Telinha","twitter_card":"summary_large_image","twitter_misc":{"Escrito por":"Telinha","Tempo estimado de leitura":"1 minuto"},"schema":{"@context":"https:\/\/schema.org","@graph":[{"@type":"Article","@id":"https:\/\/portaltela.pt\/noticias\/2026\/05\/01\/georg-trakl-o-esplendor-obscuro-da-queda\/#article","isPartOf":{"@id":"https:\/\/portaltela.pt\/noticias\/2026\/05\/01\/georg-trakl-o-esplendor-obscuro-da-queda\/"},"author":{"name":"Telinha","@id":"https:\/\/portaltela.pt\/#\/schema\/person\/c4278d4a6028830caff9ee44b42d32ed"},"headline":"Georg Trakl: o esplendor obscuro da queda","datePublished":"2026-05-01T10:47:48+00:00","mainEntityOfPage":{"@id":"https:\/\/portaltela.pt\/noticias\/2026\/05\/01\/georg-trakl-o-esplendor-obscuro-da-queda\/"},"wordCount":269,"image":{"@id":"https:\/\/portaltela.pt\/noticias\/2026\/05\/01\/georg-trakl-o-esplendor-obscuro-da-queda\/#primaryimage"},"thumbnailUrl":"https:\/\/portaltela.pt\/s.01k8rhncp4jt1\/2026\/05\/2084674.jpg","keywords":["cultura","editores","Expressionismo Alem\u00e3o: antologia po\u00e9tica","literatura","poesia","Portugal"],"articleSection":["Cultura","Not\u00edcias"],"inLanguage":"pt-PT"},{"@type":"WebPage","@id":"https:\/\/portaltela.pt\/noticias\/2026\/05\/01\/georg-trakl-o-esplendor-obscuro-da-queda\/","url":"https:\/\/portaltela.pt\/noticias\/2026\/05\/01\/georg-trakl-o-esplendor-obscuro-da-queda\/","name":"Georg Trakl: o esplendor obscuro da queda - Portal Tela Portugal","isPartOf":{"@id":"https:\/\/portaltela.pt\/#website"},"primaryImageOfPage":{"@id":"https:\/\/portaltela.pt\/noticias\/2026\/05\/01\/georg-trakl-o-esplendor-obscuro-da-queda\/#primaryimage"},"image":{"@id":"https:\/\/portaltela.pt\/noticias\/2026\/05\/01\/georg-trakl-o-esplendor-obscuro-da-queda\/#primaryimage"},"thumbnailUrl":"https:\/\/portaltela.pt\/s.01k8rhncp4jt1\/2026\/05\/2084674.jpg","datePublished":"2026-05-01T10:47:48+00:00","author":{"@id":"https:\/\/portaltela.pt\/#\/schema\/person\/c4278d4a6028830caff9ee44b42d32ed"},"breadcrumb":{"@id":"https:\/\/portaltela.pt\/noticias\/2026\/05\/01\/georg-trakl-o-esplendor-obscuro-da-queda\/#breadcrumb"},"inLanguage":"pt-PT","potentialAction":[{"@type":"ReadAction","target":["https:\/\/portaltela.pt\/noticias\/2026\/05\/01\/georg-trakl-o-esplendor-obscuro-da-queda\/"]}]},{"@type":"ImageObject","inLanguage":"pt-PT","@id":"https:\/\/portaltela.pt\/noticias\/2026\/05\/01\/georg-trakl-o-esplendor-obscuro-da-queda\/#primaryimage","url":"https:\/\/portaltela.pt\/s.01k8rhncp4jt1\/2026\/05\/2084674.jpg","contentUrl":"https:\/\/portaltela.pt\/s.01k8rhncp4jt1\/2026\/05\/2084674.jpg","width":796,"height":448,"caption":"Georg Trakl, poeta verdadeiramente maldito"},{"@type":"BreadcrumbList","@id":"https:\/\/portaltela.pt\/noticias\/2026\/05\/01\/georg-trakl-o-esplendor-obscuro-da-queda\/#breadcrumb","itemListElement":[{"@type":"ListItem","position":1,"name":"In\u00edcio","item":"https:\/\/portaltela.pt\/"},{"@type":"ListItem","position":2,"name":"Georg Trakl: o esplendor obscuro da queda"}]},{"@type":"WebSite","@id":"https:\/\/portaltela.pt\/#website","url":"https:\/\/portaltela.pt\/","name":"Portal Tela Portugal","description":"","potentialAction":[{"@type":"SearchAction","target":{"@type":"EntryPoint","urlTemplate":"https:\/\/portaltela.pt\/?s={search_term_string}"},"query-input":{"@type":"PropertyValueSpecification","valueRequired":true,"valueName":"search_term_string"}}],"inLanguage":"pt-PT"},{"@type":"Person","@id":"https:\/\/portaltela.pt\/#\/schema\/person\/c4278d4a6028830caff9ee44b42d32ed","name":"Telinha","image":{"@type":"ImageObject","inLanguage":"pt-PT","@id":"https:\/\/portaltela.pt\/s.01k8rhncp4jt1\/2025\/11\/talking-bot-125x125.png","url":"https:\/\/portaltela.pt\/s.01k8rhncp4jt1\/2025\/11\/talking-bot-125x125.png","contentUrl":"https:\/\/portaltela.pt\/s.01k8rhncp4jt1\/2025\/11\/talking-bot-125x125.png","caption":"Telinha"},"sameAs":["https:\/\/portaltela.pt\/"],"url":"https:\/\/portaltela.pt\/por\/367410592786\/"}]}},"_links":{"self":[{"href":"https:\/\/portaltela.pt\/api\/wp\/v2\/posts\/463668","targetHints":{"allow":["GET"]}}],"collection":[{"href":"https:\/\/portaltela.pt\/api\/wp\/v2\/posts"}],"about":[{"href":"https:\/\/portaltela.pt\/api\/wp\/v2\/types\/post"}],"author":[{"embeddable":true,"href":"https:\/\/portaltela.pt\/api\/wp\/v2\/users\/2"}],"replies":[{"embeddable":true,"href":"https:\/\/portaltela.pt\/api\/wp\/v2\/comments?post=463668"}],"version-history":[{"count":0,"href":"https:\/\/portaltela.pt\/api\/wp\/v2\/posts\/463668\/revisions"}],"wp:featuredmedia":[{"embeddable":true,"href":"https:\/\/portaltela.pt\/api\/wp\/v2\/media\/463669"}],"wp:attachment":[{"href":"https:\/\/portaltela.pt\/api\/wp\/v2\/media?parent=463668"}],"wp:term":[{"taxonomy":"category","embeddable":true,"href":"https:\/\/portaltela.pt\/api\/wp\/v2\/categories?post=463668"},{"taxonomy":"post_tag","embeddable":true,"href":"https:\/\/portaltela.pt\/api\/wp\/v2\/tags?post=463668"}],"curies":[{"name":"wp","href":"https:\/\/api.w.org\/{rel}","templated":true}]}}