{"id":463664,"date":"2026-05-01T07:33:10","date_gmt":"2026-05-01T10:33:10","guid":{"rendered":"https:\/\/portaltela.pt\/noticias\/2026\/05\/01\/grupo-armado-com-faca-tenta-roubar-moto-a-vitima\/"},"modified":"2026-05-01T07:33:10","modified_gmt":"2026-05-01T10:33:10","slug":"grupo-armado-com-faca-tenta-roubar-moto-a-vitima","status":"publish","type":"post","link":"https:\/\/portaltela.pt\/policia\/2026\/05\/01\/grupo-armado-com-faca-tenta-roubar-moto-a-vitima\/","title":{"rendered":"Grupo armado com faca tenta roubar moto \u00e0 v\u00edtima"},"content":{"rendered":"<p>Um homem ficou gravemente ferido depois de ser empurrado por quatro suspeitos que o obrigaram a entregar a moto que conduzia. O assalto ocorreu na Reboleira, Amadora, por volta das 21h30 de quinta-feira, na Avenida D. Carlos I.<\/p>\n<p>Segundo a PSP, a v\u00edtima foi rodeada pelos quatro homens, dois deles com presen\u00e7a de arma branca. Um dos assaltantes empurrou o motociclista, causando ferimentos na m\u00e3o e no joelho. Os criminosos fugiram com a moto.<\/p>\n<p>A pol\u00edcia chegou rapidamente ao local e acionou apoio m\u00e9dico para o ferido. A patrulha conseguiu recuperar a moto roubada e deteve um dos autores numa art\u00e9ria adjacente. A investiga\u00e7\u00e3o prossegue para localizar os demais envolvidos.<\/p>\n<h3>Deten\u00e7\u00e3o e recupera\u00e7\u00e3o da moto<\/h3>\n<p>A autoridade policial informou que o homem detido j\u00e1 est\u00e1 identificado e dever\u00e1 ser sujeito a investiga\u00e7\u00e3o. A moto recuperada foi entregue \u00e0 v\u00edtima, que ainda recebe acompanhamento m\u00e9dico. N\u00e3o foram divulgados mais detalhes sobre o estado de sa\u00fade do ferido.<\/p>\n","protected":false},"excerpt":{"rendered":"<ul>\n<li>Quatro homens, com amea\u00e7a de faca, atacaram um homem na Reboleira, Amadora, por volta das 21h30 de quinta-feira, na Avenida D. Carlos I, e roubaram a moto.<\/li>\n<li>A v\u00edtima ficou com ferimentos graves na m\u00e3o e no joelho devido ao empurr\u00e3o.<\/li>\n<li>Os ladr\u00f5es fugiram com a moto.<\/li>\n<li>A PSP chegou ao local e pediu apoio m\u00e9dico para o ferido.<\/li>\n<li>A moto foi recuperada e um dos autores foi detido numa art\u00e9ria adjacente.<\/li>\n<\/ul>\n","protected":false},"author":2,"featured_media":463666,"comment_status":"closed","ping_status":"closed","sticky":false,"template":"","format":"standard","meta":{"footnotes":""},"categories":[6907,6781],"tags":[8022,8784,8041,8242,8273],"class_list":["post-463664","post","type-post","status-publish","format-standard","has-post-thumbnail","hentry","category-crime","category-policia","tag-_amadora","tag-_assalto","tag-_psp","tag-_roubo-agravado","tag-_violencia"],"yoast_head":"<!-- This site is optimized with the Yoast SEO plugin v27.2 - https:\/\/yoast.com\/product\/yoast-seo-wordpress\/ -->\n<title>Grupo armado com faca tenta roubar moto \u00e0 v\u00edtima - Portal Tela Portugal<\/title>\n<meta name=\"robots\" content=\"index, follow, max-snippet:-1, max-image-preview:large, max-video-preview:-1\" \/>\n<meta property=\"og:locale\" content=\"pt_PT\" \/>\n<meta property=\"og:type\" content=\"article\" \/>\n<meta property=\"og:title\" content=\"Grupo armado com faca tenta roubar moto \u00e0 v\u00edtima - Portal Tela Portugal\" \/>\n<meta property=\"og:description\" content=\"Quatro homens, com amea\u00e7a de faca, atacaram um homem na Reboleira, Amadora, por volta das 21h30 de quinta-feira, na Avenida D. Carlos I, e roubaram a moto. A v\u00edtima ficou com ferimentos graves na m\u00e3o e no joelho devido ao empurr\u00e3o. Os ladr\u00f5es fugiram com a moto. A PSP chegou ao local e pediu apoio m\u00e9dico para o ferido. A moto foi recuperada e um dos autores foi detido numa art\u00e9ria adjacente.\" \/>\n<meta property=\"og:url\" content=\"https:\/\/portaltela.pt\/noticias\/2026\/05\/01\/grupo-armado-com-faca-tenta-roubar-moto-a-vitima\/\" \/>\n<meta property=\"og:site_name\" content=\"Portal Tela Portugal\" \/>\n<meta property=\"article:published_time\" content=\"2026-05-01T10:33:10+00:00\" \/>\n<meta name=\"author\" content=\"Telinha\" \/>\n<meta name=\"twitter:card\" content=\"summary_large_image\" \/>\n<meta name=\"twitter:label1\" content=\"Escrito por\" \/>\n\t<meta name=\"twitter:data1\" content=\"Telinha\" \/>\n\t<meta name=\"twitter:label2\" content=\"Tempo estimado de leitura\" \/>\n\t<meta name=\"twitter:data2\" content=\"1 minuto\" \/>\n<script type=\"application\/ld+json\" class=\"yoast-schema-graph\">{\"@context\":\"https:\/\/schema.org\",\"@graph\":[{\"@type\":\"Article\",\"@id\":\"https:\/\/portaltela.pt\/noticias\/2026\/05\/01\/grupo-armado-com-faca-tenta-roubar-moto-a-vitima\/#article\",\"isPartOf\":{\"@id\":\"https:\/\/portaltela.pt\/noticias\/2026\/05\/01\/grupo-armado-com-faca-tenta-roubar-moto-a-vitima\/\"},\"author\":{\"name\":\"Telinha\",\"@id\":\"https:\/\/portaltela.pt\/#\/schema\/person\/c4278d4a6028830caff9ee44b42d32ed\"},\"headline\":\"Grupo armado com faca tenta roubar moto \u00e0 v\u00edtima\",\"datePublished\":\"2026-05-01T10:33:10+00:00\",\"mainEntityOfPage\":{\"@id\":\"https:\/\/portaltela.pt\/noticias\/2026\/05\/01\/grupo-armado-com-faca-tenta-roubar-moto-a-vitima\/\"},\"wordCount\":178,\"image\":{\"@id\":\"https:\/\/portaltela.pt\/noticias\/2026\/05\/01\/grupo-armado-com-faca-tenta-roubar-moto-a-vitima\/#primaryimage\"},\"thumbnailUrl\":\"https:\/\/portaltela.pt\/s.01k8rhncp4jt1\/2026\/05\/img_1280x721uu2026-04-28-13-38-29-2281015.jpg\",\"keywords\":[\"_Amadora\",\"_assalto\",\"_PSP\",\"_roubo agravado\",\"_viol\u00eancia\"],\"articleSection\":[\"Crime\",\"Pol\u00edcia\"],\"inLanguage\":\"pt-PT\"},{\"@type\":\"WebPage\",\"@id\":\"https:\/\/portaltela.pt\/noticias\/2026\/05\/01\/grupo-armado-com-faca-tenta-roubar-moto-a-vitima\/\",\"url\":\"https:\/\/portaltela.pt\/noticias\/2026\/05\/01\/grupo-armado-com-faca-tenta-roubar-moto-a-vitima\/\",\"name\":\"Grupo armado com faca tenta roubar moto \u00e0 v\u00edtima - Portal Tela Portugal\",\"isPartOf\":{\"@id\":\"https:\/\/portaltela.pt\/#website\"},\"primaryImageOfPage\":{\"@id\":\"https:\/\/portaltela.pt\/noticias\/2026\/05\/01\/grupo-armado-com-faca-tenta-roubar-moto-a-vitima\/#primaryimage\"},\"image\":{\"@id\":\"https:\/\/portaltela.pt\/noticias\/2026\/05\/01\/grupo-armado-com-faca-tenta-roubar-moto-a-vitima\/#primaryimage\"},\"thumbnailUrl\":\"https:\/\/portaltela.pt\/s.01k8rhncp4jt1\/2026\/05\/img_1280x721uu2026-04-28-13-38-29-2281015.jpg\",\"datePublished\":\"2026-05-01T10:33:10+00:00\",\"author\":{\"@id\":\"https:\/\/portaltela.pt\/#\/schema\/person\/c4278d4a6028830caff9ee44b42d32ed\"},\"breadcrumb\":{\"@id\":\"https:\/\/portaltela.pt\/noticias\/2026\/05\/01\/grupo-armado-com-faca-tenta-roubar-moto-a-vitima\/#breadcrumb\"},\"inLanguage\":\"pt-PT\",\"potentialAction\":[{\"@type\":\"ReadAction\",\"target\":[\"https:\/\/portaltela.pt\/noticias\/2026\/05\/01\/grupo-armado-com-faca-tenta-roubar-moto-a-vitima\/\"]}]},{\"@type\":\"ImageObject\",\"inLanguage\":\"pt-PT\",\"@id\":\"https:\/\/portaltela.pt\/noticias\/2026\/05\/01\/grupo-armado-com-faca-tenta-roubar-moto-a-vitima\/#primaryimage\",\"url\":\"https:\/\/portaltela.pt\/s.01k8rhncp4jt1\/2026\/05\/img_1280x721uu2026-04-28-13-38-29-2281015.jpg\",\"contentUrl\":\"https:\/\/portaltela.pt\/s.01k8rhncp4jt1\/2026\/05\/img_1280x721uu2026-04-28-13-38-29-2281015.jpg\",\"width\":796,\"height\":448,\"caption\":\"Um dos autores do roubo foi detido pela PSP\"},{\"@type\":\"BreadcrumbList\",\"@id\":\"https:\/\/portaltela.pt\/noticias\/2026\/05\/01\/grupo-armado-com-faca-tenta-roubar-moto-a-vitima\/#breadcrumb\",\"itemListElement\":[{\"@type\":\"ListItem\",\"position\":1,\"name\":\"In\u00edcio\",\"item\":\"https:\/\/portaltela.pt\/\"},{\"@type\":\"ListItem\",\"position\":2,\"name\":\"Grupo armado com faca tenta roubar moto \u00e0 v\u00edtima\"}]},{\"@type\":\"WebSite\",\"@id\":\"https:\/\/portaltela.pt\/#website\",\"url\":\"https:\/\/portaltela.pt\/\",\"name\":\"Portal Tela Portugal\",\"description\":\"\",\"potentialAction\":[{\"@type\":\"SearchAction\",\"target\":{\"@type\":\"EntryPoint\",\"urlTemplate\":\"https:\/\/portaltela.pt\/?s={search_term_string}\"},\"query-input\":{\"@type\":\"PropertyValueSpecification\",\"valueRequired\":true,\"valueName\":\"search_term_string\"}}],\"inLanguage\":\"pt-PT\"},{\"@type\":\"Person\",\"@id\":\"https:\/\/portaltela.pt\/#\/schema\/person\/c4278d4a6028830caff9ee44b42d32ed\",\"name\":\"Telinha\",\"image\":{\"@type\":\"ImageObject\",\"inLanguage\":\"pt-PT\",\"@id\":\"https:\/\/portaltela.pt\/s.01k8rhncp4jt1\/2025\/11\/talking-bot-125x125.png\",\"url\":\"https:\/\/portaltela.pt\/s.01k8rhncp4jt1\/2025\/11\/talking-bot-125x125.png\",\"contentUrl\":\"https:\/\/portaltela.pt\/s.01k8rhncp4jt1\/2025\/11\/talking-bot-125x125.png\",\"caption\":\"Telinha\"},\"sameAs\":[\"https:\/\/portaltela.pt\/\"],\"url\":\"https:\/\/portaltela.pt\/por\/367410592786\/\"}]}<\/script>\n<!-- \/ Yoast SEO plugin. -->","yoast_head_json":{"title":"Grupo armado com faca tenta roubar moto \u00e0 v\u00edtima - Portal Tela Portugal","robots":{"index":"index","follow":"follow","max-snippet":"max-snippet:-1","max-image-preview":"max-image-preview:large","max-video-preview":"max-video-preview:-1"},"og_locale":"pt_PT","og_type":"article","og_title":"Grupo armado com faca tenta roubar moto \u00e0 v\u00edtima - Portal Tela Portugal","og_description":"Quatro homens, com amea\u00e7a de faca, atacaram um homem na Reboleira, Amadora, por volta das 21h30 de quinta-feira, na Avenida D. Carlos I, e roubaram a moto. A v\u00edtima ficou com ferimentos graves na m\u00e3o e no joelho devido ao empurr\u00e3o. Os ladr\u00f5es fugiram com a moto. A PSP chegou ao local e pediu apoio m\u00e9dico para o ferido. A moto foi recuperada e um dos autores foi detido numa art\u00e9ria adjacente.","og_url":"https:\/\/portaltela.pt\/noticias\/2026\/05\/01\/grupo-armado-com-faca-tenta-roubar-moto-a-vitima\/","og_site_name":"Portal Tela Portugal","article_published_time":"2026-05-01T10:33:10+00:00","author":"Telinha","twitter_card":"summary_large_image","twitter_misc":{"Escrito por":"Telinha","Tempo estimado de leitura":"1 minuto"},"schema":{"@context":"https:\/\/schema.org","@graph":[{"@type":"Article","@id":"https:\/\/portaltela.pt\/noticias\/2026\/05\/01\/grupo-armado-com-faca-tenta-roubar-moto-a-vitima\/#article","isPartOf":{"@id":"https:\/\/portaltela.pt\/noticias\/2026\/05\/01\/grupo-armado-com-faca-tenta-roubar-moto-a-vitima\/"},"author":{"name":"Telinha","@id":"https:\/\/portaltela.pt\/#\/schema\/person\/c4278d4a6028830caff9ee44b42d32ed"},"headline":"Grupo armado com faca tenta roubar moto \u00e0 v\u00edtima","datePublished":"2026-05-01T10:33:10+00:00","mainEntityOfPage":{"@id":"https:\/\/portaltela.pt\/noticias\/2026\/05\/01\/grupo-armado-com-faca-tenta-roubar-moto-a-vitima\/"},"wordCount":178,"image":{"@id":"https:\/\/portaltela.pt\/noticias\/2026\/05\/01\/grupo-armado-com-faca-tenta-roubar-moto-a-vitima\/#primaryimage"},"thumbnailUrl":"https:\/\/portaltela.pt\/s.01k8rhncp4jt1\/2026\/05\/img_1280x721uu2026-04-28-13-38-29-2281015.jpg","keywords":["_Amadora","_assalto","_PSP","_roubo agravado","_viol\u00eancia"],"articleSection":["Crime","Pol\u00edcia"],"inLanguage":"pt-PT"},{"@type":"WebPage","@id":"https:\/\/portaltela.pt\/noticias\/2026\/05\/01\/grupo-armado-com-faca-tenta-roubar-moto-a-vitima\/","url":"https:\/\/portaltela.pt\/noticias\/2026\/05\/01\/grupo-armado-com-faca-tenta-roubar-moto-a-vitima\/","name":"Grupo armado com faca tenta roubar moto \u00e0 v\u00edtima - Portal Tela Portugal","isPartOf":{"@id":"https:\/\/portaltela.pt\/#website"},"primaryImageOfPage":{"@id":"https:\/\/portaltela.pt\/noticias\/2026\/05\/01\/grupo-armado-com-faca-tenta-roubar-moto-a-vitima\/#primaryimage"},"image":{"@id":"https:\/\/portaltela.pt\/noticias\/2026\/05\/01\/grupo-armado-com-faca-tenta-roubar-moto-a-vitima\/#primaryimage"},"thumbnailUrl":"https:\/\/portaltela.pt\/s.01k8rhncp4jt1\/2026\/05\/img_1280x721uu2026-04-28-13-38-29-2281015.jpg","datePublished":"2026-05-01T10:33:10+00:00","author":{"@id":"https:\/\/portaltela.pt\/#\/schema\/person\/c4278d4a6028830caff9ee44b42d32ed"},"breadcrumb":{"@id":"https:\/\/portaltela.pt\/noticias\/2026\/05\/01\/grupo-armado-com-faca-tenta-roubar-moto-a-vitima\/#breadcrumb"},"inLanguage":"pt-PT","potentialAction":[{"@type":"ReadAction","target":["https:\/\/portaltela.pt\/noticias\/2026\/05\/01\/grupo-armado-com-faca-tenta-roubar-moto-a-vitima\/"]}]},{"@type":"ImageObject","inLanguage":"pt-PT","@id":"https:\/\/portaltela.pt\/noticias\/2026\/05\/01\/grupo-armado-com-faca-tenta-roubar-moto-a-vitima\/#primaryimage","url":"https:\/\/portaltela.pt\/s.01k8rhncp4jt1\/2026\/05\/img_1280x721uu2026-04-28-13-38-29-2281015.jpg","contentUrl":"https:\/\/portaltela.pt\/s.01k8rhncp4jt1\/2026\/05\/img_1280x721uu2026-04-28-13-38-29-2281015.jpg","width":796,"height":448,"caption":"Um dos autores do roubo foi detido pela PSP"},{"@type":"BreadcrumbList","@id":"https:\/\/portaltela.pt\/noticias\/2026\/05\/01\/grupo-armado-com-faca-tenta-roubar-moto-a-vitima\/#breadcrumb","itemListElement":[{"@type":"ListItem","position":1,"name":"In\u00edcio","item":"https:\/\/portaltela.pt\/"},{"@type":"ListItem","position":2,"name":"Grupo armado com faca tenta roubar moto \u00e0 v\u00edtima"}]},{"@type":"WebSite","@id":"https:\/\/portaltela.pt\/#website","url":"https:\/\/portaltela.pt\/","name":"Portal Tela Portugal","description":"","potentialAction":[{"@type":"SearchAction","target":{"@type":"EntryPoint","urlTemplate":"https:\/\/portaltela.pt\/?s={search_term_string}"},"query-input":{"@type":"PropertyValueSpecification","valueRequired":true,"valueName":"search_term_string"}}],"inLanguage":"pt-PT"},{"@type":"Person","@id":"https:\/\/portaltela.pt\/#\/schema\/person\/c4278d4a6028830caff9ee44b42d32ed","name":"Telinha","image":{"@type":"ImageObject","inLanguage":"pt-PT","@id":"https:\/\/portaltela.pt\/s.01k8rhncp4jt1\/2025\/11\/talking-bot-125x125.png","url":"https:\/\/portaltela.pt\/s.01k8rhncp4jt1\/2025\/11\/talking-bot-125x125.png","contentUrl":"https:\/\/portaltela.pt\/s.01k8rhncp4jt1\/2025\/11\/talking-bot-125x125.png","caption":"Telinha"},"sameAs":["https:\/\/portaltela.pt\/"],"url":"https:\/\/portaltela.pt\/por\/367410592786\/"}]}},"_links":{"self":[{"href":"https:\/\/portaltela.pt\/api\/wp\/v2\/posts\/463664","targetHints":{"allow":["GET"]}}],"collection":[{"href":"https:\/\/portaltela.pt\/api\/wp\/v2\/posts"}],"about":[{"href":"https:\/\/portaltela.pt\/api\/wp\/v2\/types\/post"}],"author":[{"embeddable":true,"href":"https:\/\/portaltela.pt\/api\/wp\/v2\/users\/2"}],"replies":[{"embeddable":true,"href":"https:\/\/portaltela.pt\/api\/wp\/v2\/comments?post=463664"}],"version-history":[{"count":0,"href":"https:\/\/portaltela.pt\/api\/wp\/v2\/posts\/463664\/revisions"}],"wp:featuredmedia":[{"embeddable":true,"href":"https:\/\/portaltela.pt\/api\/wp\/v2\/media\/463666"}],"wp:attachment":[{"href":"https:\/\/portaltela.pt\/api\/wp\/v2\/media?parent=463664"}],"wp:term":[{"taxonomy":"category","embeddable":true,"href":"https:\/\/portaltela.pt\/api\/wp\/v2\/categories?post=463664"},{"taxonomy":"post_tag","embeddable":true,"href":"https:\/\/portaltela.pt\/api\/wp\/v2\/tags?post=463664"}],"curies":[{"name":"wp","href":"https:\/\/api.w.org\/{rel}","templated":true}]}}