{"id":463634,"date":"2026-05-01T07:03:55","date_gmt":"2026-05-01T10:03:55","guid":{"rendered":"https:\/\/portaltela.pt\/noticias\/2026\/05\/01\/pacote-laboral-dirigido-contra-os-trabalhadores-e-tema-central\/"},"modified":"2026-05-01T07:03:55","modified_gmt":"2026-05-01T10:03:55","slug":"pacote-laboral-dirigido-contra-os-trabalhadores-e-tema-central","status":"publish","type":"post","link":"https:\/\/portaltela.pt\/noticias\/economia\/2026\/05\/01\/pacote-laboral-dirigido-contra-os-trabalhadores-e-tema-central\/","title":{"rendered":"Pacote laboral dirigido contra os trabalhadores \u00e9 tema central"},"content":{"rendered":"<p>O Pacote Laboral suscita cr\u00edticas contundentes aos trabalhadores em Portugal, apresentado como resposta a necessidades econ\u00f3micas. O texto que circula aponta mudan\u00e7as que, segundo os cr\u00edticos, facilitam despedimentos sem justa causa e reduzem direitos laborais. A linguagem \u00e9 apontada como central para legitimar o conjunto de medidas.<\/p>\n<p>Os cr\u00edticos afirmam que, se um despedimento for considerado ilegal por um tribunal, o trabalhador n\u00e3o pode exigir reintegra\u00e7\u00e3o, ficando apenas o pagamento como repara\u00e7\u00e3o. Alegam que a justi\u00e7a passa a ter custo para quem trabalha, com uma no\u00e7\u00e3o de justa causa que n\u00e3o depende de norma existente.<\/p>\n<p>Para al\u00e9m disso, o alegado aumento da precariedade \u00e9 destacado: empresas poder\u00e3o substituir equipas por servi\u00e7os de outsourcing, reduzindo direitos e responsabilidades. Outros pontos incluem contratos a prazo sem horizonte previs\u00edvel, hor\u00e1rio de trabalho mais flex\u00edvel para a empresa e menor prote\u00e7\u00e3o da concilia\u00e7\u00e3o entre vida pessoal e profissional.<\/p>\n<p>Entre as consequ\u00eancias apontadas est\u00e1 a limita\u00e7\u00e3o de hor\u00e1rios flex\u00edveis durante a parentalidade, com mensagens de que a carga de trabalho se desloca mais para cada fam\u00edlia. A mat\u00e9ria de negocia\u00e7\u00e3o coletiva e direito \u00e0 greve \u00e9 mencionada como enfraquecida, segundo a leitura dos cr\u00edticos.<\/p>\n<p>O artigo questiona o efeito do pacote sobre jovens, apontando que contratos a prazo podem tornar-se regra, dificultando planeamento de casa, fam\u00edlia e futuro. A leitura geral \u00e9 de que o modelo proposto transforma direitos em custos para as empresas.<\/p>\n<p>O texto critica ainda a rea\u00e7\u00e3o de figuras pol\u00edticas, sugerindo que alguns respons\u00e1veis n\u00e3o se interessam pelos impactos sociais. Observa que figuras partid\u00e1rias podem ter incentivos diferentes e que o apoio a este pacote seria decisivo para o equil\u00edbrio entre trabalhadores e empregadores.<\/p>\n<h3>Rea\u00e7\u00f5es pol\u00edticas e contextos<\/h3>\n<p>As descri\u00e7\u00f5es indicam que o pacote tem gerado respostas de oposi\u00e7\u00e3o, com cr\u00edticas de setores sociais-democratas e de diferentes sindicatos. A an\u00e1lise sugere que a posi\u00e7\u00e3o de l\u00edderes de partidos poder\u00e1 influenciar aquilo que seguir ao debate p\u00fablico.<\/p>\n","protected":false},"excerpt":{"rendered":"<ul>\n<li>O texto vinca que o 1\u00ba de maio, em vez de festa, marca o lan\u00e7amento de um Pacote Laboral visto como ataque \u00e0s pessoas, incluindo fam\u00edlias, mulheres e crian\u00e7as.<\/li>\n<li>Alega que o pacote institucionaliza o despedimento sem justa causa, com a reintegra\u00e7\u00e3o a ser substitu\u00edda por uma indemniza\u00e7\u00e3o e \u201cjusta causa\u201d a tornar-se desconhecida.<\/li>\n<li>Aponta para o aumento da precariedade por meio de outsourcing: empresas despedem equipas e contratam firmas externas para fazer o mesmo trabalho, reduzindo direitos e custos.<\/li>\n<li>Diz que os jovens ficam presos a contratos a prazo sem perspetiva de estabilidade, com hor\u00e1rios flex\u00edveis reduzidos, afetando a concilia\u00e7\u00e3o entre trabalho e fam\u00edlia.<\/li>\n<li>Sustenta o enfraquecimento da contrata\u00e7\u00e3o coletiva, da a\u00e7\u00e3o sindical e do direito \u00e0 greve, descrevendo o modelo como de trabalhadores descart\u00e1veis e de direitos negoci\u00e1veis.<\/li>\n<\/ul>\n","protected":false},"author":2,"featured_media":463636,"comment_status":"closed","ping_status":"closed","sticky":false,"template":"","format":"standard","meta":{"footnotes":""},"categories":[2,6871],"tags":[6373,5426,7761,966,2841,2201],"class_list":["post-463634","post","type-post","status-publish","format-standard","has-post-thumbnail","hentry","category-economia","category-sociedade","tag-direitos","tag-negociacao-coletiva","tag-precarizacao","tag-sindicatos","tag-trabalhadores","tag-trabalho"],"yoast_head":"<!-- This site is optimized with the Yoast SEO plugin v27.2 - https:\/\/yoast.com\/product\/yoast-seo-wordpress\/ -->\n<title>Pacote laboral dirigido contra os trabalhadores \u00e9 tema central - Portal Tela Portugal<\/title>\n<meta name=\"robots\" content=\"index, follow, max-snippet:-1, max-image-preview:large, max-video-preview:-1\" \/>\n<meta property=\"og:locale\" content=\"pt_PT\" \/>\n<meta property=\"og:type\" content=\"article\" \/>\n<meta property=\"og:title\" content=\"Pacote laboral dirigido contra os trabalhadores \u00e9 tema central - Portal Tela Portugal\" \/>\n<meta property=\"og:description\" content=\"O texto vinca que o 1\u00ba de maio, em vez de festa, marca o lan\u00e7amento de um Pacote Laboral visto como ataque \u00e0s pessoas, incluindo fam\u00edlias, mulheres e crian\u00e7as. Alega que o pacote institucionaliza o despedimento sem justa causa, com a reintegra\u00e7\u00e3o a ser substitu\u00edda por uma indemniza\u00e7\u00e3o e \u201cjusta causa\u201d a tornar-se desconhecida. Aponta para o aumento da precariedade por meio de outsourcing: empresas despedem equipas e contratam firmas externas para fazer o mesmo trabalho, reduzindo direitos e custos. Diz que os jovens ficam presos a contratos a prazo sem perspetiva de estabilidade, com hor\u00e1rios flex\u00edveis reduzidos, afetando a concilia\u00e7\u00e3o entre trabalho e fam\u00edlia. Sustenta o enfraquecimento da contrata\u00e7\u00e3o coletiva, da a\u00e7\u00e3o sindical e do direito \u00e0 greve, descrevendo o modelo como de trabalhadores descart\u00e1veis e de direitos negoci\u00e1veis.\" \/>\n<meta property=\"og:url\" content=\"https:\/\/portaltela.pt\/noticias\/2026\/05\/01\/pacote-laboral-dirigido-contra-os-trabalhadores-e-tema-central\/\" \/>\n<meta property=\"og:site_name\" content=\"Portal Tela Portugal\" \/>\n<meta property=\"article:published_time\" content=\"2026-05-01T10:03:55+00:00\" \/>\n<meta name=\"author\" content=\"Telinha\" \/>\n<meta name=\"twitter:card\" content=\"summary_large_image\" \/>\n<meta name=\"twitter:label1\" content=\"Escrito por\" \/>\n\t<meta name=\"twitter:data1\" content=\"Telinha\" \/>\n\t<meta name=\"twitter:label2\" content=\"Tempo estimado de leitura\" \/>\n\t<meta name=\"twitter:data2\" content=\"2 minutos\" \/>\n<script type=\"application\/ld+json\" class=\"yoast-schema-graph\">{\"@context\":\"https:\/\/schema.org\",\"@graph\":[{\"@type\":\"Article\",\"@id\":\"https:\/\/portaltela.pt\/noticias\/2026\/05\/01\/pacote-laboral-dirigido-contra-os-trabalhadores-e-tema-central\/#article\",\"isPartOf\":{\"@id\":\"https:\/\/portaltela.pt\/noticias\/2026\/05\/01\/pacote-laboral-dirigido-contra-os-trabalhadores-e-tema-central\/\"},\"author\":{\"name\":\"Telinha\",\"@id\":\"https:\/\/portaltela.pt\/#\/schema\/person\/c4278d4a6028830caff9ee44b42d32ed\"},\"headline\":\"Pacote laboral dirigido contra os trabalhadores \u00e9 tema central\",\"datePublished\":\"2026-05-01T10:03:55+00:00\",\"mainEntityOfPage\":{\"@id\":\"https:\/\/portaltela.pt\/noticias\/2026\/05\/01\/pacote-laboral-dirigido-contra-os-trabalhadores-e-tema-central\/\"},\"wordCount\":360,\"image\":{\"@id\":\"https:\/\/portaltela.pt\/noticias\/2026\/05\/01\/pacote-laboral-dirigido-contra-os-trabalhadores-e-tema-central\/#primaryimage\"},\"thumbnailUrl\":\"https:\/\/portaltela.pt\/s.01k8rhncp4jt1\/2026\/05\/img_250x250uu2026-05-01-10-44-21-2282175.jpg\",\"keywords\":[\"direitos\",\"negocia\u00e7\u00e3o coletiva\",\"precariza\u00e7\u00e3o\",\"sindicatos\",\"trabalhadores\",\"trabalho\"],\"articleSection\":[\"Economia\",\"Sociedade\"],\"inLanguage\":\"pt-PT\"},{\"@type\":\"WebPage\",\"@id\":\"https:\/\/portaltela.pt\/noticias\/2026\/05\/01\/pacote-laboral-dirigido-contra-os-trabalhadores-e-tema-central\/\",\"url\":\"https:\/\/portaltela.pt\/noticias\/2026\/05\/01\/pacote-laboral-dirigido-contra-os-trabalhadores-e-tema-central\/\",\"name\":\"Pacote laboral dirigido contra os trabalhadores \u00e9 tema central - Portal Tela Portugal\",\"isPartOf\":{\"@id\":\"https:\/\/portaltela.pt\/#website\"},\"primaryImageOfPage\":{\"@id\":\"https:\/\/portaltela.pt\/noticias\/2026\/05\/01\/pacote-laboral-dirigido-contra-os-trabalhadores-e-tema-central\/#primaryimage\"},\"image\":{\"@id\":\"https:\/\/portaltela.pt\/noticias\/2026\/05\/01\/pacote-laboral-dirigido-contra-os-trabalhadores-e-tema-central\/#primaryimage\"},\"thumbnailUrl\":\"https:\/\/portaltela.pt\/s.01k8rhncp4jt1\/2026\/05\/img_250x250uu2026-05-01-10-44-21-2282175.jpg\",\"datePublished\":\"2026-05-01T10:03:55+00:00\",\"author\":{\"@id\":\"https:\/\/portaltela.pt\/#\/schema\/person\/c4278d4a6028830caff9ee44b42d32ed\"},\"breadcrumb\":{\"@id\":\"https:\/\/portaltela.pt\/noticias\/2026\/05\/01\/pacote-laboral-dirigido-contra-os-trabalhadores-e-tema-central\/#breadcrumb\"},\"inLanguage\":\"pt-PT\",\"potentialAction\":[{\"@type\":\"ReadAction\",\"target\":[\"https:\/\/portaltela.pt\/noticias\/2026\/05\/01\/pacote-laboral-dirigido-contra-os-trabalhadores-e-tema-central\/\"]}]},{\"@type\":\"ImageObject\",\"inLanguage\":\"pt-PT\",\"@id\":\"https:\/\/portaltela.pt\/noticias\/2026\/05\/01\/pacote-laboral-dirigido-contra-os-trabalhadores-e-tema-central\/#primaryimage\",\"url\":\"https:\/\/portaltela.pt\/s.01k8rhncp4jt1\/2026\/05\/img_250x250uu2026-05-01-10-44-21-2282175.jpg\",\"contentUrl\":\"https:\/\/portaltela.pt\/s.01k8rhncp4jt1\/2026\/05\/img_250x250uu2026-05-01-10-44-21-2282175.jpg\",\"width\":796,\"height\":448,\"caption\":\"Photo\"},{\"@type\":\"BreadcrumbList\",\"@id\":\"https:\/\/portaltela.pt\/noticias\/2026\/05\/01\/pacote-laboral-dirigido-contra-os-trabalhadores-e-tema-central\/#breadcrumb\",\"itemListElement\":[{\"@type\":\"ListItem\",\"position\":1,\"name\":\"In\u00edcio\",\"item\":\"https:\/\/portaltela.pt\/\"},{\"@type\":\"ListItem\",\"position\":2,\"name\":\"Pacote laboral dirigido contra os trabalhadores \u00e9 tema central\"}]},{\"@type\":\"WebSite\",\"@id\":\"https:\/\/portaltela.pt\/#website\",\"url\":\"https:\/\/portaltela.pt\/\",\"name\":\"Portal Tela Portugal\",\"description\":\"\",\"potentialAction\":[{\"@type\":\"SearchAction\",\"target\":{\"@type\":\"EntryPoint\",\"urlTemplate\":\"https:\/\/portaltela.pt\/?s={search_term_string}\"},\"query-input\":{\"@type\":\"PropertyValueSpecification\",\"valueRequired\":true,\"valueName\":\"search_term_string\"}}],\"inLanguage\":\"pt-PT\"},{\"@type\":\"Person\",\"@id\":\"https:\/\/portaltela.pt\/#\/schema\/person\/c4278d4a6028830caff9ee44b42d32ed\",\"name\":\"Telinha\",\"image\":{\"@type\":\"ImageObject\",\"inLanguage\":\"pt-PT\",\"@id\":\"https:\/\/portaltela.pt\/s.01k8rhncp4jt1\/2025\/11\/talking-bot-125x125.png\",\"url\":\"https:\/\/portaltela.pt\/s.01k8rhncp4jt1\/2025\/11\/talking-bot-125x125.png\",\"contentUrl\":\"https:\/\/portaltela.pt\/s.01k8rhncp4jt1\/2025\/11\/talking-bot-125x125.png\",\"caption\":\"Telinha\"},\"sameAs\":[\"https:\/\/portaltela.pt\/\"],\"url\":\"https:\/\/portaltela.pt\/por\/367410592786\/\"}]}<\/script>\n<!-- \/ Yoast SEO plugin. -->","yoast_head_json":{"title":"Pacote laboral dirigido contra os trabalhadores \u00e9 tema central - Portal Tela Portugal","robots":{"index":"index","follow":"follow","max-snippet":"max-snippet:-1","max-image-preview":"max-image-preview:large","max-video-preview":"max-video-preview:-1"},"og_locale":"pt_PT","og_type":"article","og_title":"Pacote laboral dirigido contra os trabalhadores \u00e9 tema central - Portal Tela Portugal","og_description":"O texto vinca que o 1\u00ba de maio, em vez de festa, marca o lan\u00e7amento de um Pacote Laboral visto como ataque \u00e0s pessoas, incluindo fam\u00edlias, mulheres e crian\u00e7as. Alega que o pacote institucionaliza o despedimento sem justa causa, com a reintegra\u00e7\u00e3o a ser substitu\u00edda por uma indemniza\u00e7\u00e3o e \u201cjusta causa\u201d a tornar-se desconhecida. Aponta para o aumento da precariedade por meio de outsourcing: empresas despedem equipas e contratam firmas externas para fazer o mesmo trabalho, reduzindo direitos e custos. Diz que os jovens ficam presos a contratos a prazo sem perspetiva de estabilidade, com hor\u00e1rios flex\u00edveis reduzidos, afetando a concilia\u00e7\u00e3o entre trabalho e fam\u00edlia. Sustenta o enfraquecimento da contrata\u00e7\u00e3o coletiva, da a\u00e7\u00e3o sindical e do direito \u00e0 greve, descrevendo o modelo como de trabalhadores descart\u00e1veis e de direitos negoci\u00e1veis.","og_url":"https:\/\/portaltela.pt\/noticias\/2026\/05\/01\/pacote-laboral-dirigido-contra-os-trabalhadores-e-tema-central\/","og_site_name":"Portal Tela Portugal","article_published_time":"2026-05-01T10:03:55+00:00","author":"Telinha","twitter_card":"summary_large_image","twitter_misc":{"Escrito por":"Telinha","Tempo estimado de leitura":"2 minutos"},"schema":{"@context":"https:\/\/schema.org","@graph":[{"@type":"Article","@id":"https:\/\/portaltela.pt\/noticias\/2026\/05\/01\/pacote-laboral-dirigido-contra-os-trabalhadores-e-tema-central\/#article","isPartOf":{"@id":"https:\/\/portaltela.pt\/noticias\/2026\/05\/01\/pacote-laboral-dirigido-contra-os-trabalhadores-e-tema-central\/"},"author":{"name":"Telinha","@id":"https:\/\/portaltela.pt\/#\/schema\/person\/c4278d4a6028830caff9ee44b42d32ed"},"headline":"Pacote laboral dirigido contra os trabalhadores \u00e9 tema central","datePublished":"2026-05-01T10:03:55+00:00","mainEntityOfPage":{"@id":"https:\/\/portaltela.pt\/noticias\/2026\/05\/01\/pacote-laboral-dirigido-contra-os-trabalhadores-e-tema-central\/"},"wordCount":360,"image":{"@id":"https:\/\/portaltela.pt\/noticias\/2026\/05\/01\/pacote-laboral-dirigido-contra-os-trabalhadores-e-tema-central\/#primaryimage"},"thumbnailUrl":"https:\/\/portaltela.pt\/s.01k8rhncp4jt1\/2026\/05\/img_250x250uu2026-05-01-10-44-21-2282175.jpg","keywords":["direitos","negocia\u00e7\u00e3o coletiva","precariza\u00e7\u00e3o","sindicatos","trabalhadores","trabalho"],"articleSection":["Economia","Sociedade"],"inLanguage":"pt-PT"},{"@type":"WebPage","@id":"https:\/\/portaltela.pt\/noticias\/2026\/05\/01\/pacote-laboral-dirigido-contra-os-trabalhadores-e-tema-central\/","url":"https:\/\/portaltela.pt\/noticias\/2026\/05\/01\/pacote-laboral-dirigido-contra-os-trabalhadores-e-tema-central\/","name":"Pacote laboral dirigido contra os trabalhadores \u00e9 tema central - Portal Tela Portugal","isPartOf":{"@id":"https:\/\/portaltela.pt\/#website"},"primaryImageOfPage":{"@id":"https:\/\/portaltela.pt\/noticias\/2026\/05\/01\/pacote-laboral-dirigido-contra-os-trabalhadores-e-tema-central\/#primaryimage"},"image":{"@id":"https:\/\/portaltela.pt\/noticias\/2026\/05\/01\/pacote-laboral-dirigido-contra-os-trabalhadores-e-tema-central\/#primaryimage"},"thumbnailUrl":"https:\/\/portaltela.pt\/s.01k8rhncp4jt1\/2026\/05\/img_250x250uu2026-05-01-10-44-21-2282175.jpg","datePublished":"2026-05-01T10:03:55+00:00","author":{"@id":"https:\/\/portaltela.pt\/#\/schema\/person\/c4278d4a6028830caff9ee44b42d32ed"},"breadcrumb":{"@id":"https:\/\/portaltela.pt\/noticias\/2026\/05\/01\/pacote-laboral-dirigido-contra-os-trabalhadores-e-tema-central\/#breadcrumb"},"inLanguage":"pt-PT","potentialAction":[{"@type":"ReadAction","target":["https:\/\/portaltela.pt\/noticias\/2026\/05\/01\/pacote-laboral-dirigido-contra-os-trabalhadores-e-tema-central\/"]}]},{"@type":"ImageObject","inLanguage":"pt-PT","@id":"https:\/\/portaltela.pt\/noticias\/2026\/05\/01\/pacote-laboral-dirigido-contra-os-trabalhadores-e-tema-central\/#primaryimage","url":"https:\/\/portaltela.pt\/s.01k8rhncp4jt1\/2026\/05\/img_250x250uu2026-05-01-10-44-21-2282175.jpg","contentUrl":"https:\/\/portaltela.pt\/s.01k8rhncp4jt1\/2026\/05\/img_250x250uu2026-05-01-10-44-21-2282175.jpg","width":796,"height":448,"caption":"Photo"},{"@type":"BreadcrumbList","@id":"https:\/\/portaltela.pt\/noticias\/2026\/05\/01\/pacote-laboral-dirigido-contra-os-trabalhadores-e-tema-central\/#breadcrumb","itemListElement":[{"@type":"ListItem","position":1,"name":"In\u00edcio","item":"https:\/\/portaltela.pt\/"},{"@type":"ListItem","position":2,"name":"Pacote laboral dirigido contra os trabalhadores \u00e9 tema central"}]},{"@type":"WebSite","@id":"https:\/\/portaltela.pt\/#website","url":"https:\/\/portaltela.pt\/","name":"Portal Tela Portugal","description":"","potentialAction":[{"@type":"SearchAction","target":{"@type":"EntryPoint","urlTemplate":"https:\/\/portaltela.pt\/?s={search_term_string}"},"query-input":{"@type":"PropertyValueSpecification","valueRequired":true,"valueName":"search_term_string"}}],"inLanguage":"pt-PT"},{"@type":"Person","@id":"https:\/\/portaltela.pt\/#\/schema\/person\/c4278d4a6028830caff9ee44b42d32ed","name":"Telinha","image":{"@type":"ImageObject","inLanguage":"pt-PT","@id":"https:\/\/portaltela.pt\/s.01k8rhncp4jt1\/2025\/11\/talking-bot-125x125.png","url":"https:\/\/portaltela.pt\/s.01k8rhncp4jt1\/2025\/11\/talking-bot-125x125.png","contentUrl":"https:\/\/portaltela.pt\/s.01k8rhncp4jt1\/2025\/11\/talking-bot-125x125.png","caption":"Telinha"},"sameAs":["https:\/\/portaltela.pt\/"],"url":"https:\/\/portaltela.pt\/por\/367410592786\/"}]}},"_links":{"self":[{"href":"https:\/\/portaltela.pt\/api\/wp\/v2\/posts\/463634","targetHints":{"allow":["GET"]}}],"collection":[{"href":"https:\/\/portaltela.pt\/api\/wp\/v2\/posts"}],"about":[{"href":"https:\/\/portaltela.pt\/api\/wp\/v2\/types\/post"}],"author":[{"embeddable":true,"href":"https:\/\/portaltela.pt\/api\/wp\/v2\/users\/2"}],"replies":[{"embeddable":true,"href":"https:\/\/portaltela.pt\/api\/wp\/v2\/comments?post=463634"}],"version-history":[{"count":0,"href":"https:\/\/portaltela.pt\/api\/wp\/v2\/posts\/463634\/revisions"}],"wp:featuredmedia":[{"embeddable":true,"href":"https:\/\/portaltela.pt\/api\/wp\/v2\/media\/463636"}],"wp:attachment":[{"href":"https:\/\/portaltela.pt\/api\/wp\/v2\/media?parent=463634"}],"wp:term":[{"taxonomy":"category","embeddable":true,"href":"https:\/\/portaltela.pt\/api\/wp\/v2\/categories?post=463634"},{"taxonomy":"post_tag","embeddable":true,"href":"https:\/\/portaltela.pt\/api\/wp\/v2\/tags?post=463634"}],"curies":[{"name":"wp","href":"https:\/\/api.w.org\/{rel}","templated":true}]}}