{"id":463633,"date":"2026-05-01T07:03:49","date_gmt":"2026-05-01T10:03:49","guid":{"rendered":"https:\/\/portaltela.pt\/noticias\/2026\/05\/01\/paredes-de-coura-recebe-unidade-de-formacao-de-bombeiros-de-viana-do-castelo\/"},"modified":"2026-05-01T07:03:49","modified_gmt":"2026-05-01T10:03:49","slug":"paredes-de-coura-recebe-unidade-de-formacao-de-bombeiros-de-viana-do-castelo","status":"publish","type":"post","link":"https:\/\/portaltela.pt\/sociedade\/2026\/05\/01\/paredes-de-coura-recebe-unidade-de-formacao-de-bombeiros-de-viana-do-castelo\/","title":{"rendered":"Paredes de Coura recebe unidade de forma\u00e7\u00e3o de bombeiros de Viana do Castelo"},"content":{"rendered":"<p>A Unidade Local de Forma\u00e7\u00e3o de bombeiros do distrito de Viana do Castelo foi inaugurada em Paredes de Coura, num investimento de 230 mil euros, anunciado pela autarquia na sexta-feira. O equipamento destina-se aos 12 corpos do distrito e \u00e0s empresas da regi\u00e3o para forma\u00e7\u00e3o obrigat\u00f3ria em riscos e prote\u00e7\u00e3o civil.<\/p>\n<p>A C\u00e2mara de Paredes de Coura afirma que a unidade representa um avan\u00e7o para o Alto Minho, refor\u00e7ando a seguran\u00e7a na regi\u00e3o e criando uma estrutura supraconcelhia que dinamiza o recurso humano dispon\u00edvel. A Federa\u00e7\u00e3o Distrital de Bombeiros de Viana do Castelo participa na gest\u00e3o do equipamento.<\/p>\n<p>A unidade ocupa um terreno de cerca de 12 mil metros quadrados, pertencente \u00e0 Associa\u00e7\u00e3o Humanit\u00e1ria de Bombeiros Volunt\u00e1rios de Paredes de Coura. O local fica a 2,5 quil\u00f3metros da vila, com acesso pela EN 306 e rodeado de \u00e1rea florestal.<\/p>\n<p>Para al\u00e9m de treino em combate a inc\u00eandios urbanos e industriais, o espa\u00e7o permitir\u00e1 forma\u00e7\u00e3o em combate florestal e condu\u00e7\u00e3o fora de estrada, adaptando-se \u00e0s caracter\u00edsticas do distrito e \u00e0s necessidades locais. A infraestrutura pretende tamb\u00e9m apoiar a atividade industrial na \u00e1rea da prote\u00e7\u00e3o.<\/p>\n<p>O presidente da C\u00e2mara, Tiago Cunha, referiu que a unidade materializa um sonho de 24 anos. Aposta na coopera\u00e7\u00e3o entre entidades para responder a riscos que n\u00e3o seguem fronteiras administrativas.<\/p>\n","protected":false},"excerpt":{"rendered":"<ul>\n<li>Inaugurada em Paredes de Coura a Unidade Local de Forma\u00e7\u00e3o de bombeiros do distrito de Viana do Castelo, num investimento de 230 mil euros.<\/li>\n<li>A unidade serve os 12 corpos de bombeiros do distrito e potencia a forma\u00e7\u00e3o obrigat\u00f3ria em mat\u00e9ria de riscos e prote\u00e7\u00e3o civil para empresas da regi\u00e3o.<\/li>\n<li>O terreno, de cerca de 12 mil metros quadrados, pertence \u00e0 Associa\u00e7\u00e3o Humanit\u00e1ria de Bombeiros Volunt\u00e1rios de Paredes de Coura e fica a 2,5 quil\u00f3metros da vila, junto \u00e0 EN 306.<\/li>\n<li>Al\u00e9m da forma\u00e7\u00e3o em combate a inc\u00eandios urbanos e industriais, a unidade permite treino de combate florestal e condu\u00e7\u00e3o fora de estrada, destinando-se tamb\u00e9m a apoio \u00e0 atividade industrial na \u00e1rea da prote\u00e7\u00e3o e seguran\u00e7a.<\/li>\n<li>O presidente da C\u00e2mara, Tiago Cunha, afirmou que a unidade realiza um sonho de 24 anos, destacando que a seguran\u00e7a n\u00e3o se restringe a fronteiras administrativas.<\/li>\n<\/ul>\n","protected":false},"author":2,"featured_media":463635,"comment_status":"closed","ping_status":"closed","sticky":false,"template":"","format":"standard","meta":{"footnotes":""},"categories":[6779,6871],"tags":[8054,8565,8541,8044,8357],"class_list":["post-463633","post","type-post","status-publish","format-standard","has-post-thumbnail","hentry","category-seguranca","category-sociedade","tag-_bombeiros","tag-_bombeiros-sapadores","tag-_formacao","tag-_protecao-civil","tag-_viana-do-castelo"],"yoast_head":"<!-- This site is optimized with the Yoast SEO plugin v27.2 - https:\/\/yoast.com\/product\/yoast-seo-wordpress\/ -->\n<title>Paredes de Coura recebe unidade de forma\u00e7\u00e3o de bombeiros de Viana do Castelo - Portal Tela Portugal<\/title>\n<meta name=\"robots\" content=\"index, follow, max-snippet:-1, max-image-preview:large, max-video-preview:-1\" \/>\n<meta property=\"og:locale\" content=\"pt_PT\" \/>\n<meta property=\"og:type\" content=\"article\" \/>\n<meta property=\"og:title\" content=\"Paredes de Coura recebe unidade de forma\u00e7\u00e3o de bombeiros de Viana do Castelo - Portal Tela Portugal\" \/>\n<meta property=\"og:description\" content=\"Inaugurada em Paredes de Coura a Unidade Local de Forma\u00e7\u00e3o de bombeiros do distrito de Viana do Castelo, num investimento de 230 mil euros. A unidade serve os 12 corpos de bombeiros do distrito e potencia a forma\u00e7\u00e3o obrigat\u00f3ria em mat\u00e9ria de riscos e prote\u00e7\u00e3o civil para empresas da regi\u00e3o. O terreno, de cerca de 12 mil metros quadrados, pertence \u00e0 Associa\u00e7\u00e3o Humanit\u00e1ria de Bombeiros Volunt\u00e1rios de Paredes de Coura e fica a 2,5 quil\u00f3metros da vila, junto \u00e0 EN 306. Al\u00e9m da forma\u00e7\u00e3o em combate a inc\u00eandios urbanos e industriais, a unidade permite treino de combate florestal e condu\u00e7\u00e3o fora de estrada, destinando-se tamb\u00e9m a apoio \u00e0 atividade industrial na \u00e1rea da prote\u00e7\u00e3o e seguran\u00e7a. O presidente da C\u00e2mara, Tiago Cunha, afirmou que a unidade realiza um sonho de 24 anos, destacando que a seguran\u00e7a n\u00e3o se restringe a fronteiras administrativas.\" \/>\n<meta property=\"og:url\" content=\"https:\/\/portaltela.pt\/noticias\/2026\/05\/01\/paredes-de-coura-recebe-unidade-de-formacao-de-bombeiros-de-viana-do-castelo\/\" \/>\n<meta property=\"og:site_name\" content=\"Portal Tela Portugal\" \/>\n<meta property=\"article:published_time\" content=\"2026-05-01T10:03:49+00:00\" \/>\n<meta name=\"author\" content=\"Telinha\" \/>\n<meta name=\"twitter:card\" content=\"summary_large_image\" \/>\n<meta name=\"twitter:label1\" content=\"Escrito por\" \/>\n\t<meta name=\"twitter:data1\" content=\"Telinha\" \/>\n\t<meta name=\"twitter:label2\" content=\"Tempo estimado de leitura\" \/>\n\t<meta name=\"twitter:data2\" content=\"1 minuto\" \/>\n<script type=\"application\/ld+json\" class=\"yoast-schema-graph\">{\"@context\":\"https:\/\/schema.org\",\"@graph\":[{\"@type\":\"Article\",\"@id\":\"https:\/\/portaltela.pt\/noticias\/2026\/05\/01\/paredes-de-coura-recebe-unidade-de-formacao-de-bombeiros-de-viana-do-castelo\/#article\",\"isPartOf\":{\"@id\":\"https:\/\/portaltela.pt\/noticias\/2026\/05\/01\/paredes-de-coura-recebe-unidade-de-formacao-de-bombeiros-de-viana-do-castelo\/\"},\"author\":{\"name\":\"Telinha\",\"@id\":\"https:\/\/portaltela.pt\/#\/schema\/person\/c4278d4a6028830caff9ee44b42d32ed\"},\"headline\":\"Paredes de Coura recebe unidade de forma\u00e7\u00e3o de bombeiros de Viana do Castelo\",\"datePublished\":\"2026-05-01T10:03:49+00:00\",\"mainEntityOfPage\":{\"@id\":\"https:\/\/portaltela.pt\/noticias\/2026\/05\/01\/paredes-de-coura-recebe-unidade-de-formacao-de-bombeiros-de-viana-do-castelo\/\"},\"wordCount\":248,\"image\":{\"@id\":\"https:\/\/portaltela.pt\/noticias\/2026\/05\/01\/paredes-de-coura-recebe-unidade-de-formacao-de-bombeiros-de-viana-do-castelo\/#primaryimage\"},\"thumbnailUrl\":\"https:\/\/portaltela.pt\/s.01k8rhncp4jt1\/2026\/05\/img_1500x1000uu2022-09-29-15-18-00-1188683.jpg\",\"keywords\":[\"_Bombeiros\",\"_Bombeiros Sapadores\",\"_forma\u00e7\u00e3o\",\"_prote\u00e7\u00e3o civil\",\"_Viana do Castelo\"],\"articleSection\":[\"Seguran\u00e7a\",\"Sociedade\"],\"inLanguage\":\"pt-PT\"},{\"@type\":\"WebPage\",\"@id\":\"https:\/\/portaltela.pt\/noticias\/2026\/05\/01\/paredes-de-coura-recebe-unidade-de-formacao-de-bombeiros-de-viana-do-castelo\/\",\"url\":\"https:\/\/portaltela.pt\/noticias\/2026\/05\/01\/paredes-de-coura-recebe-unidade-de-formacao-de-bombeiros-de-viana-do-castelo\/\",\"name\":\"Paredes de Coura recebe unidade de forma\u00e7\u00e3o de bombeiros de Viana do Castelo - Portal Tela Portugal\",\"isPartOf\":{\"@id\":\"https:\/\/portaltela.pt\/#website\"},\"primaryImageOfPage\":{\"@id\":\"https:\/\/portaltela.pt\/noticias\/2026\/05\/01\/paredes-de-coura-recebe-unidade-de-formacao-de-bombeiros-de-viana-do-castelo\/#primaryimage\"},\"image\":{\"@id\":\"https:\/\/portaltela.pt\/noticias\/2026\/05\/01\/paredes-de-coura-recebe-unidade-de-formacao-de-bombeiros-de-viana-do-castelo\/#primaryimage\"},\"thumbnailUrl\":\"https:\/\/portaltela.pt\/s.01k8rhncp4jt1\/2026\/05\/img_1500x1000uu2022-09-29-15-18-00-1188683.jpg\",\"datePublished\":\"2026-05-01T10:03:49+00:00\",\"author\":{\"@id\":\"https:\/\/portaltela.pt\/#\/schema\/person\/c4278d4a6028830caff9ee44b42d32ed\"},\"breadcrumb\":{\"@id\":\"https:\/\/portaltela.pt\/noticias\/2026\/05\/01\/paredes-de-coura-recebe-unidade-de-formacao-de-bombeiros-de-viana-do-castelo\/#breadcrumb\"},\"inLanguage\":\"pt-PT\",\"potentialAction\":[{\"@type\":\"ReadAction\",\"target\":[\"https:\/\/portaltela.pt\/noticias\/2026\/05\/01\/paredes-de-coura-recebe-unidade-de-formacao-de-bombeiros-de-viana-do-castelo\/\"]}]},{\"@type\":\"ImageObject\",\"inLanguage\":\"pt-PT\",\"@id\":\"https:\/\/portaltela.pt\/noticias\/2026\/05\/01\/paredes-de-coura-recebe-unidade-de-formacao-de-bombeiros-de-viana-do-castelo\/#primaryimage\",\"url\":\"https:\/\/portaltela.pt\/s.01k8rhncp4jt1\/2026\/05\/img_1500x1000uu2022-09-29-15-18-00-1188683.jpg\",\"contentUrl\":\"https:\/\/portaltela.pt\/s.01k8rhncp4jt1\/2026\/05\/img_1500x1000uu2022-09-29-15-18-00-1188683.jpg\",\"width\":796,\"height\":448,\"caption\":\"Bombeiros\"},{\"@type\":\"BreadcrumbList\",\"@id\":\"https:\/\/portaltela.pt\/noticias\/2026\/05\/01\/paredes-de-coura-recebe-unidade-de-formacao-de-bombeiros-de-viana-do-castelo\/#breadcrumb\",\"itemListElement\":[{\"@type\":\"ListItem\",\"position\":1,\"name\":\"In\u00edcio\",\"item\":\"https:\/\/portaltela.pt\/\"},{\"@type\":\"ListItem\",\"position\":2,\"name\":\"Paredes de Coura recebe unidade de forma\u00e7\u00e3o de bombeiros de Viana do Castelo\"}]},{\"@type\":\"WebSite\",\"@id\":\"https:\/\/portaltela.pt\/#website\",\"url\":\"https:\/\/portaltela.pt\/\",\"name\":\"Portal Tela Portugal\",\"description\":\"\",\"potentialAction\":[{\"@type\":\"SearchAction\",\"target\":{\"@type\":\"EntryPoint\",\"urlTemplate\":\"https:\/\/portaltela.pt\/?s={search_term_string}\"},\"query-input\":{\"@type\":\"PropertyValueSpecification\",\"valueRequired\":true,\"valueName\":\"search_term_string\"}}],\"inLanguage\":\"pt-PT\"},{\"@type\":\"Person\",\"@id\":\"https:\/\/portaltela.pt\/#\/schema\/person\/c4278d4a6028830caff9ee44b42d32ed\",\"name\":\"Telinha\",\"image\":{\"@type\":\"ImageObject\",\"inLanguage\":\"pt-PT\",\"@id\":\"https:\/\/portaltela.pt\/s.01k8rhncp4jt1\/2025\/11\/talking-bot-125x125.png\",\"url\":\"https:\/\/portaltela.pt\/s.01k8rhncp4jt1\/2025\/11\/talking-bot-125x125.png\",\"contentUrl\":\"https:\/\/portaltela.pt\/s.01k8rhncp4jt1\/2025\/11\/talking-bot-125x125.png\",\"caption\":\"Telinha\"},\"sameAs\":[\"https:\/\/portaltela.pt\/\"],\"url\":\"https:\/\/portaltela.pt\/por\/367410592786\/\"}]}<\/script>\n<!-- \/ Yoast SEO plugin. -->","yoast_head_json":{"title":"Paredes de Coura recebe unidade de forma\u00e7\u00e3o de bombeiros de Viana do Castelo - Portal Tela Portugal","robots":{"index":"index","follow":"follow","max-snippet":"max-snippet:-1","max-image-preview":"max-image-preview:large","max-video-preview":"max-video-preview:-1"},"og_locale":"pt_PT","og_type":"article","og_title":"Paredes de Coura recebe unidade de forma\u00e7\u00e3o de bombeiros de Viana do Castelo - Portal Tela Portugal","og_description":"Inaugurada em Paredes de Coura a Unidade Local de Forma\u00e7\u00e3o de bombeiros do distrito de Viana do Castelo, num investimento de 230 mil euros. A unidade serve os 12 corpos de bombeiros do distrito e potencia a forma\u00e7\u00e3o obrigat\u00f3ria em mat\u00e9ria de riscos e prote\u00e7\u00e3o civil para empresas da regi\u00e3o. O terreno, de cerca de 12 mil metros quadrados, pertence \u00e0 Associa\u00e7\u00e3o Humanit\u00e1ria de Bombeiros Volunt\u00e1rios de Paredes de Coura e fica a 2,5 quil\u00f3metros da vila, junto \u00e0 EN 306. Al\u00e9m da forma\u00e7\u00e3o em combate a inc\u00eandios urbanos e industriais, a unidade permite treino de combate florestal e condu\u00e7\u00e3o fora de estrada, destinando-se tamb\u00e9m a apoio \u00e0 atividade industrial na \u00e1rea da prote\u00e7\u00e3o e seguran\u00e7a. O presidente da C\u00e2mara, Tiago Cunha, afirmou que a unidade realiza um sonho de 24 anos, destacando que a seguran\u00e7a n\u00e3o se restringe a fronteiras administrativas.","og_url":"https:\/\/portaltela.pt\/noticias\/2026\/05\/01\/paredes-de-coura-recebe-unidade-de-formacao-de-bombeiros-de-viana-do-castelo\/","og_site_name":"Portal Tela Portugal","article_published_time":"2026-05-01T10:03:49+00:00","author":"Telinha","twitter_card":"summary_large_image","twitter_misc":{"Escrito por":"Telinha","Tempo estimado de leitura":"1 minuto"},"schema":{"@context":"https:\/\/schema.org","@graph":[{"@type":"Article","@id":"https:\/\/portaltela.pt\/noticias\/2026\/05\/01\/paredes-de-coura-recebe-unidade-de-formacao-de-bombeiros-de-viana-do-castelo\/#article","isPartOf":{"@id":"https:\/\/portaltela.pt\/noticias\/2026\/05\/01\/paredes-de-coura-recebe-unidade-de-formacao-de-bombeiros-de-viana-do-castelo\/"},"author":{"name":"Telinha","@id":"https:\/\/portaltela.pt\/#\/schema\/person\/c4278d4a6028830caff9ee44b42d32ed"},"headline":"Paredes de Coura recebe unidade de forma\u00e7\u00e3o de bombeiros de Viana do Castelo","datePublished":"2026-05-01T10:03:49+00:00","mainEntityOfPage":{"@id":"https:\/\/portaltela.pt\/noticias\/2026\/05\/01\/paredes-de-coura-recebe-unidade-de-formacao-de-bombeiros-de-viana-do-castelo\/"},"wordCount":248,"image":{"@id":"https:\/\/portaltela.pt\/noticias\/2026\/05\/01\/paredes-de-coura-recebe-unidade-de-formacao-de-bombeiros-de-viana-do-castelo\/#primaryimage"},"thumbnailUrl":"https:\/\/portaltela.pt\/s.01k8rhncp4jt1\/2026\/05\/img_1500x1000uu2022-09-29-15-18-00-1188683.jpg","keywords":["_Bombeiros","_Bombeiros Sapadores","_forma\u00e7\u00e3o","_prote\u00e7\u00e3o civil","_Viana do Castelo"],"articleSection":["Seguran\u00e7a","Sociedade"],"inLanguage":"pt-PT"},{"@type":"WebPage","@id":"https:\/\/portaltela.pt\/noticias\/2026\/05\/01\/paredes-de-coura-recebe-unidade-de-formacao-de-bombeiros-de-viana-do-castelo\/","url":"https:\/\/portaltela.pt\/noticias\/2026\/05\/01\/paredes-de-coura-recebe-unidade-de-formacao-de-bombeiros-de-viana-do-castelo\/","name":"Paredes de Coura recebe unidade de forma\u00e7\u00e3o de bombeiros de Viana do Castelo - Portal Tela Portugal","isPartOf":{"@id":"https:\/\/portaltela.pt\/#website"},"primaryImageOfPage":{"@id":"https:\/\/portaltela.pt\/noticias\/2026\/05\/01\/paredes-de-coura-recebe-unidade-de-formacao-de-bombeiros-de-viana-do-castelo\/#primaryimage"},"image":{"@id":"https:\/\/portaltela.pt\/noticias\/2026\/05\/01\/paredes-de-coura-recebe-unidade-de-formacao-de-bombeiros-de-viana-do-castelo\/#primaryimage"},"thumbnailUrl":"https:\/\/portaltela.pt\/s.01k8rhncp4jt1\/2026\/05\/img_1500x1000uu2022-09-29-15-18-00-1188683.jpg","datePublished":"2026-05-01T10:03:49+00:00","author":{"@id":"https:\/\/portaltela.pt\/#\/schema\/person\/c4278d4a6028830caff9ee44b42d32ed"},"breadcrumb":{"@id":"https:\/\/portaltela.pt\/noticias\/2026\/05\/01\/paredes-de-coura-recebe-unidade-de-formacao-de-bombeiros-de-viana-do-castelo\/#breadcrumb"},"inLanguage":"pt-PT","potentialAction":[{"@type":"ReadAction","target":["https:\/\/portaltela.pt\/noticias\/2026\/05\/01\/paredes-de-coura-recebe-unidade-de-formacao-de-bombeiros-de-viana-do-castelo\/"]}]},{"@type":"ImageObject","inLanguage":"pt-PT","@id":"https:\/\/portaltela.pt\/noticias\/2026\/05\/01\/paredes-de-coura-recebe-unidade-de-formacao-de-bombeiros-de-viana-do-castelo\/#primaryimage","url":"https:\/\/portaltela.pt\/s.01k8rhncp4jt1\/2026\/05\/img_1500x1000uu2022-09-29-15-18-00-1188683.jpg","contentUrl":"https:\/\/portaltela.pt\/s.01k8rhncp4jt1\/2026\/05\/img_1500x1000uu2022-09-29-15-18-00-1188683.jpg","width":796,"height":448,"caption":"Bombeiros"},{"@type":"BreadcrumbList","@id":"https:\/\/portaltela.pt\/noticias\/2026\/05\/01\/paredes-de-coura-recebe-unidade-de-formacao-de-bombeiros-de-viana-do-castelo\/#breadcrumb","itemListElement":[{"@type":"ListItem","position":1,"name":"In\u00edcio","item":"https:\/\/portaltela.pt\/"},{"@type":"ListItem","position":2,"name":"Paredes de Coura recebe unidade de forma\u00e7\u00e3o de bombeiros de Viana do Castelo"}]},{"@type":"WebSite","@id":"https:\/\/portaltela.pt\/#website","url":"https:\/\/portaltela.pt\/","name":"Portal Tela Portugal","description":"","potentialAction":[{"@type":"SearchAction","target":{"@type":"EntryPoint","urlTemplate":"https:\/\/portaltela.pt\/?s={search_term_string}"},"query-input":{"@type":"PropertyValueSpecification","valueRequired":true,"valueName":"search_term_string"}}],"inLanguage":"pt-PT"},{"@type":"Person","@id":"https:\/\/portaltela.pt\/#\/schema\/person\/c4278d4a6028830caff9ee44b42d32ed","name":"Telinha","image":{"@type":"ImageObject","inLanguage":"pt-PT","@id":"https:\/\/portaltela.pt\/s.01k8rhncp4jt1\/2025\/11\/talking-bot-125x125.png","url":"https:\/\/portaltela.pt\/s.01k8rhncp4jt1\/2025\/11\/talking-bot-125x125.png","contentUrl":"https:\/\/portaltela.pt\/s.01k8rhncp4jt1\/2025\/11\/talking-bot-125x125.png","caption":"Telinha"},"sameAs":["https:\/\/portaltela.pt\/"],"url":"https:\/\/portaltela.pt\/por\/367410592786\/"}]}},"_links":{"self":[{"href":"https:\/\/portaltela.pt\/api\/wp\/v2\/posts\/463633","targetHints":{"allow":["GET"]}}],"collection":[{"href":"https:\/\/portaltela.pt\/api\/wp\/v2\/posts"}],"about":[{"href":"https:\/\/portaltela.pt\/api\/wp\/v2\/types\/post"}],"author":[{"embeddable":true,"href":"https:\/\/portaltela.pt\/api\/wp\/v2\/users\/2"}],"replies":[{"embeddable":true,"href":"https:\/\/portaltela.pt\/api\/wp\/v2\/comments?post=463633"}],"version-history":[{"count":0,"href":"https:\/\/portaltela.pt\/api\/wp\/v2\/posts\/463633\/revisions"}],"wp:featuredmedia":[{"embeddable":true,"href":"https:\/\/portaltela.pt\/api\/wp\/v2\/media\/463635"}],"wp:attachment":[{"href":"https:\/\/portaltela.pt\/api\/wp\/v2\/media?parent=463633"}],"wp:term":[{"taxonomy":"category","embeddable":true,"href":"https:\/\/portaltela.pt\/api\/wp\/v2\/categories?post=463633"},{"taxonomy":"post_tag","embeddable":true,"href":"https:\/\/portaltela.pt\/api\/wp\/v2\/tags?post=463633"}],"curies":[{"name":"wp","href":"https:\/\/api.w.org\/{rel}","templated":true}]}}