{"id":463620,"date":"2026-05-01T06:47:45","date_gmt":"2026-05-01T09:47:45","guid":{"rendered":"https:\/\/portaltela.pt\/noticias\/2026\/05\/01\/aung-san-suu-kyi-continua-em-paradeiro-desconhecido\/"},"modified":"2026-05-01T06:47:45","modified_gmt":"2026-05-01T09:47:45","slug":"aung-san-suu-kyi-continua-em-paradeiro-desconhecido","status":"publish","type":"post","link":"https:\/\/portaltela.pt\/noticias\/internacional\/2026\/05\/01\/aung-san-suu-kyi-continua-em-paradeiro-desconhecido\/","title":{"rendered":"Aung San Suu Kyi continua em paradeiro desconhecido"},"content":{"rendered":"<p>O paradeiro de Aung San Suu Kyi mant\u00e9m-se desconhecido, um dia depois de o Governo militar ter anunciado a transfer\u00eancia da ex-l\u00edder para pris\u00e3o domicili\u00e1ria. A informa\u00e7\u00e3o foi comunicada pelo regime sem detalhes adicionais.<\/p>\n<p>O c\u00edrculo pr\u00f3ximo de Suu Kyi n\u00e3o confirmou onde a antiga premi\u00ea ficar\u00e1. A Liga Nacional para a Democracia (LND) disse apenas que houve uma decis\u00e3o oficial, sem especificar prazos ou condi\u00e7\u00f5es da medida.<\/p>\n<p>Quem comparece ao caso relata incerteza. U Bo Bo Oo, empres\u00e1rio ligado \u00e0 LND, que vive no ex\u00edlio, disse \u00e0 EFE que, segundo a lei birmanesa, Suu Kyi pode escolher com quem viver, mas sem indicar como o regime aplica a decis\u00e3o.<\/p>\n<h3>Situa\u00e7\u00e3o atual<\/h3>\n<p>Fontes na EFE indicam que a casa de Suu Kyi em Rangum continua fechada ao p\u00fablico e que \u00e9 improv\u00e1vel que seja a resid\u00eancia para pris\u00e3o domicili\u00e1ria escolhida pelo regime. Observadores apontam que a antiga l\u00edder \u00e9 conhecida pela resist\u00eancia contra os militares.<\/p>\n<p>Kim Aris, filho de Suu Kyi, pediu informa\u00e7\u00f5es p\u00fablicas sobre o estado de sa\u00fade e sobre a possibilidade de comunica\u00e7\u00e3o com a m\u00e3e, afirmando que ela permanece isolada. Em redes sociais, pediu provas caso esteja viva.<\/p>\n<p>As imagens exibidas pela televis\u00e3o estatal mostram Suu Kyi magra, com o rabo de cavalo, diante de dois agentes, mas n\u00e3o est\u00e1 claro quando a grava\u00e7\u00e3o foi realizada. O canal MRTV indicou que a pena dever\u00e1 cumprir-se integralmente, em pris\u00e3o domicili\u00e1ria, sem esclarecer contactos com advogados ou fam\u00edlia.<\/p>\n<h3>Contexto<\/h3>\n<p>Os militares conduziram o golpe de 2021 que interrompeu a transi\u00e7\u00e3o democr\u00e1tica birmanesa, liderada por Suu Kyi, e intensificaram o conflito armado no pa\u00eds. O isolamento internacional manteve-se acentuado desde ent\u00e3o.<\/p>\n<p>Segundo a Associa\u00e7\u00e3o para a Assist\u00eancia a Prisioneiros Pol\u00edticos de Myanmar, cerca de 22 047 pessoas continuam detidas e j\u00e1 morreram oito mil desde o golpe.<\/p>\n","protected":false},"excerpt":{"rendered":"<ul>\n<li>O c\u00edrculo pr\u00f3ximo de Aung San Suu Kyi n\u00e3o tem informa\u00e7\u00f5es sobre o paradeiro da ex-l\u00edder, um dia ap\u00f3s o Governo militar anunciar a transfer\u00eancia para pris\u00e3o domicili\u00e1ria.<\/li>\n<li>A Liga Nacional para a Democracia (LND) informou que o regime comunicou a transfer\u00eancia sem indicar mais detalhes sobre a aplica\u00e7\u00e3o da medida.<\/li>\n<li>A LND indica que, segundo a lei birmanesa, Suu Kyi pode escolher com quem viver, mas n\u00e3o est\u00e1 claro como isso ser\u00e1 aplicado pelo regime.<\/li>\n<li>Fontes pr\u00f3ximas dizem que a casa de Rangum est\u00e1 fechada ao p\u00fablico e \u00e9 improv\u00e1vel que Suu Kyi seja transferida para ali; o canal MRTV diz que ela dever\u00e1 cumprir o resto da pena em pris\u00e3o domicili\u00e1ria.<\/li>\n<li>O Governo militar mant\u00e9m o controle; segundo a Associa\u00e7\u00e3o para a Assist\u00eancia a Prisioneiros Pol\u00edticos de Myanmar, mais de 22.047 pessoas continuam detidas e cerca de 8.000 teriam morrido desde o golpe.<\/li>\n<\/ul>\n","protected":false},"author":2,"featured_media":463621,"comment_status":"closed","ping_status":"closed","sticky":false,"template":"","format":"standard","meta":{"footnotes":""},"categories":[6814,4],"tags":[637,2795,4139,2633,937,6266],"class_list":["post-463620","post","type-post","status-publish","format-standard","has-post-thumbnail","hentry","category-geopolitica","category-internacional","tag-assuntos-internacionais","tag-democracia","tag-detencao","tag-direitos-humanos","tag-golpe-de-estado","tag-situacoes-internacionais"],"yoast_head":"<!-- This site is optimized with the Yoast SEO plugin v27.2 - https:\/\/yoast.com\/product\/yoast-seo-wordpress\/ -->\n<title>Aung San Suu Kyi continua em paradeiro desconhecido - Portal Tela Portugal<\/title>\n<meta name=\"robots\" content=\"index, follow, max-snippet:-1, max-image-preview:large, max-video-preview:-1\" \/>\n<meta property=\"og:locale\" content=\"pt_PT\" \/>\n<meta property=\"og:type\" content=\"article\" \/>\n<meta property=\"og:title\" content=\"Aung San Suu Kyi continua em paradeiro desconhecido - Portal Tela Portugal\" \/>\n<meta property=\"og:description\" content=\"O c\u00edrculo pr\u00f3ximo de Aung San Suu Kyi n\u00e3o tem informa\u00e7\u00f5es sobre o paradeiro da ex-l\u00edder, um dia ap\u00f3s o Governo militar anunciar a transfer\u00eancia para pris\u00e3o domicili\u00e1ria. A Liga Nacional para a Democracia (LND) informou que o regime comunicou a transfer\u00eancia sem indicar mais detalhes sobre a aplica\u00e7\u00e3o da medida. A LND indica que, segundo a lei birmanesa, Suu Kyi pode escolher com quem viver, mas n\u00e3o est\u00e1 claro como isso ser\u00e1 aplicado pelo regime. Fontes pr\u00f3ximas dizem que a casa de Rangum est\u00e1 fechada ao p\u00fablico e \u00e9 improv\u00e1vel que Suu Kyi seja transferida para ali; o canal MRTV diz que ela dever\u00e1 cumprir o resto da pena em pris\u00e3o domicili\u00e1ria. O Governo militar mant\u00e9m o controle; segundo a Associa\u00e7\u00e3o para a Assist\u00eancia a Prisioneiros Pol\u00edticos de Myanmar, mais de 22.047 pessoas continuam detidas e cerca de 8.000 teriam morrido desde o golpe.\" \/>\n<meta property=\"og:url\" content=\"https:\/\/portaltela.pt\/noticias\/2026\/05\/01\/aung-san-suu-kyi-continua-em-paradeiro-desconhecido\/\" \/>\n<meta property=\"og:site_name\" content=\"Portal Tela Portugal\" \/>\n<meta property=\"article:published_time\" content=\"2026-05-01T09:47:45+00:00\" \/>\n<meta name=\"author\" content=\"Telinha\" \/>\n<meta name=\"twitter:card\" content=\"summary_large_image\" \/>\n<meta name=\"twitter:label1\" content=\"Escrito por\" \/>\n\t<meta name=\"twitter:data1\" content=\"Telinha\" \/>\n\t<meta name=\"twitter:label2\" content=\"Tempo estimado de leitura\" \/>\n\t<meta name=\"twitter:data2\" content=\"2 minutos\" \/>\n<script type=\"application\/ld+json\" class=\"yoast-schema-graph\">{\"@context\":\"https:\/\/schema.org\",\"@graph\":[{\"@type\":\"Article\",\"@id\":\"https:\/\/portaltela.pt\/noticias\/2026\/05\/01\/aung-san-suu-kyi-continua-em-paradeiro-desconhecido\/#article\",\"isPartOf\":{\"@id\":\"https:\/\/portaltela.pt\/noticias\/2026\/05\/01\/aung-san-suu-kyi-continua-em-paradeiro-desconhecido\/\"},\"author\":{\"name\":\"Telinha\",\"@id\":\"https:\/\/portaltela.pt\/#\/schema\/person\/c4278d4a6028830caff9ee44b42d32ed\"},\"headline\":\"Aung San Suu Kyi continua em paradeiro desconhecido\",\"datePublished\":\"2026-05-01T09:47:45+00:00\",\"mainEntityOfPage\":{\"@id\":\"https:\/\/portaltela.pt\/noticias\/2026\/05\/01\/aung-san-suu-kyi-continua-em-paradeiro-desconhecido\/\"},\"wordCount\":338,\"image\":{\"@id\":\"https:\/\/portaltela.pt\/noticias\/2026\/05\/01\/aung-san-suu-kyi-continua-em-paradeiro-desconhecido\/#primaryimage\"},\"thumbnailUrl\":\"https:\/\/portaltela.pt\/s.01k8rhncp4jt1\/2026\/05\/image-12.jpg\",\"keywords\":[\"assuntos internacionais\",\"democracia\",\"deten\u00e7\u00e3o\",\"direitos humanos\",\"golpe de Estado\",\"situa\u00e7\u00f5es internacionais\"],\"articleSection\":[\"Geopol\u00edtica\",\"Internacional\"],\"inLanguage\":\"pt-PT\"},{\"@type\":\"WebPage\",\"@id\":\"https:\/\/portaltela.pt\/noticias\/2026\/05\/01\/aung-san-suu-kyi-continua-em-paradeiro-desconhecido\/\",\"url\":\"https:\/\/portaltela.pt\/noticias\/2026\/05\/01\/aung-san-suu-kyi-continua-em-paradeiro-desconhecido\/\",\"name\":\"Aung San Suu Kyi continua em paradeiro desconhecido - Portal Tela Portugal\",\"isPartOf\":{\"@id\":\"https:\/\/portaltela.pt\/#website\"},\"primaryImageOfPage\":{\"@id\":\"https:\/\/portaltela.pt\/noticias\/2026\/05\/01\/aung-san-suu-kyi-continua-em-paradeiro-desconhecido\/#primaryimage\"},\"image\":{\"@id\":\"https:\/\/portaltela.pt\/noticias\/2026\/05\/01\/aung-san-suu-kyi-continua-em-paradeiro-desconhecido\/#primaryimage\"},\"thumbnailUrl\":\"https:\/\/portaltela.pt\/s.01k8rhncp4jt1\/2026\/05\/image-12.jpg\",\"datePublished\":\"2026-05-01T09:47:45+00:00\",\"author\":{\"@id\":\"https:\/\/portaltela.pt\/#\/schema\/person\/c4278d4a6028830caff9ee44b42d32ed\"},\"breadcrumb\":{\"@id\":\"https:\/\/portaltela.pt\/noticias\/2026\/05\/01\/aung-san-suu-kyi-continua-em-paradeiro-desconhecido\/#breadcrumb\"},\"inLanguage\":\"pt-PT\",\"potentialAction\":[{\"@type\":\"ReadAction\",\"target\":[\"https:\/\/portaltela.pt\/noticias\/2026\/05\/01\/aung-san-suu-kyi-continua-em-paradeiro-desconhecido\/\"]}]},{\"@type\":\"ImageObject\",\"inLanguage\":\"pt-PT\",\"@id\":\"https:\/\/portaltela.pt\/noticias\/2026\/05\/01\/aung-san-suu-kyi-continua-em-paradeiro-desconhecido\/#primaryimage\",\"url\":\"https:\/\/portaltela.pt\/s.01k8rhncp4jt1\/2026\/05\/image-12.jpg\",\"contentUrl\":\"https:\/\/portaltela.pt\/s.01k8rhncp4jt1\/2026\/05\/image-12.jpg\",\"width\":796,\"height\":448,\"caption\":\"Imagem de Aung San Suu Kyi revelada pelo Ex\u00e9rcito\"},{\"@type\":\"BreadcrumbList\",\"@id\":\"https:\/\/portaltela.pt\/noticias\/2026\/05\/01\/aung-san-suu-kyi-continua-em-paradeiro-desconhecido\/#breadcrumb\",\"itemListElement\":[{\"@type\":\"ListItem\",\"position\":1,\"name\":\"In\u00edcio\",\"item\":\"https:\/\/portaltela.pt\/\"},{\"@type\":\"ListItem\",\"position\":2,\"name\":\"Aung San Suu Kyi continua em paradeiro desconhecido\"}]},{\"@type\":\"WebSite\",\"@id\":\"https:\/\/portaltela.pt\/#website\",\"url\":\"https:\/\/portaltela.pt\/\",\"name\":\"Portal Tela Portugal\",\"description\":\"\",\"potentialAction\":[{\"@type\":\"SearchAction\",\"target\":{\"@type\":\"EntryPoint\",\"urlTemplate\":\"https:\/\/portaltela.pt\/?s={search_term_string}\"},\"query-input\":{\"@type\":\"PropertyValueSpecification\",\"valueRequired\":true,\"valueName\":\"search_term_string\"}}],\"inLanguage\":\"pt-PT\"},{\"@type\":\"Person\",\"@id\":\"https:\/\/portaltela.pt\/#\/schema\/person\/c4278d4a6028830caff9ee44b42d32ed\",\"name\":\"Telinha\",\"image\":{\"@type\":\"ImageObject\",\"inLanguage\":\"pt-PT\",\"@id\":\"https:\/\/portaltela.pt\/s.01k8rhncp4jt1\/2025\/11\/talking-bot-125x125.png\",\"url\":\"https:\/\/portaltela.pt\/s.01k8rhncp4jt1\/2025\/11\/talking-bot-125x125.png\",\"contentUrl\":\"https:\/\/portaltela.pt\/s.01k8rhncp4jt1\/2025\/11\/talking-bot-125x125.png\",\"caption\":\"Telinha\"},\"sameAs\":[\"https:\/\/portaltela.pt\/\"],\"url\":\"https:\/\/portaltela.pt\/por\/367410592786\/\"}]}<\/script>\n<!-- \/ Yoast SEO plugin. -->","yoast_head_json":{"title":"Aung San Suu Kyi continua em paradeiro desconhecido - Portal Tela Portugal","robots":{"index":"index","follow":"follow","max-snippet":"max-snippet:-1","max-image-preview":"max-image-preview:large","max-video-preview":"max-video-preview:-1"},"og_locale":"pt_PT","og_type":"article","og_title":"Aung San Suu Kyi continua em paradeiro desconhecido - Portal Tela Portugal","og_description":"O c\u00edrculo pr\u00f3ximo de Aung San Suu Kyi n\u00e3o tem informa\u00e7\u00f5es sobre o paradeiro da ex-l\u00edder, um dia ap\u00f3s o Governo militar anunciar a transfer\u00eancia para pris\u00e3o domicili\u00e1ria. A Liga Nacional para a Democracia (LND) informou que o regime comunicou a transfer\u00eancia sem indicar mais detalhes sobre a aplica\u00e7\u00e3o da medida. A LND indica que, segundo a lei birmanesa, Suu Kyi pode escolher com quem viver, mas n\u00e3o est\u00e1 claro como isso ser\u00e1 aplicado pelo regime. Fontes pr\u00f3ximas dizem que a casa de Rangum est\u00e1 fechada ao p\u00fablico e \u00e9 improv\u00e1vel que Suu Kyi seja transferida para ali; o canal MRTV diz que ela dever\u00e1 cumprir o resto da pena em pris\u00e3o domicili\u00e1ria. O Governo militar mant\u00e9m o controle; segundo a Associa\u00e7\u00e3o para a Assist\u00eancia a Prisioneiros Pol\u00edticos de Myanmar, mais de 22.047 pessoas continuam detidas e cerca de 8.000 teriam morrido desde o golpe.","og_url":"https:\/\/portaltela.pt\/noticias\/2026\/05\/01\/aung-san-suu-kyi-continua-em-paradeiro-desconhecido\/","og_site_name":"Portal Tela Portugal","article_published_time":"2026-05-01T09:47:45+00:00","author":"Telinha","twitter_card":"summary_large_image","twitter_misc":{"Escrito por":"Telinha","Tempo estimado de leitura":"2 minutos"},"schema":{"@context":"https:\/\/schema.org","@graph":[{"@type":"Article","@id":"https:\/\/portaltela.pt\/noticias\/2026\/05\/01\/aung-san-suu-kyi-continua-em-paradeiro-desconhecido\/#article","isPartOf":{"@id":"https:\/\/portaltela.pt\/noticias\/2026\/05\/01\/aung-san-suu-kyi-continua-em-paradeiro-desconhecido\/"},"author":{"name":"Telinha","@id":"https:\/\/portaltela.pt\/#\/schema\/person\/c4278d4a6028830caff9ee44b42d32ed"},"headline":"Aung San Suu Kyi continua em paradeiro desconhecido","datePublished":"2026-05-01T09:47:45+00:00","mainEntityOfPage":{"@id":"https:\/\/portaltela.pt\/noticias\/2026\/05\/01\/aung-san-suu-kyi-continua-em-paradeiro-desconhecido\/"},"wordCount":338,"image":{"@id":"https:\/\/portaltela.pt\/noticias\/2026\/05\/01\/aung-san-suu-kyi-continua-em-paradeiro-desconhecido\/#primaryimage"},"thumbnailUrl":"https:\/\/portaltela.pt\/s.01k8rhncp4jt1\/2026\/05\/image-12.jpg","keywords":["assuntos internacionais","democracia","deten\u00e7\u00e3o","direitos humanos","golpe de Estado","situa\u00e7\u00f5es internacionais"],"articleSection":["Geopol\u00edtica","Internacional"],"inLanguage":"pt-PT"},{"@type":"WebPage","@id":"https:\/\/portaltela.pt\/noticias\/2026\/05\/01\/aung-san-suu-kyi-continua-em-paradeiro-desconhecido\/","url":"https:\/\/portaltela.pt\/noticias\/2026\/05\/01\/aung-san-suu-kyi-continua-em-paradeiro-desconhecido\/","name":"Aung San Suu Kyi continua em paradeiro desconhecido - Portal Tela Portugal","isPartOf":{"@id":"https:\/\/portaltela.pt\/#website"},"primaryImageOfPage":{"@id":"https:\/\/portaltela.pt\/noticias\/2026\/05\/01\/aung-san-suu-kyi-continua-em-paradeiro-desconhecido\/#primaryimage"},"image":{"@id":"https:\/\/portaltela.pt\/noticias\/2026\/05\/01\/aung-san-suu-kyi-continua-em-paradeiro-desconhecido\/#primaryimage"},"thumbnailUrl":"https:\/\/portaltela.pt\/s.01k8rhncp4jt1\/2026\/05\/image-12.jpg","datePublished":"2026-05-01T09:47:45+00:00","author":{"@id":"https:\/\/portaltela.pt\/#\/schema\/person\/c4278d4a6028830caff9ee44b42d32ed"},"breadcrumb":{"@id":"https:\/\/portaltela.pt\/noticias\/2026\/05\/01\/aung-san-suu-kyi-continua-em-paradeiro-desconhecido\/#breadcrumb"},"inLanguage":"pt-PT","potentialAction":[{"@type":"ReadAction","target":["https:\/\/portaltela.pt\/noticias\/2026\/05\/01\/aung-san-suu-kyi-continua-em-paradeiro-desconhecido\/"]}]},{"@type":"ImageObject","inLanguage":"pt-PT","@id":"https:\/\/portaltela.pt\/noticias\/2026\/05\/01\/aung-san-suu-kyi-continua-em-paradeiro-desconhecido\/#primaryimage","url":"https:\/\/portaltela.pt\/s.01k8rhncp4jt1\/2026\/05\/image-12.jpg","contentUrl":"https:\/\/portaltela.pt\/s.01k8rhncp4jt1\/2026\/05\/image-12.jpg","width":796,"height":448,"caption":"Imagem de Aung San Suu Kyi revelada pelo Ex\u00e9rcito"},{"@type":"BreadcrumbList","@id":"https:\/\/portaltela.pt\/noticias\/2026\/05\/01\/aung-san-suu-kyi-continua-em-paradeiro-desconhecido\/#breadcrumb","itemListElement":[{"@type":"ListItem","position":1,"name":"In\u00edcio","item":"https:\/\/portaltela.pt\/"},{"@type":"ListItem","position":2,"name":"Aung San Suu Kyi continua em paradeiro desconhecido"}]},{"@type":"WebSite","@id":"https:\/\/portaltela.pt\/#website","url":"https:\/\/portaltela.pt\/","name":"Portal Tela Portugal","description":"","potentialAction":[{"@type":"SearchAction","target":{"@type":"EntryPoint","urlTemplate":"https:\/\/portaltela.pt\/?s={search_term_string}"},"query-input":{"@type":"PropertyValueSpecification","valueRequired":true,"valueName":"search_term_string"}}],"inLanguage":"pt-PT"},{"@type":"Person","@id":"https:\/\/portaltela.pt\/#\/schema\/person\/c4278d4a6028830caff9ee44b42d32ed","name":"Telinha","image":{"@type":"ImageObject","inLanguage":"pt-PT","@id":"https:\/\/portaltela.pt\/s.01k8rhncp4jt1\/2025\/11\/talking-bot-125x125.png","url":"https:\/\/portaltela.pt\/s.01k8rhncp4jt1\/2025\/11\/talking-bot-125x125.png","contentUrl":"https:\/\/portaltela.pt\/s.01k8rhncp4jt1\/2025\/11\/talking-bot-125x125.png","caption":"Telinha"},"sameAs":["https:\/\/portaltela.pt\/"],"url":"https:\/\/portaltela.pt\/por\/367410592786\/"}]}},"_links":{"self":[{"href":"https:\/\/portaltela.pt\/api\/wp\/v2\/posts\/463620","targetHints":{"allow":["GET"]}}],"collection":[{"href":"https:\/\/portaltela.pt\/api\/wp\/v2\/posts"}],"about":[{"href":"https:\/\/portaltela.pt\/api\/wp\/v2\/types\/post"}],"author":[{"embeddable":true,"href":"https:\/\/portaltela.pt\/api\/wp\/v2\/users\/2"}],"replies":[{"embeddable":true,"href":"https:\/\/portaltela.pt\/api\/wp\/v2\/comments?post=463620"}],"version-history":[{"count":0,"href":"https:\/\/portaltela.pt\/api\/wp\/v2\/posts\/463620\/revisions"}],"wp:featuredmedia":[{"embeddable":true,"href":"https:\/\/portaltela.pt\/api\/wp\/v2\/media\/463621"}],"wp:attachment":[{"href":"https:\/\/portaltela.pt\/api\/wp\/v2\/media?parent=463620"}],"wp:term":[{"taxonomy":"category","embeddable":true,"href":"https:\/\/portaltela.pt\/api\/wp\/v2\/categories?post=463620"},{"taxonomy":"post_tag","embeddable":true,"href":"https:\/\/portaltela.pt\/api\/wp\/v2\/tags?post=463620"}],"curies":[{"name":"wp","href":"https:\/\/api.w.org\/{rel}","templated":true}]}}