{"id":463615,"date":"2026-05-01T06:33:33","date_gmt":"2026-05-01T09:33:33","guid":{"rendered":"https:\/\/portaltela.pt\/noticias\/2026\/05\/01\/infantino-recandidata-se-a-presidencia-da-fifa-em-2027\/"},"modified":"2026-05-01T06:33:33","modified_gmt":"2026-05-01T09:33:33","slug":"infantino-recandidata-se-a-presidencia-da-fifa-em-2027","status":"publish","type":"post","link":"https:\/\/portaltela.pt\/desporto\/futebol\/2026\/05\/01\/infantino-recandidata-se-a-presidencia-da-fifa-em-2027\/","title":{"rendered":"Infantino recandidata-se \u00e0 presid\u00eancia da FIFA em 2027"},"content":{"rendered":"<p>Gianni Infantino anunciou a recandidatura \u00e0 presid\u00eancia da FIFA para 2027 durante o 76.\u00ba Congresso, em Vancouver, Canad\u00e1. Com 56 anos, foi eleito pela primeira vez em 2016, sucedendo Blatter, que se afastou em 2015.<\/p>\n<p>No hist\u00f3rico recente, Infantino concorreu sem oposi\u00e7\u00e3o em 2019 e 2023, sendo eleito por aclama\u00e7\u00e3o nesses escrut\u00ednios. Para j\u00e1, n\u00e3o tem advers\u00e1rios anunciados para 2027.<\/p>\n<h3>Apoio expl\u00edcito de confedera\u00e7\u00f5es<\/h3>\n<p>As confedera\u00e7\u00f5es CAF, CONMEBOL e AFC j\u00e1 garantiram apoio \u00e0 candidatura do advogado, que busca um terceiro mandato consecutivo at\u00e9 2031. O sistema permite que o primeiro tri\u00e9nio n\u00e3o conte para o teto de 12 anos.<\/p>\n<h3>Contexto do Mundial de 2030 e do Mundial 2026<\/h3>\n<p>Pelo estatuto, o ter\u00e7o inicial n\u00e3o entra no limite de tempo, abrindo a possibilidade de Infantino liderar at\u00e9 2031, incluindo o Mundial de 2030, coorganizado por Portugal, Espanha e Marrocos. O Mundial 2026 acontece sob organiza\u00e7\u00e3o tripartida EUA, M\u00e9xico e Canad\u00e1.<\/p>\n<h3>Controv\u00e9rsias e quest\u00f5es \u00e9ticas<\/h3>\n<p>A World Football n\u00e3o est\u00e1 alheia a controv\u00e9rsias: a FairSquare apresentou uma queixa \u00e0 Comiss\u00e3o de \u00c9tica da FIFA, envolvendo a rela\u00e7\u00e3o entre Infantino e o l\u00edder dos EUA e decis\u00f5es associadas ao pr\u00e9mio da paz.<\/p>\n<h3>Elei\u00e7\u00f5es de 2027 e pr\u00f3ximos passos<\/h3>\n<p>As elei\u00e7\u00f5es da FIFA est\u00e3o marcadas para mar\u00e7o de 2027, em Rabat, Marrocos. No Congresso de Vancouver estiveram dirigentes de diversas federa\u00e7\u00f5es, incluindo a Federa\u00e7\u00e3o Portuguesa de Futebol; a delega\u00e7\u00e3o do Ir\u00e3o cancelou presen\u00e7a.<\/p>\n","protected":false},"excerpt":{"rendered":"<ul>\n<li>Gianni Infantino anunciou a recandidatura \u00e0 presid\u00eancia da FIFA em 2027, durante o 76.\u00ba Congresso em Vancouver, Canad\u00e1.<\/li>\n<li>O l\u00edder, de 56 anos, foi presidente desde 2016, sucedendo Joseph Blatter, que se afastou ap\u00f3s acusa\u00e7\u00f5es de fraude e corrup\u00e7\u00e3o; Blatter foi absolvido pela justi\u00e7a em 2025.<\/li>\n<li>At\u00e9 ao momento, Infantino n\u00e3o tem advers\u00e1rios anunciados para as elei\u00e7\u00f5es de 2027, e j\u00e1 recebeu apoio de confedera\u00e7\u00f5es como CAF, CONMEBOL e AFC.<\/li>\n<li>Pode cumprir um terceiro mandato consecutivo, chegando a quinze anos no cargo, caso seja reconduzido at\u00e9 2031; o primeiro tri\u00eanio n\u00e3o conta para o limite.<\/li>\n<li>As elei\u00e7\u00f5es realizam-se em mar\u00e7o de 2027 em Rabat, Marrocos; o Mundial de 2026 ser\u00e1 organizado de forma tripartida pelos Estados Unidos, M\u00e9xico e Canad\u00e1, e o de 2030 ser\u00e1 coorganizado por Portugal, Espanha e Marrocos.<\/li>\n<\/ul>\n","protected":false},"author":2,"featured_media":463617,"comment_status":"closed","ping_status":"closed","sticky":false,"template":"","format":"standard","meta":{"footnotes":""},"categories":[21,24],"tags":[7940,8539,8826,7755,7988,8410],"class_list":["post-463615","post","type-post","status-publish","format-standard","has-post-thumbnail","hentry","category-desporto","category-futebol","tag-_eleicoes","tag-_federacao-portuguesa-de-futebol","tag-_federacoes-desportivas","tag-_futebol","tag-_organizacao-internacional","tag-_politica-internacional"],"yoast_head":"<!-- This site is optimized with the Yoast SEO plugin v27.2 - https:\/\/yoast.com\/product\/yoast-seo-wordpress\/ -->\n<title>Infantino recandidata-se \u00e0 presid\u00eancia da FIFA em 2027 - Portal Tela Portugal<\/title>\n<meta name=\"robots\" content=\"index, follow, max-snippet:-1, max-image-preview:large, max-video-preview:-1\" \/>\n<meta property=\"og:locale\" content=\"pt_PT\" \/>\n<meta property=\"og:type\" content=\"article\" \/>\n<meta property=\"og:title\" content=\"Infantino recandidata-se \u00e0 presid\u00eancia da FIFA em 2027 - Portal Tela Portugal\" \/>\n<meta property=\"og:description\" content=\"Gianni Infantino anunciou a recandidatura \u00e0 presid\u00eancia da FIFA em 2027, durante o 76.\u00ba Congresso em Vancouver, Canad\u00e1. O l\u00edder, de 56 anos, foi presidente desde 2016, sucedendo Joseph Blatter, que se afastou ap\u00f3s acusa\u00e7\u00f5es de fraude e corrup\u00e7\u00e3o; Blatter foi absolvido pela justi\u00e7a em 2025. At\u00e9 ao momento, Infantino n\u00e3o tem advers\u00e1rios anunciados para as elei\u00e7\u00f5es de 2027, e j\u00e1 recebeu apoio de confedera\u00e7\u00f5es como CAF, CONMEBOL e AFC. Pode cumprir um terceiro mandato consecutivo, chegando a quinze anos no cargo, caso seja reconduzido at\u00e9 2031; o primeiro tri\u00eanio n\u00e3o conta para o limite. As elei\u00e7\u00f5es realizam-se em mar\u00e7o de 2027 em Rabat, Marrocos; o Mundial de 2026 ser\u00e1 organizado de forma tripartida pelos Estados Unidos, M\u00e9xico e Canad\u00e1, e o de 2030 ser\u00e1 coorganizado por Portugal, Espanha e Marrocos.\" \/>\n<meta property=\"og:url\" content=\"https:\/\/portaltela.pt\/noticias\/2026\/05\/01\/infantino-recandidata-se-a-presidencia-da-fifa-em-2027\/\" \/>\n<meta property=\"og:site_name\" content=\"Portal Tela Portugal\" \/>\n<meta property=\"article:published_time\" content=\"2026-05-01T09:33:33+00:00\" \/>\n<meta name=\"author\" content=\"Telinha\" \/>\n<meta name=\"twitter:card\" content=\"summary_large_image\" \/>\n<meta name=\"twitter:label1\" content=\"Escrito por\" \/>\n\t<meta name=\"twitter:data1\" content=\"Telinha\" \/>\n\t<meta name=\"twitter:label2\" content=\"Tempo estimado de leitura\" \/>\n\t<meta name=\"twitter:data2\" content=\"1 minuto\" \/>\n<script type=\"application\/ld+json\" class=\"yoast-schema-graph\">{\"@context\":\"https:\/\/schema.org\",\"@graph\":[{\"@type\":\"Article\",\"@id\":\"https:\/\/portaltela.pt\/noticias\/2026\/05\/01\/infantino-recandidata-se-a-presidencia-da-fifa-em-2027\/#article\",\"isPartOf\":{\"@id\":\"https:\/\/portaltela.pt\/noticias\/2026\/05\/01\/infantino-recandidata-se-a-presidencia-da-fifa-em-2027\/\"},\"author\":{\"name\":\"Telinha\",\"@id\":\"https:\/\/portaltela.pt\/#\/schema\/person\/c4278d4a6028830caff9ee44b42d32ed\"},\"headline\":\"Infantino recandidata-se \u00e0 presid\u00eancia da FIFA em 2027\",\"datePublished\":\"2026-05-01T09:33:33+00:00\",\"mainEntityOfPage\":{\"@id\":\"https:\/\/portaltela.pt\/noticias\/2026\/05\/01\/infantino-recandidata-se-a-presidencia-da-fifa-em-2027\/\"},\"wordCount\":252,\"image\":{\"@id\":\"https:\/\/portaltela.pt\/noticias\/2026\/05\/01\/infantino-recandidata-se-a-presidencia-da-fifa-em-2027\/#primaryimage\"},\"thumbnailUrl\":\"https:\/\/portaltela.pt\/s.01k8rhncp4jt1\/2026\/05\/image-11.jpg\",\"keywords\":[\"_elei\u00e7\u00f5es\",\"_Federa\u00e7\u00e3o Portuguesa de Futebol\",\"_federa\u00e7\u00f5es desportivas\",\"_futebol\",\"_organiza\u00e7\u00e3o internacional\",\"_pol\u00edtica internacional\"],\"articleSection\":[\"Desporto\",\"Futebol\"],\"inLanguage\":\"pt-PT\"},{\"@type\":\"WebPage\",\"@id\":\"https:\/\/portaltela.pt\/noticias\/2026\/05\/01\/infantino-recandidata-se-a-presidencia-da-fifa-em-2027\/\",\"url\":\"https:\/\/portaltela.pt\/noticias\/2026\/05\/01\/infantino-recandidata-se-a-presidencia-da-fifa-em-2027\/\",\"name\":\"Infantino recandidata-se \u00e0 presid\u00eancia da FIFA em 2027 - Portal Tela Portugal\",\"isPartOf\":{\"@id\":\"https:\/\/portaltela.pt\/#website\"},\"primaryImageOfPage\":{\"@id\":\"https:\/\/portaltela.pt\/noticias\/2026\/05\/01\/infantino-recandidata-se-a-presidencia-da-fifa-em-2027\/#primaryimage\"},\"image\":{\"@id\":\"https:\/\/portaltela.pt\/noticias\/2026\/05\/01\/infantino-recandidata-se-a-presidencia-da-fifa-em-2027\/#primaryimage\"},\"thumbnailUrl\":\"https:\/\/portaltela.pt\/s.01k8rhncp4jt1\/2026\/05\/image-11.jpg\",\"datePublished\":\"2026-05-01T09:33:33+00:00\",\"author\":{\"@id\":\"https:\/\/portaltela.pt\/#\/schema\/person\/c4278d4a6028830caff9ee44b42d32ed\"},\"breadcrumb\":{\"@id\":\"https:\/\/portaltela.pt\/noticias\/2026\/05\/01\/infantino-recandidata-se-a-presidencia-da-fifa-em-2027\/#breadcrumb\"},\"inLanguage\":\"pt-PT\",\"potentialAction\":[{\"@type\":\"ReadAction\",\"target\":[\"https:\/\/portaltela.pt\/noticias\/2026\/05\/01\/infantino-recandidata-se-a-presidencia-da-fifa-em-2027\/\"]}]},{\"@type\":\"ImageObject\",\"inLanguage\":\"pt-PT\",\"@id\":\"https:\/\/portaltela.pt\/noticias\/2026\/05\/01\/infantino-recandidata-se-a-presidencia-da-fifa-em-2027\/#primaryimage\",\"url\":\"https:\/\/portaltela.pt\/s.01k8rhncp4jt1\/2026\/05\/image-11.jpg\",\"contentUrl\":\"https:\/\/portaltela.pt\/s.01k8rhncp4jt1\/2026\/05\/image-11.jpg\",\"width\":796,\"height\":448,\"caption\":\"Infantino no congresso da FIFA\"},{\"@type\":\"BreadcrumbList\",\"@id\":\"https:\/\/portaltela.pt\/noticias\/2026\/05\/01\/infantino-recandidata-se-a-presidencia-da-fifa-em-2027\/#breadcrumb\",\"itemListElement\":[{\"@type\":\"ListItem\",\"position\":1,\"name\":\"In\u00edcio\",\"item\":\"https:\/\/portaltela.pt\/\"},{\"@type\":\"ListItem\",\"position\":2,\"name\":\"Infantino recandidata-se \u00e0 presid\u00eancia da FIFA em 2027\"}]},{\"@type\":\"WebSite\",\"@id\":\"https:\/\/portaltela.pt\/#website\",\"url\":\"https:\/\/portaltela.pt\/\",\"name\":\"Portal Tela Portugal\",\"description\":\"\",\"potentialAction\":[{\"@type\":\"SearchAction\",\"target\":{\"@type\":\"EntryPoint\",\"urlTemplate\":\"https:\/\/portaltela.pt\/?s={search_term_string}\"},\"query-input\":{\"@type\":\"PropertyValueSpecification\",\"valueRequired\":true,\"valueName\":\"search_term_string\"}}],\"inLanguage\":\"pt-PT\"},{\"@type\":\"Person\",\"@id\":\"https:\/\/portaltela.pt\/#\/schema\/person\/c4278d4a6028830caff9ee44b42d32ed\",\"name\":\"Telinha\",\"image\":{\"@type\":\"ImageObject\",\"inLanguage\":\"pt-PT\",\"@id\":\"https:\/\/portaltela.pt\/s.01k8rhncp4jt1\/2025\/11\/talking-bot-125x125.png\",\"url\":\"https:\/\/portaltela.pt\/s.01k8rhncp4jt1\/2025\/11\/talking-bot-125x125.png\",\"contentUrl\":\"https:\/\/portaltela.pt\/s.01k8rhncp4jt1\/2025\/11\/talking-bot-125x125.png\",\"caption\":\"Telinha\"},\"sameAs\":[\"https:\/\/portaltela.pt\/\"],\"url\":\"https:\/\/portaltela.pt\/por\/367410592786\/\"}]}<\/script>\n<!-- \/ Yoast SEO plugin. -->","yoast_head_json":{"title":"Infantino recandidata-se \u00e0 presid\u00eancia da FIFA em 2027 - Portal Tela Portugal","robots":{"index":"index","follow":"follow","max-snippet":"max-snippet:-1","max-image-preview":"max-image-preview:large","max-video-preview":"max-video-preview:-1"},"og_locale":"pt_PT","og_type":"article","og_title":"Infantino recandidata-se \u00e0 presid\u00eancia da FIFA em 2027 - Portal Tela Portugal","og_description":"Gianni Infantino anunciou a recandidatura \u00e0 presid\u00eancia da FIFA em 2027, durante o 76.\u00ba Congresso em Vancouver, Canad\u00e1. O l\u00edder, de 56 anos, foi presidente desde 2016, sucedendo Joseph Blatter, que se afastou ap\u00f3s acusa\u00e7\u00f5es de fraude e corrup\u00e7\u00e3o; Blatter foi absolvido pela justi\u00e7a em 2025. At\u00e9 ao momento, Infantino n\u00e3o tem advers\u00e1rios anunciados para as elei\u00e7\u00f5es de 2027, e j\u00e1 recebeu apoio de confedera\u00e7\u00f5es como CAF, CONMEBOL e AFC. Pode cumprir um terceiro mandato consecutivo, chegando a quinze anos no cargo, caso seja reconduzido at\u00e9 2031; o primeiro tri\u00eanio n\u00e3o conta para o limite. As elei\u00e7\u00f5es realizam-se em mar\u00e7o de 2027 em Rabat, Marrocos; o Mundial de 2026 ser\u00e1 organizado de forma tripartida pelos Estados Unidos, M\u00e9xico e Canad\u00e1, e o de 2030 ser\u00e1 coorganizado por Portugal, Espanha e Marrocos.","og_url":"https:\/\/portaltela.pt\/noticias\/2026\/05\/01\/infantino-recandidata-se-a-presidencia-da-fifa-em-2027\/","og_site_name":"Portal Tela Portugal","article_published_time":"2026-05-01T09:33:33+00:00","author":"Telinha","twitter_card":"summary_large_image","twitter_misc":{"Escrito por":"Telinha","Tempo estimado de leitura":"1 minuto"},"schema":{"@context":"https:\/\/schema.org","@graph":[{"@type":"Article","@id":"https:\/\/portaltela.pt\/noticias\/2026\/05\/01\/infantino-recandidata-se-a-presidencia-da-fifa-em-2027\/#article","isPartOf":{"@id":"https:\/\/portaltela.pt\/noticias\/2026\/05\/01\/infantino-recandidata-se-a-presidencia-da-fifa-em-2027\/"},"author":{"name":"Telinha","@id":"https:\/\/portaltela.pt\/#\/schema\/person\/c4278d4a6028830caff9ee44b42d32ed"},"headline":"Infantino recandidata-se \u00e0 presid\u00eancia da FIFA em 2027","datePublished":"2026-05-01T09:33:33+00:00","mainEntityOfPage":{"@id":"https:\/\/portaltela.pt\/noticias\/2026\/05\/01\/infantino-recandidata-se-a-presidencia-da-fifa-em-2027\/"},"wordCount":252,"image":{"@id":"https:\/\/portaltela.pt\/noticias\/2026\/05\/01\/infantino-recandidata-se-a-presidencia-da-fifa-em-2027\/#primaryimage"},"thumbnailUrl":"https:\/\/portaltela.pt\/s.01k8rhncp4jt1\/2026\/05\/image-11.jpg","keywords":["_elei\u00e7\u00f5es","_Federa\u00e7\u00e3o Portuguesa de Futebol","_federa\u00e7\u00f5es desportivas","_futebol","_organiza\u00e7\u00e3o internacional","_pol\u00edtica internacional"],"articleSection":["Desporto","Futebol"],"inLanguage":"pt-PT"},{"@type":"WebPage","@id":"https:\/\/portaltela.pt\/noticias\/2026\/05\/01\/infantino-recandidata-se-a-presidencia-da-fifa-em-2027\/","url":"https:\/\/portaltela.pt\/noticias\/2026\/05\/01\/infantino-recandidata-se-a-presidencia-da-fifa-em-2027\/","name":"Infantino recandidata-se \u00e0 presid\u00eancia da FIFA em 2027 - Portal Tela Portugal","isPartOf":{"@id":"https:\/\/portaltela.pt\/#website"},"primaryImageOfPage":{"@id":"https:\/\/portaltela.pt\/noticias\/2026\/05\/01\/infantino-recandidata-se-a-presidencia-da-fifa-em-2027\/#primaryimage"},"image":{"@id":"https:\/\/portaltela.pt\/noticias\/2026\/05\/01\/infantino-recandidata-se-a-presidencia-da-fifa-em-2027\/#primaryimage"},"thumbnailUrl":"https:\/\/portaltela.pt\/s.01k8rhncp4jt1\/2026\/05\/image-11.jpg","datePublished":"2026-05-01T09:33:33+00:00","author":{"@id":"https:\/\/portaltela.pt\/#\/schema\/person\/c4278d4a6028830caff9ee44b42d32ed"},"breadcrumb":{"@id":"https:\/\/portaltela.pt\/noticias\/2026\/05\/01\/infantino-recandidata-se-a-presidencia-da-fifa-em-2027\/#breadcrumb"},"inLanguage":"pt-PT","potentialAction":[{"@type":"ReadAction","target":["https:\/\/portaltela.pt\/noticias\/2026\/05\/01\/infantino-recandidata-se-a-presidencia-da-fifa-em-2027\/"]}]},{"@type":"ImageObject","inLanguage":"pt-PT","@id":"https:\/\/portaltela.pt\/noticias\/2026\/05\/01\/infantino-recandidata-se-a-presidencia-da-fifa-em-2027\/#primaryimage","url":"https:\/\/portaltela.pt\/s.01k8rhncp4jt1\/2026\/05\/image-11.jpg","contentUrl":"https:\/\/portaltela.pt\/s.01k8rhncp4jt1\/2026\/05\/image-11.jpg","width":796,"height":448,"caption":"Infantino no congresso da FIFA"},{"@type":"BreadcrumbList","@id":"https:\/\/portaltela.pt\/noticias\/2026\/05\/01\/infantino-recandidata-se-a-presidencia-da-fifa-em-2027\/#breadcrumb","itemListElement":[{"@type":"ListItem","position":1,"name":"In\u00edcio","item":"https:\/\/portaltela.pt\/"},{"@type":"ListItem","position":2,"name":"Infantino recandidata-se \u00e0 presid\u00eancia da FIFA em 2027"}]},{"@type":"WebSite","@id":"https:\/\/portaltela.pt\/#website","url":"https:\/\/portaltela.pt\/","name":"Portal Tela Portugal","description":"","potentialAction":[{"@type":"SearchAction","target":{"@type":"EntryPoint","urlTemplate":"https:\/\/portaltela.pt\/?s={search_term_string}"},"query-input":{"@type":"PropertyValueSpecification","valueRequired":true,"valueName":"search_term_string"}}],"inLanguage":"pt-PT"},{"@type":"Person","@id":"https:\/\/portaltela.pt\/#\/schema\/person\/c4278d4a6028830caff9ee44b42d32ed","name":"Telinha","image":{"@type":"ImageObject","inLanguage":"pt-PT","@id":"https:\/\/portaltela.pt\/s.01k8rhncp4jt1\/2025\/11\/talking-bot-125x125.png","url":"https:\/\/portaltela.pt\/s.01k8rhncp4jt1\/2025\/11\/talking-bot-125x125.png","contentUrl":"https:\/\/portaltela.pt\/s.01k8rhncp4jt1\/2025\/11\/talking-bot-125x125.png","caption":"Telinha"},"sameAs":["https:\/\/portaltela.pt\/"],"url":"https:\/\/portaltela.pt\/por\/367410592786\/"}]}},"_links":{"self":[{"href":"https:\/\/portaltela.pt\/api\/wp\/v2\/posts\/463615","targetHints":{"allow":["GET"]}}],"collection":[{"href":"https:\/\/portaltela.pt\/api\/wp\/v2\/posts"}],"about":[{"href":"https:\/\/portaltela.pt\/api\/wp\/v2\/types\/post"}],"author":[{"embeddable":true,"href":"https:\/\/portaltela.pt\/api\/wp\/v2\/users\/2"}],"replies":[{"embeddable":true,"href":"https:\/\/portaltela.pt\/api\/wp\/v2\/comments?post=463615"}],"version-history":[{"count":0,"href":"https:\/\/portaltela.pt\/api\/wp\/v2\/posts\/463615\/revisions"}],"wp:featuredmedia":[{"embeddable":true,"href":"https:\/\/portaltela.pt\/api\/wp\/v2\/media\/463617"}],"wp:attachment":[{"href":"https:\/\/portaltela.pt\/api\/wp\/v2\/media?parent=463615"}],"wp:term":[{"taxonomy":"category","embeddable":true,"href":"https:\/\/portaltela.pt\/api\/wp\/v2\/categories?post=463615"},{"taxonomy":"post_tag","embeddable":true,"href":"https:\/\/portaltela.pt\/api\/wp\/v2\/tags?post=463615"}],"curies":[{"name":"wp","href":"https:\/\/api.w.org\/{rel}","templated":true}]}}