{"id":463613,"date":"2026-05-01T06:33:32","date_gmt":"2026-05-01T09:33:32","guid":{"rendered":"https:\/\/portaltela.pt\/noticias\/2026\/05\/01\/asia-central-reune-esforcos-para-proteger-o-mar-caspio-e-a-biodiversidade\/"},"modified":"2026-05-01T06:33:32","modified_gmt":"2026-05-01T09:33:32","slug":"asia-central-reune-esforcos-para-proteger-o-mar-caspio-e-a-biodiversidade","status":"publish","type":"post","link":"https:\/\/portaltela.pt\/noticias\/2026\/05\/01\/asia-central-reune-esforcos-para-proteger-o-mar-caspio-e-a-biodiversidade\/","title":{"rendered":"\u00c1sia Central re\u00fane esfor\u00e7os para proteger o mar C\u00e1spio e a biodiversidade"},"content":{"rendered":"<p>A Cimeira Ecol\u00f3gica Regional reuniu, em Astana, os chefes de Estado da \u00c1sia Central para alinharem posi\u00e7\u00f5es em mat\u00e9ria ambiental antes de negocia\u00e7\u00f5es internacionais. O encontro decorreu na semana passada e consolidou compromissos regionais numa declara\u00e7\u00e3o conjunta de solidariedade ambiental.<\/p>\n<p>Os pa\u00edses participantes foram Uzbequist\u00e3o, Quirguist\u00e3o, Turquemenist\u00e3o, Tajiquist\u00e3o e Cazaquist\u00e3o. Entre as metas aprovadas est\u00e1 a cria\u00e7\u00e3o de uma organiza\u00e7\u00e3o internacional da \u00e1gua, com apoio da ONU, bem como o lan\u00e7amento de um fundo internacional para a biodiversidade e de um programa para proteger os recursos h\u00eddricos do mar C\u00e1spio.<\/p>\n<p>A cimeira tamb\u00e9m aprovou acordos de financiamento com institui\u00e7\u00f5es internacionais, integrando o apoio da Comiss\u00e3o Europeia e do Banco Europeu para a Reconstru\u00e7\u00e3o e Desenvolvimento. Entre os projetos em destaque est\u00e1 um parque e\u00f3lico de 1 gigawatt na regi\u00e3o de Zhambyl.<\/p>\n<h3>Declara\u00e7\u00f5es-chave e objetivos<\/h3>\n<p>A reuni\u00e3o serviu de plataforma para uma vis\u00e3o comum sobre desafios ambientais partilhados na regi\u00e3o, incluindo escassez de \u00e1gua, desertifica\u00e7\u00e3o e perda de biodiversidade. A iniciativa visa refor\u00e7ar a coopera\u00e7\u00e3o e acelerar solu\u00e7\u00f5es conjuntas em altera\u00e7\u00f5es clim\u00e1ticas.<\/p>\n<h3>Financimentos e grandes projetos<\/h3>\n<p>Durante a Exposi\u00e7\u00e3o Internacional de Tecnologias Verdes, foram firmados acordos que totalizam perto de 2 mil milh\u00f5es de euros. Os recursos destinam-se a energias renov\u00e1veis, gest\u00e3o de res\u00edduos, descarboniza\u00e7\u00e3o industrial e produ\u00e7\u00e3o de fertilizantes no Cazaquist\u00e3o.<\/p>\n<h3>Conserva\u00e7\u00e3o e recupera\u00e7\u00e3o de esp\u00e9cies<\/h3>\n<p>O governo do Cazaquist\u00e3o destacou programas de restauro de esp\u00e9cies-chave, incluindo a recupera\u00e7\u00e3o do ant\u00edlope saiga, do cavalo de Przewalski e do tigre turaniano. Esses projetos integram a\u00e7\u00f5es de refloresta\u00e7\u00e3o, reintrodu\u00e7\u00e3o de animais e prote\u00e7\u00e3o de habitats.<\/p>\n<h3>Refloresta\u00e7\u00e3o e inc\u00eandios<\/h3>\n<p>Relativamente \u00e0 refloresta\u00e7\u00e3o, o pa\u00eds tem avan\u00e7ado com o plantio de \u00e1rvores no \u00e2mbito de um fundo estatal, com progressos j\u00e1 acima de 1,6 mil milh\u00f5es de \u00e1rvores, tendo como meta 2 mil milh\u00f5es at\u00e9 2027. A recupera\u00e7\u00e3o de \u00e1reas queimadas permanece prioridade.<\/p>\n","protected":false},"excerpt":{"rendered":"<ul>\n<li>A Cimeira Ecol\u00f3gica Regional decorreu em Astana, com os chefes de Estado da \u00c1sia Central a assinarem a declara\u00e7\u00e3o conjunta \u00abSolidariedade Ambiental da \u00c1sia Central\u00bb para alinharem posi\u00e7\u00f5es ambientais entre Uzbequist\u00e3o, Quirguist\u00e3o, Turquemenist\u00e3o, Tajiquist\u00e3o e Cazaquist\u00e3o.<\/li>\n<li>Os l\u00edderes comprometeram desenvolver posi\u00e7\u00f5es comuns e solu\u00e7\u00f5es conjuntas sobre quest\u00f5es que possam afetar a estabilidade regional, incluindo a cria\u00e7\u00e3o de uma organiza\u00e7\u00e3o internacional da \u00e1gua e de um fundo internacional para a biodiversidade, bem como um programa interestatal de prote\u00e7\u00e3o dos recursos h\u00eddricos do mar C\u00e1spio.<\/li>\n<li>Foram assinados acordos de financiamento com institui\u00e7\u00f5es internacionais, totalizando quase dois mil milh\u00f5es de euros, para energias renov\u00e1veis, gest\u00e3o de res\u00edduos, descarboniza\u00e7\u00e3o industrial e um parque e\u00f3lico de um gigawatt na regi\u00e3o de Zhambyl.<\/li>\n<li>A cimeira enfatizou a recupera\u00e7\u00e3o de esp\u00e9cies-chave, com projetos para restaurar ant\u00edlope saiga, cavalo de Przewalski e o tigre turaniano (t\u00eam sido j\u00e1 introduzidos o Amur em reserva; o \u00faltimo tigre no pa\u00eds foi registado em 1948).<\/li>\n<li>O programa Cazaquist\u00e3o Limpo segue, com refloresta\u00e7\u00e3o e participa\u00e7\u00e3o c\u00edvica; j\u00e1 foram plantadas cerca de 1,648 mil milh\u00f5es de \u00e1rvores e continua o objetivo de atingir dois mil milh\u00f5es at\u00e9 2027.<\/li>\n<\/ul>\n","protected":false},"author":2,"featured_media":463616,"comment_status":"closed","ping_status":"closed","sticky":false,"template":"","format":"standard","meta":{"footnotes":""},"categories":[7380,1],"tags":[7923,7980,8463,8179,8051,8286],"class_list":["post-463613","post","type-post","status-publish","format-standard","has-post-thumbnail","hentry","category-clima","category-noticias","tag-_agua","tag-_asia","tag-_biodiversidade","tag-_descarbonizacao","tag-_energias-renovaveis","tag-_protecao-ambiental"],"yoast_head":"<!-- This site is optimized with the Yoast SEO plugin v27.2 - https:\/\/yoast.com\/product\/yoast-seo-wordpress\/ -->\n<title>\u00c1sia Central re\u00fane esfor\u00e7os para proteger o mar C\u00e1spio e a biodiversidade - Portal Tela Portugal<\/title>\n<meta name=\"robots\" content=\"index, follow, max-snippet:-1, max-image-preview:large, max-video-preview:-1\" \/>\n<meta property=\"og:locale\" content=\"pt_PT\" \/>\n<meta property=\"og:type\" content=\"article\" \/>\n<meta property=\"og:title\" content=\"\u00c1sia Central re\u00fane esfor\u00e7os para proteger o mar C\u00e1spio e a biodiversidade - Portal Tela Portugal\" \/>\n<meta property=\"og:description\" content=\"A Cimeira Ecol\u00f3gica Regional decorreu em Astana, com os chefes de Estado da \u00c1sia Central a assinarem a declara\u00e7\u00e3o conjunta \u00abSolidariedade Ambiental da \u00c1sia Central\u00bb para alinharem posi\u00e7\u00f5es ambientais entre Uzbequist\u00e3o, Quirguist\u00e3o, Turquemenist\u00e3o, Tajiquist\u00e3o e Cazaquist\u00e3o. Os l\u00edderes comprometeram desenvolver posi\u00e7\u00f5es comuns e solu\u00e7\u00f5es conjuntas sobre quest\u00f5es que possam afetar a estabilidade regional, incluindo a cria\u00e7\u00e3o de uma organiza\u00e7\u00e3o internacional da \u00e1gua e de um fundo internacional para a biodiversidade, bem como um programa interestatal de prote\u00e7\u00e3o dos recursos h\u00eddricos do mar C\u00e1spio. Foram assinados acordos de financiamento com institui\u00e7\u00f5es internacionais, totalizando quase dois mil milh\u00f5es de euros, para energias renov\u00e1veis, gest\u00e3o de res\u00edduos, descarboniza\u00e7\u00e3o industrial e um parque e\u00f3lico de um gigawatt na regi\u00e3o de Zhambyl. A cimeira enfatizou a recupera\u00e7\u00e3o de esp\u00e9cies-chave, com projetos para restaurar ant\u00edlope saiga, cavalo de Przewalski e o tigre turaniano (t\u00eam sido j\u00e1 introduzidos o Amur em reserva; o \u00faltimo tigre no pa\u00eds foi registado em 1948). O programa Cazaquist\u00e3o Limpo segue, com refloresta\u00e7\u00e3o e participa\u00e7\u00e3o c\u00edvica; j\u00e1 foram plantadas cerca de 1,648 mil milh\u00f5es de \u00e1rvores e continua o objetivo de atingir dois mil milh\u00f5es at\u00e9 2027.\" \/>\n<meta property=\"og:url\" content=\"https:\/\/portaltela.pt\/noticias\/2026\/05\/01\/asia-central-reune-esforcos-para-proteger-o-mar-caspio-e-a-biodiversidade\/\" \/>\n<meta property=\"og:site_name\" content=\"Portal Tela Portugal\" \/>\n<meta property=\"article:published_time\" content=\"2026-05-01T09:33:32+00:00\" \/>\n<meta name=\"author\" content=\"Telinha\" \/>\n<meta name=\"twitter:card\" content=\"summary_large_image\" \/>\n<meta name=\"twitter:label1\" content=\"Escrito por\" \/>\n\t<meta name=\"twitter:data1\" content=\"Telinha\" \/>\n\t<meta name=\"twitter:label2\" content=\"Tempo estimado de leitura\" \/>\n\t<meta name=\"twitter:data2\" content=\"2 minutos\" \/>\n<script type=\"application\/ld+json\" class=\"yoast-schema-graph\">{\"@context\":\"https:\/\/schema.org\",\"@graph\":[{\"@type\":\"Article\",\"@id\":\"https:\/\/portaltela.pt\/noticias\/2026\/05\/01\/asia-central-reune-esforcos-para-proteger-o-mar-caspio-e-a-biodiversidade\/#article\",\"isPartOf\":{\"@id\":\"https:\/\/portaltela.pt\/noticias\/2026\/05\/01\/asia-central-reune-esforcos-para-proteger-o-mar-caspio-e-a-biodiversidade\/\"},\"author\":{\"name\":\"Telinha\",\"@id\":\"https:\/\/portaltela.pt\/#\/schema\/person\/c4278d4a6028830caff9ee44b42d32ed\"},\"headline\":\"\u00c1sia Central re\u00fane esfor\u00e7os para proteger o mar C\u00e1spio e a biodiversidade\",\"datePublished\":\"2026-05-01T09:33:32+00:00\",\"mainEntityOfPage\":{\"@id\":\"https:\/\/portaltela.pt\/noticias\/2026\/05\/01\/asia-central-reune-esforcos-para-proteger-o-mar-caspio-e-a-biodiversidade\/\"},\"wordCount\":367,\"image\":{\"@id\":\"https:\/\/portaltela.pt\/noticias\/2026\/05\/01\/asia-central-reune-esforcos-para-proteger-o-mar-caspio-e-a-biodiversidade\/#primaryimage\"},\"thumbnailUrl\":\"https:\/\/portaltela.pt\/s.01k8rhncp4jt1\/2026\/05\/1536x864_cmsv2_7e5e2d63-e2b1-51d7-9bb2-ce6aa6016ef5-9736176.jpg\",\"keywords\":[\"_\u00e1gua\",\"_\u00c1sia\",\"_biodiversidade\",\"_descarboniza\u00e7\u00e3o\",\"_energias renov\u00e1veis\",\"_prote\u00e7\u00e3o ambiental\"],\"articleSection\":[\"Clima\",\"Not\u00edcias\"],\"inLanguage\":\"pt-PT\"},{\"@type\":\"WebPage\",\"@id\":\"https:\/\/portaltela.pt\/noticias\/2026\/05\/01\/asia-central-reune-esforcos-para-proteger-o-mar-caspio-e-a-biodiversidade\/\",\"url\":\"https:\/\/portaltela.pt\/noticias\/2026\/05\/01\/asia-central-reune-esforcos-para-proteger-o-mar-caspio-e-a-biodiversidade\/\",\"name\":\"\u00c1sia Central re\u00fane esfor\u00e7os para proteger o mar C\u00e1spio e a biodiversidade - Portal Tela Portugal\",\"isPartOf\":{\"@id\":\"https:\/\/portaltela.pt\/#website\"},\"primaryImageOfPage\":{\"@id\":\"https:\/\/portaltela.pt\/noticias\/2026\/05\/01\/asia-central-reune-esforcos-para-proteger-o-mar-caspio-e-a-biodiversidade\/#primaryimage\"},\"image\":{\"@id\":\"https:\/\/portaltela.pt\/noticias\/2026\/05\/01\/asia-central-reune-esforcos-para-proteger-o-mar-caspio-e-a-biodiversidade\/#primaryimage\"},\"thumbnailUrl\":\"https:\/\/portaltela.pt\/s.01k8rhncp4jt1\/2026\/05\/1536x864_cmsv2_7e5e2d63-e2b1-51d7-9bb2-ce6aa6016ef5-9736176.jpg\",\"datePublished\":\"2026-05-01T09:33:32+00:00\",\"author\":{\"@id\":\"https:\/\/portaltela.pt\/#\/schema\/person\/c4278d4a6028830caff9ee44b42d32ed\"},\"breadcrumb\":{\"@id\":\"https:\/\/portaltela.pt\/noticias\/2026\/05\/01\/asia-central-reune-esforcos-para-proteger-o-mar-caspio-e-a-biodiversidade\/#breadcrumb\"},\"inLanguage\":\"pt-PT\",\"potentialAction\":[{\"@type\":\"ReadAction\",\"target\":[\"https:\/\/portaltela.pt\/noticias\/2026\/05\/01\/asia-central-reune-esforcos-para-proteger-o-mar-caspio-e-a-biodiversidade\/\"]}]},{\"@type\":\"ImageObject\",\"inLanguage\":\"pt-PT\",\"@id\":\"https:\/\/portaltela.pt\/noticias\/2026\/05\/01\/asia-central-reune-esforcos-para-proteger-o-mar-caspio-e-a-biodiversidade\/#primaryimage\",\"url\":\"https:\/\/portaltela.pt\/s.01k8rhncp4jt1\/2026\/05\/1536x864_cmsv2_7e5e2d63-e2b1-51d7-9bb2-ce6aa6016ef5-9736176.jpg\",\"contentUrl\":\"https:\/\/portaltela.pt\/s.01k8rhncp4jt1\/2026\/05\/1536x864_cmsv2_7e5e2d63-e2b1-51d7-9bb2-ce6aa6016ef5-9736176.jpg\",\"width\":796,\"height\":448,\"caption\":\"Ministro da Ecologia e dos Recursos Naturais da Rep\u00fablica do Cazaquist\u00e3o, Yerlan Nyssanbayev\"},{\"@type\":\"BreadcrumbList\",\"@id\":\"https:\/\/portaltela.pt\/noticias\/2026\/05\/01\/asia-central-reune-esforcos-para-proteger-o-mar-caspio-e-a-biodiversidade\/#breadcrumb\",\"itemListElement\":[{\"@type\":\"ListItem\",\"position\":1,\"name\":\"In\u00edcio\",\"item\":\"https:\/\/portaltela.pt\/\"},{\"@type\":\"ListItem\",\"position\":2,\"name\":\"\u00c1sia Central re\u00fane esfor\u00e7os para proteger o mar C\u00e1spio e a biodiversidade\"}]},{\"@type\":\"WebSite\",\"@id\":\"https:\/\/portaltela.pt\/#website\",\"url\":\"https:\/\/portaltela.pt\/\",\"name\":\"Portal Tela Portugal\",\"description\":\"\",\"potentialAction\":[{\"@type\":\"SearchAction\",\"target\":{\"@type\":\"EntryPoint\",\"urlTemplate\":\"https:\/\/portaltela.pt\/?s={search_term_string}\"},\"query-input\":{\"@type\":\"PropertyValueSpecification\",\"valueRequired\":true,\"valueName\":\"search_term_string\"}}],\"inLanguage\":\"pt-PT\"},{\"@type\":\"Person\",\"@id\":\"https:\/\/portaltela.pt\/#\/schema\/person\/c4278d4a6028830caff9ee44b42d32ed\",\"name\":\"Telinha\",\"image\":{\"@type\":\"ImageObject\",\"inLanguage\":\"pt-PT\",\"@id\":\"https:\/\/portaltela.pt\/s.01k8rhncp4jt1\/2025\/11\/talking-bot-125x125.png\",\"url\":\"https:\/\/portaltela.pt\/s.01k8rhncp4jt1\/2025\/11\/talking-bot-125x125.png\",\"contentUrl\":\"https:\/\/portaltela.pt\/s.01k8rhncp4jt1\/2025\/11\/talking-bot-125x125.png\",\"caption\":\"Telinha\"},\"sameAs\":[\"https:\/\/portaltela.pt\/\"],\"url\":\"https:\/\/portaltela.pt\/por\/367410592786\/\"}]}<\/script>\n<!-- \/ Yoast SEO plugin. -->","yoast_head_json":{"title":"\u00c1sia Central re\u00fane esfor\u00e7os para proteger o mar C\u00e1spio e a biodiversidade - Portal Tela Portugal","robots":{"index":"index","follow":"follow","max-snippet":"max-snippet:-1","max-image-preview":"max-image-preview:large","max-video-preview":"max-video-preview:-1"},"og_locale":"pt_PT","og_type":"article","og_title":"\u00c1sia Central re\u00fane esfor\u00e7os para proteger o mar C\u00e1spio e a biodiversidade - Portal Tela Portugal","og_description":"A Cimeira Ecol\u00f3gica Regional decorreu em Astana, com os chefes de Estado da \u00c1sia Central a assinarem a declara\u00e7\u00e3o conjunta \u00abSolidariedade Ambiental da \u00c1sia Central\u00bb para alinharem posi\u00e7\u00f5es ambientais entre Uzbequist\u00e3o, Quirguist\u00e3o, Turquemenist\u00e3o, Tajiquist\u00e3o e Cazaquist\u00e3o. Os l\u00edderes comprometeram desenvolver posi\u00e7\u00f5es comuns e solu\u00e7\u00f5es conjuntas sobre quest\u00f5es que possam afetar a estabilidade regional, incluindo a cria\u00e7\u00e3o de uma organiza\u00e7\u00e3o internacional da \u00e1gua e de um fundo internacional para a biodiversidade, bem como um programa interestatal de prote\u00e7\u00e3o dos recursos h\u00eddricos do mar C\u00e1spio. Foram assinados acordos de financiamento com institui\u00e7\u00f5es internacionais, totalizando quase dois mil milh\u00f5es de euros, para energias renov\u00e1veis, gest\u00e3o de res\u00edduos, descarboniza\u00e7\u00e3o industrial e um parque e\u00f3lico de um gigawatt na regi\u00e3o de Zhambyl. A cimeira enfatizou a recupera\u00e7\u00e3o de esp\u00e9cies-chave, com projetos para restaurar ant\u00edlope saiga, cavalo de Przewalski e o tigre turaniano (t\u00eam sido j\u00e1 introduzidos o Amur em reserva; o \u00faltimo tigre no pa\u00eds foi registado em 1948). O programa Cazaquist\u00e3o Limpo segue, com refloresta\u00e7\u00e3o e participa\u00e7\u00e3o c\u00edvica; j\u00e1 foram plantadas cerca de 1,648 mil milh\u00f5es de \u00e1rvores e continua o objetivo de atingir dois mil milh\u00f5es at\u00e9 2027.","og_url":"https:\/\/portaltela.pt\/noticias\/2026\/05\/01\/asia-central-reune-esforcos-para-proteger-o-mar-caspio-e-a-biodiversidade\/","og_site_name":"Portal Tela Portugal","article_published_time":"2026-05-01T09:33:32+00:00","author":"Telinha","twitter_card":"summary_large_image","twitter_misc":{"Escrito por":"Telinha","Tempo estimado de leitura":"2 minutos"},"schema":{"@context":"https:\/\/schema.org","@graph":[{"@type":"Article","@id":"https:\/\/portaltela.pt\/noticias\/2026\/05\/01\/asia-central-reune-esforcos-para-proteger-o-mar-caspio-e-a-biodiversidade\/#article","isPartOf":{"@id":"https:\/\/portaltela.pt\/noticias\/2026\/05\/01\/asia-central-reune-esforcos-para-proteger-o-mar-caspio-e-a-biodiversidade\/"},"author":{"name":"Telinha","@id":"https:\/\/portaltela.pt\/#\/schema\/person\/c4278d4a6028830caff9ee44b42d32ed"},"headline":"\u00c1sia Central re\u00fane esfor\u00e7os para proteger o mar C\u00e1spio e a biodiversidade","datePublished":"2026-05-01T09:33:32+00:00","mainEntityOfPage":{"@id":"https:\/\/portaltela.pt\/noticias\/2026\/05\/01\/asia-central-reune-esforcos-para-proteger-o-mar-caspio-e-a-biodiversidade\/"},"wordCount":367,"image":{"@id":"https:\/\/portaltela.pt\/noticias\/2026\/05\/01\/asia-central-reune-esforcos-para-proteger-o-mar-caspio-e-a-biodiversidade\/#primaryimage"},"thumbnailUrl":"https:\/\/portaltela.pt\/s.01k8rhncp4jt1\/2026\/05\/1536x864_cmsv2_7e5e2d63-e2b1-51d7-9bb2-ce6aa6016ef5-9736176.jpg","keywords":["_\u00e1gua","_\u00c1sia","_biodiversidade","_descarboniza\u00e7\u00e3o","_energias renov\u00e1veis","_prote\u00e7\u00e3o ambiental"],"articleSection":["Clima","Not\u00edcias"],"inLanguage":"pt-PT"},{"@type":"WebPage","@id":"https:\/\/portaltela.pt\/noticias\/2026\/05\/01\/asia-central-reune-esforcos-para-proteger-o-mar-caspio-e-a-biodiversidade\/","url":"https:\/\/portaltela.pt\/noticias\/2026\/05\/01\/asia-central-reune-esforcos-para-proteger-o-mar-caspio-e-a-biodiversidade\/","name":"\u00c1sia Central re\u00fane esfor\u00e7os para proteger o mar C\u00e1spio e a biodiversidade - Portal Tela Portugal","isPartOf":{"@id":"https:\/\/portaltela.pt\/#website"},"primaryImageOfPage":{"@id":"https:\/\/portaltela.pt\/noticias\/2026\/05\/01\/asia-central-reune-esforcos-para-proteger-o-mar-caspio-e-a-biodiversidade\/#primaryimage"},"image":{"@id":"https:\/\/portaltela.pt\/noticias\/2026\/05\/01\/asia-central-reune-esforcos-para-proteger-o-mar-caspio-e-a-biodiversidade\/#primaryimage"},"thumbnailUrl":"https:\/\/portaltela.pt\/s.01k8rhncp4jt1\/2026\/05\/1536x864_cmsv2_7e5e2d63-e2b1-51d7-9bb2-ce6aa6016ef5-9736176.jpg","datePublished":"2026-05-01T09:33:32+00:00","author":{"@id":"https:\/\/portaltela.pt\/#\/schema\/person\/c4278d4a6028830caff9ee44b42d32ed"},"breadcrumb":{"@id":"https:\/\/portaltela.pt\/noticias\/2026\/05\/01\/asia-central-reune-esforcos-para-proteger-o-mar-caspio-e-a-biodiversidade\/#breadcrumb"},"inLanguage":"pt-PT","potentialAction":[{"@type":"ReadAction","target":["https:\/\/portaltela.pt\/noticias\/2026\/05\/01\/asia-central-reune-esforcos-para-proteger-o-mar-caspio-e-a-biodiversidade\/"]}]},{"@type":"ImageObject","inLanguage":"pt-PT","@id":"https:\/\/portaltela.pt\/noticias\/2026\/05\/01\/asia-central-reune-esforcos-para-proteger-o-mar-caspio-e-a-biodiversidade\/#primaryimage","url":"https:\/\/portaltela.pt\/s.01k8rhncp4jt1\/2026\/05\/1536x864_cmsv2_7e5e2d63-e2b1-51d7-9bb2-ce6aa6016ef5-9736176.jpg","contentUrl":"https:\/\/portaltela.pt\/s.01k8rhncp4jt1\/2026\/05\/1536x864_cmsv2_7e5e2d63-e2b1-51d7-9bb2-ce6aa6016ef5-9736176.jpg","width":796,"height":448,"caption":"Ministro da Ecologia e dos Recursos Naturais da Rep\u00fablica do Cazaquist\u00e3o, Yerlan Nyssanbayev"},{"@type":"BreadcrumbList","@id":"https:\/\/portaltela.pt\/noticias\/2026\/05\/01\/asia-central-reune-esforcos-para-proteger-o-mar-caspio-e-a-biodiversidade\/#breadcrumb","itemListElement":[{"@type":"ListItem","position":1,"name":"In\u00edcio","item":"https:\/\/portaltela.pt\/"},{"@type":"ListItem","position":2,"name":"\u00c1sia Central re\u00fane esfor\u00e7os para proteger o mar C\u00e1spio e a biodiversidade"}]},{"@type":"WebSite","@id":"https:\/\/portaltela.pt\/#website","url":"https:\/\/portaltela.pt\/","name":"Portal Tela Portugal","description":"","potentialAction":[{"@type":"SearchAction","target":{"@type":"EntryPoint","urlTemplate":"https:\/\/portaltela.pt\/?s={search_term_string}"},"query-input":{"@type":"PropertyValueSpecification","valueRequired":true,"valueName":"search_term_string"}}],"inLanguage":"pt-PT"},{"@type":"Person","@id":"https:\/\/portaltela.pt\/#\/schema\/person\/c4278d4a6028830caff9ee44b42d32ed","name":"Telinha","image":{"@type":"ImageObject","inLanguage":"pt-PT","@id":"https:\/\/portaltela.pt\/s.01k8rhncp4jt1\/2025\/11\/talking-bot-125x125.png","url":"https:\/\/portaltela.pt\/s.01k8rhncp4jt1\/2025\/11\/talking-bot-125x125.png","contentUrl":"https:\/\/portaltela.pt\/s.01k8rhncp4jt1\/2025\/11\/talking-bot-125x125.png","caption":"Telinha"},"sameAs":["https:\/\/portaltela.pt\/"],"url":"https:\/\/portaltela.pt\/por\/367410592786\/"}]}},"_links":{"self":[{"href":"https:\/\/portaltela.pt\/api\/wp\/v2\/posts\/463613","targetHints":{"allow":["GET"]}}],"collection":[{"href":"https:\/\/portaltela.pt\/api\/wp\/v2\/posts"}],"about":[{"href":"https:\/\/portaltela.pt\/api\/wp\/v2\/types\/post"}],"author":[{"embeddable":true,"href":"https:\/\/portaltela.pt\/api\/wp\/v2\/users\/2"}],"replies":[{"embeddable":true,"href":"https:\/\/portaltela.pt\/api\/wp\/v2\/comments?post=463613"}],"version-history":[{"count":0,"href":"https:\/\/portaltela.pt\/api\/wp\/v2\/posts\/463613\/revisions"}],"wp:featuredmedia":[{"embeddable":true,"href":"https:\/\/portaltela.pt\/api\/wp\/v2\/media\/463616"}],"wp:attachment":[{"href":"https:\/\/portaltela.pt\/api\/wp\/v2\/media?parent=463613"}],"wp:term":[{"taxonomy":"category","embeddable":true,"href":"https:\/\/portaltela.pt\/api\/wp\/v2\/categories?post=463613"},{"taxonomy":"post_tag","embeddable":true,"href":"https:\/\/portaltela.pt\/api\/wp\/v2\/tags?post=463613"}],"curies":[{"name":"wp","href":"https:\/\/api.w.org\/{rel}","templated":true}]}}