{"id":463596,"date":"2026-05-01T06:33:07","date_gmt":"2026-05-01T09:33:07","guid":{"rendered":"https:\/\/portaltela.pt\/noticias\/2026\/05\/01\/preciso-de-mais-informacoes-sobre-o-conteudo-da-noticia-para-criar-um-titulo-preciso-e-adequado\/"},"modified":"2026-05-01T06:33:07","modified_gmt":"2026-05-01T09:33:07","slug":"preciso-de-mais-informacoes-sobre-o-conteudo-da-noticia-para-criar-um-titulo-preciso-e-adequado","status":"publish","type":"post","link":"https:\/\/portaltela.pt\/noticias\/politica\/2026\/05\/01\/preciso-de-mais-informacoes-sobre-o-conteudo-da-noticia-para-criar-um-titulo-preciso-e-adequado\/","title":{"rendered":"Preciso de mais informa\u00e7\u00f5es sobre o conte\u00fado da not\u00edcia para criar um t\u00edtulo preciso e adequado."},"content":{"rendered":"<p>Portugal segue com uma agenda diversa, cruzando desporto, cultura e quest\u00f5es sociais. A atualiza\u00e7\u00e3o da Euronews destaca vit\u00f3rias do FC Porto e do Benfica na Liga Portuguesa, bem como um empate do Sporting em Coimbra. Al\u00e9m disso, surgem temas sobre l\u00edngua, imigra\u00e7\u00e3o e reformas estruturais no pa\u00eds.<\/p>\n<h3>Liga Portuguesa: Porto e Benfica vencem, Sporting empata<\/h3>\n<p>Segundo a plataforma, FC Porto e Benfica triunfam, fortalecendo a lideran\u00e7a na Liga. O Sporting fica com um ponto ap\u00f3s o empate em Coimbra, mantendo-se na luta pelos lugares de topo. Detalhes dos marcadores e hor\u00e1rios n\u00e3o s\u00e3o mencionados.<\/p>\n<h3>Panor\u00e2mica cultural e social<\/h3>\n<p>A not\u00edcia lista homenagens a artistas como Carlos do Carmo e Ney Matogrosso com um Grammy de carreira. Tamb\u00e9m \u00e9 referido o papel da Lusofonia e da l\u00edngua portuguesa, com refer\u00eancia ao seu alcance global ao longo de oito s\u00e9culos.<\/p>\n<h3>L\u00edngua, identidade e desafios sociais<\/h3>\n<p>Outros t\u00f3picos explorados incluem a ascens\u00e3o do portugu\u00eas como l\u00edngua internacional, al\u00e9m de dados sobre sem-abrigo e educa\u00e7\u00e3o em Lisboa. H\u00e1 men\u00e7\u00f5es a reformas estruturais e a perspetivas para o futuro do pa\u00eds.<\/p>\n<h3>Perspectivas econ\u00f3micas e pol\u00edticas<\/h3>\n<p>O conjunto de itens aborda ainda reformas e a rela\u00e7\u00e3o de Portugal com planos de ajustamento econ\u00f3mico. O material n\u00e3o entra em detalhes, mas sinaliza a continuidade de temas de austeridade e pol\u00edticas p\u00fablicas.<\/p>\n<h3>Hist\u00f3ria e cidadania<\/h3>\n<p>A cobertura encerra com refer\u00eancias hist\u00f3ricas, como a rela\u00e7\u00e3o de Portugal com o passado colonial e a celebra\u00e7\u00e3o de oito s\u00e9culos de escrita em portugu\u00eas, refor\u00e7ando a identidade lus\u00f3fona.<\/p>\n<p>Nota: com base no conte\u00fado fornecido, n\u00e3o foram inclu\u00eddos links nem cita\u00e7\u00f5es diretas. As informa\u00e7\u00f5es s\u00e3o apresentadas de forma objetiva, sem opini\u00e3o ou conclus\u00e3o. Fontes: compila\u00e7\u00e3o de t\u00f3picos da Euronews Portugal.<\/p>\n","protected":false},"excerpt":{"rendered":"<ul>\n<li>Na Liga Portuguesa, FC Porto e Benfica venceram, enquanto o Sporting empatou em Coimbra, antes do duelo frente ao Benfica.<\/li>\n<li>A prova de futebol destaca uma vit\u00f3ria antecipada de Porto e Benfica e um empate do Sporting, com impacto nas classifica\u00e7\u00f5es.<\/li>\n<li>Portugal \u00e9 apresentado como destino para reformados estrangeiros, com recentes an\u00e1lises sobre atratividade e custos.<\/li>\n<li>A l\u00edngua portuguesa \u00e9 destacada como a quarta l\u00edngua europeia mais falada globalmente, sublinhando a import\u00e2ncia da lusofonia.<\/li>\n<li>Cerca de 852 pessoas vivem em situa\u00e7\u00e3o de sem-abrigo em Lisboa, com 5% a possuir forma\u00e7\u00e3o superior, segundo os dados apresentados.<\/li>\n<\/ul>\n","protected":false},"author":2,"featured_media":463597,"comment_status":"closed","ping_status":"closed","sticky":false,"template":"","format":"standard","meta":{"footnotes":""},"categories":[1,5],"tags":[8756,8566,7909,8457,8088,8639],"class_list":["post-463596","post","type-post","status-publish","format-standard","has-post-thumbnail","hentry","category-noticias","category-politica","tag-_1-a-liga","tag-_benfica","tag-_imigracao","tag-_lingua","tag-_porto","tag-_sporting"],"yoast_head":"<!-- This site is optimized with the Yoast SEO plugin v27.2 - https:\/\/yoast.com\/product\/yoast-seo-wordpress\/ -->\n<title>Preciso de mais informa\u00e7\u00f5es sobre o conte\u00fado da not\u00edcia para criar um t\u00edtulo preciso e adequado. - Portal Tela Portugal<\/title>\n<meta name=\"robots\" content=\"index, follow, max-snippet:-1, max-image-preview:large, max-video-preview:-1\" \/>\n<meta property=\"og:locale\" content=\"pt_PT\" \/>\n<meta property=\"og:type\" content=\"article\" \/>\n<meta property=\"og:title\" content=\"Preciso de mais informa\u00e7\u00f5es sobre o conte\u00fado da not\u00edcia para criar um t\u00edtulo preciso e adequado. - Portal Tela Portugal\" \/>\n<meta property=\"og:description\" content=\"Na Liga Portuguesa, FC Porto e Benfica venceram, enquanto o Sporting empatou em Coimbra, antes do duelo frente ao Benfica. A prova de futebol destaca uma vit\u00f3ria antecipada de Porto e Benfica e um empate do Sporting, com impacto nas classifica\u00e7\u00f5es. Portugal \u00e9 apresentado como destino para reformados estrangeiros, com recentes an\u00e1lises sobre atratividade e custos. A l\u00edngua portuguesa \u00e9 destacada como a quarta l\u00edngua europeia mais falada globalmente, sublinhando a import\u00e2ncia da lusofonia. Cerca de 852 pessoas vivem em situa\u00e7\u00e3o de sem-abrigo em Lisboa, com 5% a possuir forma\u00e7\u00e3o superior, segundo os dados apresentados.\" \/>\n<meta property=\"og:url\" content=\"https:\/\/portaltela.pt\/noticias\/2026\/05\/01\/preciso-de-mais-informacoes-sobre-o-conteudo-da-noticia-para-criar-um-titulo-preciso-e-adequado\/\" \/>\n<meta property=\"og:site_name\" content=\"Portal Tela Portugal\" \/>\n<meta property=\"article:published_time\" content=\"2026-05-01T09:33:07+00:00\" \/>\n<meta name=\"author\" content=\"Telinha\" \/>\n<meta name=\"twitter:card\" content=\"summary_large_image\" \/>\n<meta name=\"twitter:label1\" content=\"Escrito por\" \/>\n\t<meta name=\"twitter:data1\" content=\"Telinha\" \/>\n\t<meta name=\"twitter:label2\" content=\"Tempo estimado de leitura\" \/>\n\t<meta name=\"twitter:data2\" content=\"2 minutos\" \/>\n<script type=\"application\/ld+json\" class=\"yoast-schema-graph\">{\"@context\":\"https:\/\/schema.org\",\"@graph\":[{\"@type\":\"Article\",\"@id\":\"https:\/\/portaltela.pt\/noticias\/2026\/05\/01\/preciso-de-mais-informacoes-sobre-o-conteudo-da-noticia-para-criar-um-titulo-preciso-e-adequado\/#article\",\"isPartOf\":{\"@id\":\"https:\/\/portaltela.pt\/noticias\/2026\/05\/01\/preciso-de-mais-informacoes-sobre-o-conteudo-da-noticia-para-criar-um-titulo-preciso-e-adequado\/\"},\"author\":{\"name\":\"Telinha\",\"@id\":\"https:\/\/portaltela.pt\/#\/schema\/person\/c4278d4a6028830caff9ee44b42d32ed\"},\"headline\":\"Preciso de mais informa\u00e7\u00f5es sobre o conte\u00fado da not\u00edcia para criar um t\u00edtulo preciso e adequado.\",\"datePublished\":\"2026-05-01T09:33:07+00:00\",\"mainEntityOfPage\":{\"@id\":\"https:\/\/portaltela.pt\/noticias\/2026\/05\/01\/preciso-de-mais-informacoes-sobre-o-conteudo-da-noticia-para-criar-um-titulo-preciso-e-adequado\/\"},\"wordCount\":349,\"image\":{\"@id\":\"https:\/\/portaltela.pt\/noticias\/2026\/05\/01\/preciso-de-mais-informacoes-sobre-o-conteudo-da-noticia-para-criar-um-titulo-preciso-e-adequado\/#primaryimage\"},\"thumbnailUrl\":\"https:\/\/portaltela.pt\/s.01k8rhncp4jt1\/2026\/05\/320x180_278572.jpg\",\"keywords\":[\"_1.\u00aa Liga\",\"_Benfica\",\"_imigra\u00e7\u00e3o\",\"_l\u00edngua\",\"_Porto\",\"_Sporting\"],\"articleSection\":[\"Not\u00edcias\",\"Pol\u00edtica\"],\"inLanguage\":\"pt-PT\"},{\"@type\":\"WebPage\",\"@id\":\"https:\/\/portaltela.pt\/noticias\/2026\/05\/01\/preciso-de-mais-informacoes-sobre-o-conteudo-da-noticia-para-criar-um-titulo-preciso-e-adequado\/\",\"url\":\"https:\/\/portaltela.pt\/noticias\/2026\/05\/01\/preciso-de-mais-informacoes-sobre-o-conteudo-da-noticia-para-criar-um-titulo-preciso-e-adequado\/\",\"name\":\"Preciso de mais informa\u00e7\u00f5es sobre o conte\u00fado da not\u00edcia para criar um t\u00edtulo preciso e adequado. - Portal Tela Portugal\",\"isPartOf\":{\"@id\":\"https:\/\/portaltela.pt\/#website\"},\"primaryImageOfPage\":{\"@id\":\"https:\/\/portaltela.pt\/noticias\/2026\/05\/01\/preciso-de-mais-informacoes-sobre-o-conteudo-da-noticia-para-criar-um-titulo-preciso-e-adequado\/#primaryimage\"},\"image\":{\"@id\":\"https:\/\/portaltela.pt\/noticias\/2026\/05\/01\/preciso-de-mais-informacoes-sobre-o-conteudo-da-noticia-para-criar-um-titulo-preciso-e-adequado\/#primaryimage\"},\"thumbnailUrl\":\"https:\/\/portaltela.pt\/s.01k8rhncp4jt1\/2026\/05\/320x180_278572.jpg\",\"datePublished\":\"2026-05-01T09:33:07+00:00\",\"author\":{\"@id\":\"https:\/\/portaltela.pt\/#\/schema\/person\/c4278d4a6028830caff9ee44b42d32ed\"},\"breadcrumb\":{\"@id\":\"https:\/\/portaltela.pt\/noticias\/2026\/05\/01\/preciso-de-mais-informacoes-sobre-o-conteudo-da-noticia-para-criar-um-titulo-preciso-e-adequado\/#breadcrumb\"},\"inLanguage\":\"pt-PT\",\"potentialAction\":[{\"@type\":\"ReadAction\",\"target\":[\"https:\/\/portaltela.pt\/noticias\/2026\/05\/01\/preciso-de-mais-informacoes-sobre-o-conteudo-da-noticia-para-criar-um-titulo-preciso-e-adequado\/\"]}]},{\"@type\":\"ImageObject\",\"inLanguage\":\"pt-PT\",\"@id\":\"https:\/\/portaltela.pt\/noticias\/2026\/05\/01\/preciso-de-mais-informacoes-sobre-o-conteudo-da-noticia-para-criar-um-titulo-preciso-e-adequado\/#primaryimage\",\"url\":\"https:\/\/portaltela.pt\/s.01k8rhncp4jt1\/2026\/05\/320x180_278572.jpg\",\"contentUrl\":\"https:\/\/portaltela.pt\/s.01k8rhncp4jt1\/2026\/05\/320x180_278572.jpg\",\"width\":320,\"height\":180,\"caption\":\"Liga Portuguesa: Porto vacila mas n\u00e3o quebra e Sporting vence antes da visita ao Benfica\"},{\"@type\":\"BreadcrumbList\",\"@id\":\"https:\/\/portaltela.pt\/noticias\/2026\/05\/01\/preciso-de-mais-informacoes-sobre-o-conteudo-da-noticia-para-criar-um-titulo-preciso-e-adequado\/#breadcrumb\",\"itemListElement\":[{\"@type\":\"ListItem\",\"position\":1,\"name\":\"In\u00edcio\",\"item\":\"https:\/\/portaltela.pt\/\"},{\"@type\":\"ListItem\",\"position\":2,\"name\":\"Preciso de mais informa\u00e7\u00f5es sobre o conte\u00fado da not\u00edcia para criar um t\u00edtulo preciso e adequado.\"}]},{\"@type\":\"WebSite\",\"@id\":\"https:\/\/portaltela.pt\/#website\",\"url\":\"https:\/\/portaltela.pt\/\",\"name\":\"Portal Tela Portugal\",\"description\":\"\",\"potentialAction\":[{\"@type\":\"SearchAction\",\"target\":{\"@type\":\"EntryPoint\",\"urlTemplate\":\"https:\/\/portaltela.pt\/?s={search_term_string}\"},\"query-input\":{\"@type\":\"PropertyValueSpecification\",\"valueRequired\":true,\"valueName\":\"search_term_string\"}}],\"inLanguage\":\"pt-PT\"},{\"@type\":\"Person\",\"@id\":\"https:\/\/portaltela.pt\/#\/schema\/person\/c4278d4a6028830caff9ee44b42d32ed\",\"name\":\"Telinha\",\"image\":{\"@type\":\"ImageObject\",\"inLanguage\":\"pt-PT\",\"@id\":\"https:\/\/portaltela.pt\/s.01k8rhncp4jt1\/2025\/11\/talking-bot-125x125.png\",\"url\":\"https:\/\/portaltela.pt\/s.01k8rhncp4jt1\/2025\/11\/talking-bot-125x125.png\",\"contentUrl\":\"https:\/\/portaltela.pt\/s.01k8rhncp4jt1\/2025\/11\/talking-bot-125x125.png\",\"caption\":\"Telinha\"},\"sameAs\":[\"https:\/\/portaltela.pt\/\"],\"url\":\"https:\/\/portaltela.pt\/por\/367410592786\/\"}]}<\/script>\n<!-- \/ Yoast SEO plugin. -->","yoast_head_json":{"title":"Preciso de mais informa\u00e7\u00f5es sobre o conte\u00fado da not\u00edcia para criar um t\u00edtulo preciso e adequado. - Portal Tela Portugal","robots":{"index":"index","follow":"follow","max-snippet":"max-snippet:-1","max-image-preview":"max-image-preview:large","max-video-preview":"max-video-preview:-1"},"og_locale":"pt_PT","og_type":"article","og_title":"Preciso de mais informa\u00e7\u00f5es sobre o conte\u00fado da not\u00edcia para criar um t\u00edtulo preciso e adequado. - Portal Tela Portugal","og_description":"Na Liga Portuguesa, FC Porto e Benfica venceram, enquanto o Sporting empatou em Coimbra, antes do duelo frente ao Benfica. A prova de futebol destaca uma vit\u00f3ria antecipada de Porto e Benfica e um empate do Sporting, com impacto nas classifica\u00e7\u00f5es. Portugal \u00e9 apresentado como destino para reformados estrangeiros, com recentes an\u00e1lises sobre atratividade e custos. A l\u00edngua portuguesa \u00e9 destacada como a quarta l\u00edngua europeia mais falada globalmente, sublinhando a import\u00e2ncia da lusofonia. Cerca de 852 pessoas vivem em situa\u00e7\u00e3o de sem-abrigo em Lisboa, com 5% a possuir forma\u00e7\u00e3o superior, segundo os dados apresentados.","og_url":"https:\/\/portaltela.pt\/noticias\/2026\/05\/01\/preciso-de-mais-informacoes-sobre-o-conteudo-da-noticia-para-criar-um-titulo-preciso-e-adequado\/","og_site_name":"Portal Tela Portugal","article_published_time":"2026-05-01T09:33:07+00:00","author":"Telinha","twitter_card":"summary_large_image","twitter_misc":{"Escrito por":"Telinha","Tempo estimado de leitura":"2 minutos"},"schema":{"@context":"https:\/\/schema.org","@graph":[{"@type":"Article","@id":"https:\/\/portaltela.pt\/noticias\/2026\/05\/01\/preciso-de-mais-informacoes-sobre-o-conteudo-da-noticia-para-criar-um-titulo-preciso-e-adequado\/#article","isPartOf":{"@id":"https:\/\/portaltela.pt\/noticias\/2026\/05\/01\/preciso-de-mais-informacoes-sobre-o-conteudo-da-noticia-para-criar-um-titulo-preciso-e-adequado\/"},"author":{"name":"Telinha","@id":"https:\/\/portaltela.pt\/#\/schema\/person\/c4278d4a6028830caff9ee44b42d32ed"},"headline":"Preciso de mais informa\u00e7\u00f5es sobre o conte\u00fado da not\u00edcia para criar um t\u00edtulo preciso e adequado.","datePublished":"2026-05-01T09:33:07+00:00","mainEntityOfPage":{"@id":"https:\/\/portaltela.pt\/noticias\/2026\/05\/01\/preciso-de-mais-informacoes-sobre-o-conteudo-da-noticia-para-criar-um-titulo-preciso-e-adequado\/"},"wordCount":349,"image":{"@id":"https:\/\/portaltela.pt\/noticias\/2026\/05\/01\/preciso-de-mais-informacoes-sobre-o-conteudo-da-noticia-para-criar-um-titulo-preciso-e-adequado\/#primaryimage"},"thumbnailUrl":"https:\/\/portaltela.pt\/s.01k8rhncp4jt1\/2026\/05\/320x180_278572.jpg","keywords":["_1.\u00aa Liga","_Benfica","_imigra\u00e7\u00e3o","_l\u00edngua","_Porto","_Sporting"],"articleSection":["Not\u00edcias","Pol\u00edtica"],"inLanguage":"pt-PT"},{"@type":"WebPage","@id":"https:\/\/portaltela.pt\/noticias\/2026\/05\/01\/preciso-de-mais-informacoes-sobre-o-conteudo-da-noticia-para-criar-um-titulo-preciso-e-adequado\/","url":"https:\/\/portaltela.pt\/noticias\/2026\/05\/01\/preciso-de-mais-informacoes-sobre-o-conteudo-da-noticia-para-criar-um-titulo-preciso-e-adequado\/","name":"Preciso de mais informa\u00e7\u00f5es sobre o conte\u00fado da not\u00edcia para criar um t\u00edtulo preciso e adequado. - Portal Tela Portugal","isPartOf":{"@id":"https:\/\/portaltela.pt\/#website"},"primaryImageOfPage":{"@id":"https:\/\/portaltela.pt\/noticias\/2026\/05\/01\/preciso-de-mais-informacoes-sobre-o-conteudo-da-noticia-para-criar-um-titulo-preciso-e-adequado\/#primaryimage"},"image":{"@id":"https:\/\/portaltela.pt\/noticias\/2026\/05\/01\/preciso-de-mais-informacoes-sobre-o-conteudo-da-noticia-para-criar-um-titulo-preciso-e-adequado\/#primaryimage"},"thumbnailUrl":"https:\/\/portaltela.pt\/s.01k8rhncp4jt1\/2026\/05\/320x180_278572.jpg","datePublished":"2026-05-01T09:33:07+00:00","author":{"@id":"https:\/\/portaltela.pt\/#\/schema\/person\/c4278d4a6028830caff9ee44b42d32ed"},"breadcrumb":{"@id":"https:\/\/portaltela.pt\/noticias\/2026\/05\/01\/preciso-de-mais-informacoes-sobre-o-conteudo-da-noticia-para-criar-um-titulo-preciso-e-adequado\/#breadcrumb"},"inLanguage":"pt-PT","potentialAction":[{"@type":"ReadAction","target":["https:\/\/portaltela.pt\/noticias\/2026\/05\/01\/preciso-de-mais-informacoes-sobre-o-conteudo-da-noticia-para-criar-um-titulo-preciso-e-adequado\/"]}]},{"@type":"ImageObject","inLanguage":"pt-PT","@id":"https:\/\/portaltela.pt\/noticias\/2026\/05\/01\/preciso-de-mais-informacoes-sobre-o-conteudo-da-noticia-para-criar-um-titulo-preciso-e-adequado\/#primaryimage","url":"https:\/\/portaltela.pt\/s.01k8rhncp4jt1\/2026\/05\/320x180_278572.jpg","contentUrl":"https:\/\/portaltela.pt\/s.01k8rhncp4jt1\/2026\/05\/320x180_278572.jpg","width":320,"height":180,"caption":"Liga Portuguesa: Porto vacila mas n\u00e3o quebra e Sporting vence antes da visita ao Benfica"},{"@type":"BreadcrumbList","@id":"https:\/\/portaltela.pt\/noticias\/2026\/05\/01\/preciso-de-mais-informacoes-sobre-o-conteudo-da-noticia-para-criar-um-titulo-preciso-e-adequado\/#breadcrumb","itemListElement":[{"@type":"ListItem","position":1,"name":"In\u00edcio","item":"https:\/\/portaltela.pt\/"},{"@type":"ListItem","position":2,"name":"Preciso de mais informa\u00e7\u00f5es sobre o conte\u00fado da not\u00edcia para criar um t\u00edtulo preciso e adequado."}]},{"@type":"WebSite","@id":"https:\/\/portaltela.pt\/#website","url":"https:\/\/portaltela.pt\/","name":"Portal Tela Portugal","description":"","potentialAction":[{"@type":"SearchAction","target":{"@type":"EntryPoint","urlTemplate":"https:\/\/portaltela.pt\/?s={search_term_string}"},"query-input":{"@type":"PropertyValueSpecification","valueRequired":true,"valueName":"search_term_string"}}],"inLanguage":"pt-PT"},{"@type":"Person","@id":"https:\/\/portaltela.pt\/#\/schema\/person\/c4278d4a6028830caff9ee44b42d32ed","name":"Telinha","image":{"@type":"ImageObject","inLanguage":"pt-PT","@id":"https:\/\/portaltela.pt\/s.01k8rhncp4jt1\/2025\/11\/talking-bot-125x125.png","url":"https:\/\/portaltela.pt\/s.01k8rhncp4jt1\/2025\/11\/talking-bot-125x125.png","contentUrl":"https:\/\/portaltela.pt\/s.01k8rhncp4jt1\/2025\/11\/talking-bot-125x125.png","caption":"Telinha"},"sameAs":["https:\/\/portaltela.pt\/"],"url":"https:\/\/portaltela.pt\/por\/367410592786\/"}]}},"_links":{"self":[{"href":"https:\/\/portaltela.pt\/api\/wp\/v2\/posts\/463596","targetHints":{"allow":["GET"]}}],"collection":[{"href":"https:\/\/portaltela.pt\/api\/wp\/v2\/posts"}],"about":[{"href":"https:\/\/portaltela.pt\/api\/wp\/v2\/types\/post"}],"author":[{"embeddable":true,"href":"https:\/\/portaltela.pt\/api\/wp\/v2\/users\/2"}],"replies":[{"embeddable":true,"href":"https:\/\/portaltela.pt\/api\/wp\/v2\/comments?post=463596"}],"version-history":[{"count":0,"href":"https:\/\/portaltela.pt\/api\/wp\/v2\/posts\/463596\/revisions"}],"wp:featuredmedia":[{"embeddable":true,"href":"https:\/\/portaltela.pt\/api\/wp\/v2\/media\/463597"}],"wp:attachment":[{"href":"https:\/\/portaltela.pt\/api\/wp\/v2\/media?parent=463596"}],"wp:term":[{"taxonomy":"category","embeddable":true,"href":"https:\/\/portaltela.pt\/api\/wp\/v2\/categories?post=463596"},{"taxonomy":"post_tag","embeddable":true,"href":"https:\/\/portaltela.pt\/api\/wp\/v2\/tags?post=463596"}],"curies":[{"name":"wp","href":"https:\/\/api.w.org\/{rel}","templated":true}]}}