{"id":463592,"date":"2026-05-01T06:18:00","date_gmt":"2026-05-01T09:18:00","guid":{"rendered":"https:\/\/portaltela.pt\/noticias\/2026\/05\/01\/trabalho-digno-equilibrio-entre-trabalhar-e-viver\/"},"modified":"2026-05-01T06:18:00","modified_gmt":"2026-05-01T09:18:00","slug":"trabalho-digno-equilibrio-entre-trabalhar-e-viver","status":"publish","type":"post","link":"https:\/\/portaltela.pt\/sociedade\/2026\/05\/01\/trabalho-digno-equilibrio-entre-trabalhar-e-viver\/","title":{"rendered":"Trabalho digno: equil\u00edbrio entre trabalhar e viver"},"content":{"rendered":"<p>Entre trabalhar e viver, o conceito de Trabalho Digno ganha relevo em torno de uma realidade portuguesa marcada por n\u00fameros e tens\u00f5es. Este Primeiro de Maio exp\u00f5e um paradoxo entre o crescimento de empregos e a fragilidade do bem\u2011estar econ\u00f3mico.<\/p>\n<p>Segundo o \u00cdndice de Bem-Estar da PORDATA, atualizado em 2026 com dados de 2024, o emprego fixou\u2011se em 58,6, enquanto o bem\u2011estar econ\u00f3mico ficou em 33,9. O hiato aponta para uma economia ineficaz na melhoria da vida real dos trabalhadores.<\/p>\n<p>Paralelamente, a vulnerabilidade econ\u00f3mica permanece elevada, com o \u00edndice de pobreza\u2011energia e outros crit\u00e9rios a situarem\u2011se num patamar que compromete a estabilidade. O crescimento de empregos n\u00e3o se traduz, assim, em maior seguran\u00e7a financeira.<\/p>\n<p>A realidade \u00e9 mais desfavor\u00e1vel para os jovens, que saem do ensino e entram no mercado de trabalho com menos garantias. Portugal investiu na qualifica\u00e7\u00e3o, mas o emprego dispon\u00edvel nem sempre recompensa esse capital humano.<\/p>\n<p>Cerca de um quarto dos jovens licenciados encontra-se subutilizado, ocupando fun\u00e7\u00f5es que n\u00e3o valorizam o saber nem asseguram sal\u00e1rios condizentes. A precariedade multidimensional facilita o adiamento de emancipa\u00e7\u00e3o e a depend\u00eancia familiar.<\/p>\n<p>Quest\u00f5es observadas em estudos com jovens emigrantes indicam que a falta de condi\u00e7\u00f5es para a dignidade laboral alimenta a decis\u00e3o de emigrar como forma de autonomia profissional.<\/p>\n<h3>Desafio da dignidade laboral<\/h3>\n<p>A incerteza no trabalho gera fatura invis\u00edvel para a sa\u00fade mental. O balan\u00e7o vida\u2011trabalho situa\u2011se em 41,9, sugerindo que a vida pessoal fica limitada pela press\u00e3o laboral.<\/p>\n<p>A sa\u00fade p\u00fablica acompanha esse cen\u00e1rio: o \u00edndice de sa\u00fade est\u00e1 em 50, enquanto o emprego cresce, apontando para um impacto negativo da press\u00e3o no bem\u2011estar.<\/p>\n<p>A Ordem dos Psic\u00f3logos Portugueses j\u00e1 alertava, em 2023, que mais de um ter\u00e7o dos trabalhadores vive sob stress cr\u00f3nico. O burnout \u00e9 reconhecido pela OMS como doen\u00e7a ocupacional, com consequ\u00eancias econ\u00f4micas relevantes.<\/p>\n<h3>Caminhos para o trabalho digno<\/h3>\n<p>O conceito defendido pela OIT enfatiza que a ocupa\u00e7\u00e3o deve assegurar subsist\u00eancia, cidadania, prote\u00e7\u00e3o social e realiza\u00e7\u00e3o pessoal. Em Portugal, o desafio n\u00e3o \u00e9 trocar leis, mas criar condi\u00e7\u00f5es reais de bem\u2011estar.<\/p>\n<p>Lideran\u00e7as centradas no ser humano podem transformar bem\u2011estar em motor de produtividade, sem custos, mas com ganhos. O pa\u00eds possui hoje uma popula\u00e7\u00e3o mais qualificada e um emprego em crescimento.<\/p>\n<p>A oportunidade est\u00e1 lan\u00e7ada: transformar n\u00fameros de crescimento em melhoria efetiva da vida de quem trabalha. O Trabalho Digno visa libertar pessoas, n\u00e3o limitar a exist\u00eancia.<\/p>\n","protected":false},"excerpt":{"rendered":"<ul>\n<li>O \u00cdndice de Bem-Estar da PORDATA, atualizado em 2026 com dados de 2024, mostra um hiato entre emprego, bem\u2011estar econ\u00f3mico e qualidade de vida em Portugal: emprego 58,6; bem\u2011estar econ\u00f3mico 33,9; vulnerabilidade econ\u00f3mica 62,5.<\/li>\n<li>Cerca de um quarto dos jovens licenciados encontra\u2011se em situa\u00e7\u00e3o de sobrequalifica\u00e7\u00e3o, ocupando postos que n\u00e3o valorizam o saber nem asseguram condi\u00e7\u00f5es financeiras b\u00e1sicas.<\/li>\n<li>A incerteza laboral impacta a sa\u00fade mental, com o balan\u00e7o entre vida e trabalho a ficar em 41,9 e a sa\u00fade em 50; o emprego n\u00e3o tem correspondido ao crescimento da qualidade de vida.<\/li>\n<li>Em 2023, a Ordem dos Psic\u00f3logos Portugueses alertou que 35% dos trabalhadores vive sob stress constante, acima da m\u00e9dia europeia, com o burnout reconhecido pela Organiza\u00e7\u00e3o Mundial da Sa\u00fade como doen\u00e7a ocupacional.<\/li>\n<li>A Organiza\u00e7\u00e3o Internacional do Trabalho defende o Trabalho Digno \u2014 subsist\u00eancia, cidadania, prote\u00e7\u00e3o social e realiza\u00e7\u00e3o pessoal \u2014 e, em Portugal, o desafio \u00e9 criar condi\u00e7\u00f5es reais com lideran\u00e7as humanizadas, para que o crescimento do emprego se traduza numa melhoria efetiva da vida dos trabalhadores.<\/li>\n<\/ul>\n","protected":false},"author":2,"featured_media":463593,"comment_status":"closed","ping_status":"closed","sticky":false,"template":"","format":"standard","meta":{"footnotes":""},"categories":[6745,6871],"tags":[7411,820,2844,55,271,2201],"class_list":["post-463592","post","type-post","status-publish","format-standard","has-post-thumbnail","hentry","category-saude","category-sociedade","tag-bem-estar","tag-desemprego","tag-jovens","tag-saude-mental","tag-saude-publica","tag-trabalho"],"yoast_head":"<!-- This site is optimized with the Yoast SEO plugin v27.2 - https:\/\/yoast.com\/product\/yoast-seo-wordpress\/ -->\n<title>Trabalho digno: equil\u00edbrio entre trabalhar e viver - Portal Tela Portugal<\/title>\n<meta name=\"robots\" content=\"index, follow, max-snippet:-1, max-image-preview:large, max-video-preview:-1\" \/>\n<meta property=\"og:locale\" content=\"pt_PT\" \/>\n<meta property=\"og:type\" content=\"article\" \/>\n<meta property=\"og:title\" content=\"Trabalho digno: equil\u00edbrio entre trabalhar e viver - Portal Tela Portugal\" \/>\n<meta property=\"og:description\" content=\"O \u00cdndice de Bem-Estar da PORDATA, atualizado em 2026 com dados de 2024, mostra um hiato entre emprego, bem\u2011estar econ\u00f3mico e qualidade de vida em Portugal: emprego 58,6; bem\u2011estar econ\u00f3mico 33,9; vulnerabilidade econ\u00f3mica 62,5. Cerca de um quarto dos jovens licenciados encontra\u2011se em situa\u00e7\u00e3o de sobrequalifica\u00e7\u00e3o, ocupando postos que n\u00e3o valorizam o saber nem asseguram condi\u00e7\u00f5es financeiras b\u00e1sicas. A incerteza laboral impacta a sa\u00fade mental, com o balan\u00e7o entre vida e trabalho a ficar em 41,9 e a sa\u00fade em 50; o emprego n\u00e3o tem correspondido ao crescimento da qualidade de vida. Em 2023, a Ordem dos Psic\u00f3logos Portugueses alertou que 35% dos trabalhadores vive sob stress constante, acima da m\u00e9dia europeia, com o burnout reconhecido pela Organiza\u00e7\u00e3o Mundial da Sa\u00fade como doen\u00e7a ocupacional. A Organiza\u00e7\u00e3o Internacional do Trabalho defende o Trabalho Digno \u2014 subsist\u00eancia, cidadania, prote\u00e7\u00e3o social e realiza\u00e7\u00e3o pessoal \u2014 e, em Portugal, o desafio \u00e9 criar condi\u00e7\u00f5es reais com lideran\u00e7as humanizadas, para que o crescimento do emprego se traduza numa melhoria efetiva da vida dos trabalhadores.\" \/>\n<meta property=\"og:url\" content=\"https:\/\/portaltela.pt\/noticias\/2026\/05\/01\/trabalho-digno-equilibrio-entre-trabalhar-e-viver\/\" \/>\n<meta property=\"og:site_name\" content=\"Portal Tela Portugal\" \/>\n<meta property=\"article:published_time\" content=\"2026-05-01T09:18:00+00:00\" \/>\n<meta name=\"author\" content=\"Telinha\" \/>\n<meta name=\"twitter:card\" content=\"summary_large_image\" \/>\n<meta name=\"twitter:label1\" content=\"Escrito por\" \/>\n\t<meta name=\"twitter:data1\" content=\"Telinha\" \/>\n\t<meta name=\"twitter:label2\" content=\"Tempo estimado de leitura\" \/>\n\t<meta name=\"twitter:data2\" content=\"2 minutos\" \/>\n<script type=\"application\/ld+json\" class=\"yoast-schema-graph\">{\"@context\":\"https:\/\/schema.org\",\"@graph\":[{\"@type\":\"Article\",\"@id\":\"https:\/\/portaltela.pt\/noticias\/2026\/05\/01\/trabalho-digno-equilibrio-entre-trabalhar-e-viver\/#article\",\"isPartOf\":{\"@id\":\"https:\/\/portaltela.pt\/noticias\/2026\/05\/01\/trabalho-digno-equilibrio-entre-trabalhar-e-viver\/\"},\"author\":{\"name\":\"Telinha\",\"@id\":\"https:\/\/portaltela.pt\/#\/schema\/person\/c4278d4a6028830caff9ee44b42d32ed\"},\"headline\":\"Trabalho digno: equil\u00edbrio entre trabalhar e viver\",\"datePublished\":\"2026-05-01T09:18:00+00:00\",\"mainEntityOfPage\":{\"@id\":\"https:\/\/portaltela.pt\/noticias\/2026\/05\/01\/trabalho-digno-equilibrio-entre-trabalhar-e-viver\/\"},\"wordCount\":447,\"image\":{\"@id\":\"https:\/\/portaltela.pt\/noticias\/2026\/05\/01\/trabalho-digno-equilibrio-entre-trabalhar-e-viver\/#primaryimage\"},\"thumbnailUrl\":\"https:\/\/portaltela.pt\/s.01k8rhncp4jt1\/2026\/05\/2085203.jpg\",\"keywords\":[\"Bem-Estar\",\"desemprego\",\"jovens\",\"sa\u00fade mental\",\"sa\u00fade p\u00fablica\",\"trabalho\"],\"articleSection\":[\"Sa\u00fade\",\"Sociedade\"],\"inLanguage\":\"pt-PT\"},{\"@type\":\"WebPage\",\"@id\":\"https:\/\/portaltela.pt\/noticias\/2026\/05\/01\/trabalho-digno-equilibrio-entre-trabalhar-e-viver\/\",\"url\":\"https:\/\/portaltela.pt\/noticias\/2026\/05\/01\/trabalho-digno-equilibrio-entre-trabalhar-e-viver\/\",\"name\":\"Trabalho digno: equil\u00edbrio entre trabalhar e viver - Portal Tela Portugal\",\"isPartOf\":{\"@id\":\"https:\/\/portaltela.pt\/#website\"},\"primaryImageOfPage\":{\"@id\":\"https:\/\/portaltela.pt\/noticias\/2026\/05\/01\/trabalho-digno-equilibrio-entre-trabalhar-e-viver\/#primaryimage\"},\"image\":{\"@id\":\"https:\/\/portaltela.pt\/noticias\/2026\/05\/01\/trabalho-digno-equilibrio-entre-trabalhar-e-viver\/#primaryimage\"},\"thumbnailUrl\":\"https:\/\/portaltela.pt\/s.01k8rhncp4jt1\/2026\/05\/2085203.jpg\",\"datePublished\":\"2026-05-01T09:18:00+00:00\",\"author\":{\"@id\":\"https:\/\/portaltela.pt\/#\/schema\/person\/c4278d4a6028830caff9ee44b42d32ed\"},\"breadcrumb\":{\"@id\":\"https:\/\/portaltela.pt\/noticias\/2026\/05\/01\/trabalho-digno-equilibrio-entre-trabalhar-e-viver\/#breadcrumb\"},\"inLanguage\":\"pt-PT\",\"potentialAction\":[{\"@type\":\"ReadAction\",\"target\":[\"https:\/\/portaltela.pt\/noticias\/2026\/05\/01\/trabalho-digno-equilibrio-entre-trabalhar-e-viver\/\"]}]},{\"@type\":\"ImageObject\",\"inLanguage\":\"pt-PT\",\"@id\":\"https:\/\/portaltela.pt\/noticias\/2026\/05\/01\/trabalho-digno-equilibrio-entre-trabalhar-e-viver\/#primaryimage\",\"url\":\"https:\/\/portaltela.pt\/s.01k8rhncp4jt1\/2026\/05\/2085203.jpg\",\"contentUrl\":\"https:\/\/portaltela.pt\/s.01k8rhncp4jt1\/2026\/05\/2085203.jpg\",\"width\":796,\"height\":448,\"caption\":\"Megafone P3\"},{\"@type\":\"BreadcrumbList\",\"@id\":\"https:\/\/portaltela.pt\/noticias\/2026\/05\/01\/trabalho-digno-equilibrio-entre-trabalhar-e-viver\/#breadcrumb\",\"itemListElement\":[{\"@type\":\"ListItem\",\"position\":1,\"name\":\"In\u00edcio\",\"item\":\"https:\/\/portaltela.pt\/\"},{\"@type\":\"ListItem\",\"position\":2,\"name\":\"Trabalho digno: equil\u00edbrio entre trabalhar e viver\"}]},{\"@type\":\"WebSite\",\"@id\":\"https:\/\/portaltela.pt\/#website\",\"url\":\"https:\/\/portaltela.pt\/\",\"name\":\"Portal Tela Portugal\",\"description\":\"\",\"potentialAction\":[{\"@type\":\"SearchAction\",\"target\":{\"@type\":\"EntryPoint\",\"urlTemplate\":\"https:\/\/portaltela.pt\/?s={search_term_string}\"},\"query-input\":{\"@type\":\"PropertyValueSpecification\",\"valueRequired\":true,\"valueName\":\"search_term_string\"}}],\"inLanguage\":\"pt-PT\"},{\"@type\":\"Person\",\"@id\":\"https:\/\/portaltela.pt\/#\/schema\/person\/c4278d4a6028830caff9ee44b42d32ed\",\"name\":\"Telinha\",\"image\":{\"@type\":\"ImageObject\",\"inLanguage\":\"pt-PT\",\"@id\":\"https:\/\/portaltela.pt\/s.01k8rhncp4jt1\/2025\/11\/talking-bot-125x125.png\",\"url\":\"https:\/\/portaltela.pt\/s.01k8rhncp4jt1\/2025\/11\/talking-bot-125x125.png\",\"contentUrl\":\"https:\/\/portaltela.pt\/s.01k8rhncp4jt1\/2025\/11\/talking-bot-125x125.png\",\"caption\":\"Telinha\"},\"sameAs\":[\"https:\/\/portaltela.pt\/\"],\"url\":\"https:\/\/portaltela.pt\/por\/367410592786\/\"}]}<\/script>\n<!-- \/ Yoast SEO plugin. -->","yoast_head_json":{"title":"Trabalho digno: equil\u00edbrio entre trabalhar e viver - Portal Tela Portugal","robots":{"index":"index","follow":"follow","max-snippet":"max-snippet:-1","max-image-preview":"max-image-preview:large","max-video-preview":"max-video-preview:-1"},"og_locale":"pt_PT","og_type":"article","og_title":"Trabalho digno: equil\u00edbrio entre trabalhar e viver - Portal Tela Portugal","og_description":"O \u00cdndice de Bem-Estar da PORDATA, atualizado em 2026 com dados de 2024, mostra um hiato entre emprego, bem\u2011estar econ\u00f3mico e qualidade de vida em Portugal: emprego 58,6; bem\u2011estar econ\u00f3mico 33,9; vulnerabilidade econ\u00f3mica 62,5. Cerca de um quarto dos jovens licenciados encontra\u2011se em situa\u00e7\u00e3o de sobrequalifica\u00e7\u00e3o, ocupando postos que n\u00e3o valorizam o saber nem asseguram condi\u00e7\u00f5es financeiras b\u00e1sicas. A incerteza laboral impacta a sa\u00fade mental, com o balan\u00e7o entre vida e trabalho a ficar em 41,9 e a sa\u00fade em 50; o emprego n\u00e3o tem correspondido ao crescimento da qualidade de vida. Em 2023, a Ordem dos Psic\u00f3logos Portugueses alertou que 35% dos trabalhadores vive sob stress constante, acima da m\u00e9dia europeia, com o burnout reconhecido pela Organiza\u00e7\u00e3o Mundial da Sa\u00fade como doen\u00e7a ocupacional. A Organiza\u00e7\u00e3o Internacional do Trabalho defende o Trabalho Digno \u2014 subsist\u00eancia, cidadania, prote\u00e7\u00e3o social e realiza\u00e7\u00e3o pessoal \u2014 e, em Portugal, o desafio \u00e9 criar condi\u00e7\u00f5es reais com lideran\u00e7as humanizadas, para que o crescimento do emprego se traduza numa melhoria efetiva da vida dos trabalhadores.","og_url":"https:\/\/portaltela.pt\/noticias\/2026\/05\/01\/trabalho-digno-equilibrio-entre-trabalhar-e-viver\/","og_site_name":"Portal Tela Portugal","article_published_time":"2026-05-01T09:18:00+00:00","author":"Telinha","twitter_card":"summary_large_image","twitter_misc":{"Escrito por":"Telinha","Tempo estimado de leitura":"2 minutos"},"schema":{"@context":"https:\/\/schema.org","@graph":[{"@type":"Article","@id":"https:\/\/portaltela.pt\/noticias\/2026\/05\/01\/trabalho-digno-equilibrio-entre-trabalhar-e-viver\/#article","isPartOf":{"@id":"https:\/\/portaltela.pt\/noticias\/2026\/05\/01\/trabalho-digno-equilibrio-entre-trabalhar-e-viver\/"},"author":{"name":"Telinha","@id":"https:\/\/portaltela.pt\/#\/schema\/person\/c4278d4a6028830caff9ee44b42d32ed"},"headline":"Trabalho digno: equil\u00edbrio entre trabalhar e viver","datePublished":"2026-05-01T09:18:00+00:00","mainEntityOfPage":{"@id":"https:\/\/portaltela.pt\/noticias\/2026\/05\/01\/trabalho-digno-equilibrio-entre-trabalhar-e-viver\/"},"wordCount":447,"image":{"@id":"https:\/\/portaltela.pt\/noticias\/2026\/05\/01\/trabalho-digno-equilibrio-entre-trabalhar-e-viver\/#primaryimage"},"thumbnailUrl":"https:\/\/portaltela.pt\/s.01k8rhncp4jt1\/2026\/05\/2085203.jpg","keywords":["Bem-Estar","desemprego","jovens","sa\u00fade mental","sa\u00fade p\u00fablica","trabalho"],"articleSection":["Sa\u00fade","Sociedade"],"inLanguage":"pt-PT"},{"@type":"WebPage","@id":"https:\/\/portaltela.pt\/noticias\/2026\/05\/01\/trabalho-digno-equilibrio-entre-trabalhar-e-viver\/","url":"https:\/\/portaltela.pt\/noticias\/2026\/05\/01\/trabalho-digno-equilibrio-entre-trabalhar-e-viver\/","name":"Trabalho digno: equil\u00edbrio entre trabalhar e viver - Portal Tela Portugal","isPartOf":{"@id":"https:\/\/portaltela.pt\/#website"},"primaryImageOfPage":{"@id":"https:\/\/portaltela.pt\/noticias\/2026\/05\/01\/trabalho-digno-equilibrio-entre-trabalhar-e-viver\/#primaryimage"},"image":{"@id":"https:\/\/portaltela.pt\/noticias\/2026\/05\/01\/trabalho-digno-equilibrio-entre-trabalhar-e-viver\/#primaryimage"},"thumbnailUrl":"https:\/\/portaltela.pt\/s.01k8rhncp4jt1\/2026\/05\/2085203.jpg","datePublished":"2026-05-01T09:18:00+00:00","author":{"@id":"https:\/\/portaltela.pt\/#\/schema\/person\/c4278d4a6028830caff9ee44b42d32ed"},"breadcrumb":{"@id":"https:\/\/portaltela.pt\/noticias\/2026\/05\/01\/trabalho-digno-equilibrio-entre-trabalhar-e-viver\/#breadcrumb"},"inLanguage":"pt-PT","potentialAction":[{"@type":"ReadAction","target":["https:\/\/portaltela.pt\/noticias\/2026\/05\/01\/trabalho-digno-equilibrio-entre-trabalhar-e-viver\/"]}]},{"@type":"ImageObject","inLanguage":"pt-PT","@id":"https:\/\/portaltela.pt\/noticias\/2026\/05\/01\/trabalho-digno-equilibrio-entre-trabalhar-e-viver\/#primaryimage","url":"https:\/\/portaltela.pt\/s.01k8rhncp4jt1\/2026\/05\/2085203.jpg","contentUrl":"https:\/\/portaltela.pt\/s.01k8rhncp4jt1\/2026\/05\/2085203.jpg","width":796,"height":448,"caption":"Megafone P3"},{"@type":"BreadcrumbList","@id":"https:\/\/portaltela.pt\/noticias\/2026\/05\/01\/trabalho-digno-equilibrio-entre-trabalhar-e-viver\/#breadcrumb","itemListElement":[{"@type":"ListItem","position":1,"name":"In\u00edcio","item":"https:\/\/portaltela.pt\/"},{"@type":"ListItem","position":2,"name":"Trabalho digno: equil\u00edbrio entre trabalhar e viver"}]},{"@type":"WebSite","@id":"https:\/\/portaltela.pt\/#website","url":"https:\/\/portaltela.pt\/","name":"Portal Tela Portugal","description":"","potentialAction":[{"@type":"SearchAction","target":{"@type":"EntryPoint","urlTemplate":"https:\/\/portaltela.pt\/?s={search_term_string}"},"query-input":{"@type":"PropertyValueSpecification","valueRequired":true,"valueName":"search_term_string"}}],"inLanguage":"pt-PT"},{"@type":"Person","@id":"https:\/\/portaltela.pt\/#\/schema\/person\/c4278d4a6028830caff9ee44b42d32ed","name":"Telinha","image":{"@type":"ImageObject","inLanguage":"pt-PT","@id":"https:\/\/portaltela.pt\/s.01k8rhncp4jt1\/2025\/11\/talking-bot-125x125.png","url":"https:\/\/portaltela.pt\/s.01k8rhncp4jt1\/2025\/11\/talking-bot-125x125.png","contentUrl":"https:\/\/portaltela.pt\/s.01k8rhncp4jt1\/2025\/11\/talking-bot-125x125.png","caption":"Telinha"},"sameAs":["https:\/\/portaltela.pt\/"],"url":"https:\/\/portaltela.pt\/por\/367410592786\/"}]}},"_links":{"self":[{"href":"https:\/\/portaltela.pt\/api\/wp\/v2\/posts\/463592","targetHints":{"allow":["GET"]}}],"collection":[{"href":"https:\/\/portaltela.pt\/api\/wp\/v2\/posts"}],"about":[{"href":"https:\/\/portaltela.pt\/api\/wp\/v2\/types\/post"}],"author":[{"embeddable":true,"href":"https:\/\/portaltela.pt\/api\/wp\/v2\/users\/2"}],"replies":[{"embeddable":true,"href":"https:\/\/portaltela.pt\/api\/wp\/v2\/comments?post=463592"}],"version-history":[{"count":0,"href":"https:\/\/portaltela.pt\/api\/wp\/v2\/posts\/463592\/revisions"}],"wp:featuredmedia":[{"embeddable":true,"href":"https:\/\/portaltela.pt\/api\/wp\/v2\/media\/463593"}],"wp:attachment":[{"href":"https:\/\/portaltela.pt\/api\/wp\/v2\/media?parent=463592"}],"wp:term":[{"taxonomy":"category","embeddable":true,"href":"https:\/\/portaltela.pt\/api\/wp\/v2\/categories?post=463592"},{"taxonomy":"post_tag","embeddable":true,"href":"https:\/\/portaltela.pt\/api\/wp\/v2\/tags?post=463592"}],"curies":[{"name":"wp","href":"https:\/\/api.w.org\/{rel}","templated":true}]}}