{"id":463590,"date":"2026-05-01T06:17:44","date_gmt":"2026-05-01T09:17:44","guid":{"rendered":"https:\/\/portaltela.pt\/noticias\/2026\/05\/01\/colisao-entre-ligeiro-e-motociclo-deixa-um-morto-em-torre-de-moncorvo\/"},"modified":"2026-05-01T06:17:44","modified_gmt":"2026-05-01T09:17:44","slug":"colisao-entre-ligeiro-e-motociclo-deixa-um-morto-em-torre-de-moncorvo","status":"publish","type":"post","link":"https:\/\/portaltela.pt\/noticias\/2026\/05\/01\/colisao-entre-ligeiro-e-motociclo-deixa-um-morto-em-torre-de-moncorvo\/","title":{"rendered":"Colis\u00e3o entre ligeiro e motociclo deixa um morto em Torre de Moncorvo"},"content":{"rendered":"<p>Um acidente entre um ve\u00edculo ligeiro e um motociclo ocorreu em Torre de Moncorvo e deixou uma v\u00edtima mortal, segundo informa\u00e7\u00f5es da equipa de socorro. Um segundo ocupante do motociclo est\u00e1 a ser avaliado no local.<\/p>\n<p>A v\u00edtima mortal ainda n\u00e3o foi identificada publicamente. O estado de sa\u00fade da segunda pessoa envolvida permanece sob avalia\u00e7\u00e3o pelas equipas de emerg\u00eancia.<\/p>\n<p>As circunst\u00e2ncias do acidente est\u00e3o a ser apuradas pelas autoridades no local. O incidente ocorreu hoje, em Torre de Moncorvo, e a ocorr\u00eancia foi reportada pela CMTV. Fonte: CMTV.<\/p>\n","protected":false},"excerpt":{"rendered":"<ul>\n<li>Colis\u00e3o entre ligeiro e motociclo em Torre de Moncorvo faz uma v\u00edtima mortal.<\/li>\n<li>H\u00e1 uma segunda v\u00edtima envolvida que est\u00e1 a ser avaliada pelas equipas de socorro.<\/li>\n<li>Local: Torre de Moncorvo.<\/li>\n<li>Fonte: CMTV; data de publica\u00e7\u00e3o 1 de maio de 2026, \u00e0s 10h14.<\/li>\n<\/ul>\n","protected":false},"author":2,"featured_media":463591,"comment_status":"closed","ping_status":"closed","sticky":false,"template":"","format":"standard","meta":{"footnotes":""},"categories":[6849,1],"tags":[7958,7959,8558,8062],"class_list":["post-463590","post","type-post","status-publish","format-standard","has-post-thumbnail","hentry","category-acidentes","category-noticias","tag-_acidente-rodoviario","tag-_acidentes-rodoviarios","tag-_braganca","tag-_portugal"],"yoast_head":"<!-- This site is optimized with the Yoast SEO plugin v27.2 - https:\/\/yoast.com\/product\/yoast-seo-wordpress\/ -->\n<title>Colis\u00e3o entre ligeiro e motociclo deixa um morto em Torre de Moncorvo - Portal Tela Portugal<\/title>\n<meta name=\"robots\" content=\"index, follow, max-snippet:-1, max-image-preview:large, max-video-preview:-1\" \/>\n<meta property=\"og:locale\" content=\"pt_PT\" \/>\n<meta property=\"og:type\" content=\"article\" \/>\n<meta property=\"og:title\" content=\"Colis\u00e3o entre ligeiro e motociclo deixa um morto em Torre de Moncorvo - Portal Tela Portugal\" \/>\n<meta property=\"og:description\" content=\"Colis\u00e3o entre ligeiro e motociclo em Torre de Moncorvo faz uma v\u00edtima mortal. H\u00e1 uma segunda v\u00edtima envolvida que est\u00e1 a ser avaliada pelas equipas de socorro. Local: Torre de Moncorvo. Fonte: CMTV; data de publica\u00e7\u00e3o 1 de maio de 2026, \u00e0s 10h14.\" \/>\n<meta property=\"og:url\" content=\"https:\/\/portaltela.pt\/noticias\/2026\/05\/01\/colisao-entre-ligeiro-e-motociclo-deixa-um-morto-em-torre-de-moncorvo\/\" \/>\n<meta property=\"og:site_name\" content=\"Portal Tela Portugal\" \/>\n<meta property=\"article:published_time\" content=\"2026-05-01T09:17:44+00:00\" \/>\n<meta name=\"author\" content=\"Telinha\" \/>\n<meta name=\"twitter:card\" content=\"summary_large_image\" \/>\n<meta name=\"twitter:label1\" content=\"Escrito por\" \/>\n\t<meta name=\"twitter:data1\" content=\"Telinha\" \/>\n<script type=\"application\/ld+json\" class=\"yoast-schema-graph\">{\"@context\":\"https:\/\/schema.org\",\"@graph\":[{\"@type\":\"Article\",\"@id\":\"https:\/\/portaltela.pt\/noticias\/2026\/05\/01\/colisao-entre-ligeiro-e-motociclo-deixa-um-morto-em-torre-de-moncorvo\/#article\",\"isPartOf\":{\"@id\":\"https:\/\/portaltela.pt\/noticias\/2026\/05\/01\/colisao-entre-ligeiro-e-motociclo-deixa-um-morto-em-torre-de-moncorvo\/\"},\"author\":{\"name\":\"Telinha\",\"@id\":\"https:\/\/portaltela.pt\/#\/schema\/person\/c4278d4a6028830caff9ee44b42d32ed\"},\"headline\":\"Colis\u00e3o entre ligeiro e motociclo deixa um morto em Torre de Moncorvo\",\"datePublished\":\"2026-05-01T09:17:44+00:00\",\"mainEntityOfPage\":{\"@id\":\"https:\/\/portaltela.pt\/noticias\/2026\/05\/01\/colisao-entre-ligeiro-e-motociclo-deixa-um-morto-em-torre-de-moncorvo\/\"},\"wordCount\":112,\"image\":{\"@id\":\"https:\/\/portaltela.pt\/noticias\/2026\/05\/01\/colisao-entre-ligeiro-e-motociclo-deixa-um-morto-em-torre-de-moncorvo\/#primaryimage\"},\"thumbnailUrl\":\"https:\/\/portaltela.pt\/s.01k8rhncp4jt1\/2026\/05\/img_1280x722uu2026-05-01-10-13-51-2282174.jpg\",\"keywords\":[\"_acidente rodovi\u00e1rio\",\"_acidentes rodovi\u00e1rios\",\"_Bragan\u00e7a\",\"_Portugal\"],\"articleSection\":[\"Acidentes\",\"Not\u00edcias\"],\"inLanguage\":\"pt-PT\"},{\"@type\":\"WebPage\",\"@id\":\"https:\/\/portaltela.pt\/noticias\/2026\/05\/01\/colisao-entre-ligeiro-e-motociclo-deixa-um-morto-em-torre-de-moncorvo\/\",\"url\":\"https:\/\/portaltela.pt\/noticias\/2026\/05\/01\/colisao-entre-ligeiro-e-motociclo-deixa-um-morto-em-torre-de-moncorvo\/\",\"name\":\"Colis\u00e3o entre ligeiro e motociclo deixa um morto em Torre de Moncorvo - Portal Tela Portugal\",\"isPartOf\":{\"@id\":\"https:\/\/portaltela.pt\/#website\"},\"primaryImageOfPage\":{\"@id\":\"https:\/\/portaltela.pt\/noticias\/2026\/05\/01\/colisao-entre-ligeiro-e-motociclo-deixa-um-morto-em-torre-de-moncorvo\/#primaryimage\"},\"image\":{\"@id\":\"https:\/\/portaltela.pt\/noticias\/2026\/05\/01\/colisao-entre-ligeiro-e-motociclo-deixa-um-morto-em-torre-de-moncorvo\/#primaryimage\"},\"thumbnailUrl\":\"https:\/\/portaltela.pt\/s.01k8rhncp4jt1\/2026\/05\/img_1280x722uu2026-05-01-10-13-51-2282174.jpg\",\"datePublished\":\"2026-05-01T09:17:44+00:00\",\"author\":{\"@id\":\"https:\/\/portaltela.pt\/#\/schema\/person\/c4278d4a6028830caff9ee44b42d32ed\"},\"breadcrumb\":{\"@id\":\"https:\/\/portaltela.pt\/noticias\/2026\/05\/01\/colisao-entre-ligeiro-e-motociclo-deixa-um-morto-em-torre-de-moncorvo\/#breadcrumb\"},\"inLanguage\":\"pt-PT\",\"potentialAction\":[{\"@type\":\"ReadAction\",\"target\":[\"https:\/\/portaltela.pt\/noticias\/2026\/05\/01\/colisao-entre-ligeiro-e-motociclo-deixa-um-morto-em-torre-de-moncorvo\/\"]}]},{\"@type\":\"ImageObject\",\"inLanguage\":\"pt-PT\",\"@id\":\"https:\/\/portaltela.pt\/noticias\/2026\/05\/01\/colisao-entre-ligeiro-e-motociclo-deixa-um-morto-em-torre-de-moncorvo\/#primaryimage\",\"url\":\"https:\/\/portaltela.pt\/s.01k8rhncp4jt1\/2026\/05\/img_1280x722uu2026-05-01-10-13-51-2282174.jpg\",\"contentUrl\":\"https:\/\/portaltela.pt\/s.01k8rhncp4jt1\/2026\/05\/img_1280x722uu2026-05-01-10-13-51-2282174.jpg\",\"width\":796,\"height\":448,\"caption\":\"Photo\"},{\"@type\":\"BreadcrumbList\",\"@id\":\"https:\/\/portaltela.pt\/noticias\/2026\/05\/01\/colisao-entre-ligeiro-e-motociclo-deixa-um-morto-em-torre-de-moncorvo\/#breadcrumb\",\"itemListElement\":[{\"@type\":\"ListItem\",\"position\":1,\"name\":\"In\u00edcio\",\"item\":\"https:\/\/portaltela.pt\/\"},{\"@type\":\"ListItem\",\"position\":2,\"name\":\"Colis\u00e3o entre ligeiro e motociclo deixa um morto em Torre de Moncorvo\"}]},{\"@type\":\"WebSite\",\"@id\":\"https:\/\/portaltela.pt\/#website\",\"url\":\"https:\/\/portaltela.pt\/\",\"name\":\"Portal Tela Portugal\",\"description\":\"\",\"potentialAction\":[{\"@type\":\"SearchAction\",\"target\":{\"@type\":\"EntryPoint\",\"urlTemplate\":\"https:\/\/portaltela.pt\/?s={search_term_string}\"},\"query-input\":{\"@type\":\"PropertyValueSpecification\",\"valueRequired\":true,\"valueName\":\"search_term_string\"}}],\"inLanguage\":\"pt-PT\"},{\"@type\":\"Person\",\"@id\":\"https:\/\/portaltela.pt\/#\/schema\/person\/c4278d4a6028830caff9ee44b42d32ed\",\"name\":\"Telinha\",\"image\":{\"@type\":\"ImageObject\",\"inLanguage\":\"pt-PT\",\"@id\":\"https:\/\/portaltela.pt\/s.01k8rhncp4jt1\/2025\/11\/talking-bot-125x125.png\",\"url\":\"https:\/\/portaltela.pt\/s.01k8rhncp4jt1\/2025\/11\/talking-bot-125x125.png\",\"contentUrl\":\"https:\/\/portaltela.pt\/s.01k8rhncp4jt1\/2025\/11\/talking-bot-125x125.png\",\"caption\":\"Telinha\"},\"sameAs\":[\"https:\/\/portaltela.pt\/\"],\"url\":\"https:\/\/portaltela.pt\/por\/367410592786\/\"}]}<\/script>\n<!-- \/ Yoast SEO plugin. -->","yoast_head_json":{"title":"Colis\u00e3o entre ligeiro e motociclo deixa um morto em Torre de Moncorvo - Portal Tela Portugal","robots":{"index":"index","follow":"follow","max-snippet":"max-snippet:-1","max-image-preview":"max-image-preview:large","max-video-preview":"max-video-preview:-1"},"og_locale":"pt_PT","og_type":"article","og_title":"Colis\u00e3o entre ligeiro e motociclo deixa um morto em Torre de Moncorvo - Portal Tela Portugal","og_description":"Colis\u00e3o entre ligeiro e motociclo em Torre de Moncorvo faz uma v\u00edtima mortal. H\u00e1 uma segunda v\u00edtima envolvida que est\u00e1 a ser avaliada pelas equipas de socorro. Local: Torre de Moncorvo. Fonte: CMTV; data de publica\u00e7\u00e3o 1 de maio de 2026, \u00e0s 10h14.","og_url":"https:\/\/portaltela.pt\/noticias\/2026\/05\/01\/colisao-entre-ligeiro-e-motociclo-deixa-um-morto-em-torre-de-moncorvo\/","og_site_name":"Portal Tela Portugal","article_published_time":"2026-05-01T09:17:44+00:00","author":"Telinha","twitter_card":"summary_large_image","twitter_misc":{"Escrito por":"Telinha"},"schema":{"@context":"https:\/\/schema.org","@graph":[{"@type":"Article","@id":"https:\/\/portaltela.pt\/noticias\/2026\/05\/01\/colisao-entre-ligeiro-e-motociclo-deixa-um-morto-em-torre-de-moncorvo\/#article","isPartOf":{"@id":"https:\/\/portaltela.pt\/noticias\/2026\/05\/01\/colisao-entre-ligeiro-e-motociclo-deixa-um-morto-em-torre-de-moncorvo\/"},"author":{"name":"Telinha","@id":"https:\/\/portaltela.pt\/#\/schema\/person\/c4278d4a6028830caff9ee44b42d32ed"},"headline":"Colis\u00e3o entre ligeiro e motociclo deixa um morto em Torre de Moncorvo","datePublished":"2026-05-01T09:17:44+00:00","mainEntityOfPage":{"@id":"https:\/\/portaltela.pt\/noticias\/2026\/05\/01\/colisao-entre-ligeiro-e-motociclo-deixa-um-morto-em-torre-de-moncorvo\/"},"wordCount":112,"image":{"@id":"https:\/\/portaltela.pt\/noticias\/2026\/05\/01\/colisao-entre-ligeiro-e-motociclo-deixa-um-morto-em-torre-de-moncorvo\/#primaryimage"},"thumbnailUrl":"https:\/\/portaltela.pt\/s.01k8rhncp4jt1\/2026\/05\/img_1280x722uu2026-05-01-10-13-51-2282174.jpg","keywords":["_acidente rodovi\u00e1rio","_acidentes rodovi\u00e1rios","_Bragan\u00e7a","_Portugal"],"articleSection":["Acidentes","Not\u00edcias"],"inLanguage":"pt-PT"},{"@type":"WebPage","@id":"https:\/\/portaltela.pt\/noticias\/2026\/05\/01\/colisao-entre-ligeiro-e-motociclo-deixa-um-morto-em-torre-de-moncorvo\/","url":"https:\/\/portaltela.pt\/noticias\/2026\/05\/01\/colisao-entre-ligeiro-e-motociclo-deixa-um-morto-em-torre-de-moncorvo\/","name":"Colis\u00e3o entre ligeiro e motociclo deixa um morto em Torre de Moncorvo - Portal Tela Portugal","isPartOf":{"@id":"https:\/\/portaltela.pt\/#website"},"primaryImageOfPage":{"@id":"https:\/\/portaltela.pt\/noticias\/2026\/05\/01\/colisao-entre-ligeiro-e-motociclo-deixa-um-morto-em-torre-de-moncorvo\/#primaryimage"},"image":{"@id":"https:\/\/portaltela.pt\/noticias\/2026\/05\/01\/colisao-entre-ligeiro-e-motociclo-deixa-um-morto-em-torre-de-moncorvo\/#primaryimage"},"thumbnailUrl":"https:\/\/portaltela.pt\/s.01k8rhncp4jt1\/2026\/05\/img_1280x722uu2026-05-01-10-13-51-2282174.jpg","datePublished":"2026-05-01T09:17:44+00:00","author":{"@id":"https:\/\/portaltela.pt\/#\/schema\/person\/c4278d4a6028830caff9ee44b42d32ed"},"breadcrumb":{"@id":"https:\/\/portaltela.pt\/noticias\/2026\/05\/01\/colisao-entre-ligeiro-e-motociclo-deixa-um-morto-em-torre-de-moncorvo\/#breadcrumb"},"inLanguage":"pt-PT","potentialAction":[{"@type":"ReadAction","target":["https:\/\/portaltela.pt\/noticias\/2026\/05\/01\/colisao-entre-ligeiro-e-motociclo-deixa-um-morto-em-torre-de-moncorvo\/"]}]},{"@type":"ImageObject","inLanguage":"pt-PT","@id":"https:\/\/portaltela.pt\/noticias\/2026\/05\/01\/colisao-entre-ligeiro-e-motociclo-deixa-um-morto-em-torre-de-moncorvo\/#primaryimage","url":"https:\/\/portaltela.pt\/s.01k8rhncp4jt1\/2026\/05\/img_1280x722uu2026-05-01-10-13-51-2282174.jpg","contentUrl":"https:\/\/portaltela.pt\/s.01k8rhncp4jt1\/2026\/05\/img_1280x722uu2026-05-01-10-13-51-2282174.jpg","width":796,"height":448,"caption":"Photo"},{"@type":"BreadcrumbList","@id":"https:\/\/portaltela.pt\/noticias\/2026\/05\/01\/colisao-entre-ligeiro-e-motociclo-deixa-um-morto-em-torre-de-moncorvo\/#breadcrumb","itemListElement":[{"@type":"ListItem","position":1,"name":"In\u00edcio","item":"https:\/\/portaltela.pt\/"},{"@type":"ListItem","position":2,"name":"Colis\u00e3o entre ligeiro e motociclo deixa um morto em Torre de Moncorvo"}]},{"@type":"WebSite","@id":"https:\/\/portaltela.pt\/#website","url":"https:\/\/portaltela.pt\/","name":"Portal Tela Portugal","description":"","potentialAction":[{"@type":"SearchAction","target":{"@type":"EntryPoint","urlTemplate":"https:\/\/portaltela.pt\/?s={search_term_string}"},"query-input":{"@type":"PropertyValueSpecification","valueRequired":true,"valueName":"search_term_string"}}],"inLanguage":"pt-PT"},{"@type":"Person","@id":"https:\/\/portaltela.pt\/#\/schema\/person\/c4278d4a6028830caff9ee44b42d32ed","name":"Telinha","image":{"@type":"ImageObject","inLanguage":"pt-PT","@id":"https:\/\/portaltela.pt\/s.01k8rhncp4jt1\/2025\/11\/talking-bot-125x125.png","url":"https:\/\/portaltela.pt\/s.01k8rhncp4jt1\/2025\/11\/talking-bot-125x125.png","contentUrl":"https:\/\/portaltela.pt\/s.01k8rhncp4jt1\/2025\/11\/talking-bot-125x125.png","caption":"Telinha"},"sameAs":["https:\/\/portaltela.pt\/"],"url":"https:\/\/portaltela.pt\/por\/367410592786\/"}]}},"_links":{"self":[{"href":"https:\/\/portaltela.pt\/api\/wp\/v2\/posts\/463590","targetHints":{"allow":["GET"]}}],"collection":[{"href":"https:\/\/portaltela.pt\/api\/wp\/v2\/posts"}],"about":[{"href":"https:\/\/portaltela.pt\/api\/wp\/v2\/types\/post"}],"author":[{"embeddable":true,"href":"https:\/\/portaltela.pt\/api\/wp\/v2\/users\/2"}],"replies":[{"embeddable":true,"href":"https:\/\/portaltela.pt\/api\/wp\/v2\/comments?post=463590"}],"version-history":[{"count":0,"href":"https:\/\/portaltela.pt\/api\/wp\/v2\/posts\/463590\/revisions"}],"wp:featuredmedia":[{"embeddable":true,"href":"https:\/\/portaltela.pt\/api\/wp\/v2\/media\/463591"}],"wp:attachment":[{"href":"https:\/\/portaltela.pt\/api\/wp\/v2\/media?parent=463590"}],"wp:term":[{"taxonomy":"category","embeddable":true,"href":"https:\/\/portaltela.pt\/api\/wp\/v2\/categories?post=463590"},{"taxonomy":"post_tag","embeddable":true,"href":"https:\/\/portaltela.pt\/api\/wp\/v2\/tags?post=463590"}],"curies":[{"name":"wp","href":"https:\/\/api.w.org\/{rel}","templated":true}]}}