{"id":463584,"date":"2026-05-01T06:17:44","date_gmt":"2026-05-01T09:17:44","guid":{"rendered":"https:\/\/portaltela.pt\/noticias\/2026\/05\/01\/recifes-de-abrolhos-perdem-15-da-cobertura-de-corais-em-18-anos\/"},"modified":"2026-05-01T06:17:44","modified_gmt":"2026-05-01T09:17:44","slug":"recifes-de-abrolhos-perdem-15-da-cobertura-de-corais-em-18-anos","status":"publish","type":"post","link":"https:\/\/portaltela.pt\/meio-ambiente\/2026\/05\/01\/recifes-de-abrolhos-perdem-15-da-cobertura-de-corais-em-18-anos\/","title":{"rendered":"Recifes de Abrolhos perdem 15% da cobertura de corais em 18 anos"},"content":{"rendered":"<p>O recife de Abrolhos, no litoral da Bahia, registou uma redu\u00e7\u00e3o de cerca de 15% na cobertura de corais ao longo de 18 anos, entre 2006 e 2023. O estudo aponta como principais causas as altera\u00e7\u00f5es clim\u00e1ticas e a press\u00e3o humana, que afetam a sa\u00fade do ecossistema com maior biodiversidade do Atl\u00e2ntico Sul.<\/p>\n<p>Investigadores brasileiros, com base no Rio de Janeiro, destacam que epis\u00f3dios de branqueamento em massa foram intensificados pelas ondas de calor marinhas associadas \u00e0 crise clim\u00e1tica. O fen\u00f3meno leva \u00e0 expuls\u00e3o de algas pelos corais, comprometendo a sa\u00fade dos cnid\u00e1rios a longo prazo.<\/p>\n<p>O trabalho, publicado na revista Proceedings of the Royal Society B, analisa mudan\u00e7as profundas nas comunidades de corais, incluindo o colapso de forma ramificada de maior porte, que sustenta a estrutura do recife. A substitui\u00e7\u00e3o por esp\u00e9cies de crescimento mais r\u00e1pido reduz benef\u00edcios ecol\u00f3gicos.<\/p>\n<h3>Mudan\u00e7as insidiosas<\/h3>\n<p>A investiga\u00e7\u00e3o aponta que a atividade humana agrava os danos, com sedimentos gerados pela dragagem no canal de navega\u00e7\u00e3o do Porto de Caravelas a comprometer a qualidade da \u00e1gua e a sufocar os corais. As \u00e1reas marinhas protegidas do Parque Nacional de Abrolhos mostraram-se insuficientes para deter o decl\u00ednio.<\/p>\n<p>O estudo descreve a sobreposi\u00e7\u00e3o entre crise clim\u00e1tica e impactos locais, reiterando que a conserva\u00e7\u00e3o isolada n\u00e3o basta. A rede de prote\u00e7\u00e3o ambiental continua a ser fundamental para a biodiversidade, mas enfrenta limites diante daprogressiva altera\u00e7\u00e3o clim\u00e1tica.<\/p>\n<p>Ricardo Gomes, bi\u00f3logo do Instituto Mar Urbano, refor\u00e7a que os recifes de Abrolhos asseguram pesca, turismo, emprego e subsist\u00eancia costeira. O especialista alerta que o risco de colapso abrange n\u00e3o apenas a vida marinha, mas a biodiversidade costeira brasileira como um todo.<\/p>\n<p>Observa-se que os recifes coralinos s\u00e3o vitais para a economia costeira e para a manuten\u00e7\u00e3o de ecossistemas marinhos, sublinhando a necessidade de a\u00e7\u00f5es clim\u00e1ticas mais agressivas para limitar o aquecimento global e preservar o equil\u00edbrio do Atl\u00e2ntico Sul.<\/p>\n","protected":false},"excerpt":{"rendered":"<ul>\n<li>Recifes de Abrolhos perderam cerca de 15% da cobertura de corais ao longo de dezoito anos, devido a altera\u00e7\u00f5es clim\u00e1ticas e \u00e0 atividade humana.<\/li>\n<li>Ondas de calor marinhas associadas \u00e0 crise clim\u00e1tica intensificaram o branqueamento em massa, que debilita a sa\u00fade dos corais.<\/li>\n<li>Os corais ramificados de maior porte est\u00e3o a ser substitu\u00eddos por esp\u00e9cies de crescimento mais r\u00e1pido, com menos benef\u00edcios ecol\u00f3gicos.<\/li>\n<li>As \u00e1reas marinhas protegidas do Parque Nacional de Abrolhos n\u00e3o impediram o decl\u00ednio, apontando para insufici\u00eancia face \u00e0 crise clim\u00e1tica global.<\/li>\n<li>Os cientistas defendem que \u00e9 necess\u00e1rio reduzir drasticamente o aquecimento global para permitir a recupera\u00e7\u00e3o, j\u00e1 que a temperatura m\u00e9dia mundial j\u00e1 subiu entre 1,3 e 1,4 graus Celsius acima do per\u00edodo pr\u00e9-industrial.<\/li>\n<\/ul>\n","protected":false},"author":2,"featured_media":463589,"comment_status":"closed","ping_status":"closed","sticky":false,"template":"","format":"standard","meta":{"footnotes":""},"categories":[6725],"tags":[8238,8463,8170,8103,8466,8207],"class_list":["post-463584","post","type-post","status-publish","format-standard","has-post-thumbnail","hentry","category-meio-ambiente","tag-_ambiente","tag-_biodiversidade","tag-_brasil","tag-_conservacao-ambiental","tag-_ecologia","tag-_pesca"],"yoast_head":"<!-- This site is optimized with the Yoast SEO plugin v27.2 - https:\/\/yoast.com\/product\/yoast-seo-wordpress\/ -->\n<title>Recifes de Abrolhos perdem 15% da cobertura de corais em 18 anos - Portal Tela Portugal<\/title>\n<meta name=\"robots\" content=\"index, follow, max-snippet:-1, max-image-preview:large, max-video-preview:-1\" \/>\n<meta property=\"og:locale\" content=\"pt_PT\" \/>\n<meta property=\"og:type\" content=\"article\" \/>\n<meta property=\"og:title\" content=\"Recifes de Abrolhos perdem 15% da cobertura de corais em 18 anos - Portal Tela Portugal\" \/>\n<meta property=\"og:description\" content=\"Recifes de Abrolhos perderam cerca de 15% da cobertura de corais ao longo de dezoito anos, devido a altera\u00e7\u00f5es clim\u00e1ticas e \u00e0 atividade humana. Ondas de calor marinhas associadas \u00e0 crise clim\u00e1tica intensificaram o branqueamento em massa, que debilita a sa\u00fade dos corais. Os corais ramificados de maior porte est\u00e3o a ser substitu\u00eddos por esp\u00e9cies de crescimento mais r\u00e1pido, com menos benef\u00edcios ecol\u00f3gicos. As \u00e1reas marinhas protegidas do Parque Nacional de Abrolhos n\u00e3o impediram o decl\u00ednio, apontando para insufici\u00eancia face \u00e0 crise clim\u00e1tica global. Os cientistas defendem que \u00e9 necess\u00e1rio reduzir drasticamente o aquecimento global para permitir a recupera\u00e7\u00e3o, j\u00e1 que a temperatura m\u00e9dia mundial j\u00e1 subiu entre 1,3 e 1,4 graus Celsius acima do per\u00edodo pr\u00e9-industrial.\" \/>\n<meta property=\"og:url\" content=\"https:\/\/portaltela.pt\/noticias\/2026\/05\/01\/recifes-de-abrolhos-perdem-15-da-cobertura-de-corais-em-18-anos\/\" \/>\n<meta property=\"og:site_name\" content=\"Portal Tela Portugal\" \/>\n<meta property=\"article:published_time\" content=\"2026-05-01T09:17:44+00:00\" \/>\n<meta name=\"author\" content=\"Telinha\" \/>\n<meta name=\"twitter:card\" content=\"summary_large_image\" \/>\n<meta name=\"twitter:label1\" content=\"Escrito por\" \/>\n\t<meta name=\"twitter:data1\" content=\"Telinha\" \/>\n\t<meta name=\"twitter:label2\" content=\"Tempo estimado de leitura\" \/>\n\t<meta name=\"twitter:data2\" content=\"2 minutos\" \/>\n<script type=\"application\/ld+json\" class=\"yoast-schema-graph\">{\"@context\":\"https:\/\/schema.org\",\"@graph\":[{\"@type\":\"Article\",\"@id\":\"https:\/\/portaltela.pt\/noticias\/2026\/05\/01\/recifes-de-abrolhos-perdem-15-da-cobertura-de-corais-em-18-anos\/#article\",\"isPartOf\":{\"@id\":\"https:\/\/portaltela.pt\/noticias\/2026\/05\/01\/recifes-de-abrolhos-perdem-15-da-cobertura-de-corais-em-18-anos\/\"},\"author\":{\"name\":\"Telinha\",\"@id\":\"https:\/\/portaltela.pt\/#\/schema\/person\/c4278d4a6028830caff9ee44b42d32ed\"},\"headline\":\"Recifes de Abrolhos perdem 15% da cobertura de corais em 18 anos\",\"datePublished\":\"2026-05-01T09:17:44+00:00\",\"mainEntityOfPage\":{\"@id\":\"https:\/\/portaltela.pt\/noticias\/2026\/05\/01\/recifes-de-abrolhos-perdem-15-da-cobertura-de-corais-em-18-anos\/\"},\"wordCount\":351,\"image\":{\"@id\":\"https:\/\/portaltela.pt\/noticias\/2026\/05\/01\/recifes-de-abrolhos-perdem-15-da-cobertura-de-corais-em-18-anos\/#primaryimage\"},\"thumbnailUrl\":\"https:\/\/portaltela.pt\/s.01k8rhncp4jt1\/2026\/05\/2085370.jpg\",\"keywords\":[\"_ambiente\",\"_biodiversidade\",\"_Brasil\",\"_conserva\u00e7\u00e3o ambiental\",\"_ecologia\",\"_pesca\"],\"articleSection\":[\"Meio Ambiente\"],\"inLanguage\":\"pt-PT\"},{\"@type\":\"WebPage\",\"@id\":\"https:\/\/portaltela.pt\/noticias\/2026\/05\/01\/recifes-de-abrolhos-perdem-15-da-cobertura-de-corais-em-18-anos\/\",\"url\":\"https:\/\/portaltela.pt\/noticias\/2026\/05\/01\/recifes-de-abrolhos-perdem-15-da-cobertura-de-corais-em-18-anos\/\",\"name\":\"Recifes de Abrolhos perdem 15% da cobertura de corais em 18 anos - Portal Tela Portugal\",\"isPartOf\":{\"@id\":\"https:\/\/portaltela.pt\/#website\"},\"primaryImageOfPage\":{\"@id\":\"https:\/\/portaltela.pt\/noticias\/2026\/05\/01\/recifes-de-abrolhos-perdem-15-da-cobertura-de-corais-em-18-anos\/#primaryimage\"},\"image\":{\"@id\":\"https:\/\/portaltela.pt\/noticias\/2026\/05\/01\/recifes-de-abrolhos-perdem-15-da-cobertura-de-corais-em-18-anos\/#primaryimage\"},\"thumbnailUrl\":\"https:\/\/portaltela.pt\/s.01k8rhncp4jt1\/2026\/05\/2085370.jpg\",\"datePublished\":\"2026-05-01T09:17:44+00:00\",\"author\":{\"@id\":\"https:\/\/portaltela.pt\/#\/schema\/person\/c4278d4a6028830caff9ee44b42d32ed\"},\"breadcrumb\":{\"@id\":\"https:\/\/portaltela.pt\/noticias\/2026\/05\/01\/recifes-de-abrolhos-perdem-15-da-cobertura-de-corais-em-18-anos\/#breadcrumb\"},\"inLanguage\":\"pt-PT\",\"potentialAction\":[{\"@type\":\"ReadAction\",\"target\":[\"https:\/\/portaltela.pt\/noticias\/2026\/05\/01\/recifes-de-abrolhos-perdem-15-da-cobertura-de-corais-em-18-anos\/\"]}]},{\"@type\":\"ImageObject\",\"inLanguage\":\"pt-PT\",\"@id\":\"https:\/\/portaltela.pt\/noticias\/2026\/05\/01\/recifes-de-abrolhos-perdem-15-da-cobertura-de-corais-em-18-anos\/#primaryimage\",\"url\":\"https:\/\/portaltela.pt\/s.01k8rhncp4jt1\/2026\/05\/2085370.jpg\",\"contentUrl\":\"https:\/\/portaltela.pt\/s.01k8rhncp4jt1\/2026\/05\/2085370.jpg\",\"width\":796,\"height\":448,\"caption\":\"Vista a\u00e9rea do Parque Nacional Marinho de Abrolhos registada por drone\"},{\"@type\":\"BreadcrumbList\",\"@id\":\"https:\/\/portaltela.pt\/noticias\/2026\/05\/01\/recifes-de-abrolhos-perdem-15-da-cobertura-de-corais-em-18-anos\/#breadcrumb\",\"itemListElement\":[{\"@type\":\"ListItem\",\"position\":1,\"name\":\"In\u00edcio\",\"item\":\"https:\/\/portaltela.pt\/\"},{\"@type\":\"ListItem\",\"position\":2,\"name\":\"Recifes de Abrolhos perdem 15% da cobertura de corais em 18 anos\"}]},{\"@type\":\"WebSite\",\"@id\":\"https:\/\/portaltela.pt\/#website\",\"url\":\"https:\/\/portaltela.pt\/\",\"name\":\"Portal Tela Portugal\",\"description\":\"\",\"potentialAction\":[{\"@type\":\"SearchAction\",\"target\":{\"@type\":\"EntryPoint\",\"urlTemplate\":\"https:\/\/portaltela.pt\/?s={search_term_string}\"},\"query-input\":{\"@type\":\"PropertyValueSpecification\",\"valueRequired\":true,\"valueName\":\"search_term_string\"}}],\"inLanguage\":\"pt-PT\"},{\"@type\":\"Person\",\"@id\":\"https:\/\/portaltela.pt\/#\/schema\/person\/c4278d4a6028830caff9ee44b42d32ed\",\"name\":\"Telinha\",\"image\":{\"@type\":\"ImageObject\",\"inLanguage\":\"pt-PT\",\"@id\":\"https:\/\/portaltela.pt\/s.01k8rhncp4jt1\/2025\/11\/talking-bot-125x125.png\",\"url\":\"https:\/\/portaltela.pt\/s.01k8rhncp4jt1\/2025\/11\/talking-bot-125x125.png\",\"contentUrl\":\"https:\/\/portaltela.pt\/s.01k8rhncp4jt1\/2025\/11\/talking-bot-125x125.png\",\"caption\":\"Telinha\"},\"sameAs\":[\"https:\/\/portaltela.pt\/\"],\"url\":\"https:\/\/portaltela.pt\/por\/367410592786\/\"}]}<\/script>\n<!-- \/ Yoast SEO plugin. -->","yoast_head_json":{"title":"Recifes de Abrolhos perdem 15% da cobertura de corais em 18 anos - Portal Tela Portugal","robots":{"index":"index","follow":"follow","max-snippet":"max-snippet:-1","max-image-preview":"max-image-preview:large","max-video-preview":"max-video-preview:-1"},"og_locale":"pt_PT","og_type":"article","og_title":"Recifes de Abrolhos perdem 15% da cobertura de corais em 18 anos - Portal Tela Portugal","og_description":"Recifes de Abrolhos perderam cerca de 15% da cobertura de corais ao longo de dezoito anos, devido a altera\u00e7\u00f5es clim\u00e1ticas e \u00e0 atividade humana. Ondas de calor marinhas associadas \u00e0 crise clim\u00e1tica intensificaram o branqueamento em massa, que debilita a sa\u00fade dos corais. Os corais ramificados de maior porte est\u00e3o a ser substitu\u00eddos por esp\u00e9cies de crescimento mais r\u00e1pido, com menos benef\u00edcios ecol\u00f3gicos. As \u00e1reas marinhas protegidas do Parque Nacional de Abrolhos n\u00e3o impediram o decl\u00ednio, apontando para insufici\u00eancia face \u00e0 crise clim\u00e1tica global. Os cientistas defendem que \u00e9 necess\u00e1rio reduzir drasticamente o aquecimento global para permitir a recupera\u00e7\u00e3o, j\u00e1 que a temperatura m\u00e9dia mundial j\u00e1 subiu entre 1,3 e 1,4 graus Celsius acima do per\u00edodo pr\u00e9-industrial.","og_url":"https:\/\/portaltela.pt\/noticias\/2026\/05\/01\/recifes-de-abrolhos-perdem-15-da-cobertura-de-corais-em-18-anos\/","og_site_name":"Portal Tela Portugal","article_published_time":"2026-05-01T09:17:44+00:00","author":"Telinha","twitter_card":"summary_large_image","twitter_misc":{"Escrito por":"Telinha","Tempo estimado de leitura":"2 minutos"},"schema":{"@context":"https:\/\/schema.org","@graph":[{"@type":"Article","@id":"https:\/\/portaltela.pt\/noticias\/2026\/05\/01\/recifes-de-abrolhos-perdem-15-da-cobertura-de-corais-em-18-anos\/#article","isPartOf":{"@id":"https:\/\/portaltela.pt\/noticias\/2026\/05\/01\/recifes-de-abrolhos-perdem-15-da-cobertura-de-corais-em-18-anos\/"},"author":{"name":"Telinha","@id":"https:\/\/portaltela.pt\/#\/schema\/person\/c4278d4a6028830caff9ee44b42d32ed"},"headline":"Recifes de Abrolhos perdem 15% da cobertura de corais em 18 anos","datePublished":"2026-05-01T09:17:44+00:00","mainEntityOfPage":{"@id":"https:\/\/portaltela.pt\/noticias\/2026\/05\/01\/recifes-de-abrolhos-perdem-15-da-cobertura-de-corais-em-18-anos\/"},"wordCount":351,"image":{"@id":"https:\/\/portaltela.pt\/noticias\/2026\/05\/01\/recifes-de-abrolhos-perdem-15-da-cobertura-de-corais-em-18-anos\/#primaryimage"},"thumbnailUrl":"https:\/\/portaltela.pt\/s.01k8rhncp4jt1\/2026\/05\/2085370.jpg","keywords":["_ambiente","_biodiversidade","_Brasil","_conserva\u00e7\u00e3o ambiental","_ecologia","_pesca"],"articleSection":["Meio Ambiente"],"inLanguage":"pt-PT"},{"@type":"WebPage","@id":"https:\/\/portaltela.pt\/noticias\/2026\/05\/01\/recifes-de-abrolhos-perdem-15-da-cobertura-de-corais-em-18-anos\/","url":"https:\/\/portaltela.pt\/noticias\/2026\/05\/01\/recifes-de-abrolhos-perdem-15-da-cobertura-de-corais-em-18-anos\/","name":"Recifes de Abrolhos perdem 15% da cobertura de corais em 18 anos - Portal Tela Portugal","isPartOf":{"@id":"https:\/\/portaltela.pt\/#website"},"primaryImageOfPage":{"@id":"https:\/\/portaltela.pt\/noticias\/2026\/05\/01\/recifes-de-abrolhos-perdem-15-da-cobertura-de-corais-em-18-anos\/#primaryimage"},"image":{"@id":"https:\/\/portaltela.pt\/noticias\/2026\/05\/01\/recifes-de-abrolhos-perdem-15-da-cobertura-de-corais-em-18-anos\/#primaryimage"},"thumbnailUrl":"https:\/\/portaltela.pt\/s.01k8rhncp4jt1\/2026\/05\/2085370.jpg","datePublished":"2026-05-01T09:17:44+00:00","author":{"@id":"https:\/\/portaltela.pt\/#\/schema\/person\/c4278d4a6028830caff9ee44b42d32ed"},"breadcrumb":{"@id":"https:\/\/portaltela.pt\/noticias\/2026\/05\/01\/recifes-de-abrolhos-perdem-15-da-cobertura-de-corais-em-18-anos\/#breadcrumb"},"inLanguage":"pt-PT","potentialAction":[{"@type":"ReadAction","target":["https:\/\/portaltela.pt\/noticias\/2026\/05\/01\/recifes-de-abrolhos-perdem-15-da-cobertura-de-corais-em-18-anos\/"]}]},{"@type":"ImageObject","inLanguage":"pt-PT","@id":"https:\/\/portaltela.pt\/noticias\/2026\/05\/01\/recifes-de-abrolhos-perdem-15-da-cobertura-de-corais-em-18-anos\/#primaryimage","url":"https:\/\/portaltela.pt\/s.01k8rhncp4jt1\/2026\/05\/2085370.jpg","contentUrl":"https:\/\/portaltela.pt\/s.01k8rhncp4jt1\/2026\/05\/2085370.jpg","width":796,"height":448,"caption":"Vista a\u00e9rea do Parque Nacional Marinho de Abrolhos registada por drone"},{"@type":"BreadcrumbList","@id":"https:\/\/portaltela.pt\/noticias\/2026\/05\/01\/recifes-de-abrolhos-perdem-15-da-cobertura-de-corais-em-18-anos\/#breadcrumb","itemListElement":[{"@type":"ListItem","position":1,"name":"In\u00edcio","item":"https:\/\/portaltela.pt\/"},{"@type":"ListItem","position":2,"name":"Recifes de Abrolhos perdem 15% da cobertura de corais em 18 anos"}]},{"@type":"WebSite","@id":"https:\/\/portaltela.pt\/#website","url":"https:\/\/portaltela.pt\/","name":"Portal Tela Portugal","description":"","potentialAction":[{"@type":"SearchAction","target":{"@type":"EntryPoint","urlTemplate":"https:\/\/portaltela.pt\/?s={search_term_string}"},"query-input":{"@type":"PropertyValueSpecification","valueRequired":true,"valueName":"search_term_string"}}],"inLanguage":"pt-PT"},{"@type":"Person","@id":"https:\/\/portaltela.pt\/#\/schema\/person\/c4278d4a6028830caff9ee44b42d32ed","name":"Telinha","image":{"@type":"ImageObject","inLanguage":"pt-PT","@id":"https:\/\/portaltela.pt\/s.01k8rhncp4jt1\/2025\/11\/talking-bot-125x125.png","url":"https:\/\/portaltela.pt\/s.01k8rhncp4jt1\/2025\/11\/talking-bot-125x125.png","contentUrl":"https:\/\/portaltela.pt\/s.01k8rhncp4jt1\/2025\/11\/talking-bot-125x125.png","caption":"Telinha"},"sameAs":["https:\/\/portaltela.pt\/"],"url":"https:\/\/portaltela.pt\/por\/367410592786\/"}]}},"_links":{"self":[{"href":"https:\/\/portaltela.pt\/api\/wp\/v2\/posts\/463584","targetHints":{"allow":["GET"]}}],"collection":[{"href":"https:\/\/portaltela.pt\/api\/wp\/v2\/posts"}],"about":[{"href":"https:\/\/portaltela.pt\/api\/wp\/v2\/types\/post"}],"author":[{"embeddable":true,"href":"https:\/\/portaltela.pt\/api\/wp\/v2\/users\/2"}],"replies":[{"embeddable":true,"href":"https:\/\/portaltela.pt\/api\/wp\/v2\/comments?post=463584"}],"version-history":[{"count":0,"href":"https:\/\/portaltela.pt\/api\/wp\/v2\/posts\/463584\/revisions"}],"wp:featuredmedia":[{"embeddable":true,"href":"https:\/\/portaltela.pt\/api\/wp\/v2\/media\/463589"}],"wp:attachment":[{"href":"https:\/\/portaltela.pt\/api\/wp\/v2\/media?parent=463584"}],"wp:term":[{"taxonomy":"category","embeddable":true,"href":"https:\/\/portaltela.pt\/api\/wp\/v2\/categories?post=463584"},{"taxonomy":"post_tag","embeddable":true,"href":"https:\/\/portaltela.pt\/api\/wp\/v2\/tags?post=463584"}],"curies":[{"name":"wp","href":"https:\/\/api.w.org\/{rel}","templated":true}]}}