{"id":463582,"date":"2026-05-01T06:17:43","date_gmt":"2026-05-01T09:17:43","guid":{"rendered":"https:\/\/portaltela.pt\/noticias\/2026\/05\/01\/seguros-devem-cobrir-obrigatoriamente-fenomenos-climaticos-defendem-especialistas\/"},"modified":"2026-05-01T06:17:43","modified_gmt":"2026-05-01T09:17:43","slug":"seguros-devem-cobrir-obrigatoriamente-fenomenos-climaticos-defendem-especialistas","status":"publish","type":"post","link":"https:\/\/portaltela.pt\/noticias\/economia\/2026\/05\/01\/seguros-devem-cobrir-obrigatoriamente-fenomenos-climaticos-defendem-especialistas\/","title":{"rendered":"Seguros devem cobrir obrigatoriamente fen\u00f3menos clim\u00e1ticos defendem especialistas"},"content":{"rendered":"<p>Paulo Fonseca, assessor jur\u00eddico da DECO e perito do Comit\u00e9 Econ\u00f3mico e Social Europeu, defende que o setor tem de se adaptar \u00e0 instabilidade clim\u00e1tica. O Governo apresentou esta semana o Plano de Transforma\u00e7\u00e3o, Recupera\u00e7\u00e3o e Resili\u00eancia (PTRR) com a ideia de criar um fundo de cat\u00e1strofes.<\/p>\n<p>Em entrevista, Fonseca explica que o seguro de habita\u00e7\u00e3o devia incluir obrigatoriamente fen\u00f3menos clim\u00e1ticos. O objetivo \u00e9 aumentar a prote\u00e7\u00e3o dos consumidores face aos impactos de tempestades, inunda\u00e7\u00f5es e outros eventos extremos.<\/p>\n<p>Dados preliminares indicam que menos de 50% da popula\u00e7\u00e3o tem seguro multirriscos. Quem tem este seguro costuma viver em im\u00f3veis com cr\u00e9dito ou em propriedades horizontais, com diferentes tipos de coberturas. O custo anual ronda os 60 a 120 euros.<\/p>\n<h3>Fundo de cat\u00e1strofes e ades\u00e3o obrigat\u00f3ria<\/h3>\n<p>A proposta envolve um fundo de cat\u00e1strofes j\u00e1 previsto no PTRR, com ades\u00e3o obrigat\u00f3ria das seguradoras e apoio financeiro do Estado. A ideia \u00e9 facilitar a contrata\u00e7\u00e3o de seguros com cobertura para fen\u00f3menos extremos e acelerar o processo de indemniza\u00e7\u00f5es.<\/p>\n<p>Antes da obrigatoriedade ao consumidor, defende-se assegurar que todos os seguros de habita\u00e7\u00e3o contemplem a cobertura sem exclus\u00f5es. A maior parte das pessoas sem este seguro \u00e9 economicamente vulner\u00e1vel, possuindo casas antigas sem cr\u00e9dito contratado.<\/p>\n<h3>Garantias e dilemas operacionais<\/h3>\n<p>N\u00e3o est\u00e1 claro como funcionar\u00e1 o apoio do fundo para quem n\u00e3o puder pagar ou como o pagamento ser\u00e1 efetuado. Em tempestades passadas, alguns consumidores ainda aguardavam apoios prometidos ou n\u00e3o conseguiram ver reparados os estragos.<\/p>\n<p>H\u00e1 tamb\u00e9m d\u00favidas sobre situa\u00e7\u00f5es em que o dano seja causado pela degrada\u00e7\u00e3o do edif\u00edcio ou pelo efeito de danos de vizinhos. Ser\u00e1 necess\u00e1rio clarificar a aplica\u00e7\u00e3o do seguro, incluindo responsabilidades entre seguros de diferentes propriet\u00e1rios.<\/p>\n<h3>Efici\u00eancia e fiscaliza\u00e7\u00e3o<\/h3>\n<p>A instabilidade clim\u00e1tica justifica acelerar processos e fiscalizar o comportamento das seguradoras. Indemniza\u00e7\u00f5es inferiores ao dano real, para acelerar prazos, n\u00e3o resolve o problema do consumidor. O seguro baseia-se na solidariedade entre titulares, com pagamento anual ou mensal.<\/p>\n<p>Medidas como o fundo s\u00e3o vistas como \u00fateis, desde que cumpram prazos de presta\u00e7\u00e3o e n\u00e3o introduzam cl\u00e1usulas abusivas. A undula\u00e7\u00e3o clim\u00e1tica exige coberturas mais abrangentes, tendo em conta inc\u00eandios, tempestades, furac\u00f5es e inunda\u00e7\u00f5es.<\/p>\n<h3>Perguntas em aberto<\/h3>\n<p>N\u00e3o h\u00e1 ainda respostas definitivas sobre prazos, crit\u00e9rios de elegibilidade e extens\u00e3o de coberturas a longo prazo. O debate mant\u00e9m-se sobre a melhor forma de traduzir a instabilidade clim\u00e1tica em regras de seguro mais justas e eficientes. Fonte: P\u00fablico.<\/p>\n","protected":false},"excerpt":{"rendered":"<ul>\n<li>O respons\u00e1vel jur\u00eddico da DECO defende que o seguro de habita\u00e7\u00e3o deve incluir cobertura para fen\u00f3menos clim\u00e1ticos, sendo esta obriga\u00e7\u00e3o associada a um futuro fundo de cat\u00e1strofes previsto no Plano de Transforma\u00e7\u00e3o, Recupera\u00e7\u00e3o e Resili\u00eancia (PTRR).<\/li>\n<li>A vis\u00e3o \u00e9 que a ades\u00e3o aos seguros com cobertura espec\u00edfica para cat\u00e1strofes seja obrigat\u00f3ria, ap\u00f3s exist\u00eancia de um fundo comum de prote\u00e7\u00e3o e de um mecanismo de comparticipa\u00e7\u00e3o estatal.<\/li>\n<li>Atualmente menos de metade da popula\u00e7\u00e3o tem seguro multirriscos; onde existe, a cobertura para tempestades e fen\u00f3menos extremos implica custos anuais entre 60 e 120 euros, com adi\u00e7\u00f5es para incluir riscos s\u00edsmicos.<\/li>\n<li>H\u00e1 d\u00favidas sobre quem pagar\u00e1 nos casos em que o seguro n\u00e3o for subscrito ou n\u00e3o cobrir danos, e sobre como o fundo efetivamente far\u00e1 os pagamentos aos consumidores.<\/li>\n<li>A posi\u00e7\u00e3o sustenta que \u00e9 preciso acelerar e simplificar procedimentos, evitar cl\u00e1usulas abusivas e assegurar que as seguradoras cumpram as suas obriga\u00e7\u00f5es, considerando tamb\u00e9m que inc\u00eandios, tempestades e inunda\u00e7\u00f5es devem constar como coberturas, n\u00e3o apenas sismos.<\/li>\n<\/ul>\n","protected":false},"author":2,"featured_media":463587,"comment_status":"closed","ping_status":"closed","sticky":false,"template":"","format":"standard","meta":{"footnotes":""},"categories":[2,6850],"tags":[2665,4991,28,320,250,3416],"class_list":["post-463582","post","type-post","status-publish","format-standard","has-post-thumbnail","hentry","category-economia","category-financas","tag-alteracoes-climaticas","tag-consumo","tag-economia","tag-protecao-civil","tag-seguranca-publica","tag-seguro"],"yoast_head":"<!-- This site is optimized with the Yoast SEO plugin v27.2 - https:\/\/yoast.com\/product\/yoast-seo-wordpress\/ -->\n<title>Seguros devem cobrir obrigatoriamente fen\u00f3menos clim\u00e1ticos defendem especialistas - Portal Tela Portugal<\/title>\n<meta name=\"robots\" content=\"index, follow, max-snippet:-1, max-image-preview:large, max-video-preview:-1\" \/>\n<meta property=\"og:locale\" content=\"pt_PT\" \/>\n<meta property=\"og:type\" content=\"article\" \/>\n<meta property=\"og:title\" content=\"Seguros devem cobrir obrigatoriamente fen\u00f3menos clim\u00e1ticos defendem especialistas - Portal Tela Portugal\" \/>\n<meta property=\"og:description\" content=\"O respons\u00e1vel jur\u00eddico da DECO defende que o seguro de habita\u00e7\u00e3o deve incluir cobertura para fen\u00f3menos clim\u00e1ticos, sendo esta obriga\u00e7\u00e3o associada a um futuro fundo de cat\u00e1strofes previsto no Plano de Transforma\u00e7\u00e3o, Recupera\u00e7\u00e3o e Resili\u00eancia (PTRR). A vis\u00e3o \u00e9 que a ades\u00e3o aos seguros com cobertura espec\u00edfica para cat\u00e1strofes seja obrigat\u00f3ria, ap\u00f3s exist\u00eancia de um fundo comum de prote\u00e7\u00e3o e de um mecanismo de comparticipa\u00e7\u00e3o estatal. Atualmente menos de metade da popula\u00e7\u00e3o tem seguro multirriscos; onde existe, a cobertura para tempestades e fen\u00f3menos extremos implica custos anuais entre 60 e 120 euros, com adi\u00e7\u00f5es para incluir riscos s\u00edsmicos. H\u00e1 d\u00favidas sobre quem pagar\u00e1 nos casos em que o seguro n\u00e3o for subscrito ou n\u00e3o cobrir danos, e sobre como o fundo efetivamente far\u00e1 os pagamentos aos consumidores. A posi\u00e7\u00e3o sustenta que \u00e9 preciso acelerar e simplificar procedimentos, evitar cl\u00e1usulas abusivas e assegurar que as seguradoras cumpram as suas obriga\u00e7\u00f5es, considerando tamb\u00e9m que inc\u00eandios, tempestades e inunda\u00e7\u00f5es devem constar como coberturas, n\u00e3o apenas sismos.\" \/>\n<meta property=\"og:url\" content=\"https:\/\/portaltela.pt\/noticias\/2026\/05\/01\/seguros-devem-cobrir-obrigatoriamente-fenomenos-climaticos-defendem-especialistas\/\" \/>\n<meta property=\"og:site_name\" content=\"Portal Tela Portugal\" \/>\n<meta property=\"article:published_time\" content=\"2026-05-01T09:17:43+00:00\" \/>\n<meta name=\"author\" content=\"Telinha\" \/>\n<meta name=\"twitter:card\" content=\"summary_large_image\" \/>\n<meta name=\"twitter:label1\" content=\"Escrito por\" \/>\n\t<meta name=\"twitter:data1\" content=\"Telinha\" \/>\n\t<meta name=\"twitter:label2\" content=\"Tempo estimado de leitura\" \/>\n\t<meta name=\"twitter:data2\" content=\"2 minutos\" \/>\n<script type=\"application\/ld+json\" class=\"yoast-schema-graph\">{\"@context\":\"https:\/\/schema.org\",\"@graph\":[{\"@type\":\"Article\",\"@id\":\"https:\/\/portaltela.pt\/noticias\/2026\/05\/01\/seguros-devem-cobrir-obrigatoriamente-fenomenos-climaticos-defendem-especialistas\/#article\",\"isPartOf\":{\"@id\":\"https:\/\/portaltela.pt\/noticias\/2026\/05\/01\/seguros-devem-cobrir-obrigatoriamente-fenomenos-climaticos-defendem-especialistas\/\"},\"author\":{\"name\":\"Telinha\",\"@id\":\"https:\/\/portaltela.pt\/#\/schema\/person\/c4278d4a6028830caff9ee44b42d32ed\"},\"headline\":\"Seguros devem cobrir obrigatoriamente fen\u00f3menos clim\u00e1ticos defendem especialistas\",\"datePublished\":\"2026-05-01T09:17:43+00:00\",\"mainEntityOfPage\":{\"@id\":\"https:\/\/portaltela.pt\/noticias\/2026\/05\/01\/seguros-devem-cobrir-obrigatoriamente-fenomenos-climaticos-defendem-especialistas\/\"},\"wordCount\":455,\"image\":{\"@id\":\"https:\/\/portaltela.pt\/noticias\/2026\/05\/01\/seguros-devem-cobrir-obrigatoriamente-fenomenos-climaticos-defendem-especialistas\/#primaryimage\"},\"thumbnailUrl\":\"https:\/\/portaltela.pt\/s.01k8rhncp4jt1\/2026\/05\/tpUHdbIMAGENStypeJPGshare1oBarraFacebook_Publico.jpg\",\"keywords\":[\"Altera\u00e7\u00f5es Clim\u00e1ticas\",\"consumo\",\"economia\",\"prote\u00e7\u00e3o civil\",\"seguran\u00e7a p\u00fablica\",\"Seguro\"],\"articleSection\":[\"Economia\",\"Finan\u00e7as\"],\"inLanguage\":\"pt-PT\"},{\"@type\":\"WebPage\",\"@id\":\"https:\/\/portaltela.pt\/noticias\/2026\/05\/01\/seguros-devem-cobrir-obrigatoriamente-fenomenos-climaticos-defendem-especialistas\/\",\"url\":\"https:\/\/portaltela.pt\/noticias\/2026\/05\/01\/seguros-devem-cobrir-obrigatoriamente-fenomenos-climaticos-defendem-especialistas\/\",\"name\":\"Seguros devem cobrir obrigatoriamente fen\u00f3menos clim\u00e1ticos defendem especialistas - Portal Tela Portugal\",\"isPartOf\":{\"@id\":\"https:\/\/portaltela.pt\/#website\"},\"primaryImageOfPage\":{\"@id\":\"https:\/\/portaltela.pt\/noticias\/2026\/05\/01\/seguros-devem-cobrir-obrigatoriamente-fenomenos-climaticos-defendem-especialistas\/#primaryimage\"},\"image\":{\"@id\":\"https:\/\/portaltela.pt\/noticias\/2026\/05\/01\/seguros-devem-cobrir-obrigatoriamente-fenomenos-climaticos-defendem-especialistas\/#primaryimage\"},\"thumbnailUrl\":\"https:\/\/portaltela.pt\/s.01k8rhncp4jt1\/2026\/05\/tpUHdbIMAGENStypeJPGshare1oBarraFacebook_Publico.jpg\",\"datePublished\":\"2026-05-01T09:17:43+00:00\",\"author\":{\"@id\":\"https:\/\/portaltela.pt\/#\/schema\/person\/c4278d4a6028830caff9ee44b42d32ed\"},\"breadcrumb\":{\"@id\":\"https:\/\/portaltela.pt\/noticias\/2026\/05\/01\/seguros-devem-cobrir-obrigatoriamente-fenomenos-climaticos-defendem-especialistas\/#breadcrumb\"},\"inLanguage\":\"pt-PT\",\"potentialAction\":[{\"@type\":\"ReadAction\",\"target\":[\"https:\/\/portaltela.pt\/noticias\/2026\/05\/01\/seguros-devem-cobrir-obrigatoriamente-fenomenos-climaticos-defendem-especialistas\/\"]}]},{\"@type\":\"ImageObject\",\"inLanguage\":\"pt-PT\",\"@id\":\"https:\/\/portaltela.pt\/noticias\/2026\/05\/01\/seguros-devem-cobrir-obrigatoriamente-fenomenos-climaticos-defendem-especialistas\/#primaryimage\",\"url\":\"https:\/\/portaltela.pt\/s.01k8rhncp4jt1\/2026\/05\/tpUHdbIMAGENStypeJPGshare1oBarraFacebook_Publico.jpg\",\"contentUrl\":\"https:\/\/portaltela.pt\/s.01k8rhncp4jt1\/2026\/05\/tpUHdbIMAGENStypeJPGshare1oBarraFacebook_Publico.jpg\",\"width\":1200,\"height\":630,\"caption\":\"Tempestade Kristin arrancou telhados deixando interior das casas a descoberto\"},{\"@type\":\"BreadcrumbList\",\"@id\":\"https:\/\/portaltela.pt\/noticias\/2026\/05\/01\/seguros-devem-cobrir-obrigatoriamente-fenomenos-climaticos-defendem-especialistas\/#breadcrumb\",\"itemListElement\":[{\"@type\":\"ListItem\",\"position\":1,\"name\":\"In\u00edcio\",\"item\":\"https:\/\/portaltela.pt\/\"},{\"@type\":\"ListItem\",\"position\":2,\"name\":\"Seguros devem cobrir obrigatoriamente fen\u00f3menos clim\u00e1ticos defendem especialistas\"}]},{\"@type\":\"WebSite\",\"@id\":\"https:\/\/portaltela.pt\/#website\",\"url\":\"https:\/\/portaltela.pt\/\",\"name\":\"Portal Tela Portugal\",\"description\":\"\",\"potentialAction\":[{\"@type\":\"SearchAction\",\"target\":{\"@type\":\"EntryPoint\",\"urlTemplate\":\"https:\/\/portaltela.pt\/?s={search_term_string}\"},\"query-input\":{\"@type\":\"PropertyValueSpecification\",\"valueRequired\":true,\"valueName\":\"search_term_string\"}}],\"inLanguage\":\"pt-PT\"},{\"@type\":\"Person\",\"@id\":\"https:\/\/portaltela.pt\/#\/schema\/person\/c4278d4a6028830caff9ee44b42d32ed\",\"name\":\"Telinha\",\"image\":{\"@type\":\"ImageObject\",\"inLanguage\":\"pt-PT\",\"@id\":\"https:\/\/portaltela.pt\/s.01k8rhncp4jt1\/2025\/11\/talking-bot-125x125.png\",\"url\":\"https:\/\/portaltela.pt\/s.01k8rhncp4jt1\/2025\/11\/talking-bot-125x125.png\",\"contentUrl\":\"https:\/\/portaltela.pt\/s.01k8rhncp4jt1\/2025\/11\/talking-bot-125x125.png\",\"caption\":\"Telinha\"},\"sameAs\":[\"https:\/\/portaltela.pt\/\"],\"url\":\"https:\/\/portaltela.pt\/por\/367410592786\/\"}]}<\/script>\n<!-- \/ Yoast SEO plugin. -->","yoast_head_json":{"title":"Seguros devem cobrir obrigatoriamente fen\u00f3menos clim\u00e1ticos defendem especialistas - Portal Tela Portugal","robots":{"index":"index","follow":"follow","max-snippet":"max-snippet:-1","max-image-preview":"max-image-preview:large","max-video-preview":"max-video-preview:-1"},"og_locale":"pt_PT","og_type":"article","og_title":"Seguros devem cobrir obrigatoriamente fen\u00f3menos clim\u00e1ticos defendem especialistas - Portal Tela Portugal","og_description":"O respons\u00e1vel jur\u00eddico da DECO defende que o seguro de habita\u00e7\u00e3o deve incluir cobertura para fen\u00f3menos clim\u00e1ticos, sendo esta obriga\u00e7\u00e3o associada a um futuro fundo de cat\u00e1strofes previsto no Plano de Transforma\u00e7\u00e3o, Recupera\u00e7\u00e3o e Resili\u00eancia (PTRR). A vis\u00e3o \u00e9 que a ades\u00e3o aos seguros com cobertura espec\u00edfica para cat\u00e1strofes seja obrigat\u00f3ria, ap\u00f3s exist\u00eancia de um fundo comum de prote\u00e7\u00e3o e de um mecanismo de comparticipa\u00e7\u00e3o estatal. Atualmente menos de metade da popula\u00e7\u00e3o tem seguro multirriscos; onde existe, a cobertura para tempestades e fen\u00f3menos extremos implica custos anuais entre 60 e 120 euros, com adi\u00e7\u00f5es para incluir riscos s\u00edsmicos. H\u00e1 d\u00favidas sobre quem pagar\u00e1 nos casos em que o seguro n\u00e3o for subscrito ou n\u00e3o cobrir danos, e sobre como o fundo efetivamente far\u00e1 os pagamentos aos consumidores. A posi\u00e7\u00e3o sustenta que \u00e9 preciso acelerar e simplificar procedimentos, evitar cl\u00e1usulas abusivas e assegurar que as seguradoras cumpram as suas obriga\u00e7\u00f5es, considerando tamb\u00e9m que inc\u00eandios, tempestades e inunda\u00e7\u00f5es devem constar como coberturas, n\u00e3o apenas sismos.","og_url":"https:\/\/portaltela.pt\/noticias\/2026\/05\/01\/seguros-devem-cobrir-obrigatoriamente-fenomenos-climaticos-defendem-especialistas\/","og_site_name":"Portal Tela Portugal","article_published_time":"2026-05-01T09:17:43+00:00","author":"Telinha","twitter_card":"summary_large_image","twitter_misc":{"Escrito por":"Telinha","Tempo estimado de leitura":"2 minutos"},"schema":{"@context":"https:\/\/schema.org","@graph":[{"@type":"Article","@id":"https:\/\/portaltela.pt\/noticias\/2026\/05\/01\/seguros-devem-cobrir-obrigatoriamente-fenomenos-climaticos-defendem-especialistas\/#article","isPartOf":{"@id":"https:\/\/portaltela.pt\/noticias\/2026\/05\/01\/seguros-devem-cobrir-obrigatoriamente-fenomenos-climaticos-defendem-especialistas\/"},"author":{"name":"Telinha","@id":"https:\/\/portaltela.pt\/#\/schema\/person\/c4278d4a6028830caff9ee44b42d32ed"},"headline":"Seguros devem cobrir obrigatoriamente fen\u00f3menos clim\u00e1ticos defendem especialistas","datePublished":"2026-05-01T09:17:43+00:00","mainEntityOfPage":{"@id":"https:\/\/portaltela.pt\/noticias\/2026\/05\/01\/seguros-devem-cobrir-obrigatoriamente-fenomenos-climaticos-defendem-especialistas\/"},"wordCount":455,"image":{"@id":"https:\/\/portaltela.pt\/noticias\/2026\/05\/01\/seguros-devem-cobrir-obrigatoriamente-fenomenos-climaticos-defendem-especialistas\/#primaryimage"},"thumbnailUrl":"https:\/\/portaltela.pt\/s.01k8rhncp4jt1\/2026\/05\/tpUHdbIMAGENStypeJPGshare1oBarraFacebook_Publico.jpg","keywords":["Altera\u00e7\u00f5es Clim\u00e1ticas","consumo","economia","prote\u00e7\u00e3o civil","seguran\u00e7a p\u00fablica","Seguro"],"articleSection":["Economia","Finan\u00e7as"],"inLanguage":"pt-PT"},{"@type":"WebPage","@id":"https:\/\/portaltela.pt\/noticias\/2026\/05\/01\/seguros-devem-cobrir-obrigatoriamente-fenomenos-climaticos-defendem-especialistas\/","url":"https:\/\/portaltela.pt\/noticias\/2026\/05\/01\/seguros-devem-cobrir-obrigatoriamente-fenomenos-climaticos-defendem-especialistas\/","name":"Seguros devem cobrir obrigatoriamente fen\u00f3menos clim\u00e1ticos defendem especialistas - Portal Tela Portugal","isPartOf":{"@id":"https:\/\/portaltela.pt\/#website"},"primaryImageOfPage":{"@id":"https:\/\/portaltela.pt\/noticias\/2026\/05\/01\/seguros-devem-cobrir-obrigatoriamente-fenomenos-climaticos-defendem-especialistas\/#primaryimage"},"image":{"@id":"https:\/\/portaltela.pt\/noticias\/2026\/05\/01\/seguros-devem-cobrir-obrigatoriamente-fenomenos-climaticos-defendem-especialistas\/#primaryimage"},"thumbnailUrl":"https:\/\/portaltela.pt\/s.01k8rhncp4jt1\/2026\/05\/tpUHdbIMAGENStypeJPGshare1oBarraFacebook_Publico.jpg","datePublished":"2026-05-01T09:17:43+00:00","author":{"@id":"https:\/\/portaltela.pt\/#\/schema\/person\/c4278d4a6028830caff9ee44b42d32ed"},"breadcrumb":{"@id":"https:\/\/portaltela.pt\/noticias\/2026\/05\/01\/seguros-devem-cobrir-obrigatoriamente-fenomenos-climaticos-defendem-especialistas\/#breadcrumb"},"inLanguage":"pt-PT","potentialAction":[{"@type":"ReadAction","target":["https:\/\/portaltela.pt\/noticias\/2026\/05\/01\/seguros-devem-cobrir-obrigatoriamente-fenomenos-climaticos-defendem-especialistas\/"]}]},{"@type":"ImageObject","inLanguage":"pt-PT","@id":"https:\/\/portaltela.pt\/noticias\/2026\/05\/01\/seguros-devem-cobrir-obrigatoriamente-fenomenos-climaticos-defendem-especialistas\/#primaryimage","url":"https:\/\/portaltela.pt\/s.01k8rhncp4jt1\/2026\/05\/tpUHdbIMAGENStypeJPGshare1oBarraFacebook_Publico.jpg","contentUrl":"https:\/\/portaltela.pt\/s.01k8rhncp4jt1\/2026\/05\/tpUHdbIMAGENStypeJPGshare1oBarraFacebook_Publico.jpg","width":1200,"height":630,"caption":"Tempestade Kristin arrancou telhados deixando interior das casas a descoberto"},{"@type":"BreadcrumbList","@id":"https:\/\/portaltela.pt\/noticias\/2026\/05\/01\/seguros-devem-cobrir-obrigatoriamente-fenomenos-climaticos-defendem-especialistas\/#breadcrumb","itemListElement":[{"@type":"ListItem","position":1,"name":"In\u00edcio","item":"https:\/\/portaltela.pt\/"},{"@type":"ListItem","position":2,"name":"Seguros devem cobrir obrigatoriamente fen\u00f3menos clim\u00e1ticos defendem especialistas"}]},{"@type":"WebSite","@id":"https:\/\/portaltela.pt\/#website","url":"https:\/\/portaltela.pt\/","name":"Portal Tela Portugal","description":"","potentialAction":[{"@type":"SearchAction","target":{"@type":"EntryPoint","urlTemplate":"https:\/\/portaltela.pt\/?s={search_term_string}"},"query-input":{"@type":"PropertyValueSpecification","valueRequired":true,"valueName":"search_term_string"}}],"inLanguage":"pt-PT"},{"@type":"Person","@id":"https:\/\/portaltela.pt\/#\/schema\/person\/c4278d4a6028830caff9ee44b42d32ed","name":"Telinha","image":{"@type":"ImageObject","inLanguage":"pt-PT","@id":"https:\/\/portaltela.pt\/s.01k8rhncp4jt1\/2025\/11\/talking-bot-125x125.png","url":"https:\/\/portaltela.pt\/s.01k8rhncp4jt1\/2025\/11\/talking-bot-125x125.png","contentUrl":"https:\/\/portaltela.pt\/s.01k8rhncp4jt1\/2025\/11\/talking-bot-125x125.png","caption":"Telinha"},"sameAs":["https:\/\/portaltela.pt\/"],"url":"https:\/\/portaltela.pt\/por\/367410592786\/"}]}},"_links":{"self":[{"href":"https:\/\/portaltela.pt\/api\/wp\/v2\/posts\/463582","targetHints":{"allow":["GET"]}}],"collection":[{"href":"https:\/\/portaltela.pt\/api\/wp\/v2\/posts"}],"about":[{"href":"https:\/\/portaltela.pt\/api\/wp\/v2\/types\/post"}],"author":[{"embeddable":true,"href":"https:\/\/portaltela.pt\/api\/wp\/v2\/users\/2"}],"replies":[{"embeddable":true,"href":"https:\/\/portaltela.pt\/api\/wp\/v2\/comments?post=463582"}],"version-history":[{"count":0,"href":"https:\/\/portaltela.pt\/api\/wp\/v2\/posts\/463582\/revisions"}],"wp:featuredmedia":[{"embeddable":true,"href":"https:\/\/portaltela.pt\/api\/wp\/v2\/media\/463587"}],"wp:attachment":[{"href":"https:\/\/portaltela.pt\/api\/wp\/v2\/media?parent=463582"}],"wp:term":[{"taxonomy":"category","embeddable":true,"href":"https:\/\/portaltela.pt\/api\/wp\/v2\/categories?post=463582"},{"taxonomy":"post_tag","embeddable":true,"href":"https:\/\/portaltela.pt\/api\/wp\/v2\/tags?post=463582"}],"curies":[{"name":"wp","href":"https:\/\/api.w.org\/{rel}","templated":true}]}}