{"id":463578,"date":"2026-05-01T06:17:39","date_gmt":"2026-05-01T09:17:39","guid":{"rendered":"https:\/\/portaltela.pt\/noticias\/2026\/05\/01\/pz-solicita-mil-euros-mensais-com-apoio-dos-mao-morta\/"},"modified":"2026-05-01T06:17:39","modified_gmt":"2026-05-01T09:17:39","slug":"pz-solicita-mil-euros-mensais-com-apoio-dos-mao-morta","status":"publish","type":"post","link":"https:\/\/portaltela.pt\/musica\/2026\/05\/01\/pz-solicita-mil-euros-mensais-com-apoio-dos-mao-morta\/","title":{"rendered":"PZ solicita mil euros mensais com apoio dos M\u00e3o Morta"},"content":{"rendered":"<p>Para o Dia do Trabalhador, PZ apresenta um novo single da s\u00e9rie mensal que integra o projeto \u00c1lbum de Fam\u00edlia, lan\u00e7ado ao longo de 12 meses. Mil euros por m\u00eas chega hoje em colabora\u00e7\u00e3o com os M\u00e3o Morta, mantendo o formato j\u00e1 divulgado. A faixa fecha o ciclo de 12 temas com convidados \u00fanicos, para um vinil previsto para o final do ano.<\/p>\n<p>O tema aborda a dignidade familiar num retrato sat\u00edrico da precariedade. O refr\u00e3o repetitivo, que alinha o desejo com a realidade do sal\u00e1rio m\u00ednimo, evidencia a dist\u00e2ncia entre sonho e estabilidade. A can\u00e7\u00e3o funciona como uma leitura cr\u00edtica do sistema laboral atual em Portugal.<\/p>\n<p>A produ\u00e7\u00e3o do tema ficou a cargo de PZ, com participa\u00e7\u00e3o dos M\u00e3o Morta: Adolfo Lux\u00faria Canibal na voz e letra adicional, Miguel Pedro na bateria e Ruca Lacerda nas guitarras. O registo ocorreu nos est\u00fadios Arda, com grava\u00e7\u00e3o e mistura a cargo de Z\u00e9 Nando Pimenta. O videoclipe foi realizado por Vasco Mendes.<\/p>\n<h3>Colabora\u00e7\u00e3o e Produ\u00e7\u00e3o<\/h3>\n<p>A parceria com os M\u00e3o Morta insere o tema num eixo mais pol\u00edtico do \u00c1lbum de Fam\u00edlia, mantendo o tom ir\u00f3nico que caracteriza o projeto. Os trabalhos anteriores j\u00e1 tinham contado com convidados distintos ao longo de 2024, refor\u00e7ando o formato mensal at\u00e9 o lan\u00e7amento do vinil.<\/p>\n","protected":false},"excerpt":{"rendered":"<ul>\n<li>No dia 1 de maio, PZ lan\u00e7a Mil euros por m\u00eas em colabora\u00e7\u00e3o com os M\u00e3o Morta, abrindo o projeto do \u00c1lbum de Fam\u00edlia.<\/li>\n<li>O \u00e1lbum re\u00fane 12 can\u00e7\u00f5es com 12 convidados, publicadas mensalmente at\u00e9 ao final do ano, numa edi\u00e7\u00e3o em vinil.<\/li>\n<li>A can\u00e7\u00e3o aborda a dignidade familiar e a precariedade, partindo do refr\u00e3o \u201cEu quero mil euros por m\u00eas\u201d e criticando o regime de sal\u00e1rios que n\u00e3o garante estabilidade.<\/li>\n<li>Participam Adolfo Lux\u00faria Canibal (voz\/letra adicional), Miguel Pedro (bateria) e Ruca Lacerda (guitarras) dos M\u00e3o Morta; a grava\u00e7\u00e3o, mistura e produ\u00e7\u00e3o s\u00e3o de Z\u00e9 Nando Pimenta, com o videoclipe realizado por Vasco Mendes, nos est\u00fadios Arda.<\/li>\n<li>As m\u00fasicas anteriores j\u00e1 lan\u00e7adas do projeto foram Todo o santo dia, Quem \u00e9 que vai lavar a banca, Sou pai de filhos e Empad\u00e3o na Bimby.<\/li>\n<\/ul>\n","protected":false},"author":2,"featured_media":463581,"comment_status":"closed","ping_status":"closed","sticky":false,"template":"","format":"standard","meta":{"footnotes":""},"categories":[6676],"tags":[10092,4787,122,7761,7482],"class_list":["post-463578","post","type-post","status-publish","format-standard","has-post-thumbnail","hentry","category-musica","tag-album-de-familia","tag-colaboracao-internacional","tag-musica","tag-precarizacao","tag-producao-artistica"],"yoast_head":"<!-- This site is optimized with the Yoast SEO plugin v27.2 - https:\/\/yoast.com\/product\/yoast-seo-wordpress\/ -->\n<title>PZ solicita mil euros mensais com apoio dos M\u00e3o Morta - Portal Tela Portugal<\/title>\n<meta name=\"robots\" content=\"index, follow, max-snippet:-1, max-image-preview:large, max-video-preview:-1\" \/>\n<meta property=\"og:locale\" content=\"pt_PT\" \/>\n<meta property=\"og:type\" content=\"article\" \/>\n<meta property=\"og:title\" content=\"PZ solicita mil euros mensais com apoio dos M\u00e3o Morta - Portal Tela Portugal\" \/>\n<meta property=\"og:description\" content=\"No dia 1 de maio, PZ lan\u00e7a Mil euros por m\u00eas em colabora\u00e7\u00e3o com os M\u00e3o Morta, abrindo o projeto do \u00c1lbum de Fam\u00edlia. O \u00e1lbum re\u00fane 12 can\u00e7\u00f5es com 12 convidados, publicadas mensalmente at\u00e9 ao final do ano, numa edi\u00e7\u00e3o em vinil. A can\u00e7\u00e3o aborda a dignidade familiar e a precariedade, partindo do refr\u00e3o \u201cEu quero mil euros por m\u00eas\u201d e criticando o regime de sal\u00e1rios que n\u00e3o garante estabilidade. Participam Adolfo Lux\u00faria Canibal (voz\/letra adicional), Miguel Pedro (bateria) e Ruca Lacerda (guitarras) dos M\u00e3o Morta; a grava\u00e7\u00e3o, mistura e produ\u00e7\u00e3o s\u00e3o de Z\u00e9 Nando Pimenta, com o videoclipe realizado por Vasco Mendes, nos est\u00fadios Arda. As m\u00fasicas anteriores j\u00e1 lan\u00e7adas do projeto foram Todo o santo dia, Quem \u00e9 que vai lavar a banca, Sou pai de filhos e Empad\u00e3o na Bimby.\" \/>\n<meta property=\"og:url\" content=\"https:\/\/portaltela.pt\/noticias\/2026\/05\/01\/pz-solicita-mil-euros-mensais-com-apoio-dos-mao-morta\/\" \/>\n<meta property=\"og:site_name\" content=\"Portal Tela Portugal\" \/>\n<meta property=\"article:published_time\" content=\"2026-05-01T09:17:39+00:00\" \/>\n<meta name=\"author\" content=\"Telinha\" \/>\n<meta name=\"twitter:card\" content=\"summary_large_image\" \/>\n<meta name=\"twitter:label1\" content=\"Escrito por\" \/>\n\t<meta name=\"twitter:data1\" content=\"Telinha\" \/>\n\t<meta name=\"twitter:label2\" content=\"Tempo estimado de leitura\" \/>\n\t<meta name=\"twitter:data2\" content=\"1 minuto\" \/>\n<script type=\"application\/ld+json\" class=\"yoast-schema-graph\">{\"@context\":\"https:\/\/schema.org\",\"@graph\":[{\"@type\":\"Article\",\"@id\":\"https:\/\/portaltela.pt\/noticias\/2026\/05\/01\/pz-solicita-mil-euros-mensais-com-apoio-dos-mao-morta\/#article\",\"isPartOf\":{\"@id\":\"https:\/\/portaltela.pt\/noticias\/2026\/05\/01\/pz-solicita-mil-euros-mensais-com-apoio-dos-mao-morta\/\"},\"author\":{\"name\":\"Telinha\",\"@id\":\"https:\/\/portaltela.pt\/#\/schema\/person\/c4278d4a6028830caff9ee44b42d32ed\"},\"headline\":\"PZ solicita mil euros mensais com apoio dos M\u00e3o Morta\",\"datePublished\":\"2026-05-01T09:17:39+00:00\",\"mainEntityOfPage\":{\"@id\":\"https:\/\/portaltela.pt\/noticias\/2026\/05\/01\/pz-solicita-mil-euros-mensais-com-apoio-dos-mao-morta\/\"},\"wordCount\":246,\"image\":{\"@id\":\"https:\/\/portaltela.pt\/noticias\/2026\/05\/01\/pz-solicita-mil-euros-mensais-com-apoio-dos-mao-morta\/#primaryimage\"},\"thumbnailUrl\":\"https:\/\/portaltela.pt\/s.01k8rhncp4jt1\/2026\/05\/PZfoto0597856.jpg\",\"keywords\":[\"\u00e1lbum de fam\u00edlia\",\"colabora\u00e7\u00e3o internacional\",\"m\u00fasica\",\"precariza\u00e7\u00e3o\",\"Produ\u00e7\u00e3o Art\u00edstica\"],\"articleSection\":[\"M\u00fasica\"],\"inLanguage\":\"pt-PT\"},{\"@type\":\"WebPage\",\"@id\":\"https:\/\/portaltela.pt\/noticias\/2026\/05\/01\/pz-solicita-mil-euros-mensais-com-apoio-dos-mao-morta\/\",\"url\":\"https:\/\/portaltela.pt\/noticias\/2026\/05\/01\/pz-solicita-mil-euros-mensais-com-apoio-dos-mao-morta\/\",\"name\":\"PZ solicita mil euros mensais com apoio dos M\u00e3o Morta - Portal Tela Portugal\",\"isPartOf\":{\"@id\":\"https:\/\/portaltela.pt\/#website\"},\"primaryImageOfPage\":{\"@id\":\"https:\/\/portaltela.pt\/noticias\/2026\/05\/01\/pz-solicita-mil-euros-mensais-com-apoio-dos-mao-morta\/#primaryimage\"},\"image\":{\"@id\":\"https:\/\/portaltela.pt\/noticias\/2026\/05\/01\/pz-solicita-mil-euros-mensais-com-apoio-dos-mao-morta\/#primaryimage\"},\"thumbnailUrl\":\"https:\/\/portaltela.pt\/s.01k8rhncp4jt1\/2026\/05\/PZfoto0597856.jpg\",\"datePublished\":\"2026-05-01T09:17:39+00:00\",\"author\":{\"@id\":\"https:\/\/portaltela.pt\/#\/schema\/person\/c4278d4a6028830caff9ee44b42d32ed\"},\"breadcrumb\":{\"@id\":\"https:\/\/portaltela.pt\/noticias\/2026\/05\/01\/pz-solicita-mil-euros-mensais-com-apoio-dos-mao-morta\/#breadcrumb\"},\"inLanguage\":\"pt-PT\",\"potentialAction\":[{\"@type\":\"ReadAction\",\"target\":[\"https:\/\/portaltela.pt\/noticias\/2026\/05\/01\/pz-solicita-mil-euros-mensais-com-apoio-dos-mao-morta\/\"]}]},{\"@type\":\"ImageObject\",\"inLanguage\":\"pt-PT\",\"@id\":\"https:\/\/portaltela.pt\/noticias\/2026\/05\/01\/pz-solicita-mil-euros-mensais-com-apoio-dos-mao-morta\/#primaryimage\",\"url\":\"https:\/\/portaltela.pt\/s.01k8rhncp4jt1\/2026\/05\/PZfoto0597856.jpg\",\"contentUrl\":\"https:\/\/portaltela.pt\/s.01k8rhncp4jt1\/2026\/05\/PZfoto0597856.jpg\",\"width\":796,\"height\":448,\"caption\":\"Photo\"},{\"@type\":\"BreadcrumbList\",\"@id\":\"https:\/\/portaltela.pt\/noticias\/2026\/05\/01\/pz-solicita-mil-euros-mensais-com-apoio-dos-mao-morta\/#breadcrumb\",\"itemListElement\":[{\"@type\":\"ListItem\",\"position\":1,\"name\":\"In\u00edcio\",\"item\":\"https:\/\/portaltela.pt\/\"},{\"@type\":\"ListItem\",\"position\":2,\"name\":\"PZ solicita mil euros mensais com apoio dos M\u00e3o Morta\"}]},{\"@type\":\"WebSite\",\"@id\":\"https:\/\/portaltela.pt\/#website\",\"url\":\"https:\/\/portaltela.pt\/\",\"name\":\"Portal Tela Portugal\",\"description\":\"\",\"potentialAction\":[{\"@type\":\"SearchAction\",\"target\":{\"@type\":\"EntryPoint\",\"urlTemplate\":\"https:\/\/portaltela.pt\/?s={search_term_string}\"},\"query-input\":{\"@type\":\"PropertyValueSpecification\",\"valueRequired\":true,\"valueName\":\"search_term_string\"}}],\"inLanguage\":\"pt-PT\"},{\"@type\":\"Person\",\"@id\":\"https:\/\/portaltela.pt\/#\/schema\/person\/c4278d4a6028830caff9ee44b42d32ed\",\"name\":\"Telinha\",\"image\":{\"@type\":\"ImageObject\",\"inLanguage\":\"pt-PT\",\"@id\":\"https:\/\/portaltela.pt\/s.01k8rhncp4jt1\/2025\/11\/talking-bot-125x125.png\",\"url\":\"https:\/\/portaltela.pt\/s.01k8rhncp4jt1\/2025\/11\/talking-bot-125x125.png\",\"contentUrl\":\"https:\/\/portaltela.pt\/s.01k8rhncp4jt1\/2025\/11\/talking-bot-125x125.png\",\"caption\":\"Telinha\"},\"sameAs\":[\"https:\/\/portaltela.pt\/\"],\"url\":\"https:\/\/portaltela.pt\/por\/367410592786\/\"}]}<\/script>\n<!-- \/ Yoast SEO plugin. -->","yoast_head_json":{"title":"PZ solicita mil euros mensais com apoio dos M\u00e3o Morta - Portal Tela Portugal","robots":{"index":"index","follow":"follow","max-snippet":"max-snippet:-1","max-image-preview":"max-image-preview:large","max-video-preview":"max-video-preview:-1"},"og_locale":"pt_PT","og_type":"article","og_title":"PZ solicita mil euros mensais com apoio dos M\u00e3o Morta - Portal Tela Portugal","og_description":"No dia 1 de maio, PZ lan\u00e7a Mil euros por m\u00eas em colabora\u00e7\u00e3o com os M\u00e3o Morta, abrindo o projeto do \u00c1lbum de Fam\u00edlia. O \u00e1lbum re\u00fane 12 can\u00e7\u00f5es com 12 convidados, publicadas mensalmente at\u00e9 ao final do ano, numa edi\u00e7\u00e3o em vinil. A can\u00e7\u00e3o aborda a dignidade familiar e a precariedade, partindo do refr\u00e3o \u201cEu quero mil euros por m\u00eas\u201d e criticando o regime de sal\u00e1rios que n\u00e3o garante estabilidade. Participam Adolfo Lux\u00faria Canibal (voz\/letra adicional), Miguel Pedro (bateria) e Ruca Lacerda (guitarras) dos M\u00e3o Morta; a grava\u00e7\u00e3o, mistura e produ\u00e7\u00e3o s\u00e3o de Z\u00e9 Nando Pimenta, com o videoclipe realizado por Vasco Mendes, nos est\u00fadios Arda. As m\u00fasicas anteriores j\u00e1 lan\u00e7adas do projeto foram Todo o santo dia, Quem \u00e9 que vai lavar a banca, Sou pai de filhos e Empad\u00e3o na Bimby.","og_url":"https:\/\/portaltela.pt\/noticias\/2026\/05\/01\/pz-solicita-mil-euros-mensais-com-apoio-dos-mao-morta\/","og_site_name":"Portal Tela Portugal","article_published_time":"2026-05-01T09:17:39+00:00","author":"Telinha","twitter_card":"summary_large_image","twitter_misc":{"Escrito por":"Telinha","Tempo estimado de leitura":"1 minuto"},"schema":{"@context":"https:\/\/schema.org","@graph":[{"@type":"Article","@id":"https:\/\/portaltela.pt\/noticias\/2026\/05\/01\/pz-solicita-mil-euros-mensais-com-apoio-dos-mao-morta\/#article","isPartOf":{"@id":"https:\/\/portaltela.pt\/noticias\/2026\/05\/01\/pz-solicita-mil-euros-mensais-com-apoio-dos-mao-morta\/"},"author":{"name":"Telinha","@id":"https:\/\/portaltela.pt\/#\/schema\/person\/c4278d4a6028830caff9ee44b42d32ed"},"headline":"PZ solicita mil euros mensais com apoio dos M\u00e3o Morta","datePublished":"2026-05-01T09:17:39+00:00","mainEntityOfPage":{"@id":"https:\/\/portaltela.pt\/noticias\/2026\/05\/01\/pz-solicita-mil-euros-mensais-com-apoio-dos-mao-morta\/"},"wordCount":246,"image":{"@id":"https:\/\/portaltela.pt\/noticias\/2026\/05\/01\/pz-solicita-mil-euros-mensais-com-apoio-dos-mao-morta\/#primaryimage"},"thumbnailUrl":"https:\/\/portaltela.pt\/s.01k8rhncp4jt1\/2026\/05\/PZfoto0597856.jpg","keywords":["\u00e1lbum de fam\u00edlia","colabora\u00e7\u00e3o internacional","m\u00fasica","precariza\u00e7\u00e3o","Produ\u00e7\u00e3o Art\u00edstica"],"articleSection":["M\u00fasica"],"inLanguage":"pt-PT"},{"@type":"WebPage","@id":"https:\/\/portaltela.pt\/noticias\/2026\/05\/01\/pz-solicita-mil-euros-mensais-com-apoio-dos-mao-morta\/","url":"https:\/\/portaltela.pt\/noticias\/2026\/05\/01\/pz-solicita-mil-euros-mensais-com-apoio-dos-mao-morta\/","name":"PZ solicita mil euros mensais com apoio dos M\u00e3o Morta - Portal Tela Portugal","isPartOf":{"@id":"https:\/\/portaltela.pt\/#website"},"primaryImageOfPage":{"@id":"https:\/\/portaltela.pt\/noticias\/2026\/05\/01\/pz-solicita-mil-euros-mensais-com-apoio-dos-mao-morta\/#primaryimage"},"image":{"@id":"https:\/\/portaltela.pt\/noticias\/2026\/05\/01\/pz-solicita-mil-euros-mensais-com-apoio-dos-mao-morta\/#primaryimage"},"thumbnailUrl":"https:\/\/portaltela.pt\/s.01k8rhncp4jt1\/2026\/05\/PZfoto0597856.jpg","datePublished":"2026-05-01T09:17:39+00:00","author":{"@id":"https:\/\/portaltela.pt\/#\/schema\/person\/c4278d4a6028830caff9ee44b42d32ed"},"breadcrumb":{"@id":"https:\/\/portaltela.pt\/noticias\/2026\/05\/01\/pz-solicita-mil-euros-mensais-com-apoio-dos-mao-morta\/#breadcrumb"},"inLanguage":"pt-PT","potentialAction":[{"@type":"ReadAction","target":["https:\/\/portaltela.pt\/noticias\/2026\/05\/01\/pz-solicita-mil-euros-mensais-com-apoio-dos-mao-morta\/"]}]},{"@type":"ImageObject","inLanguage":"pt-PT","@id":"https:\/\/portaltela.pt\/noticias\/2026\/05\/01\/pz-solicita-mil-euros-mensais-com-apoio-dos-mao-morta\/#primaryimage","url":"https:\/\/portaltela.pt\/s.01k8rhncp4jt1\/2026\/05\/PZfoto0597856.jpg","contentUrl":"https:\/\/portaltela.pt\/s.01k8rhncp4jt1\/2026\/05\/PZfoto0597856.jpg","width":796,"height":448,"caption":"Photo"},{"@type":"BreadcrumbList","@id":"https:\/\/portaltela.pt\/noticias\/2026\/05\/01\/pz-solicita-mil-euros-mensais-com-apoio-dos-mao-morta\/#breadcrumb","itemListElement":[{"@type":"ListItem","position":1,"name":"In\u00edcio","item":"https:\/\/portaltela.pt\/"},{"@type":"ListItem","position":2,"name":"PZ solicita mil euros mensais com apoio dos M\u00e3o Morta"}]},{"@type":"WebSite","@id":"https:\/\/portaltela.pt\/#website","url":"https:\/\/portaltela.pt\/","name":"Portal Tela Portugal","description":"","potentialAction":[{"@type":"SearchAction","target":{"@type":"EntryPoint","urlTemplate":"https:\/\/portaltela.pt\/?s={search_term_string}"},"query-input":{"@type":"PropertyValueSpecification","valueRequired":true,"valueName":"search_term_string"}}],"inLanguage":"pt-PT"},{"@type":"Person","@id":"https:\/\/portaltela.pt\/#\/schema\/person\/c4278d4a6028830caff9ee44b42d32ed","name":"Telinha","image":{"@type":"ImageObject","inLanguage":"pt-PT","@id":"https:\/\/portaltela.pt\/s.01k8rhncp4jt1\/2025\/11\/talking-bot-125x125.png","url":"https:\/\/portaltela.pt\/s.01k8rhncp4jt1\/2025\/11\/talking-bot-125x125.png","contentUrl":"https:\/\/portaltela.pt\/s.01k8rhncp4jt1\/2025\/11\/talking-bot-125x125.png","caption":"Telinha"},"sameAs":["https:\/\/portaltela.pt\/"],"url":"https:\/\/portaltela.pt\/por\/367410592786\/"}]}},"_links":{"self":[{"href":"https:\/\/portaltela.pt\/api\/wp\/v2\/posts\/463578","targetHints":{"allow":["GET"]}}],"collection":[{"href":"https:\/\/portaltela.pt\/api\/wp\/v2\/posts"}],"about":[{"href":"https:\/\/portaltela.pt\/api\/wp\/v2\/types\/post"}],"author":[{"embeddable":true,"href":"https:\/\/portaltela.pt\/api\/wp\/v2\/users\/2"}],"replies":[{"embeddable":true,"href":"https:\/\/portaltela.pt\/api\/wp\/v2\/comments?post=463578"}],"version-history":[{"count":0,"href":"https:\/\/portaltela.pt\/api\/wp\/v2\/posts\/463578\/revisions"}],"wp:featuredmedia":[{"embeddable":true,"href":"https:\/\/portaltela.pt\/api\/wp\/v2\/media\/463581"}],"wp:attachment":[{"href":"https:\/\/portaltela.pt\/api\/wp\/v2\/media?parent=463578"}],"wp:term":[{"taxonomy":"category","embeddable":true,"href":"https:\/\/portaltela.pt\/api\/wp\/v2\/categories?post=463578"},{"taxonomy":"post_tag","embeddable":true,"href":"https:\/\/portaltela.pt\/api\/wp\/v2\/tags?post=463578"}],"curies":[{"name":"wp","href":"https:\/\/api.w.org\/{rel}","templated":true}]}}