{"id":463570,"date":"2026-05-01T06:02:00","date_gmt":"2026-05-01T09:02:00","guid":{"rendered":"https:\/\/portaltela.pt\/noticias\/2026\/05\/01\/indielisboa-em-crise-festival-jovem-enfrenta-desafios\/"},"modified":"2026-05-01T06:02:00","modified_gmt":"2026-05-01T09:02:00","slug":"indielisboa-em-crise-festival-jovem-enfrenta-desafios","status":"publish","type":"post","link":"https:\/\/portaltela.pt\/series-e-filmes\/2026\/05\/01\/indielisboa-em-crise-festival-jovem-enfrenta-desafios\/","title":{"rendered":"IndieLisboa em crise: festival jovem enfrenta desafios"},"content":{"rendered":"<p>IndieLisboa 2026 chega com uma programa\u00e7\u00e3o que, para alguns cr\u00edticos, traz frescura e descoberta, mas parece n\u00e3o traduzir totalmente o potencial das obras apresentadas. A edi\u00e7\u00e3o surge marcada pela tentativa de despregar da formalidade e abrir espa\u00e7o a novos talentos.<\/p>\n<p>Entre os destaques, surge a refer\u00eancia a Blue Heron, filme de Sophy Romvari, que integrou a programa\u00e7\u00e3o desta edi\u00e7\u00e3o. A presen\u00e7a da obra aponta para a aposta em narrativas autorais e em produ\u00e7\u00f5es que fogem do lugar-comum. A repercuss\u00e3o inicial varia entre p\u00fablico e imprensa.<\/p>\n<p>A organiza\u00e7\u00e3o do festival n\u00e3o revelou altera\u00e7\u00f5es estruturais significativas, mas a curadoria tem sido alvo de leitura de que a edi\u00e7\u00e3o n\u00e3o est\u00e1 a fazer jus \u00e0 qualidade de alguns t\u00edtulos. O objetivo mant\u00e9m-se claro: apresentar cinema independente com identidade pr\u00f3pria, num ambiente que favorece a descoberta.<\/p>\n","protected":false},"excerpt":{"rendered":"<ul>\n<li>O IndieLisboa 2026 apresenta filmes de qualidade, segundo a reportagem.<\/li>\n<li>A edi\u00e7\u00e3o enfatiza a frescura e a descoberta como destaques, em confronto com uma abordagem mais sisuda e formatada.<\/li>\n<li>A cr\u00edtica aponta que, apesar das obras, a mostra pode n\u00e3o lhes \u201cfazer a devida justi\u00e7a\u201d.<\/li>\n<li>O texto menciona o destaque de filmes como Blue Heron, de Sophy Romvari, na sele\u00e7\u00e3o.<\/li>\n<\/ul>\n","protected":false},"author":2,"featured_media":463574,"comment_status":"closed","ping_status":"closed","sticky":false,"template":"","format":"standard","meta":{"footnotes":""},"categories":[7368],"tags":[70,112,1073,145,3674,7482],"class_list":["post-463570","post","type-post","status-publish","format-standard","has-post-thumbnail","hentry","category-series-e-filmes","tag-arte","tag-cinema","tag-cinema-teatro-concertos","tag-cultura","tag-festival","tag-producao-artistica"],"yoast_head":"<!-- This site is optimized with the Yoast SEO plugin v27.2 - https:\/\/yoast.com\/product\/yoast-seo-wordpress\/ -->\n<title>IndieLisboa em crise: festival jovem enfrenta desafios - Portal Tela Portugal<\/title>\n<meta name=\"robots\" content=\"index, follow, max-snippet:-1, max-image-preview:large, max-video-preview:-1\" \/>\n<meta property=\"og:locale\" content=\"pt_PT\" \/>\n<meta property=\"og:type\" content=\"article\" \/>\n<meta property=\"og:title\" content=\"IndieLisboa em crise: festival jovem enfrenta desafios - Portal Tela Portugal\" \/>\n<meta property=\"og:description\" content=\"O IndieLisboa 2026 apresenta filmes de qualidade, segundo a reportagem. A edi\u00e7\u00e3o enfatiza a frescura e a descoberta como destaques, em confronto com uma abordagem mais sisuda e formatada. A cr\u00edtica aponta que, apesar das obras, a mostra pode n\u00e3o lhes \u201cfazer a devida justi\u00e7a\u201d. O texto menciona o destaque de filmes como Blue Heron, de Sophy Romvari, na sele\u00e7\u00e3o.\" \/>\n<meta property=\"og:url\" content=\"https:\/\/portaltela.pt\/noticias\/2026\/05\/01\/indielisboa-em-crise-festival-jovem-enfrenta-desafios\/\" \/>\n<meta property=\"og:site_name\" content=\"Portal Tela Portugal\" \/>\n<meta property=\"article:published_time\" content=\"2026-05-01T09:02:00+00:00\" \/>\n<meta name=\"author\" content=\"Telinha\" \/>\n<meta name=\"twitter:card\" content=\"summary_large_image\" \/>\n<meta name=\"twitter:label1\" content=\"Escrito por\" \/>\n\t<meta name=\"twitter:data1\" content=\"Telinha\" \/>\n\t<meta name=\"twitter:label2\" content=\"Tempo estimado de leitura\" \/>\n\t<meta name=\"twitter:data2\" content=\"1 minuto\" \/>\n<script type=\"application\/ld+json\" class=\"yoast-schema-graph\">{\"@context\":\"https:\/\/schema.org\",\"@graph\":[{\"@type\":\"Article\",\"@id\":\"https:\/\/portaltela.pt\/noticias\/2026\/05\/01\/indielisboa-em-crise-festival-jovem-enfrenta-desafios\/#article\",\"isPartOf\":{\"@id\":\"https:\/\/portaltela.pt\/noticias\/2026\/05\/01\/indielisboa-em-crise-festival-jovem-enfrenta-desafios\/\"},\"author\":{\"name\":\"Telinha\",\"@id\":\"https:\/\/portaltela.pt\/#\/schema\/person\/c4278d4a6028830caff9ee44b42d32ed\"},\"headline\":\"IndieLisboa em crise: festival jovem enfrenta desafios\",\"datePublished\":\"2026-05-01T09:02:00+00:00\",\"mainEntityOfPage\":{\"@id\":\"https:\/\/portaltela.pt\/noticias\/2026\/05\/01\/indielisboa-em-crise-festival-jovem-enfrenta-desafios\/\"},\"wordCount\":157,\"image\":{\"@id\":\"https:\/\/portaltela.pt\/noticias\/2026\/05\/01\/indielisboa-em-crise-festival-jovem-enfrenta-desafios\/#primaryimage\"},\"thumbnailUrl\":\"https:\/\/portaltela.pt\/s.01k8rhncp4jt1\/2026\/05\/2084808.jpg\",\"keywords\":[\"arte\",\"cinema\",\"cinema\/teatro\/concertos\",\"cultura\",\"festival\",\"Produ\u00e7\u00e3o Art\u00edstica\"],\"articleSection\":[\"S\u00e9ries e filmes\"],\"inLanguage\":\"pt-PT\"},{\"@type\":\"WebPage\",\"@id\":\"https:\/\/portaltela.pt\/noticias\/2026\/05\/01\/indielisboa-em-crise-festival-jovem-enfrenta-desafios\/\",\"url\":\"https:\/\/portaltela.pt\/noticias\/2026\/05\/01\/indielisboa-em-crise-festival-jovem-enfrenta-desafios\/\",\"name\":\"IndieLisboa em crise: festival jovem enfrenta desafios - Portal Tela Portugal\",\"isPartOf\":{\"@id\":\"https:\/\/portaltela.pt\/#website\"},\"primaryImageOfPage\":{\"@id\":\"https:\/\/portaltela.pt\/noticias\/2026\/05\/01\/indielisboa-em-crise-festival-jovem-enfrenta-desafios\/#primaryimage\"},\"image\":{\"@id\":\"https:\/\/portaltela.pt\/noticias\/2026\/05\/01\/indielisboa-em-crise-festival-jovem-enfrenta-desafios\/#primaryimage\"},\"thumbnailUrl\":\"https:\/\/portaltela.pt\/s.01k8rhncp4jt1\/2026\/05\/2084808.jpg\",\"datePublished\":\"2026-05-01T09:02:00+00:00\",\"author\":{\"@id\":\"https:\/\/portaltela.pt\/#\/schema\/person\/c4278d4a6028830caff9ee44b42d32ed\"},\"breadcrumb\":{\"@id\":\"https:\/\/portaltela.pt\/noticias\/2026\/05\/01\/indielisboa-em-crise-festival-jovem-enfrenta-desafios\/#breadcrumb\"},\"inLanguage\":\"pt-PT\",\"potentialAction\":[{\"@type\":\"ReadAction\",\"target\":[\"https:\/\/portaltela.pt\/noticias\/2026\/05\/01\/indielisboa-em-crise-festival-jovem-enfrenta-desafios\/\"]}]},{\"@type\":\"ImageObject\",\"inLanguage\":\"pt-PT\",\"@id\":\"https:\/\/portaltela.pt\/noticias\/2026\/05\/01\/indielisboa-em-crise-festival-jovem-enfrenta-desafios\/#primaryimage\",\"url\":\"https:\/\/portaltela.pt\/s.01k8rhncp4jt1\/2026\/05\/2084808.jpg\",\"contentUrl\":\"https:\/\/portaltela.pt\/s.01k8rhncp4jt1\/2026\/05\/2084808.jpg\",\"width\":796,\"height\":448,\"caption\":\"Blue Heron\"},{\"@type\":\"BreadcrumbList\",\"@id\":\"https:\/\/portaltela.pt\/noticias\/2026\/05\/01\/indielisboa-em-crise-festival-jovem-enfrenta-desafios\/#breadcrumb\",\"itemListElement\":[{\"@type\":\"ListItem\",\"position\":1,\"name\":\"In\u00edcio\",\"item\":\"https:\/\/portaltela.pt\/\"},{\"@type\":\"ListItem\",\"position\":2,\"name\":\"IndieLisboa em crise: festival jovem enfrenta desafios\"}]},{\"@type\":\"WebSite\",\"@id\":\"https:\/\/portaltela.pt\/#website\",\"url\":\"https:\/\/portaltela.pt\/\",\"name\":\"Portal Tela Portugal\",\"description\":\"\",\"potentialAction\":[{\"@type\":\"SearchAction\",\"target\":{\"@type\":\"EntryPoint\",\"urlTemplate\":\"https:\/\/portaltela.pt\/?s={search_term_string}\"},\"query-input\":{\"@type\":\"PropertyValueSpecification\",\"valueRequired\":true,\"valueName\":\"search_term_string\"}}],\"inLanguage\":\"pt-PT\"},{\"@type\":\"Person\",\"@id\":\"https:\/\/portaltela.pt\/#\/schema\/person\/c4278d4a6028830caff9ee44b42d32ed\",\"name\":\"Telinha\",\"image\":{\"@type\":\"ImageObject\",\"inLanguage\":\"pt-PT\",\"@id\":\"https:\/\/portaltela.pt\/s.01k8rhncp4jt1\/2025\/11\/talking-bot-125x125.png\",\"url\":\"https:\/\/portaltela.pt\/s.01k8rhncp4jt1\/2025\/11\/talking-bot-125x125.png\",\"contentUrl\":\"https:\/\/portaltela.pt\/s.01k8rhncp4jt1\/2025\/11\/talking-bot-125x125.png\",\"caption\":\"Telinha\"},\"sameAs\":[\"https:\/\/portaltela.pt\/\"],\"url\":\"https:\/\/portaltela.pt\/por\/367410592786\/\"}]}<\/script>\n<!-- \/ Yoast SEO plugin. -->","yoast_head_json":{"title":"IndieLisboa em crise: festival jovem enfrenta desafios - Portal Tela Portugal","robots":{"index":"index","follow":"follow","max-snippet":"max-snippet:-1","max-image-preview":"max-image-preview:large","max-video-preview":"max-video-preview:-1"},"og_locale":"pt_PT","og_type":"article","og_title":"IndieLisboa em crise: festival jovem enfrenta desafios - Portal Tela Portugal","og_description":"O IndieLisboa 2026 apresenta filmes de qualidade, segundo a reportagem. A edi\u00e7\u00e3o enfatiza a frescura e a descoberta como destaques, em confronto com uma abordagem mais sisuda e formatada. A cr\u00edtica aponta que, apesar das obras, a mostra pode n\u00e3o lhes \u201cfazer a devida justi\u00e7a\u201d. O texto menciona o destaque de filmes como Blue Heron, de Sophy Romvari, na sele\u00e7\u00e3o.","og_url":"https:\/\/portaltela.pt\/noticias\/2026\/05\/01\/indielisboa-em-crise-festival-jovem-enfrenta-desafios\/","og_site_name":"Portal Tela Portugal","article_published_time":"2026-05-01T09:02:00+00:00","author":"Telinha","twitter_card":"summary_large_image","twitter_misc":{"Escrito por":"Telinha","Tempo estimado de leitura":"1 minuto"},"schema":{"@context":"https:\/\/schema.org","@graph":[{"@type":"Article","@id":"https:\/\/portaltela.pt\/noticias\/2026\/05\/01\/indielisboa-em-crise-festival-jovem-enfrenta-desafios\/#article","isPartOf":{"@id":"https:\/\/portaltela.pt\/noticias\/2026\/05\/01\/indielisboa-em-crise-festival-jovem-enfrenta-desafios\/"},"author":{"name":"Telinha","@id":"https:\/\/portaltela.pt\/#\/schema\/person\/c4278d4a6028830caff9ee44b42d32ed"},"headline":"IndieLisboa em crise: festival jovem enfrenta desafios","datePublished":"2026-05-01T09:02:00+00:00","mainEntityOfPage":{"@id":"https:\/\/portaltela.pt\/noticias\/2026\/05\/01\/indielisboa-em-crise-festival-jovem-enfrenta-desafios\/"},"wordCount":157,"image":{"@id":"https:\/\/portaltela.pt\/noticias\/2026\/05\/01\/indielisboa-em-crise-festival-jovem-enfrenta-desafios\/#primaryimage"},"thumbnailUrl":"https:\/\/portaltela.pt\/s.01k8rhncp4jt1\/2026\/05\/2084808.jpg","keywords":["arte","cinema","cinema\/teatro\/concertos","cultura","festival","Produ\u00e7\u00e3o Art\u00edstica"],"articleSection":["S\u00e9ries e filmes"],"inLanguage":"pt-PT"},{"@type":"WebPage","@id":"https:\/\/portaltela.pt\/noticias\/2026\/05\/01\/indielisboa-em-crise-festival-jovem-enfrenta-desafios\/","url":"https:\/\/portaltela.pt\/noticias\/2026\/05\/01\/indielisboa-em-crise-festival-jovem-enfrenta-desafios\/","name":"IndieLisboa em crise: festival jovem enfrenta desafios - Portal Tela Portugal","isPartOf":{"@id":"https:\/\/portaltela.pt\/#website"},"primaryImageOfPage":{"@id":"https:\/\/portaltela.pt\/noticias\/2026\/05\/01\/indielisboa-em-crise-festival-jovem-enfrenta-desafios\/#primaryimage"},"image":{"@id":"https:\/\/portaltela.pt\/noticias\/2026\/05\/01\/indielisboa-em-crise-festival-jovem-enfrenta-desafios\/#primaryimage"},"thumbnailUrl":"https:\/\/portaltela.pt\/s.01k8rhncp4jt1\/2026\/05\/2084808.jpg","datePublished":"2026-05-01T09:02:00+00:00","author":{"@id":"https:\/\/portaltela.pt\/#\/schema\/person\/c4278d4a6028830caff9ee44b42d32ed"},"breadcrumb":{"@id":"https:\/\/portaltela.pt\/noticias\/2026\/05\/01\/indielisboa-em-crise-festival-jovem-enfrenta-desafios\/#breadcrumb"},"inLanguage":"pt-PT","potentialAction":[{"@type":"ReadAction","target":["https:\/\/portaltela.pt\/noticias\/2026\/05\/01\/indielisboa-em-crise-festival-jovem-enfrenta-desafios\/"]}]},{"@type":"ImageObject","inLanguage":"pt-PT","@id":"https:\/\/portaltela.pt\/noticias\/2026\/05\/01\/indielisboa-em-crise-festival-jovem-enfrenta-desafios\/#primaryimage","url":"https:\/\/portaltela.pt\/s.01k8rhncp4jt1\/2026\/05\/2084808.jpg","contentUrl":"https:\/\/portaltela.pt\/s.01k8rhncp4jt1\/2026\/05\/2084808.jpg","width":796,"height":448,"caption":"Blue Heron"},{"@type":"BreadcrumbList","@id":"https:\/\/portaltela.pt\/noticias\/2026\/05\/01\/indielisboa-em-crise-festival-jovem-enfrenta-desafios\/#breadcrumb","itemListElement":[{"@type":"ListItem","position":1,"name":"In\u00edcio","item":"https:\/\/portaltela.pt\/"},{"@type":"ListItem","position":2,"name":"IndieLisboa em crise: festival jovem enfrenta desafios"}]},{"@type":"WebSite","@id":"https:\/\/portaltela.pt\/#website","url":"https:\/\/portaltela.pt\/","name":"Portal Tela Portugal","description":"","potentialAction":[{"@type":"SearchAction","target":{"@type":"EntryPoint","urlTemplate":"https:\/\/portaltela.pt\/?s={search_term_string}"},"query-input":{"@type":"PropertyValueSpecification","valueRequired":true,"valueName":"search_term_string"}}],"inLanguage":"pt-PT"},{"@type":"Person","@id":"https:\/\/portaltela.pt\/#\/schema\/person\/c4278d4a6028830caff9ee44b42d32ed","name":"Telinha","image":{"@type":"ImageObject","inLanguage":"pt-PT","@id":"https:\/\/portaltela.pt\/s.01k8rhncp4jt1\/2025\/11\/talking-bot-125x125.png","url":"https:\/\/portaltela.pt\/s.01k8rhncp4jt1\/2025\/11\/talking-bot-125x125.png","contentUrl":"https:\/\/portaltela.pt\/s.01k8rhncp4jt1\/2025\/11\/talking-bot-125x125.png","caption":"Telinha"},"sameAs":["https:\/\/portaltela.pt\/"],"url":"https:\/\/portaltela.pt\/por\/367410592786\/"}]}},"_links":{"self":[{"href":"https:\/\/portaltela.pt\/api\/wp\/v2\/posts\/463570","targetHints":{"allow":["GET"]}}],"collection":[{"href":"https:\/\/portaltela.pt\/api\/wp\/v2\/posts"}],"about":[{"href":"https:\/\/portaltela.pt\/api\/wp\/v2\/types\/post"}],"author":[{"embeddable":true,"href":"https:\/\/portaltela.pt\/api\/wp\/v2\/users\/2"}],"replies":[{"embeddable":true,"href":"https:\/\/portaltela.pt\/api\/wp\/v2\/comments?post=463570"}],"version-history":[{"count":0,"href":"https:\/\/portaltela.pt\/api\/wp\/v2\/posts\/463570\/revisions"}],"wp:featuredmedia":[{"embeddable":true,"href":"https:\/\/portaltela.pt\/api\/wp\/v2\/media\/463574"}],"wp:attachment":[{"href":"https:\/\/portaltela.pt\/api\/wp\/v2\/media?parent=463570"}],"wp:term":[{"taxonomy":"category","embeddable":true,"href":"https:\/\/portaltela.pt\/api\/wp\/v2\/categories?post=463570"},{"taxonomy":"post_tag","embeddable":true,"href":"https:\/\/portaltela.pt\/api\/wp\/v2\/tags?post=463570"}],"curies":[{"name":"wp","href":"https:\/\/api.w.org\/{rel}","templated":true}]}}