{"id":463564,"date":"2026-05-01T06:17:22","date_gmt":"2026-05-01T09:17:22","guid":{"rendered":"https:\/\/portaltela.pt\/noticias\/2026\/05\/01\/santa-maria-da-feira-pausa-para-cafe-revela-ceramica-local\/"},"modified":"2026-05-01T06:17:22","modified_gmt":"2026-05-01T09:17:22","slug":"santa-maria-da-feira-pausa-para-cafe-revela-ceramica-local","status":"publish","type":"post","link":"https:\/\/portaltela.pt\/noticias\/2026\/05\/01\/santa-maria-da-feira-pausa-para-cafe-revela-ceramica-local\/","title":{"rendered":"Santa Maria da Feira: pausa para caf\u00e9 revela cer\u00e2mica local"},"content":{"rendered":"<p>Gisela Silva e Tiago Duarte inauguraram em Dezembro o Hey! Ceramic, em Santa Maria da Feira. O espa\u00e7o junta cafetaria e oficina de cer\u00e2mica, com workshops e eventos tem\u00e1ticos. O telem\u00f3vel fica de fora para facilitar a concentra\u00e7\u00e3o.<\/p>\n<p>O conceito visa oferecer uma experi\u00eancia criativa e relaxante, onde os clientes pintam pe\u00e7as de cer\u00e2mica enquanto bebem caf\u00e9. Os objetos criados podem transformar-se em lou\u00e7a de uso di\u00e1rio ou itens decorativos.<\/p>\n<h3>O espa\u00e7o e a oferta<\/h3>\n<p>O Hey! Ceramic funciona como ponto de encontro criativo, com foco em inspira\u00e7\u00e3o e pr\u00e1tica. Al\u00e9m de sess\u00f5es de pintura, o espa\u00e7o oferece atividades tem\u00e1ticas que variam conforme o calend\u00e1rio de eventos.<\/p>\n","protected":false},"excerpt":{"rendered":"<ul>\n<li>Hey! Ceramic, em Santa Maria da Feira, combina cafetaria com uma oficina de cer\u00e2mica, aberta desde dezembro, criada por Gisela Silva e Tiago Duarte.<\/li>\n<li>O espa\u00e7o oferece workshops e eventos tem\u00e1ticos, com o telem\u00f3vel colocado de lado para facilitar a concentra\u00e7\u00e3o.<\/li>\n<li>Segundo Gisela Silva, \u00e9 poss\u00edvel beber caf\u00e9 com amigos enquanto se pinta uma pe\u00e7a de cer\u00e2mica que depois se torna utens\u00edlio ou objeto decorativo.<\/li>\n<li>O objetivo \u00e9 servir de espa\u00e7o de inspira\u00e7\u00e3o e criatividade para quem procura uma atividade criativa.<\/li>\n<\/ul>\n","protected":false},"author":2,"featured_media":463565,"comment_status":"closed","ping_status":"closed","sticky":false,"template":"","format":"standard","meta":{"footnotes":""},"categories":[7375,1],"tags":[3022,145,3731,1014,1308,169],"class_list":["post-463564","post","type-post","status-publish","format-standard","has-post-thumbnail","hentry","category-cultura","category-noticias","tag-ceramica","tag-cultura","tag-eventos","tag-portugal","tag-santa-maria-da-feira","tag-turismo"],"yoast_head":"<!-- This site is optimized with the Yoast SEO plugin v27.2 - https:\/\/yoast.com\/product\/yoast-seo-wordpress\/ -->\n<title>Santa Maria da Feira: pausa para caf\u00e9 revela cer\u00e2mica local - Portal Tela Portugal<\/title>\n<meta name=\"robots\" content=\"index, follow, max-snippet:-1, max-image-preview:large, max-video-preview:-1\" \/>\n<meta property=\"og:locale\" content=\"pt_PT\" \/>\n<meta property=\"og:type\" content=\"article\" \/>\n<meta property=\"og:title\" content=\"Santa Maria da Feira: pausa para caf\u00e9 revela cer\u00e2mica local - Portal Tela Portugal\" \/>\n<meta property=\"og:description\" content=\"Hey! Ceramic, em Santa Maria da Feira, combina cafetaria com uma oficina de cer\u00e2mica, aberta desde dezembro, criada por Gisela Silva e Tiago Duarte. O espa\u00e7o oferece workshops e eventos tem\u00e1ticos, com o telem\u00f3vel colocado de lado para facilitar a concentra\u00e7\u00e3o. Segundo Gisela Silva, \u00e9 poss\u00edvel beber caf\u00e9 com amigos enquanto se pinta uma pe\u00e7a de cer\u00e2mica que depois se torna utens\u00edlio ou objeto decorativo. O objetivo \u00e9 servir de espa\u00e7o de inspira\u00e7\u00e3o e criatividade para quem procura uma atividade criativa.\" \/>\n<meta property=\"og:url\" content=\"https:\/\/portaltela.pt\/noticias\/2026\/05\/01\/santa-maria-da-feira-pausa-para-cafe-revela-ceramica-local\/\" \/>\n<meta property=\"og:site_name\" content=\"Portal Tela Portugal\" \/>\n<meta property=\"article:published_time\" content=\"2026-05-01T09:17:22+00:00\" \/>\n<meta name=\"author\" content=\"Telinha\" \/>\n<meta name=\"twitter:card\" content=\"summary_large_image\" \/>\n<meta name=\"twitter:label1\" content=\"Escrito por\" \/>\n\t<meta name=\"twitter:data1\" content=\"Telinha\" \/>\n\t<meta name=\"twitter:label2\" content=\"Tempo estimado de leitura\" \/>\n\t<meta name=\"twitter:data2\" content=\"1 minuto\" \/>\n<script type=\"application\/ld+json\" class=\"yoast-schema-graph\">{\"@context\":\"https:\/\/schema.org\",\"@graph\":[{\"@type\":\"Article\",\"@id\":\"https:\/\/portaltela.pt\/noticias\/2026\/05\/01\/santa-maria-da-feira-pausa-para-cafe-revela-ceramica-local\/#article\",\"isPartOf\":{\"@id\":\"https:\/\/portaltela.pt\/noticias\/2026\/05\/01\/santa-maria-da-feira-pausa-para-cafe-revela-ceramica-local\/\"},\"author\":{\"name\":\"Telinha\",\"@id\":\"https:\/\/portaltela.pt\/#\/schema\/person\/c4278d4a6028830caff9ee44b42d32ed\"},\"headline\":\"Santa Maria da Feira: pausa para caf\u00e9 revela cer\u00e2mica local\",\"datePublished\":\"2026-05-01T09:17:22+00:00\",\"mainEntityOfPage\":{\"@id\":\"https:\/\/portaltela.pt\/noticias\/2026\/05\/01\/santa-maria-da-feira-pausa-para-cafe-revela-ceramica-local\/\"},\"wordCount\":136,\"image\":{\"@id\":\"https:\/\/portaltela.pt\/noticias\/2026\/05\/01\/santa-maria-da-feira-pausa-para-cafe-revela-ceramica-local\/#primaryimage\"},\"thumbnailUrl\":\"https:\/\/portaltela.pt\/s.01k8rhncp4jt1\/2026\/05\/2085047.jpg\",\"keywords\":[\"cer\u00e2mica\",\"cultura\",\"eventos\",\"Portugal\",\"Santa Maria da Feira\",\"turismo\"],\"articleSection\":[\"Cultura\",\"Not\u00edcias\"],\"inLanguage\":\"pt-PT\"},{\"@type\":\"WebPage\",\"@id\":\"https:\/\/portaltela.pt\/noticias\/2026\/05\/01\/santa-maria-da-feira-pausa-para-cafe-revela-ceramica-local\/\",\"url\":\"https:\/\/portaltela.pt\/noticias\/2026\/05\/01\/santa-maria-da-feira-pausa-para-cafe-revela-ceramica-local\/\",\"name\":\"Santa Maria da Feira: pausa para caf\u00e9 revela cer\u00e2mica local - Portal Tela Portugal\",\"isPartOf\":{\"@id\":\"https:\/\/portaltela.pt\/#website\"},\"primaryImageOfPage\":{\"@id\":\"https:\/\/portaltela.pt\/noticias\/2026\/05\/01\/santa-maria-da-feira-pausa-para-cafe-revela-ceramica-local\/#primaryimage\"},\"image\":{\"@id\":\"https:\/\/portaltela.pt\/noticias\/2026\/05\/01\/santa-maria-da-feira-pausa-para-cafe-revela-ceramica-local\/#primaryimage\"},\"thumbnailUrl\":\"https:\/\/portaltela.pt\/s.01k8rhncp4jt1\/2026\/05\/2085047.jpg\",\"datePublished\":\"2026-05-01T09:17:22+00:00\",\"author\":{\"@id\":\"https:\/\/portaltela.pt\/#\/schema\/person\/c4278d4a6028830caff9ee44b42d32ed\"},\"breadcrumb\":{\"@id\":\"https:\/\/portaltela.pt\/noticias\/2026\/05\/01\/santa-maria-da-feira-pausa-para-cafe-revela-ceramica-local\/#breadcrumb\"},\"inLanguage\":\"pt-PT\",\"potentialAction\":[{\"@type\":\"ReadAction\",\"target\":[\"https:\/\/portaltela.pt\/noticias\/2026\/05\/01\/santa-maria-da-feira-pausa-para-cafe-revela-ceramica-local\/\"]}]},{\"@type\":\"ImageObject\",\"inLanguage\":\"pt-PT\",\"@id\":\"https:\/\/portaltela.pt\/noticias\/2026\/05\/01\/santa-maria-da-feira-pausa-para-cafe-revela-ceramica-local\/#primaryimage\",\"url\":\"https:\/\/portaltela.pt\/s.01k8rhncp4jt1\/2026\/05\/2085047.jpg\",\"contentUrl\":\"https:\/\/portaltela.pt\/s.01k8rhncp4jt1\/2026\/05\/2085047.jpg\",\"width\":796,\"height\":448,\"caption\":\"Gisela Silva, mentora e propriet\u00e1ria do Hey! Ceramic\"},{\"@type\":\"BreadcrumbList\",\"@id\":\"https:\/\/portaltela.pt\/noticias\/2026\/05\/01\/santa-maria-da-feira-pausa-para-cafe-revela-ceramica-local\/#breadcrumb\",\"itemListElement\":[{\"@type\":\"ListItem\",\"position\":1,\"name\":\"In\u00edcio\",\"item\":\"https:\/\/portaltela.pt\/\"},{\"@type\":\"ListItem\",\"position\":2,\"name\":\"Santa Maria da Feira: pausa para caf\u00e9 revela cer\u00e2mica local\"}]},{\"@type\":\"WebSite\",\"@id\":\"https:\/\/portaltela.pt\/#website\",\"url\":\"https:\/\/portaltela.pt\/\",\"name\":\"Portal Tela Portugal\",\"description\":\"\",\"potentialAction\":[{\"@type\":\"SearchAction\",\"target\":{\"@type\":\"EntryPoint\",\"urlTemplate\":\"https:\/\/portaltela.pt\/?s={search_term_string}\"},\"query-input\":{\"@type\":\"PropertyValueSpecification\",\"valueRequired\":true,\"valueName\":\"search_term_string\"}}],\"inLanguage\":\"pt-PT\"},{\"@type\":\"Person\",\"@id\":\"https:\/\/portaltela.pt\/#\/schema\/person\/c4278d4a6028830caff9ee44b42d32ed\",\"name\":\"Telinha\",\"image\":{\"@type\":\"ImageObject\",\"inLanguage\":\"pt-PT\",\"@id\":\"https:\/\/portaltela.pt\/s.01k8rhncp4jt1\/2025\/11\/talking-bot-125x125.png\",\"url\":\"https:\/\/portaltela.pt\/s.01k8rhncp4jt1\/2025\/11\/talking-bot-125x125.png\",\"contentUrl\":\"https:\/\/portaltela.pt\/s.01k8rhncp4jt1\/2025\/11\/talking-bot-125x125.png\",\"caption\":\"Telinha\"},\"sameAs\":[\"https:\/\/portaltela.pt\/\"],\"url\":\"https:\/\/portaltela.pt\/por\/367410592786\/\"}]}<\/script>\n<!-- \/ Yoast SEO plugin. -->","yoast_head_json":{"title":"Santa Maria da Feira: pausa para caf\u00e9 revela cer\u00e2mica local - Portal Tela Portugal","robots":{"index":"index","follow":"follow","max-snippet":"max-snippet:-1","max-image-preview":"max-image-preview:large","max-video-preview":"max-video-preview:-1"},"og_locale":"pt_PT","og_type":"article","og_title":"Santa Maria da Feira: pausa para caf\u00e9 revela cer\u00e2mica local - Portal Tela Portugal","og_description":"Hey! Ceramic, em Santa Maria da Feira, combina cafetaria com uma oficina de cer\u00e2mica, aberta desde dezembro, criada por Gisela Silva e Tiago Duarte. O espa\u00e7o oferece workshops e eventos tem\u00e1ticos, com o telem\u00f3vel colocado de lado para facilitar a concentra\u00e7\u00e3o. Segundo Gisela Silva, \u00e9 poss\u00edvel beber caf\u00e9 com amigos enquanto se pinta uma pe\u00e7a de cer\u00e2mica que depois se torna utens\u00edlio ou objeto decorativo. O objetivo \u00e9 servir de espa\u00e7o de inspira\u00e7\u00e3o e criatividade para quem procura uma atividade criativa.","og_url":"https:\/\/portaltela.pt\/noticias\/2026\/05\/01\/santa-maria-da-feira-pausa-para-cafe-revela-ceramica-local\/","og_site_name":"Portal Tela Portugal","article_published_time":"2026-05-01T09:17:22+00:00","author":"Telinha","twitter_card":"summary_large_image","twitter_misc":{"Escrito por":"Telinha","Tempo estimado de leitura":"1 minuto"},"schema":{"@context":"https:\/\/schema.org","@graph":[{"@type":"Article","@id":"https:\/\/portaltela.pt\/noticias\/2026\/05\/01\/santa-maria-da-feira-pausa-para-cafe-revela-ceramica-local\/#article","isPartOf":{"@id":"https:\/\/portaltela.pt\/noticias\/2026\/05\/01\/santa-maria-da-feira-pausa-para-cafe-revela-ceramica-local\/"},"author":{"name":"Telinha","@id":"https:\/\/portaltela.pt\/#\/schema\/person\/c4278d4a6028830caff9ee44b42d32ed"},"headline":"Santa Maria da Feira: pausa para caf\u00e9 revela cer\u00e2mica local","datePublished":"2026-05-01T09:17:22+00:00","mainEntityOfPage":{"@id":"https:\/\/portaltela.pt\/noticias\/2026\/05\/01\/santa-maria-da-feira-pausa-para-cafe-revela-ceramica-local\/"},"wordCount":136,"image":{"@id":"https:\/\/portaltela.pt\/noticias\/2026\/05\/01\/santa-maria-da-feira-pausa-para-cafe-revela-ceramica-local\/#primaryimage"},"thumbnailUrl":"https:\/\/portaltela.pt\/s.01k8rhncp4jt1\/2026\/05\/2085047.jpg","keywords":["cer\u00e2mica","cultura","eventos","Portugal","Santa Maria da Feira","turismo"],"articleSection":["Cultura","Not\u00edcias"],"inLanguage":"pt-PT"},{"@type":"WebPage","@id":"https:\/\/portaltela.pt\/noticias\/2026\/05\/01\/santa-maria-da-feira-pausa-para-cafe-revela-ceramica-local\/","url":"https:\/\/portaltela.pt\/noticias\/2026\/05\/01\/santa-maria-da-feira-pausa-para-cafe-revela-ceramica-local\/","name":"Santa Maria da Feira: pausa para caf\u00e9 revela cer\u00e2mica local - Portal Tela Portugal","isPartOf":{"@id":"https:\/\/portaltela.pt\/#website"},"primaryImageOfPage":{"@id":"https:\/\/portaltela.pt\/noticias\/2026\/05\/01\/santa-maria-da-feira-pausa-para-cafe-revela-ceramica-local\/#primaryimage"},"image":{"@id":"https:\/\/portaltela.pt\/noticias\/2026\/05\/01\/santa-maria-da-feira-pausa-para-cafe-revela-ceramica-local\/#primaryimage"},"thumbnailUrl":"https:\/\/portaltela.pt\/s.01k8rhncp4jt1\/2026\/05\/2085047.jpg","datePublished":"2026-05-01T09:17:22+00:00","author":{"@id":"https:\/\/portaltela.pt\/#\/schema\/person\/c4278d4a6028830caff9ee44b42d32ed"},"breadcrumb":{"@id":"https:\/\/portaltela.pt\/noticias\/2026\/05\/01\/santa-maria-da-feira-pausa-para-cafe-revela-ceramica-local\/#breadcrumb"},"inLanguage":"pt-PT","potentialAction":[{"@type":"ReadAction","target":["https:\/\/portaltela.pt\/noticias\/2026\/05\/01\/santa-maria-da-feira-pausa-para-cafe-revela-ceramica-local\/"]}]},{"@type":"ImageObject","inLanguage":"pt-PT","@id":"https:\/\/portaltela.pt\/noticias\/2026\/05\/01\/santa-maria-da-feira-pausa-para-cafe-revela-ceramica-local\/#primaryimage","url":"https:\/\/portaltela.pt\/s.01k8rhncp4jt1\/2026\/05\/2085047.jpg","contentUrl":"https:\/\/portaltela.pt\/s.01k8rhncp4jt1\/2026\/05\/2085047.jpg","width":796,"height":448,"caption":"Gisela Silva, mentora e propriet\u00e1ria do Hey! Ceramic"},{"@type":"BreadcrumbList","@id":"https:\/\/portaltela.pt\/noticias\/2026\/05\/01\/santa-maria-da-feira-pausa-para-cafe-revela-ceramica-local\/#breadcrumb","itemListElement":[{"@type":"ListItem","position":1,"name":"In\u00edcio","item":"https:\/\/portaltela.pt\/"},{"@type":"ListItem","position":2,"name":"Santa Maria da Feira: pausa para caf\u00e9 revela cer\u00e2mica local"}]},{"@type":"WebSite","@id":"https:\/\/portaltela.pt\/#website","url":"https:\/\/portaltela.pt\/","name":"Portal Tela Portugal","description":"","potentialAction":[{"@type":"SearchAction","target":{"@type":"EntryPoint","urlTemplate":"https:\/\/portaltela.pt\/?s={search_term_string}"},"query-input":{"@type":"PropertyValueSpecification","valueRequired":true,"valueName":"search_term_string"}}],"inLanguage":"pt-PT"},{"@type":"Person","@id":"https:\/\/portaltela.pt\/#\/schema\/person\/c4278d4a6028830caff9ee44b42d32ed","name":"Telinha","image":{"@type":"ImageObject","inLanguage":"pt-PT","@id":"https:\/\/portaltela.pt\/s.01k8rhncp4jt1\/2025\/11\/talking-bot-125x125.png","url":"https:\/\/portaltela.pt\/s.01k8rhncp4jt1\/2025\/11\/talking-bot-125x125.png","contentUrl":"https:\/\/portaltela.pt\/s.01k8rhncp4jt1\/2025\/11\/talking-bot-125x125.png","caption":"Telinha"},"sameAs":["https:\/\/portaltela.pt\/"],"url":"https:\/\/portaltela.pt\/por\/367410592786\/"}]}},"_links":{"self":[{"href":"https:\/\/portaltela.pt\/api\/wp\/v2\/posts\/463564","targetHints":{"allow":["GET"]}}],"collection":[{"href":"https:\/\/portaltela.pt\/api\/wp\/v2\/posts"}],"about":[{"href":"https:\/\/portaltela.pt\/api\/wp\/v2\/types\/post"}],"author":[{"embeddable":true,"href":"https:\/\/portaltela.pt\/api\/wp\/v2\/users\/2"}],"replies":[{"embeddable":true,"href":"https:\/\/portaltela.pt\/api\/wp\/v2\/comments?post=463564"}],"version-history":[{"count":0,"href":"https:\/\/portaltela.pt\/api\/wp\/v2\/posts\/463564\/revisions"}],"wp:featuredmedia":[{"embeddable":true,"href":"https:\/\/portaltela.pt\/api\/wp\/v2\/media\/463565"}],"wp:attachment":[{"href":"https:\/\/portaltela.pt\/api\/wp\/v2\/media?parent=463564"}],"wp:term":[{"taxonomy":"category","embeddable":true,"href":"https:\/\/portaltela.pt\/api\/wp\/v2\/categories?post=463564"},{"taxonomy":"post_tag","embeddable":true,"href":"https:\/\/portaltela.pt\/api\/wp\/v2\/tags?post=463564"}],"curies":[{"name":"wp","href":"https:\/\/api.w.org\/{rel}","templated":true}]}}